 {"id":16114,"date":"2015-06-30T22:37:17","date_gmt":"2015-06-30T20:37:17","guid":{"rendered":"http:\/\/www.siemysli.info.ke\/?p=16114"},"modified":"2015-07-01T00:46:38","modified_gmt":"2015-06-30T22:46:38","slug":"polska-idzie-ta-sama-droga-co-grecja","status":"publish","type":"post","link":"https:\/\/siemysli-ke.info\/de\/polska-idzie-ta-sama-droga-co-grecja\/","title":{"rendered":"Polska idzie t\u0105 sam\u0105 drog\u0105, co Grecja"},"content":{"rendered":"<p style=\"color: #2a2a2a; text-align: justify;\"><em><a href=\"http:\/\/www.siemysli.info.ke\/wp-content\/uploads\/2015\/06\/563746.jpg\" rel=\"lightbox[16114]\"><img decoding=\"async\" class=\"alignleft size-medium wp-image-16115\" src=\"http:\/\/www.siemysli.info.ke\/wp-content\/uploads\/2015\/06\/563746-300x162.jpg\" alt=\"563746\" width=\"300\" height=\"162\" srcset=\"https:\/\/siemysli-ke.info\/wp-content\/uploads\/2015\/06\/563746-300x162.jpg 300w, https:\/\/siemysli-ke.info\/wp-content\/uploads\/2015\/06\/563746.jpg 1000w\" sizes=\"(max-width: 300px) 100vw, 300px\" \/><\/a>O tym, co czeka Polsk\u0119 w zwi\u0105zku z wydarzeniami w Grecji korespondent radia \u201eSputnik\u201d Leonid Sigan rozmawia z niezale\u017cnym ekspertem Andrzejem Szcz\u0119\u015bniakiem.<\/em><\/p>\n<p style=\"color: #2a2a2a; text-align: justify;\"><strong>Dzi\u015b nie o gazie i nie o energetyce, a o greckiej tragedii i o tym, co ona oznacza dla Polak\u00f3w.<\/strong><\/p>\n<p style=\"color: #2a2a2a; text-align: justify;\">\u2014 Dzisiejsza sytuacja Grecji jest bardzo powa\u017cnym strategicznym ostrze\u017ceniem dla Polski, bo je\u017celi przyjrzymy si\u0119 greckiej drodze do Europy, do tej wsp\u00f3lnoty r\u00f3\u017cnych kraj\u00f3w, bogatszych i mniej bogatych, to dzisiaj wida\u0107, \u017ce ta droga nie by\u0142a dobra. I prowadzi\u0142a ona przez ogromne, wed\u0142ug mnie, niepotrzebne zad\u0142u\u017cenie, czasami gdzie\u015b po drodze rozkradzione.<\/p>\n<p style=\"color: #2a2a2a; text-align: justify;\"><span id=\"more-51859\"><\/span>To zad\u0142u\u017cenie spowodowa\u0142o, \u017ce w czasie \u015bwiatowego kryzysu finansowego, zadany by\u0142 cios przede wszystkim w spo\u0142ecze\u0144stwo. To jest droga wielu kraj\u00f3w peryferyjnych Europy. Grecja by\u0142a przyj\u0119ta w 1981 roku, a Polska w 2004, czyli dwadzie\u015bcia kilka lat p\u00f3\u017aniej, ale my niestety idziemy t\u0105 sam\u0105 drog\u0105.<\/p>\n<p style=\"color: #2a2a2a; text-align: justify;\">Tutaj jest powa\u017cne ostrze\u017cenie, \u017ceby\u015bmy nadmiernie nie uzale\u017cniali si\u0119 od po\u017cyczek, od pieni\u0119dzy Zachodu, kt\u00f3re w czasie sytuacji kryzysowej, tak jak to by\u0142o w latach 2007-2008, uderzaj\u0105. Ci, kt\u00f3rzy s\u0105 zad\u0142u\u017ceni maj\u0105 potworne k\u0142opoty. To jest bardzo powa\u017cne ostrze\u017cenie, co do strategicznej drogi rozwoju, kt\u00f3r\u0105 Polska powinna i\u015b\u0107. To po pierwsze.<\/p>\n<p style=\"color: #2a2a2a; text-align: justify;\">Drugie powa\u017cne ostrze\u017cenie jest zwi\u0105zane z ostatni\u0105 faz\u0105 kryzysu. Je\u015bli przygl\u0105dniemy si\u0119 dok\u0142adniej warunkom, kt\u00f3re ta tr\u00f3jka bogatych kraj\u00f3w stawia Grecji, to nasuwa si\u0119 pytanie, o co w tej ostatniej fazie kryzysu chodzi i przed czym Grecy si\u0119 broni\u0105. To jest, przede wszystkim, liberalizacja i otwarcie wszystkich rynk\u00f3w. Czyli wej\u015bcie wielkich firm z najbogatszych pa\u0144stw zachodnich na te rynki oraz ich przej\u0119cie.<\/p>\n<p style=\"color: #2a2a2a; text-align: justify;\">A drugie \u017c\u0105danie to wyprzeda\u017c wszystkich aktyw\u00f3w, kt\u00f3re Grecja ma, czyli w\u0142asno\u015bci przemys\u0142owej, infrastruktury, a tak\u017ce ziemi, wysp, kt\u00f3re s\u0105 w Grecji bardzo atrakcyjnym towarem. S\u0105 to dwie rzeczy, b\u0119d\u0105ce strategicznymi elementami stosunk\u00f3w mi\u0119dzy krajami bogatymi, mi\u0119dzy Zachodem, a krajami, kt\u00f3re s\u0105 dzisiaj peryferiami Europy, i kt\u00f3re maj\u0105 wsp\u00f3lne problemy.<\/p>\n<p style=\"color: #2a2a2a; text-align: justify;\"><strong>Jak zareagowa\u0142 z\u0142oty na fataln\u0105 wiadomo\u015b\u0107 z Aten o ewentualnej niewyp\u0142acalno\u015bci?<\/strong><\/p>\n<p style=\"color: #2a2a2a; text-align: justify;\">\u2014 W Polsce to jest oczywi\u015bcie temat dnia, i temat medialny. On mo\u017ce uderzy\u0107 w Polsk\u0119 w tym sensie, \u017ce je\u017celi wywo\u0142a powa\u017cny europejski kryzys, to oczywi\u015bcie mo\u017ce si\u0119 powt\u00f3rzy\u0107 sytuacja z 2008-2009 roku. W\u00f3wczas Polska by\u0142a uderzona w\u0142a\u015bnie przez globalny kryzys finansowy. Odpowied\u017a na niego by\u0142a bardzo charakterystyczna dla takich kraj\u00f3w jak nasz \u2014 os\u0142abienie waluty, przez to zmniejszenie si\u0142y nabywczej ludno\u015bci. W ten spos\u00f3b si\u0119 kraje ratuj\u0105, czyli d\u0142ugi s\u0105 trudniejsze, bo bardziej kosztowne do sp\u0142acenia.<\/p>\n<p style=\"color: #2a2a2a; text-align: justify;\">W takich sytuacjach kapita\u0142 zagraniczny ucieka, traci si\u0119 miejsca pracy, a poziom \u017cycia spo\u0142ecze\u0144stwa si\u0119 obni\u017ca. To jest taki klasyczny schemat kryzysu finansowego, uderzaj\u0105cego w kraje takie jak Polska. Wydaje mi si\u0119, \u017ce on mo\u017ce nast\u0105pi\u0107. Ale to nie jest kwestia dni. To raczej kwestia miesi\u0119cy, a mo\u017ce najbli\u017cszego roku.<\/p>\n<p style=\"color: #2a2a2a; text-align: justify;\"><strong>Wobec zaistnia\u0142ej sytuacji, co dalej z nastrojami o ewentualnym wej\u015bciu Polski do strefy euro?<\/strong><\/p>\n<p style=\"color: #2a2a2a; text-align: justify;\">\u2014 Wej\u015bcie do strefy euro, przyj\u0119cie nas do tej strefy, to by\u0142 taki konik, takie, powiedzia\u0142bym, hobby wielu polityk\u00f3w, kt\u00f3rzy na wy\u015bcigi starali si\u0119 przekona\u0107 spo\u0142ecze\u0144stwo, \u017ce to jest atrakcyjna wersja wydarze\u0144. Nie wydaje mi si\u0119, \u017ceby to dzisiaj by\u0142o atrakcyjne dla odbioru spo\u0142ecznego, ale warto pami\u0119ta\u0107, \u017ce takie decyzje b\u0119d\u0105 podejmowane raczej w elitach politycznych i\u00a0<strong>opinia spo\u0142eczna nie b\u0119dzie mia\u0142a zbyt du\u017co do powiedzenia.<\/strong><\/p>\n<p style=\"color: #2a2a2a; text-align: justify;\">Z kolei kryzys w strefie euro, kt\u00f3ry mo\u017ce, i to na du\u017c\u0105 skal\u0119, nast\u0105pi\u0107 po tym greekexit z pewno\u015bci\u0105 zmniejsza atrakcyjno\u015b\u0107 dla Polski bycia w strefie euro. Ta strefa b\u0119dzie prze\u017cywa\u0142a kryzys i wej\u015bcie do niej w tak niepewnych, tak zmiennych okoliczno\u015bciach, w takim momencie zawirowania i du\u017cych waha\u0144, jest fizycznie niemo\u017cliwe.<\/p>\n<p style=\"color: #2a2a2a; text-align: justify;\">My\u015bl\u0119, \u017ce apetyty wielu polityk\u00f3w w Polsce na wej\u015bcie do Eurostrefy zostan\u0105 ostudzone, a politycznie zyskaj\u0105 ci, kt\u00f3rzy od dawna m\u00f3wili, \u017ce trzeba utrzyma\u0107 z\u0142ot\u00f3wk\u0119, \u017ce z\u0142ot\u00f3wka uratowa\u0142a nas w kryzysie 2008-2009. To b\u0119dzie jeszcze jeden punkt i plus, na przyk\u0142ad, dla PiS-u, kt\u00f3ry dzisiaj idzie po zwyci\u0119stwo wyborcze.<\/p>\n<p style=\"color: #2a2a2a;\">Za: <em><a style=\"font-weight: bold; color: #536d88;\" href=\"http:\/\/pl.sputniknews.com\/opinie\/20150629\/595224.html\" target=\"_blank\">http:\/\/pl.sputniknews.com\/<\/a><\/em><\/p>\n","protected":false},"excerpt":{"rendered":"<p>O tym, co czeka Polsk\u0119 w zwi\u0105zku z wydarzeniami w Grecji korespondent radia \u201eSputnik\u201d Leonid Sigan rozmawia z niezale\u017cnym ekspertem<\/p>\n","protected":false},"author":7,"featured_media":16115,"comment_status":"open","ping_status":"open","sticky":false,"template":"","format":"standard","meta":{"colormag_page_layout":"default_layout","footnotes":""},"categories":[81,6],"tags":[89,92,2723,2724],"class_list":["post-16114","post","type-post","status-publish","format-standard","has-post-thumbnail","hentry","category-rzeczpospolita","category-ue","tag-breaking","tag-headline","tag-sputnik","tag-zlotowka"],"yoast_head":"<!-- This site is optimized with the Yoast SEO plugin v25.1 - https:\/\/yoast.com\/wordpress\/plugins\/seo\/ -->\n<title>Polska idzie t\u0105 sam\u0105 drog\u0105, co Grecja - SI\u0118 MY\u015aLI<\/title>\n<meta name=\"robots\" content=\"index, follow, max-snippet:-1, max-image-preview:large, max-video-preview:-1\" \/>\n<link rel=\"canonical\" href=\"https:\/\/siemysli-ke.info\/de\/polska-idzie-ta-sama-droga-co-grecja\/\" \/>\n<meta property=\"og:locale\" content=\"de_DE\" \/>\n<meta property=\"og:type\" content=\"article\" \/>\n<meta property=\"og:title\" content=\"Polska idzie t\u0105 sam\u0105 drog\u0105, co Grecja - SI\u0118 MY\u015aLI\" \/>\n<meta property=\"og:description\" content=\"O tym, co czeka Polsk\u0119 w zwi\u0105zku z wydarzeniami w Grecji korespondent radia \u201eSputnik\u201d Leonid Sigan rozmawia z niezale\u017cnym ekspertem\" \/>\n<meta property=\"og:url\" content=\"https:\/\/siemysli-ke.info\/de\/polska-idzie-ta-sama-droga-co-grecja\/\" \/>\n<meta property=\"og:site_name\" content=\"SI\u0118 MY\u015aLI\" \/>\n<meta property=\"article:published_time\" content=\"2015-06-30T20:37:17+00:00\" \/>\n<meta property=\"article:modified_time\" content=\"2015-06-30T22:46:38+00:00\" \/>\n<meta property=\"og:image\" content=\"https:\/\/siemysli-ke.info\/wp-content\/uploads\/2015\/06\/563746.jpg\" \/>\n\t<meta property=\"og:image:width\" content=\"1000\" \/>\n\t<meta property=\"og:image:height\" content=\"541\" \/>\n\t<meta property=\"og:image:type\" content=\"image\/jpeg\" \/>\n<meta name=\"author\" content=\"Jaromir\" \/>\n<meta name=\"twitter:label1\" content=\"Verfasst von\" \/>\n\t<meta name=\"twitter:data1\" content=\"Jaromir\" \/>\n\t<meta name=\"twitter:label2\" content=\"Gesch\u00e4tzte Lesezeit\" \/>\n\t<meta name=\"twitter:data2\" content=\"4\u00a0Minuten\" \/>\n<script type=\"application\/ld+json\" class=\"yoast-schema-graph\">{\"@context\":\"https:\/\/schema.org\",\"@graph\":[{\"@type\":\"Article\",\"@id\":\"https:\/\/siemysli-ke.info\/de\/polska-idzie-ta-sama-droga-co-grecja\/#article\",\"isPartOf\":{\"@id\":\"https:\/\/siemysli-ke.info\/de\/polska-idzie-ta-sama-droga-co-grecja\/\"},\"author\":{\"name\":\"Jaromir\",\"@id\":\"https:\/\/siemysli-ke.info\/#\/schema\/person\/66d741fa745a44f2fe46d112bc6499f2\"},\"headline\":\"Polska idzie t\u0105 sam\u0105 drog\u0105, co Grecja\",\"datePublished\":\"2015-06-30T20:37:17+00:00\",\"dateModified\":\"2015-06-30T22:46:38+00:00\",\"mainEntityOfPage\":{\"@id\":\"https:\/\/siemysli-ke.info\/de\/polska-idzie-ta-sama-droga-co-grecja\/\"},\"wordCount\":770,\"commentCount\":0,\"publisher\":{\"@id\":\"https:\/\/siemysli-ke.info\/#organization\"},\"image\":{\"@id\":\"https:\/\/siemysli-ke.info\/de\/polska-idzie-ta-sama-droga-co-grecja\/#primaryimage\"},\"thumbnailUrl\":\"https:\/\/siemysli-ke.info\/wp-content\/uploads\/2015\/06\/563746.jpg\",\"keywords\":[\"breaking\",\"headline\",\"SPUTNIK\",\"zlot\u00f3wka\"],\"articleSection\":[\"Rzeczypospolita\",\"Unia Europejska\"],\"inLanguage\":\"de\",\"potentialAction\":[{\"@type\":\"CommentAction\",\"name\":\"Comment\",\"target\":[\"https:\/\/siemysli-ke.info\/de\/polska-idzie-ta-sama-droga-co-grecja\/#respond\"]}]},{\"@type\":\"WebPage\",\"@id\":\"https:\/\/siemysli-ke.info\/de\/polska-idzie-ta-sama-droga-co-grecja\/\",\"url\":\"https:\/\/siemysli-ke.info\/de\/polska-idzie-ta-sama-droga-co-grecja\/\",\"name\":\"Polska idzie t\u0105 sam\u0105 drog\u0105, co Grecja - SI\u0118 MY\u015aLI\",\"isPartOf\":{\"@id\":\"https:\/\/siemysli-ke.info\/de\/#website\"},\"primaryImageOfPage\":{\"@id\":\"https:\/\/siemysli-ke.info\/de\/polska-idzie-ta-sama-droga-co-grecja\/#primaryimage\"},\"image\":{\"@id\":\"https:\/\/siemysli-ke.info\/de\/polska-idzie-ta-sama-droga-co-grecja\/#primaryimage\"},\"thumbnailUrl\":\"https:\/\/siemysli-ke.info\/wp-content\/uploads\/2015\/06\/563746.jpg\",\"datePublished\":\"2015-06-30T20:37:17+00:00\",\"dateModified\":\"2015-06-30T22:46:38+00:00\",\"breadcrumb\":{\"@id\":\"https:\/\/siemysli-ke.info\/de\/polska-idzie-ta-sama-droga-co-grecja\/#breadcrumb\"},\"inLanguage\":\"de\",\"potentialAction\":[{\"@type\":\"ReadAction\",\"target\":[[\"https:\/\/siemysli-ke.info\/de\/polska-idzie-ta-sama-droga-co-grecja\/\"]]}]},{\"@type\":\"ImageObject\",\"inLanguage\":\"de\",\"@id\":\"https:\/\/siemysli-ke.info\/de\/polska-idzie-ta-sama-droga-co-grecja\/#primaryimage\",\"url\":\"https:\/\/siemysli-ke.info\/wp-content\/uploads\/2015\/06\/563746.jpg\",\"contentUrl\":\"https:\/\/siemysli-ke.info\/wp-content\/uploads\/2015\/06\/563746.jpg\",\"width\":1000,\"height\":541},{\"@type\":\"BreadcrumbList\",\"@id\":\"https:\/\/siemysli-ke.info\/de\/polska-idzie-ta-sama-droga-co-grecja\/#breadcrumb\",\"itemListElement\":[{\"@type\":\"ListItem\",\"position\":1,\"name\":\"Home\",\"item\":\"https:\/\/siemysli-ke.info\/de\/\"},{\"@type\":\"ListItem\",\"position\":2,\"name\":\"Polska idzie t\u0105 sam\u0105 drog\u0105, co Grecja\"}]},{\"@type\":\"WebSite\",\"@id\":\"https:\/\/siemysli-ke.info\/de\/#website\",\"url\":\"https:\/\/siemysli-ke.info\/de\/\",\"name\":\"SI\u0118 MY\u015aLI\",\"description\":\"\",\"publisher\":{\"@id\":\"https:\/\/siemysli-ke.info\/de\/#organization\"},\"potentialAction\":[{\"@type\":\"SearchAction\",\"target\":{\"@type\":\"EntryPoint\",\"urlTemplate\":\"https:\/\/siemysli-ke.info\/de\/?s={search_term_string}\"},\"query-input\":{\"@type\":\"PropertyValueSpecification\",\"valueRequired\":true,\"valueName\":\"search_term_string\"}}],\"inLanguage\":\"de\"},{\"@type\":\"Organization\",\"@id\":\"https:\/\/siemysli-ke.info\/de\/#organization\",\"name\":\"SI\u0118 MY\u015aLI\",\"url\":\"https:\/\/siemysli-ke.info\/de\/\",\"logo\":{\"@type\":\"ImageObject\",\"inLanguage\":\"de\",\"@id\":\"https:\/\/siemysli-ke.info\/de\/#\/schema\/logo\/image\/\",\"url\":\"https:\/\/siemysli-ke.info\/wp-content\/uploads\/2025\/05\/99.png\",\"contentUrl\":\"https:\/\/siemysli-ke.info\/wp-content\/uploads\/2025\/05\/99.png\",\"width\":270,\"height\":204,\"caption\":\"SI\u0118 MY\u015aLI\"},\"image\":{\"@id\":\"https:\/\/siemysli-ke.info\/de\/#\/schema\/logo\/image\/\"}},{\"@type\":\"Person\",\"@id\":\"https:\/\/siemysli-ke.info\/#\/schema\/person\/66d741fa745a44f2fe46d112bc6499f2\",\"name\":\"Jaromir\",\"image\":{\"@type\":\"ImageObject\",\"inLanguage\":\"de\",\"@id\":\"https:\/\/siemysli-ke.info\/de\/#\/schema\/person\/image\/\",\"url\":\"https:\/\/secure.gravatar.com\/avatar\/fe881559e8ac8dda20293e9e8317d4678c6ad8f65f85a9ce5e1a87cee56b6198?s=96&d=mm&r=g\",\"contentUrl\":\"https:\/\/secure.gravatar.com\/avatar\/fe881559e8ac8dda20293e9e8317d4678c6ad8f65f85a9ce5e1a87cee56b6198?s=96&d=mm&r=g\",\"caption\":\"Jaromir\"},\"url\":\"https:\/\/siemysli-ke.info\/de\/author\/jaromir\/\"}]}<\/script>\n<!-- \/ Yoast SEO plugin. -->","yoast_head_json":{"title":"Polska idzie t\u0105 sam\u0105 drog\u0105, co Grecja - SI\u0118 MY\u015aLI","robots":{"index":"index","follow":"follow","max-snippet":"max-snippet:-1","max-image-preview":"max-image-preview:large","max-video-preview":"max-video-preview:-1"},"canonical":"https:\/\/siemysli-ke.info\/de\/polska-idzie-ta-sama-droga-co-grecja\/","og_locale":"de_DE","og_type":"article","og_title":"Polska idzie t\u0105 sam\u0105 drog\u0105, co Grecja - SI\u0118 MY\u015aLI","og_description":"O tym, co czeka Polsk\u0119 w zwi\u0105zku z wydarzeniami w Grecji korespondent radia \u201eSputnik\u201d Leonid Sigan rozmawia z niezale\u017cnym ekspertem","og_url":"https:\/\/siemysli-ke.info\/de\/polska-idzie-ta-sama-droga-co-grecja\/","og_site_name":"SI\u0118 MY\u015aLI","article_published_time":"2015-06-30T20:37:17+00:00","article_modified_time":"2015-06-30T22:46:38+00:00","og_image":[{"width":1000,"height":541,"url":"https:\/\/siemysli-ke.info\/wp-content\/uploads\/2015\/06\/563746.jpg","type":"image\/jpeg"}],"author":"Jaromir","twitter_misc":{"Verfasst von":"Jaromir","Gesch\u00e4tzte Lesezeit":"4\u00a0Minuten"},"schema":{"@context":"https:\/\/schema.org","@graph":[{"@type":"Article","@id":"https:\/\/siemysli-ke.info\/de\/polska-idzie-ta-sama-droga-co-grecja\/#article","isPartOf":{"@id":"https:\/\/siemysli-ke.info\/de\/polska-idzie-ta-sama-droga-co-grecja\/"},"author":{"name":"Jaromir","@id":"https:\/\/siemysli-ke.info\/#\/schema\/person\/66d741fa745a44f2fe46d112bc6499f2"},"headline":"Polska idzie t\u0105 sam\u0105 drog\u0105, co Grecja","datePublished":"2015-06-30T20:37:17+00:00","dateModified":"2015-06-30T22:46:38+00:00","mainEntityOfPage":{"@id":"https:\/\/siemysli-ke.info\/de\/polska-idzie-ta-sama-droga-co-grecja\/"},"wordCount":770,"commentCount":0,"publisher":{"@id":"https:\/\/siemysli-ke.info\/#organization"},"image":{"@id":"https:\/\/siemysli-ke.info\/de\/polska-idzie-ta-sama-droga-co-grecja\/#primaryimage"},"thumbnailUrl":"https:\/\/siemysli-ke.info\/wp-content\/uploads\/2015\/06\/563746.jpg","keywords":["breaking","headline","SPUTNIK","zlot\u00f3wka"],"articleSection":["Rzeczypospolita","Unia Europejska"],"inLanguage":"de","potentialAction":[{"@type":"CommentAction","name":"Comment","target":["https:\/\/siemysli-ke.info\/de\/polska-idzie-ta-sama-droga-co-grecja\/#respond"]}]},{"@type":"WebPage","@id":"https:\/\/siemysli-ke.info\/de\/polska-idzie-ta-sama-droga-co-grecja\/","url":"https:\/\/siemysli-ke.info\/de\/polska-idzie-ta-sama-droga-co-grecja\/","name":"Polska idzie t\u0105 sam\u0105 drog\u0105, co Grecja - SI\u0118 MY\u015aLI","isPartOf":{"@id":"https:\/\/siemysli-ke.info\/de\/#website"},"primaryImageOfPage":{"@id":"https:\/\/siemysli-ke.info\/de\/polska-idzie-ta-sama-droga-co-grecja\/#primaryimage"},"image":{"@id":"https:\/\/siemysli-ke.info\/de\/polska-idzie-ta-sama-droga-co-grecja\/#primaryimage"},"thumbnailUrl":"https:\/\/siemysli-ke.info\/wp-content\/uploads\/2015\/06\/563746.jpg","datePublished":"2015-06-30T20:37:17+00:00","dateModified":"2015-06-30T22:46:38+00:00","breadcrumb":{"@id":"https:\/\/siemysli-ke.info\/de\/polska-idzie-ta-sama-droga-co-grecja\/#breadcrumb"},"inLanguage":"de","potentialAction":[{"@type":"ReadAction","target":[["https:\/\/siemysli-ke.info\/de\/polska-idzie-ta-sama-droga-co-grecja\/"]]}]},{"@type":"ImageObject","inLanguage":"de","@id":"https:\/\/siemysli-ke.info\/de\/polska-idzie-ta-sama-droga-co-grecja\/#primaryimage","url":"https:\/\/siemysli-ke.info\/wp-content\/uploads\/2015\/06\/563746.jpg","contentUrl":"https:\/\/siemysli-ke.info\/wp-content\/uploads\/2015\/06\/563746.jpg","width":1000,"height":541},{"@type":"BreadcrumbList","@id":"https:\/\/siemysli-ke.info\/de\/polska-idzie-ta-sama-droga-co-grecja\/#breadcrumb","itemListElement":[{"@type":"ListItem","position":1,"name":"Home","item":"https:\/\/siemysli-ke.info\/de\/"},{"@type":"ListItem","position":2,"name":"Polska idzie t\u0105 sam\u0105 drog\u0105, co Grecja"}]},{"@type":"WebSite","@id":"https:\/\/siemysli-ke.info\/de\/#website","url":"https:\/\/siemysli-ke.info\/de\/","name":"SI\u0118 MY\u015aLI","description":"","publisher":{"@id":"https:\/\/siemysli-ke.info\/de\/#organization"},"potentialAction":[{"@type":"SearchAction","target":{"@type":"EntryPoint","urlTemplate":"https:\/\/siemysli-ke.info\/de\/?s={search_term_string}"},"query-input":{"@type":"PropertyValueSpecification","valueRequired":true,"valueName":"search_term_string"}}],"inLanguage":"de"},{"@type":"Organization","@id":"https:\/\/siemysli-ke.info\/de\/#organization","name":"SI\u0118 MY\u015aLI","url":"https:\/\/siemysli-ke.info\/de\/","logo":{"@type":"ImageObject","inLanguage":"de","@id":"https:\/\/siemysli-ke.info\/de\/#\/schema\/logo\/image\/","url":"https:\/\/siemysli-ke.info\/wp-content\/uploads\/2025\/05\/99.png","contentUrl":"https:\/\/siemysli-ke.info\/wp-content\/uploads\/2025\/05\/99.png","width":270,"height":204,"caption":"SI\u0118 MY\u015aLI"},"image":{"@id":"https:\/\/siemysli-ke.info\/de\/#\/schema\/logo\/image\/"}},{"@type":"Person","@id":"https:\/\/siemysli-ke.info\/#\/schema\/person\/66d741fa745a44f2fe46d112bc6499f2","name":"Jaromir","image":{"@type":"ImageObject","inLanguage":"de","@id":"https:\/\/siemysli-ke.info\/de\/#\/schema\/person\/image\/","url":"https:\/\/secure.gravatar.com\/avatar\/fe881559e8ac8dda20293e9e8317d4678c6ad8f65f85a9ce5e1a87cee56b6198?s=96&d=mm&r=g","contentUrl":"https:\/\/secure.gravatar.com\/avatar\/fe881559e8ac8dda20293e9e8317d4678c6ad8f65f85a9ce5e1a87cee56b6198?s=96&d=mm&r=g","caption":"Jaromir"},"url":"https:\/\/siemysli-ke.info\/de\/author\/jaromir\/"}]}},"_links":{"self":[{"href":"https:\/\/siemysli-ke.info\/de\/wp-json\/wp\/v2\/posts\/16114","targetHints":{"allow":["GET"]}}],"collection":[{"href":"https:\/\/siemysli-ke.info\/de\/wp-json\/wp\/v2\/posts"}],"about":[{"href":"https:\/\/siemysli-ke.info\/de\/wp-json\/wp\/v2\/types\/post"}],"author":[{"embeddable":true,"href":"https:\/\/siemysli-ke.info\/de\/wp-json\/wp\/v2\/users\/7"}],"replies":[{"embeddable":true,"href":"https:\/\/siemysli-ke.info\/de\/wp-json\/wp\/v2\/comments?post=16114"}],"version-history":[{"count":0,"href":"https:\/\/siemysli-ke.info\/de\/wp-json\/wp\/v2\/posts\/16114\/revisions"}],"wp:featuredmedia":[{"embeddable":true,"href":"https:\/\/siemysli-ke.info\/de\/wp-json\/wp\/v2\/media\/16115"}],"wp:attachment":[{"href":"https:\/\/siemysli-ke.info\/de\/wp-json\/wp\/v2\/media?parent=16114"}],"wp:term":[{"taxonomy":"category","embeddable":true,"href":"https:\/\/siemysli-ke.info\/de\/wp-json\/wp\/v2\/categories?post=16114"},{"taxonomy":"post_tag","embeddable":true,"href":"https:\/\/siemysli-ke.info\/de\/wp-json\/wp\/v2\/tags?post=16114"}],"curies":[{"name":"wp","href":"https:\/\/api.w.org\/{rel}","templated":true}]}}