 {"id":15943,"date":"2015-06-02T10:41:00","date_gmt":"2015-06-02T08:41:00","guid":{"rendered":"http:\/\/www.siemysli.info.ke\/?p=15943"},"modified":"2015-06-06T01:08:29","modified_gmt":"2015-06-05T23:08:29","slug":"czekajac-na-dr-ewe","status":"publish","type":"post","link":"https:\/\/siemysli-ke.info\/de\/czekajac-na-dr-ewe\/","title":{"rendered":"Czekaj\u0105c na dr Ew\u0119"},"content":{"rendered":"<p style=\"text-align: justify;\"><a href=\"http:\/\/www.siemysli.info.ke\/wp-content\/uploads\/2015\/06\/protest-12.05.201512.jpg\" rel=\"lightbox[15943]\"><img decoding=\"async\" class=\"alignleft size-medium wp-image-15944\" src=\"http:\/\/www.siemysli.info.ke\/wp-content\/uploads\/2015\/06\/protest-12.05.201512-300x157.jpg\" alt=\"protest 12.05.2015(12)\" width=\"300\" height=\"157\" srcset=\"https:\/\/siemysli-ke.info\/wp-content\/uploads\/2015\/06\/protest-12.05.201512-300x157.jpg 300w, https:\/\/siemysli-ke.info\/wp-content\/uploads\/2015\/06\/protest-12.05.201512.jpg 630w\" sizes=\"(max-width: 300px) 100vw, 300px\" \/><\/a>Pracownicy Specjalistycznego Psychiatrycznego Zespo\u0142u Opieki Zdrowotnej nie mog\u0105 doprosi\u0107 si\u0119 rozm\u00f3w ze Starostwem Powiatowym, kt\u00f3re jest organem za\u0142o\u017cycielskim plac\u00f3wki. Personel bielskiego \u201epsychiatryka\u201d od kilku lat domaga si\u0119 podwy\u017cek oraz poprawy sytuacji pacjent\u00f3w i pracownik\u00f3w.<\/p>\n<p style=\"text-align: justify;\">12. maja pracownicy SP ZOZ pikietowali przed siedzib\u0105 Starostwa Powiatowego. Podczas demonstracji z\u0142o\u017cyli petycj\u0119 w sprawie zorganizowania rozm\u00f3w z organem za\u0142o\u017cycielskim szpitala, czyli powiatem. Jak powiedzia\u0142 przedstawiciel zwi\u0105zkowc\u00f3w plac\u00f3wki zdrowotnej, Grzegorz \u015awi\u0119ch: \u201eStarostwo Powiatowe w dalszym ci\u0105gu nie widzi powodu, aby si\u0119 z nami spotka\u0107. Starostwo odmawia spotkania, a jednocze\u015bnie deklaruje dalsz\u0105 &lt;owocn\u0105 wsp\u00f3\u0142prac\u0119&gt;. Twierdzi, \u017ce w\u0142\u0105czy si\u0119 do rozm\u00f3w w momencie &lt;wyczerpania wszystkich innych mo\u017cliwo\u015bci porozumienia&gt;. Wynika z tego dla nas, \u017ce strajk i demonstracja to wed\u0142ug w\u0142adz jeszcze nie ostateczno\u015b\u0107. Ciekawe, co pracownicy maj\u0105 jeszcze zrobi\u0107, aby zaanga\u017cowa\u0107 do wsp\u00f3lnych rozm\u00f3w osoby odpowiedzialne za funkcjonowanie jednostek medycznych na Podbeskidziu?\u201d.<\/p>\n<p style=\"text-align: justify;\">By\u0107 mo\u017ce pomog\u0142oby umieszczenie w\u0142adz powiatu w protestuj\u0105cej plac\u00f3wce. Na warunkach pracownik\u00f3w lub pensjonariuszy \u2013 do wyboru, w ko\u0144cu podobno mamy w RP demokracj\u0119, cho\u0107 w Bielsku-Bia\u0142ej wi\u0119cej wskazuje raczej na zamordyzm.<\/p>\n<p style=\"text-align: justify;\">Bohaterowie dramatu Becketta \u201eczekali na Godota\u201d. Czy ich przyk\u0142adem bielski starosta czeka na dr Ew\u0119? Kopacz zreszt\u0105&#8230;<\/p>\n<p style=\"text-align: right;\"><strong>Roman Stawiarski<\/strong><\/p>\n<p style=\"text-align: justify;\">\n","protected":false},"excerpt":{"rendered":"<p>Pracownicy Specjalistycznego Psychiatrycznego Zespo\u0142u Opieki Zdrowotnej nie mog\u0105 doprosi\u0107 si\u0119 rozm\u00f3w ze Starostwem Powiatowym, kt\u00f3re jest organem za\u0142o\u017cycielskim plac\u00f3wki. Personel<\/p>\n","protected":false},"author":3,"featured_media":15944,"comment_status":"open","ping_status":"open","sticky":false,"template":"","format":"standard","meta":{"colormag_page_layout":"default_layout","footnotes":""},"categories":[7,81],"tags":[2631,936,89,1694,2630,92,2633,2628,2629,2632],"class_list":["post-15943","post","type-post","status-publish","format-standard","has-post-thumbnail","hentry","category-gospodarka","category-rzeczpospolita","tag-bielskie-starostwo-powiatowe","tag-bielsko-biala","tag-breaking","tag-ewa-kopacz","tag-grzegorz-swiech","tag-headline","tag-protest-personelu-szpitala-w-bielsku-bialej","tag-roman-stawiarski","tag-samuel-beckett","tag-specjalistyczny-psychiatryczny-zespol-opieki-zdrowotnej"],"yoast_head":"<!-- This site is optimized with the Yoast SEO plugin v25.1 - https:\/\/yoast.com\/wordpress\/plugins\/seo\/ -->\n<title>Czekaj\u0105c na dr Ew\u0119 - SI\u0118 MY\u015aLI<\/title>\n<meta name=\"robots\" content=\"index, follow, max-snippet:-1, max-image-preview:large, max-video-preview:-1\" \/>\n<link rel=\"canonical\" href=\"https:\/\/siemysli-ke.info\/de\/czekajac-na-dr-ewe\/\" \/>\n<meta property=\"og:locale\" content=\"de_DE\" \/>\n<meta property=\"og:type\" content=\"article\" \/>\n<meta property=\"og:title\" content=\"Czekaj\u0105c na dr Ew\u0119 - SI\u0118 MY\u015aLI\" \/>\n<meta property=\"og:description\" content=\"Pracownicy Specjalistycznego Psychiatrycznego Zespo\u0142u Opieki Zdrowotnej nie mog\u0105 doprosi\u0107 si\u0119 rozm\u00f3w ze Starostwem Powiatowym, kt\u00f3re jest organem za\u0142o\u017cycielskim plac\u00f3wki. Personel\" \/>\n<meta property=\"og:url\" content=\"https:\/\/siemysli-ke.info\/de\/czekajac-na-dr-ewe\/\" \/>\n<meta property=\"og:site_name\" content=\"SI\u0118 MY\u015aLI\" \/>\n<meta property=\"article:published_time\" content=\"2015-06-02T08:41:00+00:00\" \/>\n<meta property=\"article:modified_time\" content=\"2015-06-05T23:08:29+00:00\" \/>\n<meta property=\"og:image\" content=\"https:\/\/siemysli-ke.info\/wp-content\/uploads\/2015\/06\/protest-12.05.201512.jpg\" \/>\n\t<meta property=\"og:image:width\" content=\"630\" \/>\n\t<meta property=\"og:image:height\" content=\"331\" \/>\n\t<meta property=\"og:image:type\" content=\"image\/jpeg\" \/>\n<meta name=\"author\" content=\"...\" \/>\n<meta name=\"twitter:label1\" content=\"Verfasst von\" \/>\n\t<meta name=\"twitter:data1\" content=\"...\" \/>\n\t<meta name=\"twitter:label2\" content=\"Gesch\u00e4tzte Lesezeit\" \/>\n\t<meta name=\"twitter:data2\" content=\"1\u00a0Minute\" \/>\n<script type=\"application\/ld+json\" class=\"yoast-schema-graph\">{\"@context\":\"https:\/\/schema.org\",\"@graph\":[{\"@type\":\"Article\",\"@id\":\"https:\/\/siemysli-ke.info\/de\/czekajac-na-dr-ewe\/#article\",\"isPartOf\":{\"@id\":\"https:\/\/siemysli-ke.info\/de\/czekajac-na-dr-ewe\/\"},\"author\":{\"name\":\"...\",\"@id\":\"https:\/\/siemysli-ke.info\/#\/schema\/person\/75326687448d6abf738b156f56385210\"},\"headline\":\"Czekaj\u0105c na dr Ew\u0119\",\"datePublished\":\"2015-06-02T08:41:00+00:00\",\"dateModified\":\"2015-06-05T23:08:29+00:00\",\"mainEntityOfPage\":{\"@id\":\"https:\/\/siemysli-ke.info\/de\/czekajac-na-dr-ewe\/\"},\"wordCount\":233,\"commentCount\":0,\"publisher\":{\"@id\":\"https:\/\/siemysli-ke.info\/#organization\"},\"image\":{\"@id\":\"https:\/\/siemysli-ke.info\/de\/czekajac-na-dr-ewe\/#primaryimage\"},\"thumbnailUrl\":\"https:\/\/siemysli-ke.info\/wp-content\/uploads\/2015\/06\/protest-12.05.201512.jpg\",\"keywords\":[\"bielskie Starostwo Powiatowe\",\"Bielsko-Bia\u0142a\",\"breaking\",\"Ewa Kopacz\",\"Grzegorz \u015awi\u0119ch\",\"headline\",\"protest personelu szpitala w Bielsku-Bia\u0142ej\",\"Roman Stawiarski\",\"Samuel Beckett\",\"Specjalistyczny Psychiatryczny Zesp\u00f3\u0142 Opieki Zdrowotnej\"],\"articleSection\":[\"Gospodarka i polityka\",\"Rzeczypospolita\"],\"inLanguage\":\"de\",\"potentialAction\":[{\"@type\":\"CommentAction\",\"name\":\"Comment\",\"target\":[\"https:\/\/siemysli-ke.info\/de\/czekajac-na-dr-ewe\/#respond\"]}]},{\"@type\":\"WebPage\",\"@id\":\"https:\/\/siemysli-ke.info\/de\/czekajac-na-dr-ewe\/\",\"url\":\"https:\/\/siemysli-ke.info\/de\/czekajac-na-dr-ewe\/\",\"name\":\"Czekaj\u0105c na dr Ew\u0119 - SI\u0118 MY\u015aLI\",\"isPartOf\":{\"@id\":\"https:\/\/siemysli-ke.info\/de\/#website\"},\"primaryImageOfPage\":{\"@id\":\"https:\/\/siemysli-ke.info\/de\/czekajac-na-dr-ewe\/#primaryimage\"},\"image\":{\"@id\":\"https:\/\/siemysli-ke.info\/de\/czekajac-na-dr-ewe\/#primaryimage\"},\"thumbnailUrl\":\"https:\/\/siemysli-ke.info\/wp-content\/uploads\/2015\/06\/protest-12.05.201512.jpg\",\"datePublished\":\"2015-06-02T08:41:00+00:00\",\"dateModified\":\"2015-06-05T23:08:29+00:00\",\"breadcrumb\":{\"@id\":\"https:\/\/siemysli-ke.info\/de\/czekajac-na-dr-ewe\/#breadcrumb\"},\"inLanguage\":\"de\",\"potentialAction\":[{\"@type\":\"ReadAction\",\"target\":[[\"https:\/\/siemysli-ke.info\/de\/czekajac-na-dr-ewe\/\"]]}]},{\"@type\":\"ImageObject\",\"inLanguage\":\"de\",\"@id\":\"https:\/\/siemysli-ke.info\/de\/czekajac-na-dr-ewe\/#primaryimage\",\"url\":\"https:\/\/siemysli-ke.info\/wp-content\/uploads\/2015\/06\/protest-12.05.201512.jpg\",\"contentUrl\":\"https:\/\/siemysli-ke.info\/wp-content\/uploads\/2015\/06\/protest-12.05.201512.jpg\",\"width\":630,\"height\":331},{\"@type\":\"BreadcrumbList\",\"@id\":\"https:\/\/siemysli-ke.info\/de\/czekajac-na-dr-ewe\/#breadcrumb\",\"itemListElement\":[{\"@type\":\"ListItem\",\"position\":1,\"name\":\"Home\",\"item\":\"https:\/\/siemysli-ke.info\/de\/\"},{\"@type\":\"ListItem\",\"position\":2,\"name\":\"Czekaj\u0105c na dr Ew\u0119\"}]},{\"@type\":\"WebSite\",\"@id\":\"https:\/\/siemysli-ke.info\/de\/#website\",\"url\":\"https:\/\/siemysli-ke.info\/de\/\",\"name\":\"SI\u0118 MY\u015aLI\",\"description\":\"\",\"publisher\":{\"@id\":\"https:\/\/siemysli-ke.info\/de\/#organization\"},\"potentialAction\":[{\"@type\":\"SearchAction\",\"target\":{\"@type\":\"EntryPoint\",\"urlTemplate\":\"https:\/\/siemysli-ke.info\/de\/?s={search_term_string}\"},\"query-input\":{\"@type\":\"PropertyValueSpecification\",\"valueRequired\":true,\"valueName\":\"search_term_string\"}}],\"inLanguage\":\"de\"},{\"@type\":\"Organization\",\"@id\":\"https:\/\/siemysli-ke.info\/de\/#organization\",\"name\":\"SI\u0118 MY\u015aLI\",\"url\":\"https:\/\/siemysli-ke.info\/de\/\",\"logo\":{\"@type\":\"ImageObject\",\"inLanguage\":\"de\",\"@id\":\"https:\/\/siemysli-ke.info\/de\/#\/schema\/logo\/image\/\",\"url\":\"https:\/\/siemysli-ke.info\/wp-content\/uploads\/2025\/05\/99.png\",\"contentUrl\":\"https:\/\/siemysli-ke.info\/wp-content\/uploads\/2025\/05\/99.png\",\"width\":270,\"height\":204,\"caption\":\"SI\u0118 MY\u015aLI\"},\"image\":{\"@id\":\"https:\/\/siemysli-ke.info\/de\/#\/schema\/logo\/image\/\"}},{\"@type\":\"Person\",\"@id\":\"https:\/\/siemysli-ke.info\/#\/schema\/person\/75326687448d6abf738b156f56385210\",\"name\":\"...\",\"image\":{\"@type\":\"ImageObject\",\"inLanguage\":\"de\",\"@id\":\"https:\/\/siemysli-ke.info\/de\/#\/schema\/person\/image\/\",\"url\":\"https:\/\/secure.gravatar.com\/avatar\/33a3c2559155e1b4add65cf88cafda785aeb920f44b97c7055b07866ab5b13c2?s=96&d=mm&r=g\",\"contentUrl\":\"https:\/\/secure.gravatar.com\/avatar\/33a3c2559155e1b4add65cf88cafda785aeb920f44b97c7055b07866ab5b13c2?s=96&d=mm&r=g\",\"caption\":\"...\"},\"url\":\"https:\/\/siemysli-ke.info\/de\/author\/lele\/\"}]}<\/script>\n<!-- \/ Yoast SEO plugin. -->","yoast_head_json":{"title":"Czekaj\u0105c na dr Ew\u0119 - SI\u0118 MY\u015aLI","robots":{"index":"index","follow":"follow","max-snippet":"max-snippet:-1","max-image-preview":"max-image-preview:large","max-video-preview":"max-video-preview:-1"},"canonical":"https:\/\/siemysli-ke.info\/de\/czekajac-na-dr-ewe\/","og_locale":"de_DE","og_type":"article","og_title":"Czekaj\u0105c na dr Ew\u0119 - SI\u0118 MY\u015aLI","og_description":"Pracownicy Specjalistycznego Psychiatrycznego Zespo\u0142u Opieki Zdrowotnej nie mog\u0105 doprosi\u0107 si\u0119 rozm\u00f3w ze Starostwem Powiatowym, kt\u00f3re jest organem za\u0142o\u017cycielskim plac\u00f3wki. Personel","og_url":"https:\/\/siemysli-ke.info\/de\/czekajac-na-dr-ewe\/","og_site_name":"SI\u0118 MY\u015aLI","article_published_time":"2015-06-02T08:41:00+00:00","article_modified_time":"2015-06-05T23:08:29+00:00","og_image":[{"width":630,"height":331,"url":"https:\/\/siemysli-ke.info\/wp-content\/uploads\/2015\/06\/protest-12.05.201512.jpg","type":"image\/jpeg"}],"author":"...","twitter_misc":{"Verfasst von":"...","Gesch\u00e4tzte Lesezeit":"1\u00a0Minute"},"schema":{"@context":"https:\/\/schema.org","@graph":[{"@type":"Article","@id":"https:\/\/siemysli-ke.info\/de\/czekajac-na-dr-ewe\/#article","isPartOf":{"@id":"https:\/\/siemysli-ke.info\/de\/czekajac-na-dr-ewe\/"},"author":{"name":"...","@id":"https:\/\/siemysli-ke.info\/#\/schema\/person\/75326687448d6abf738b156f56385210"},"headline":"Czekaj\u0105c na dr Ew\u0119","datePublished":"2015-06-02T08:41:00+00:00","dateModified":"2015-06-05T23:08:29+00:00","mainEntityOfPage":{"@id":"https:\/\/siemysli-ke.info\/de\/czekajac-na-dr-ewe\/"},"wordCount":233,"commentCount":0,"publisher":{"@id":"https:\/\/siemysli-ke.info\/#organization"},"image":{"@id":"https:\/\/siemysli-ke.info\/de\/czekajac-na-dr-ewe\/#primaryimage"},"thumbnailUrl":"https:\/\/siemysli-ke.info\/wp-content\/uploads\/2015\/06\/protest-12.05.201512.jpg","keywords":["bielskie Starostwo Powiatowe","Bielsko-Bia\u0142a","breaking","Ewa Kopacz","Grzegorz \u015awi\u0119ch","headline","protest personelu szpitala w Bielsku-Bia\u0142ej","Roman Stawiarski","Samuel Beckett","Specjalistyczny Psychiatryczny Zesp\u00f3\u0142 Opieki Zdrowotnej"],"articleSection":["Gospodarka i polityka","Rzeczypospolita"],"inLanguage":"de","potentialAction":[{"@type":"CommentAction","name":"Comment","target":["https:\/\/siemysli-ke.info\/de\/czekajac-na-dr-ewe\/#respond"]}]},{"@type":"WebPage","@id":"https:\/\/siemysli-ke.info\/de\/czekajac-na-dr-ewe\/","url":"https:\/\/siemysli-ke.info\/de\/czekajac-na-dr-ewe\/","name":"Czekaj\u0105c na dr Ew\u0119 - SI\u0118 MY\u015aLI","isPartOf":{"@id":"https:\/\/siemysli-ke.info\/de\/#website"},"primaryImageOfPage":{"@id":"https:\/\/siemysli-ke.info\/de\/czekajac-na-dr-ewe\/#primaryimage"},"image":{"@id":"https:\/\/siemysli-ke.info\/de\/czekajac-na-dr-ewe\/#primaryimage"},"thumbnailUrl":"https:\/\/siemysli-ke.info\/wp-content\/uploads\/2015\/06\/protest-12.05.201512.jpg","datePublished":"2015-06-02T08:41:00+00:00","dateModified":"2015-06-05T23:08:29+00:00","breadcrumb":{"@id":"https:\/\/siemysli-ke.info\/de\/czekajac-na-dr-ewe\/#breadcrumb"},"inLanguage":"de","potentialAction":[{"@type":"ReadAction","target":[["https:\/\/siemysli-ke.info\/de\/czekajac-na-dr-ewe\/"]]}]},{"@type":"ImageObject","inLanguage":"de","@id":"https:\/\/siemysli-ke.info\/de\/czekajac-na-dr-ewe\/#primaryimage","url":"https:\/\/siemysli-ke.info\/wp-content\/uploads\/2015\/06\/protest-12.05.201512.jpg","contentUrl":"https:\/\/siemysli-ke.info\/wp-content\/uploads\/2015\/06\/protest-12.05.201512.jpg","width":630,"height":331},{"@type":"BreadcrumbList","@id":"https:\/\/siemysli-ke.info\/de\/czekajac-na-dr-ewe\/#breadcrumb","itemListElement":[{"@type":"ListItem","position":1,"name":"Home","item":"https:\/\/siemysli-ke.info\/de\/"},{"@type":"ListItem","position":2,"name":"Czekaj\u0105c na dr Ew\u0119"}]},{"@type":"WebSite","@id":"https:\/\/siemysli-ke.info\/de\/#website","url":"https:\/\/siemysli-ke.info\/de\/","name":"SI\u0118 MY\u015aLI","description":"","publisher":{"@id":"https:\/\/siemysli-ke.info\/de\/#organization"},"potentialAction":[{"@type":"SearchAction","target":{"@type":"EntryPoint","urlTemplate":"https:\/\/siemysli-ke.info\/de\/?s={search_term_string}"},"query-input":{"@type":"PropertyValueSpecification","valueRequired":true,"valueName":"search_term_string"}}],"inLanguage":"de"},{"@type":"Organization","@id":"https:\/\/siemysli-ke.info\/de\/#organization","name":"SI\u0118 MY\u015aLI","url":"https:\/\/siemysli-ke.info\/de\/","logo":{"@type":"ImageObject","inLanguage":"de","@id":"https:\/\/siemysli-ke.info\/de\/#\/schema\/logo\/image\/","url":"https:\/\/siemysli-ke.info\/wp-content\/uploads\/2025\/05\/99.png","contentUrl":"https:\/\/siemysli-ke.info\/wp-content\/uploads\/2025\/05\/99.png","width":270,"height":204,"caption":"SI\u0118 MY\u015aLI"},"image":{"@id":"https:\/\/siemysli-ke.info\/de\/#\/schema\/logo\/image\/"}},{"@type":"Person","@id":"https:\/\/siemysli-ke.info\/#\/schema\/person\/75326687448d6abf738b156f56385210","name":"...","image":{"@type":"ImageObject","inLanguage":"de","@id":"https:\/\/siemysli-ke.info\/de\/#\/schema\/person\/image\/","url":"https:\/\/secure.gravatar.com\/avatar\/33a3c2559155e1b4add65cf88cafda785aeb920f44b97c7055b07866ab5b13c2?s=96&d=mm&r=g","contentUrl":"https:\/\/secure.gravatar.com\/avatar\/33a3c2559155e1b4add65cf88cafda785aeb920f44b97c7055b07866ab5b13c2?s=96&d=mm&r=g","caption":"..."},"url":"https:\/\/siemysli-ke.info\/de\/author\/lele\/"}]}},"_links":{"self":[{"href":"https:\/\/siemysli-ke.info\/de\/wp-json\/wp\/v2\/posts\/15943","targetHints":{"allow":["GET"]}}],"collection":[{"href":"https:\/\/siemysli-ke.info\/de\/wp-json\/wp\/v2\/posts"}],"about":[{"href":"https:\/\/siemysli-ke.info\/de\/wp-json\/wp\/v2\/types\/post"}],"author":[{"embeddable":true,"href":"https:\/\/siemysli-ke.info\/de\/wp-json\/wp\/v2\/users\/3"}],"replies":[{"embeddable":true,"href":"https:\/\/siemysli-ke.info\/de\/wp-json\/wp\/v2\/comments?post=15943"}],"version-history":[{"count":0,"href":"https:\/\/siemysli-ke.info\/de\/wp-json\/wp\/v2\/posts\/15943\/revisions"}],"wp:featuredmedia":[{"embeddable":true,"href":"https:\/\/siemysli-ke.info\/de\/wp-json\/wp\/v2\/media\/15944"}],"wp:attachment":[{"href":"https:\/\/siemysli-ke.info\/de\/wp-json\/wp\/v2\/media?parent=15943"}],"wp:term":[{"taxonomy":"category","embeddable":true,"href":"https:\/\/siemysli-ke.info\/de\/wp-json\/wp\/v2\/categories?post=15943"},{"taxonomy":"post_tag","embeddable":true,"href":"https:\/\/siemysli-ke.info\/de\/wp-json\/wp\/v2\/tags?post=15943"}],"curies":[{"name":"wp","href":"https:\/\/api.w.org\/{rel}","templated":true}]}}