 {"id":15884,"date":"2015-05-25T21:55:11","date_gmt":"2015-05-25T19:55:11","guid":{"rendered":"http:\/\/www.siemysli.info.ke\/?p=15884"},"modified":"2015-05-25T21:55:11","modified_gmt":"2015-05-25T19:55:11","slug":"auta-z-charakterem-w-chudowie","status":"publish","type":"post","link":"https:\/\/siemysli-ke.info\/de\/auta-z-charakterem-w-chudowie\/","title":{"rendered":"Auta z charakterem w Chudowie"},"content":{"rendered":"<p style=\"text-align: justify;\"><a href=\"http:\/\/www.siemysli.info.ke\/wp-content\/uploads\/2015\/05\/DSC_0527A.jpg\" rel=\"lightbox[15884]\"><img decoding=\"async\" class=\"alignleft size-medium wp-image-15885\" src=\"http:\/\/www.siemysli.info.ke\/wp-content\/uploads\/2015\/05\/DSC_0527A-300x199.jpg\" alt=\"DSC_0527A\" width=\"300\" height=\"199\" srcset=\"https:\/\/siemysli-ke.info\/wp-content\/uploads\/2015\/05\/DSC_0527A-300x199.jpg 300w, https:\/\/siemysli-ke.info\/wp-content\/uploads\/2015\/05\/DSC_0527A.jpg 702w\" sizes=\"(max-width: 300px) 100vw, 300px\" \/><\/a><em><strong>Stare jest pi\u0119kne&#8230;<\/strong><\/em><\/p>\n<p style=\"text-align: justify;\"><strong>XV-wieczny zamek w Chudowie uwa\u017cany by\u0142 za panowania rodu Foglar\u00f3w za jedn\u0105 z najwspanialszych rezydencji na G\u00f3rnym \u015al\u0105sku. Dzi\u015b duma Gminy Giera\u0142towice \u017cyje i ma si\u0119 dobrze za spraw\u0105 Fundacji Zamku Chud\u00f3w i pana Adama So\u015bnierza, kt\u00f3ry rozpocz\u0105\u0142 dzie\u0142o odbudowy ruin starego zamczyska&#8230;<\/strong><\/p>\n<p style=\"text-align: justify;\">Pere\u0142ka historyczna Gminy Giera\u0142towice o\u017cy\u0142a &#8211; i jak co roku przyci\u0105ga rzesze turyst\u00f3w. Od lat z nadej\u015bciem wiosny na zamku dzieje si\u0119 wiele. Jeszcze nie przebrzmia\u0142y echa g\u00f3ralskiej muzyki zespo\u0142u ,,Urwisko\u201d sprzed tygodnia, a ju\u017c na dziedziniec zajecha\u0142y pojazdy, pami\u0119taj\u0105ce czasy <em>twista <\/em>czy <em>boogie &#8211; woogie<\/em>.<\/p>\n<p style=\"text-align: justify;\">Wielki <em>show<\/em> samochod\u00f3w historycznych mia\u0142 miejsce 25. maja. Od godziny 15:00 na b\u0142oniach przed zamkiem podziwia\u0107 mo\u017cna by\u0142o najr\u00f3\u017cniejsze cuda motoryzacji, od limuzyn, kt\u00f3re dzi\u015b s\u0142u\u017c\u0105 jako pojazdy do wynaj\u0119cia &#8211; g\u0142\u00f3wnie wykorzystywane jako karoce \u015blubne &#8211; po sportowe cacka i ogromne ameryka\u0144skie potwory z o\u015bmiocylindrowym sercem, po\u017ceraj\u0105cym niebotyczne ilo\u015bci paliwa &#8211; jak <em>Camaro<\/em>.<\/p>\n<p style=\"text-align: center;\"><a href=\"http:\/\/www.siemysli.info.ke\/wp-content\/uploads\/2015\/05\/DSC_0537A.jpg\" rel=\"lightbox[15884]\"><img decoding=\"async\" class=\"aligncenter size-medium wp-image-15886\" src=\"http:\/\/www.siemysli.info.ke\/wp-content\/uploads\/2015\/05\/DSC_0537A-300x199.jpg\" alt=\"DSC_0537A\" width=\"300\" height=\"199\" srcset=\"https:\/\/siemysli-ke.info\/wp-content\/uploads\/2015\/05\/DSC_0537A-300x199.jpg 300w, https:\/\/siemysli-ke.info\/wp-content\/uploads\/2015\/05\/DSC_0537A.jpg 702w\" sizes=\"(max-width: 300px) 100vw, 300px\" \/><\/a><\/p>\n<p style=\"text-align: justify;\">M\u0142odzi upodobali sobie przer\u00f3bk\u0119 <em>VW<\/em>, nieco dalej s\u0142ynne <em>Audi Quattro<\/em> typ 85, osob\u00f3wka z nap\u0119dem 4&#215;4, teraz kultowy pojazd, wtedy auto dla elit z tak zwanym ,,z\u0119bem\u201d. W latach 80. samoch\u00f3d nie do pokonania w rajdach, dzi\u015b spogl\u0105daj\u0105c na autko wzdychamy tylko do kolorowych lat, kiedy mocny <em>rock <\/em>kr\u00f3lowa\u0142 na scenach i prywatkach &#8211; ach&#8230;.<\/p>\n<p style=\"text-align: justify;\">Nieco dalej cieszy\u0142 oko zgrabny <em>Triumph M3 Spitfire<\/em> \u2013 dwumiejscowy <em>roadster<\/em>, kt\u00f3re to cacko w\u0142a\u015bciciel sprowadzi\u0142 z USA. Elegancka maszyna, gdzie pr\u00f3bowa\u0142 si\u0119 wkomponowa\u0107 (czyli zmie\u015bci\u0107) s\u0142usznego wzrostu prezenter imprezy (nie uda\u0142o si\u0119) ale i tak zgrabne cude\u0144ko&#8230; Prawdziwy dwumiejscowy sportowy potw\u00f3r lat 60.<\/p>\n<p style=\"text-align: justify;\">Mo\u017cna te\u017c by\u0142o westchn\u0105\u0107 do czerwonej <em>Corvetty<\/em> &#8211; i o dziwo wzdycha\u0142y r\u00f3wnie\u017c panie&#8230;<\/p>\n<p style=\"text-align: center;\"><a href=\"http:\/\/www.siemysli.info.ke\/wp-content\/uploads\/2015\/05\/DSC_0525A.jpg\" rel=\"lightbox[15884]\"><img decoding=\"async\" class=\"aligncenter size-medium wp-image-15887\" src=\"http:\/\/www.siemysli.info.ke\/wp-content\/uploads\/2015\/05\/DSC_0525A-300x199.jpg\" alt=\"DSC_0525A\" width=\"300\" height=\"199\" srcset=\"https:\/\/siemysli-ke.info\/wp-content\/uploads\/2015\/05\/DSC_0525A-300x199.jpg 300w, https:\/\/siemysli-ke.info\/wp-content\/uploads\/2015\/05\/DSC_0525A.jpg 702w\" sizes=\"(max-width: 300px) 100vw, 300px\" \/><\/a><\/p>\n<p style=\"text-align: justify;\">Nieco dalej kusi\u0142a swoim wygl\u0105dem wszystkim doskonale znana <em>Carrera<\/em> i wiele innych czteroko\u0142owych cud\u00f3w techniki minionych lat.<\/p>\n<p style=\"text-align: justify;\">Do\u015b\u0107 gadania, lepiej popatrze\u0107 &#8211; tote\u017c zapraszam do ma\u0142ej galerii.<\/p>\n<p style=\"text-align: center;\"><a href=\"http:\/\/www.siemysli.info.ke\/wp-content\/uploads\/2015\/05\/DSC_0528A.jpg\" rel=\"lightbox[15884]\"><img decoding=\"async\" class=\"aligncenter size-medium wp-image-15888\" src=\"http:\/\/www.siemysli.info.ke\/wp-content\/uploads\/2015\/05\/DSC_0528A-300x199.jpg\" alt=\"DSC_0528A\" width=\"300\" height=\"199\" srcset=\"https:\/\/siemysli-ke.info\/wp-content\/uploads\/2015\/05\/DSC_0528A-300x199.jpg 300w, https:\/\/siemysli-ke.info\/wp-content\/uploads\/2015\/05\/DSC_0528A.jpg 702w\" sizes=\"(max-width: 300px) 100vw, 300px\" \/><\/a><\/p>\n<p style=\"text-align: center;\"><a href=\"http:\/\/www.siemysli.info.ke\/wp-content\/uploads\/2015\/05\/DSC_0521A.jpg\" rel=\"lightbox[15884]\"><img decoding=\"async\" class=\"aligncenter size-medium wp-image-15889\" src=\"http:\/\/www.siemysli.info.ke\/wp-content\/uploads\/2015\/05\/DSC_0521A-300x199.jpg\" alt=\"DSC_0521A\" width=\"300\" height=\"199\" srcset=\"https:\/\/siemysli-ke.info\/wp-content\/uploads\/2015\/05\/DSC_0521A-300x199.jpg 300w, https:\/\/siemysli-ke.info\/wp-content\/uploads\/2015\/05\/DSC_0521A.jpg 702w\" sizes=\"(max-width: 300px) 100vw, 300px\" \/><\/a><\/p>\n<p style=\"text-align: center;\"><a href=\"http:\/\/www.siemysli.info.ke\/wp-content\/uploads\/2015\/05\/DSC_0539A.jpg\" rel=\"lightbox[15884]\"><img decoding=\"async\" class=\"aligncenter size-medium wp-image-15890\" src=\"http:\/\/www.siemysli.info.ke\/wp-content\/uploads\/2015\/05\/DSC_0539A-300x199.jpg\" alt=\"DSC_0539A\" width=\"300\" height=\"199\" srcset=\"https:\/\/siemysli-ke.info\/wp-content\/uploads\/2015\/05\/DSC_0539A-300x199.jpg 300w, https:\/\/siemysli-ke.info\/wp-content\/uploads\/2015\/05\/DSC_0539A.jpg 702w\" sizes=\"(max-width: 300px) 100vw, 300px\" \/><\/a><\/p>\n<p style=\"text-align: right;\">Tekst i zdj\u0119cia:<\/p>\n<p style=\"text-align: right;\"><strong>Tadeusz Pucha\u0142ka<\/strong><\/p>\n<p>&nbsp;<\/p>\n<p>&nbsp;<\/p>\n","protected":false},"excerpt":{"rendered":"<p>Stare jest pi\u0119kne&#8230; XV-wieczny zamek w Chudowie uwa\u017cany by\u0142 za panowania rodu Foglar\u00f3w za jedn\u0105 z najwspanialszych rezydencji na G\u00f3rnym<\/p>\n","protected":false},"author":3,"featured_media":15885,"comment_status":"open","ping_status":"open","sticky":false,"template":"","format":"standard","meta":{"colormag_page_layout":"default_layout","footnotes":""},"categories":[3,81],"tags":[2589,2590,228,2592,2593,2550,2591],"class_list":["post-15884","post","type-post","status-publish","format-standard","has-post-thumbnail","hentry","category-kultura","category-rzeczpospolita","tag-adam-sosnierz","tag-gmina-gieraltowice","tag-gorny-slask","tag-rod-foglarow","tag-samochody-historyczne","tag-tadeusz-puchalka","tag-zamek-chudow"],"yoast_head":"<!-- This site is optimized with the Yoast SEO plugin v25.1 - https:\/\/yoast.com\/wordpress\/plugins\/seo\/ -->\n<title>Auta z charakterem w Chudowie - SI\u0118 MY\u015aLI<\/title>\n<meta name=\"robots\" content=\"index, follow, max-snippet:-1, max-image-preview:large, max-video-preview:-1\" \/>\n<link rel=\"canonical\" href=\"https:\/\/siemysli-ke.info\/de\/auta-z-charakterem-w-chudowie\/\" \/>\n<meta property=\"og:locale\" content=\"de_DE\" \/>\n<meta property=\"og:type\" content=\"article\" \/>\n<meta property=\"og:title\" content=\"Auta z charakterem w Chudowie - SI\u0118 MY\u015aLI\" \/>\n<meta property=\"og:description\" content=\"Stare jest pi\u0119kne&#8230; XV-wieczny zamek w Chudowie uwa\u017cany by\u0142 za panowania rodu Foglar\u00f3w za jedn\u0105 z najwspanialszych rezydencji na G\u00f3rnym\" \/>\n<meta property=\"og:url\" content=\"https:\/\/siemysli-ke.info\/de\/auta-z-charakterem-w-chudowie\/\" \/>\n<meta property=\"og:site_name\" content=\"SI\u0118 MY\u015aLI\" \/>\n<meta property=\"article:published_time\" content=\"2015-05-25T19:55:11+00:00\" \/>\n<meta property=\"og:image\" content=\"https:\/\/siemysli-ke.info\/wp-content\/uploads\/2015\/05\/DSC_0527A.jpg\" \/>\n\t<meta property=\"og:image:width\" content=\"702\" \/>\n\t<meta property=\"og:image:height\" content=\"466\" \/>\n\t<meta property=\"og:image:type\" content=\"image\/jpeg\" \/>\n<meta name=\"author\" content=\"...\" \/>\n<meta name=\"twitter:label1\" content=\"Verfasst von\" \/>\n\t<meta name=\"twitter:data1\" content=\"...\" \/>\n\t<meta name=\"twitter:label2\" content=\"Gesch\u00e4tzte Lesezeit\" \/>\n\t<meta name=\"twitter:data2\" content=\"2\u00a0Minuten\" \/>\n<script type=\"application\/ld+json\" class=\"yoast-schema-graph\">{\"@context\":\"https:\/\/schema.org\",\"@graph\":[{\"@type\":\"Article\",\"@id\":\"https:\/\/siemysli-ke.info\/de\/auta-z-charakterem-w-chudowie\/#article\",\"isPartOf\":{\"@id\":\"https:\/\/siemysli-ke.info\/de\/auta-z-charakterem-w-chudowie\/\"},\"author\":{\"name\":\"...\",\"@id\":\"https:\/\/siemysli-ke.info\/#\/schema\/person\/75326687448d6abf738b156f56385210\"},\"headline\":\"Auta z charakterem w Chudowie\",\"datePublished\":\"2015-05-25T19:55:11+00:00\",\"mainEntityOfPage\":{\"@id\":\"https:\/\/siemysli-ke.info\/de\/auta-z-charakterem-w-chudowie\/\"},\"wordCount\":359,\"commentCount\":0,\"publisher\":{\"@id\":\"https:\/\/siemysli-ke.info\/#organization\"},\"image\":{\"@id\":\"https:\/\/siemysli-ke.info\/de\/auta-z-charakterem-w-chudowie\/#primaryimage\"},\"thumbnailUrl\":\"https:\/\/siemysli-ke.info\/wp-content\/uploads\/2015\/05\/DSC_0527A.jpg\",\"keywords\":[\"Adam So\u015bnierz\",\"gmina Giera\u0142towice\",\"g\u00f3rny \u015bl\u0105sk\",\"r\u00f3d Foglar\u00f3w\",\"samochody historyczne\",\"Tadeusz Pucha\u0142ka\",\"zamek Chud\u00f3w\"],\"articleSection\":[\"Kultura\",\"Rzeczypospolita\"],\"inLanguage\":\"de\",\"potentialAction\":[{\"@type\":\"CommentAction\",\"name\":\"Comment\",\"target\":[\"https:\/\/siemysli-ke.info\/de\/auta-z-charakterem-w-chudowie\/#respond\"]}]},{\"@type\":\"WebPage\",\"@id\":\"https:\/\/siemysli-ke.info\/de\/auta-z-charakterem-w-chudowie\/\",\"url\":\"https:\/\/siemysli-ke.info\/de\/auta-z-charakterem-w-chudowie\/\",\"name\":\"Auta z charakterem w Chudowie - SI\u0118 MY\u015aLI\",\"isPartOf\":{\"@id\":\"https:\/\/siemysli-ke.info\/de\/#website\"},\"primaryImageOfPage\":{\"@id\":\"https:\/\/siemysli-ke.info\/de\/auta-z-charakterem-w-chudowie\/#primaryimage\"},\"image\":{\"@id\":\"https:\/\/siemysli-ke.info\/de\/auta-z-charakterem-w-chudowie\/#primaryimage\"},\"thumbnailUrl\":\"https:\/\/siemysli-ke.info\/wp-content\/uploads\/2015\/05\/DSC_0527A.jpg\",\"datePublished\":\"2015-05-25T19:55:11+00:00\",\"breadcrumb\":{\"@id\":\"https:\/\/siemysli-ke.info\/de\/auta-z-charakterem-w-chudowie\/#breadcrumb\"},\"inLanguage\":\"de\",\"potentialAction\":[{\"@type\":\"ReadAction\",\"target\":[[\"https:\/\/siemysli-ke.info\/de\/auta-z-charakterem-w-chudowie\/\"]]}]},{\"@type\":\"ImageObject\",\"inLanguage\":\"de\",\"@id\":\"https:\/\/siemysli-ke.info\/de\/auta-z-charakterem-w-chudowie\/#primaryimage\",\"url\":\"https:\/\/siemysli-ke.info\/wp-content\/uploads\/2015\/05\/DSC_0527A.jpg\",\"contentUrl\":\"https:\/\/siemysli-ke.info\/wp-content\/uploads\/2015\/05\/DSC_0527A.jpg\",\"width\":702,\"height\":466},{\"@type\":\"BreadcrumbList\",\"@id\":\"https:\/\/siemysli-ke.info\/de\/auta-z-charakterem-w-chudowie\/#breadcrumb\",\"itemListElement\":[{\"@type\":\"ListItem\",\"position\":1,\"name\":\"Home\",\"item\":\"https:\/\/siemysli-ke.info\/de\/\"},{\"@type\":\"ListItem\",\"position\":2,\"name\":\"Auta z charakterem w Chudowie\"}]},{\"@type\":\"WebSite\",\"@id\":\"https:\/\/siemysli-ke.info\/de\/#website\",\"url\":\"https:\/\/siemysli-ke.info\/de\/\",\"name\":\"SI\u0118 MY\u015aLI\",\"description\":\"\",\"publisher\":{\"@id\":\"https:\/\/siemysli-ke.info\/de\/#organization\"},\"potentialAction\":[{\"@type\":\"SearchAction\",\"target\":{\"@type\":\"EntryPoint\",\"urlTemplate\":\"https:\/\/siemysli-ke.info\/de\/?s={search_term_string}\"},\"query-input\":{\"@type\":\"PropertyValueSpecification\",\"valueRequired\":true,\"valueName\":\"search_term_string\"}}],\"inLanguage\":\"de\"},{\"@type\":\"Organization\",\"@id\":\"https:\/\/siemysli-ke.info\/de\/#organization\",\"name\":\"SI\u0118 MY\u015aLI\",\"url\":\"https:\/\/siemysli-ke.info\/de\/\",\"logo\":{\"@type\":\"ImageObject\",\"inLanguage\":\"de\",\"@id\":\"https:\/\/siemysli-ke.info\/de\/#\/schema\/logo\/image\/\",\"url\":\"https:\/\/siemysli-ke.info\/wp-content\/uploads\/2025\/05\/99.png\",\"contentUrl\":\"https:\/\/siemysli-ke.info\/wp-content\/uploads\/2025\/05\/99.png\",\"width\":270,\"height\":204,\"caption\":\"SI\u0118 MY\u015aLI\"},\"image\":{\"@id\":\"https:\/\/siemysli-ke.info\/de\/#\/schema\/logo\/image\/\"}},{\"@type\":\"Person\",\"@id\":\"https:\/\/siemysli-ke.info\/#\/schema\/person\/75326687448d6abf738b156f56385210\",\"name\":\"...\",\"image\":{\"@type\":\"ImageObject\",\"inLanguage\":\"de\",\"@id\":\"https:\/\/siemysli-ke.info\/de\/#\/schema\/person\/image\/\",\"url\":\"https:\/\/secure.gravatar.com\/avatar\/33a3c2559155e1b4add65cf88cafda785aeb920f44b97c7055b07866ab5b13c2?s=96&d=mm&r=g\",\"contentUrl\":\"https:\/\/secure.gravatar.com\/avatar\/33a3c2559155e1b4add65cf88cafda785aeb920f44b97c7055b07866ab5b13c2?s=96&d=mm&r=g\",\"caption\":\"...\"},\"url\":\"https:\/\/siemysli-ke.info\/de\/author\/lele\/\"}]}<\/script>\n<!-- \/ Yoast SEO plugin. -->","yoast_head_json":{"title":"Auta z charakterem w Chudowie - SI\u0118 MY\u015aLI","robots":{"index":"index","follow":"follow","max-snippet":"max-snippet:-1","max-image-preview":"max-image-preview:large","max-video-preview":"max-video-preview:-1"},"canonical":"https:\/\/siemysli-ke.info\/de\/auta-z-charakterem-w-chudowie\/","og_locale":"de_DE","og_type":"article","og_title":"Auta z charakterem w Chudowie - SI\u0118 MY\u015aLI","og_description":"Stare jest pi\u0119kne&#8230; XV-wieczny zamek w Chudowie uwa\u017cany by\u0142 za panowania rodu Foglar\u00f3w za jedn\u0105 z najwspanialszych rezydencji na G\u00f3rnym","og_url":"https:\/\/siemysli-ke.info\/de\/auta-z-charakterem-w-chudowie\/","og_site_name":"SI\u0118 MY\u015aLI","article_published_time":"2015-05-25T19:55:11+00:00","og_image":[{"width":702,"height":466,"url":"https:\/\/siemysli-ke.info\/wp-content\/uploads\/2015\/05\/DSC_0527A.jpg","type":"image\/jpeg"}],"author":"...","twitter_misc":{"Verfasst von":"...","Gesch\u00e4tzte Lesezeit":"2\u00a0Minuten"},"schema":{"@context":"https:\/\/schema.org","@graph":[{"@type":"Article","@id":"https:\/\/siemysli-ke.info\/de\/auta-z-charakterem-w-chudowie\/#article","isPartOf":{"@id":"https:\/\/siemysli-ke.info\/de\/auta-z-charakterem-w-chudowie\/"},"author":{"name":"...","@id":"https:\/\/siemysli-ke.info\/#\/schema\/person\/75326687448d6abf738b156f56385210"},"headline":"Auta z charakterem w Chudowie","datePublished":"2015-05-25T19:55:11+00:00","mainEntityOfPage":{"@id":"https:\/\/siemysli-ke.info\/de\/auta-z-charakterem-w-chudowie\/"},"wordCount":359,"commentCount":0,"publisher":{"@id":"https:\/\/siemysli-ke.info\/#organization"},"image":{"@id":"https:\/\/siemysli-ke.info\/de\/auta-z-charakterem-w-chudowie\/#primaryimage"},"thumbnailUrl":"https:\/\/siemysli-ke.info\/wp-content\/uploads\/2015\/05\/DSC_0527A.jpg","keywords":["Adam So\u015bnierz","gmina Giera\u0142towice","g\u00f3rny \u015bl\u0105sk","r\u00f3d Foglar\u00f3w","samochody historyczne","Tadeusz Pucha\u0142ka","zamek Chud\u00f3w"],"articleSection":["Kultura","Rzeczypospolita"],"inLanguage":"de","potentialAction":[{"@type":"CommentAction","name":"Comment","target":["https:\/\/siemysli-ke.info\/de\/auta-z-charakterem-w-chudowie\/#respond"]}]},{"@type":"WebPage","@id":"https:\/\/siemysli-ke.info\/de\/auta-z-charakterem-w-chudowie\/","url":"https:\/\/siemysli-ke.info\/de\/auta-z-charakterem-w-chudowie\/","name":"Auta z charakterem w Chudowie - SI\u0118 MY\u015aLI","isPartOf":{"@id":"https:\/\/siemysli-ke.info\/de\/#website"},"primaryImageOfPage":{"@id":"https:\/\/siemysli-ke.info\/de\/auta-z-charakterem-w-chudowie\/#primaryimage"},"image":{"@id":"https:\/\/siemysli-ke.info\/de\/auta-z-charakterem-w-chudowie\/#primaryimage"},"thumbnailUrl":"https:\/\/siemysli-ke.info\/wp-content\/uploads\/2015\/05\/DSC_0527A.jpg","datePublished":"2015-05-25T19:55:11+00:00","breadcrumb":{"@id":"https:\/\/siemysli-ke.info\/de\/auta-z-charakterem-w-chudowie\/#breadcrumb"},"inLanguage":"de","potentialAction":[{"@type":"ReadAction","target":[["https:\/\/siemysli-ke.info\/de\/auta-z-charakterem-w-chudowie\/"]]}]},{"@type":"ImageObject","inLanguage":"de","@id":"https:\/\/siemysli-ke.info\/de\/auta-z-charakterem-w-chudowie\/#primaryimage","url":"https:\/\/siemysli-ke.info\/wp-content\/uploads\/2015\/05\/DSC_0527A.jpg","contentUrl":"https:\/\/siemysli-ke.info\/wp-content\/uploads\/2015\/05\/DSC_0527A.jpg","width":702,"height":466},{"@type":"BreadcrumbList","@id":"https:\/\/siemysli-ke.info\/de\/auta-z-charakterem-w-chudowie\/#breadcrumb","itemListElement":[{"@type":"ListItem","position":1,"name":"Home","item":"https:\/\/siemysli-ke.info\/de\/"},{"@type":"ListItem","position":2,"name":"Auta z charakterem w Chudowie"}]},{"@type":"WebSite","@id":"https:\/\/siemysli-ke.info\/de\/#website","url":"https:\/\/siemysli-ke.info\/de\/","name":"SI\u0118 MY\u015aLI","description":"","publisher":{"@id":"https:\/\/siemysli-ke.info\/de\/#organization"},"potentialAction":[{"@type":"SearchAction","target":{"@type":"EntryPoint","urlTemplate":"https:\/\/siemysli-ke.info\/de\/?s={search_term_string}"},"query-input":{"@type":"PropertyValueSpecification","valueRequired":true,"valueName":"search_term_string"}}],"inLanguage":"de"},{"@type":"Organization","@id":"https:\/\/siemysli-ke.info\/de\/#organization","name":"SI\u0118 MY\u015aLI","url":"https:\/\/siemysli-ke.info\/de\/","logo":{"@type":"ImageObject","inLanguage":"de","@id":"https:\/\/siemysli-ke.info\/de\/#\/schema\/logo\/image\/","url":"https:\/\/siemysli-ke.info\/wp-content\/uploads\/2025\/05\/99.png","contentUrl":"https:\/\/siemysli-ke.info\/wp-content\/uploads\/2025\/05\/99.png","width":270,"height":204,"caption":"SI\u0118 MY\u015aLI"},"image":{"@id":"https:\/\/siemysli-ke.info\/de\/#\/schema\/logo\/image\/"}},{"@type":"Person","@id":"https:\/\/siemysli-ke.info\/#\/schema\/person\/75326687448d6abf738b156f56385210","name":"...","image":{"@type":"ImageObject","inLanguage":"de","@id":"https:\/\/siemysli-ke.info\/de\/#\/schema\/person\/image\/","url":"https:\/\/secure.gravatar.com\/avatar\/33a3c2559155e1b4add65cf88cafda785aeb920f44b97c7055b07866ab5b13c2?s=96&d=mm&r=g","contentUrl":"https:\/\/secure.gravatar.com\/avatar\/33a3c2559155e1b4add65cf88cafda785aeb920f44b97c7055b07866ab5b13c2?s=96&d=mm&r=g","caption":"..."},"url":"https:\/\/siemysli-ke.info\/de\/author\/lele\/"}]}},"_links":{"self":[{"href":"https:\/\/siemysli-ke.info\/de\/wp-json\/wp\/v2\/posts\/15884","targetHints":{"allow":["GET"]}}],"collection":[{"href":"https:\/\/siemysli-ke.info\/de\/wp-json\/wp\/v2\/posts"}],"about":[{"href":"https:\/\/siemysli-ke.info\/de\/wp-json\/wp\/v2\/types\/post"}],"author":[{"embeddable":true,"href":"https:\/\/siemysli-ke.info\/de\/wp-json\/wp\/v2\/users\/3"}],"replies":[{"embeddable":true,"href":"https:\/\/siemysli-ke.info\/de\/wp-json\/wp\/v2\/comments?post=15884"}],"version-history":[{"count":0,"href":"https:\/\/siemysli-ke.info\/de\/wp-json\/wp\/v2\/posts\/15884\/revisions"}],"wp:featuredmedia":[{"embeddable":true,"href":"https:\/\/siemysli-ke.info\/de\/wp-json\/wp\/v2\/media\/15885"}],"wp:attachment":[{"href":"https:\/\/siemysli-ke.info\/de\/wp-json\/wp\/v2\/media?parent=15884"}],"wp:term":[{"taxonomy":"category","embeddable":true,"href":"https:\/\/siemysli-ke.info\/de\/wp-json\/wp\/v2\/categories?post=15884"},{"taxonomy":"post_tag","embeddable":true,"href":"https:\/\/siemysli-ke.info\/de\/wp-json\/wp\/v2\/tags?post=15884"}],"curies":[{"name":"wp","href":"https:\/\/api.w.org\/{rel}","templated":true}]}}