 {"id":15876,"date":"2015-05-24T18:32:52","date_gmt":"2015-05-24T16:32:52","guid":{"rendered":"http:\/\/www.siemysli.info.ke\/?p=15876"},"modified":"2015-05-24T18:34:08","modified_gmt":"2015-05-24T16:34:08","slug":"etyka-niezalezna-wedlug-ericha-fromma-michela-onfraya-7","status":"publish","type":"post","link":"https:\/\/siemysli-ke.info\/de\/etyka-niezalezna-wedlug-ericha-fromma-michela-onfraya-7\/","title":{"rendered":"Etyka niezale\u017cna wed\u0142ug Ericha Fromma i Michela Onfray\u2019a (7)"},"content":{"rendered":"<p><a href=\"http:\/\/www.siemysli.info.ke\/wp-content\/uploads\/2015\/05\/Traktat....jpg\" rel=\"lightbox[15876]\"><img decoding=\"async\" class=\"alignleft size-medium wp-image-15877\" src=\"http:\/\/www.siemysli.info.ke\/wp-content\/uploads\/2015\/05\/Traktat...-206x300.jpg\" alt=\"Traktat...\" width=\"206\" height=\"300\" srcset=\"https:\/\/siemysli-ke.info\/wp-content\/uploads\/2015\/05\/Traktat...-206x300.jpg 206w, https:\/\/siemysli-ke.info\/wp-content\/uploads\/2015\/05\/Traktat....jpg 344w\" sizes=\"(max-width: 206px) 100vw, 206px\" \/><\/a><strong>2. Pochrze\u015bcija\u0144ska etyka laicka wed\u0142ug Michela Onfray\u2019a \u00a0 <\/strong><strong>\u00a0 \u00a0 \u00a0 \u00a0 \u00a0 \u00a0 \u00a0 \u00a0 \u00a0 \u00a0 \u00a0 \u00a0 \u00a0 \u00a0 \u00a0 \u00a0 \u00a0 \u00a0 \u00a0 \u00a0 \u00a0 \u00a0<\/strong><\/p>\n<p style=\"text-align: justify;\">Powt\u00f3rzmy s\u0142owami E. Fromma, \u017ce \u017cycie ludzkie jest sztuk\u0105 i wymaga od tw\u00f3rc\u00f3w jego sensu zastosowania w\u0142adzy rozumu. Tworzenie idea\u0142\u00f3w moralnych umo\u017cliwia ludziom docieranie do wzor\u00f3w egzystencjalnych. Nie musz\u0105 wtedy podejmowa\u0107 wysi\u0142ku znajdowania i budowania warto\u015bci co dzie\u0144. Ludzie, poddani stworzonemu przez przodk\u00f3w systemowi norm, lekcewa\u017c\u0105 rzeczywisto\u015b\u0107 i celebruj\u0105 wyobra\u017cenia o tych warto\u015bciach. Powszechn\u0105 moraln\u0105 fantazj\u0105 jest religia. Michel Onfray[1] m\u00f3wi, \u017ce \u201etrzy najwi\u0119ksze religie monoteistyczne o\u017cywia jednakowy pop\u0119d \u015bmierci\u201d[2], powodowany strachem cz\u0142owieka o utrat\u0119 \u017cycia. Opieraj\u0105c si\u0119 na przes\u0142aniu Epikura nt. naturalnego rytmu \u017cycia uwa\u017cam, \u017ce do stworzenia fikcyjnych za\u015bwiat\u00f3w zmusi\u0142a ludzi ich bezbronno\u015b\u0107 wobec w\u0142asnych l\u0119k\u00f3w, naiwno\u015b\u0107 w stosowaniu w\u0142asnych si\u0142, za\u015b przede wszystkim zach\u0142anno\u015b\u0107 wobec biologicznego \u017cycia. Fantazje na temat niezrozumianych tajemnic \u017cycia stanowi\u0105 kruszec do utrzymywania ukonstytuowanych przez cz\u0142owieka religii. Mimo, \u017ce Onfray nadmieni\u0142, i\u017c cho\u0107by religia chrze\u015bcija\u0144ska &#8211; odbieraj\u0105c mu \u017cycie &#8211; podporz\u0105dkowuje cz\u0142owieka nico\u015bci; my\u015bl\u0119, \u017ce fantazja tej natury by\u0142a rozumowi potrzebna. Dzi\u0119ki przes\u0142aniom religijnym cz\u0142owiek uzyskiwa\u0142 dost\u0119p do wielu warto\u015bci humanitarnych. Otrzymywa\u0142 wyobra\u017cenia, kt\u00f3re s\u0105 nadal cz\u0119\u015bci\u0105 zaspokojenia jego mniej lub bardziej naiwnych potrzeb. Niestety, z przes\u0142anek religijnych wynika\u0142o te\u017c \u015bwiadectwo w\u0142asnej niemocy oraz wskaz\u00f3wka do zape\u0142nienia \u015bwiata tworami w\u0142asnej religijnej fantazji.<\/p>\n<p style=\"text-align: justify;\">Religijne przepisy nie nauczaj\u0105 szacunku do wolnego cz\u0142owieka, nie wspieraj\u0105 rozwoju jego mo\u017cliwo\u015bci. Jedynie ludzie pos\u0142uszni danej religii, staj\u0105 si\u0119 lud\u017ami godnymi miana szacunku w gronie jej wyznawc\u00f3w. Nie ryzykuj\u0105, trafiaj\u0105c na fikcyjny \u015bwiat fantazji, roz\u0142o\u017cony poza \u017cyciem. Pr\u00f3buj\u0105 podlega\u0107 w\u0142adzy wyobra\u017conych opiekun\u00f3w i zorganizowanych stowarzysze\u0144 religijnych, nie uznaj\u0105c lub arbitralnie odrzucaj\u0105c rozkosze rado\u015bci \u017cycia. S\u0105 niepokorni wobec \u017cyciowych reali\u00f3w. Niepok\u00f3j, jaki przynosz\u0105 im w\u0142asne l\u0119ki wobec rzeczywisto\u015bci (w tym lenistwo wobec spotykanych problem\u00f3w \u017cycia), jest spowodowany ci\u0119\u017carem przenoszonych przez pokolenia religijnych fikcji. Niepokorni nie chc\u0105 zrozumie\u0107 rzeczywisto\u015bci, by cieszy\u0107 si\u0119 \u017cyciem. Egzystuj\u0105c w nierealnym \u015bwiecie, niczym w masce rzeczywisto\u015bci, mog\u0105 czu\u0107 si\u0119 zagubieni, cho\u0107 wypoczynek od niepewno\u015bci daje im wsp\u00f3lne uprawianie tradycyjnych fantazji. Podobnie, filozofia akademicka wyprowadza student\u00f3w na \u015bwiat ludzkich pomys\u0142\u00f3w i ich tendencyjnych rozwi\u0105za\u0144. Przypomina ona po cz\u0119\u015bci ga\u0142\u0105\u017a, poddan\u0105 rygorom ciemno\u015bci i w\u0105tpliwo\u015bci. Konformistyczne idee, utkane w historii przez ludzi, s\u0105 jednak podane w jasnej formie, by utrzymywa\u0107 porz\u0105dek w spo\u0142ecze\u0144stwie. Poznaj\u0105c je, jednostka zostaje zmuszona przede wszystkim do zrozumienia ich przedstawie\u0144. Poczynaj\u0105c jednak badania w stosunku do nich &#8211; cz\u0142owiek nie powinien zamyka\u0107 filozoficznych teorii, dyskurs\u00f3w, idea\u0142\u00f3w w swojej wyobra\u017ani, urozmaiconej podobnymi. Wed\u0142ug Onfraya \u201ejedyna filozofia godna tego miana (i naszej uwagi) to racjonalna praktyka egzystencjalna &#8211; nie tylko &#8211; praca nad sob\u0105 &#8211; ale tym samym &#8211; kszta\u0142towanie relacji ze \u015bwiatem.\u201d[3] Filozofia jako taka, przybiera form\u0119 etycznego dzia\u0142ania. U\u017cywanie rozumu do \u017cycia ma si\u0119 sta\u0107 nie tylko zwyczajem cz\u0142owieka, ale te\u017c obyczajem wsp\u00f3lnoty, kt\u00f3r\u0105 tworz\u0105 ludzie.<\/p>\n<p style=\"text-align: justify;\">Filozofia, jak\u0105 postuluje Onfray, zarazem laicka etyka, jest radykalnym hedonizmem; sztuk\u0105 i nauk\u0105 rozkoszowania si\u0119 sob\u0105 oraz innymi.<\/p>\n<p style=\"text-align: justify;\">Onfray w swoich dzie\u0142ach badawczych stara si\u0119 ukaza\u0107 nam donios\u0142o\u015b\u0107 prac my\u015blicieli, kt\u00f3rych pomijaj\u0105 autorzy podr\u0119cznik\u00f3w historii filozofii. Chce ocali\u0107 ich m\u0105dro\u015b\u0107 i pokaza\u0107, \u017ce nie on pierwszy pragnie przywr\u00f3ci\u0107 cz\u0142owiekowi w\u0142asn\u0105 wol\u0119 i zdolno\u015b\u0107 panowania nad sob\u0105. U\u015bwiadamia nam, \u017ce cz\u0142owiek pozostaje niewolnikiem w\u0142asnych l\u0119k\u00f3w, wci\u0105\u017c uciekaj\u0105c od nich na fali irracjonalnych fikcji. Podczas, gdy wzrasta fundamentalizm religijny &#8211; najbardziej widoczny to chrze\u015bcija\u0144ski, \u017cydowski i muzu\u0142ma\u0144ski &#8211; cz\u0142owiek nadal \u017cyje mi\u0119dzy dwoma \u015bwiatami: \u201ereligijnym, kt\u00f3ry ju\u017c umar\u0142, a poreligijnym, kt\u00f3ry dopiero zaczyna si\u0119 kszta\u0142towa\u0107.\u201d[4] Chocia\u017c nadal nasze wyobra\u017cenia o elementach \u017cycia, takich jak: szcz\u0119\u015bcie, prawo\u015b\u0107, pos\u0142usze\u0144stwo, \u0142ad spo\u0142eczny czy seksualno\u015b\u0107 maj\u0105 charakter religijny; Onfray zapowiada w naszej dziwnej, przej\u015bciowej epoce, zwyci\u0119stwo racjonalizmu, sceptycyzmu i pogodnego hedonizmu. Kiedy wci\u0105\u017c wyobra\u017cenia \u201eo prawdzie\u201d przes\u0142aniaj\u0105 ludziom oczy, do badania \u015bwiata religii Onfray zabra\u0142 si\u0119 z punktu widzenia historycyzmu. Zbada\u0142 religi\u0119 obiektywnie, jako cz\u0119\u015b\u0107 porz\u0105dku spo\u0142ecznego. I zaznaczy\u0142, do jakich konflikt\u00f3w prowadzi podporz\u0105dkowanie si\u0119 cz\u0142owieka jej zasadom. Do konflikt\u00f3w wewn\u0119trznych w odbieraniu sobie \u017cycia, przez uwewn\u0119trznianie presji. Tak\u017ce do konflikt\u00f3w wsp\u00f3lnotowych mi\u0119dzy wyznawcami r\u00f3\u017cnych kodeks\u00f3w religijnych. Te ostatnie nak\u0142aniaj\u0105 cz\u0142owieka do stosowania z\u0142a, w tym przemocy i okrucie\u0144stwa wobec drugiego cz\u0142owieka. Porozumienie mi\u0119dzy dowolnymi lud\u017ami powstanie dopiero wtedy, gdy zaczn\u0105 oni u\u017cywa\u0107 rozumu. Jak pami\u0119tamy, jest to istot\u0105 rozwi\u0105zywania konflikt\u00f3w tak\u017ce w etyce niezale\u017cnej T. Kotarbi\u0144skiego. <strong>(cdn.) <\/strong><\/p>\n<p>&nbsp;<\/p>\n<p style=\"text-align: right;\"><strong>Ala Baster<\/strong><\/p>\n<p>&nbsp;<\/p>\n<p><strong>Przypisy<\/strong>:<\/p>\n<p style=\"text-align: justify;\">[1] Michel Onfray (ur. 1959), francuski filozof, za\u0142o\u017cyciel Universite Populaire de Cean, autor ponad trzydziestu ksi\u0105\u017cek, w kt\u00f3rych rozwijaj\u0105c my\u015bl Epikura, Freuda i Nietzschego, formu\u0142uje projekt hedonistycznej etyki (<em>La sculpture de soi <\/em>\u2013 1993), polityki (<em>Politique du rebelle <\/em>&#8211; 1997), erotyki (<em>Theorie du cors amoureux <\/em>-2000), pedagogiki (<em>L\u2019antimanuel de philosophie<\/em> \u2013 2001), epistemologii (<em>Feerie anatomiques<\/em> \u2013 2003) i estetyki (<em>Archeologie du present <\/em>-2003).<\/p>\n<p style=\"text-align: justify;\">[2] Michel Onfray, <em>Traktat ateologiczny, <\/em>PIW, Warszawa 2008, rewers ok\u0142adki.<\/p>\n<p style=\"text-align: justify;\">[3] Tam\u017ce, s. 9.<\/p>\n<p style=\"text-align: justify;\">[4] Tam\u017ce, s. 13.<\/p>\n","protected":false},"excerpt":{"rendered":"<p>2. Pochrze\u015bcija\u0144ska etyka laicka wed\u0142ug Michela Onfray\u2019a \u00a0 \u00a0 \u00a0 \u00a0 \u00a0 \u00a0 \u00a0 \u00a0 \u00a0 \u00a0 \u00a0 \u00a0 \u00a0<\/p>\n","protected":false},"author":3,"featured_media":15877,"comment_status":"open","ping_status":"open","sticky":false,"template":"","format":"standard","meta":{"colormag_page_layout":"default_layout","footnotes":""},"categories":[4],"tags":[1933,1926,2586,1179,2587],"class_list":["post-15876","post","type-post","status-publish","format-standard","has-post-thumbnail","hentry","category-nauka","tag-ala-baster","tag-erich-fromm","tag-fantazje-religijne","tag-michel-onfray","tag-pochrzescijanska-etyka-laicka"],"yoast_head":"<!-- This site is optimized with the Yoast SEO plugin v25.1 - https:\/\/yoast.com\/wordpress\/plugins\/seo\/ -->\n<title>Etyka niezale\u017cna wed\u0142ug Ericha Fromma i Michela Onfray\u2019a (7) - SI\u0118 MY\u015aLI<\/title>\n<meta name=\"robots\" content=\"index, follow, max-snippet:-1, max-image-preview:large, max-video-preview:-1\" \/>\n<link rel=\"canonical\" href=\"https:\/\/siemysli-ke.info\/de\/etyka-niezalezna-wedlug-ericha-fromma-michela-onfraya-7\/\" \/>\n<meta property=\"og:locale\" content=\"de_DE\" \/>\n<meta property=\"og:type\" content=\"article\" \/>\n<meta property=\"og:title\" content=\"Etyka niezale\u017cna wed\u0142ug Ericha Fromma i Michela Onfray\u2019a (7) - SI\u0118 MY\u015aLI\" \/>\n<meta property=\"og:description\" content=\"2. Pochrze\u015bcija\u0144ska etyka laicka wed\u0142ug Michela Onfray\u2019a \u00a0 \u00a0 \u00a0 \u00a0 \u00a0 \u00a0 \u00a0 \u00a0 \u00a0 \u00a0 \u00a0 \u00a0 \u00a0\" \/>\n<meta property=\"og:url\" content=\"https:\/\/siemysli-ke.info\/de\/etyka-niezalezna-wedlug-ericha-fromma-michela-onfraya-7\/\" \/>\n<meta property=\"og:site_name\" content=\"SI\u0118 MY\u015aLI\" \/>\n<meta property=\"article:published_time\" content=\"2015-05-24T16:32:52+00:00\" \/>\n<meta property=\"article:modified_time\" content=\"2015-05-24T16:34:08+00:00\" \/>\n<meta property=\"og:image\" content=\"https:\/\/siemysli-ke.info\/wp-content\/uploads\/2015\/05\/Traktat....jpg\" \/>\n\t<meta property=\"og:image:width\" content=\"344\" \/>\n\t<meta property=\"og:image:height\" content=\"500\" \/>\n\t<meta property=\"og:image:type\" content=\"image\/jpeg\" \/>\n<meta name=\"author\" content=\"...\" \/>\n<meta name=\"twitter:label1\" content=\"Verfasst von\" \/>\n\t<meta name=\"twitter:data1\" content=\"...\" \/>\n\t<meta name=\"twitter:label2\" content=\"Gesch\u00e4tzte Lesezeit\" \/>\n\t<meta name=\"twitter:data2\" content=\"5\u00a0Minuten\" \/>\n<script type=\"application\/ld+json\" class=\"yoast-schema-graph\">{\"@context\":\"https:\/\/schema.org\",\"@graph\":[{\"@type\":\"Article\",\"@id\":\"https:\/\/siemysli-ke.info\/de\/etyka-niezalezna-wedlug-ericha-fromma-michela-onfraya-7\/#article\",\"isPartOf\":{\"@id\":\"https:\/\/siemysli-ke.info\/de\/etyka-niezalezna-wedlug-ericha-fromma-michela-onfraya-7\/\"},\"author\":{\"name\":\"...\",\"@id\":\"https:\/\/siemysli-ke.info\/#\/schema\/person\/75326687448d6abf738b156f56385210\"},\"headline\":\"Etyka niezale\u017cna wed\u0142ug Ericha Fromma i Michela Onfray\u2019a (7)\",\"datePublished\":\"2015-05-24T16:32:52+00:00\",\"dateModified\":\"2015-05-24T16:34:08+00:00\",\"mainEntityOfPage\":{\"@id\":\"https:\/\/siemysli-ke.info\/de\/etyka-niezalezna-wedlug-ericha-fromma-michela-onfraya-7\/\"},\"wordCount\":932,\"commentCount\":0,\"publisher\":{\"@id\":\"https:\/\/siemysli-ke.info\/#organization\"},\"image\":{\"@id\":\"https:\/\/siemysli-ke.info\/de\/etyka-niezalezna-wedlug-ericha-fromma-michela-onfraya-7\/#primaryimage\"},\"thumbnailUrl\":\"https:\/\/siemysli-ke.info\/wp-content\/uploads\/2015\/05\/Traktat....jpg\",\"keywords\":[\"Ala Baster\",\"Erich Fromm\",\"fantazje religijne\",\"Michel Onfray\",\"pochrze\u015bcija\u0144ska etyka laicka\"],\"articleSection\":[\"Nauka\"],\"inLanguage\":\"de\",\"potentialAction\":[{\"@type\":\"CommentAction\",\"name\":\"Comment\",\"target\":[\"https:\/\/siemysli-ke.info\/de\/etyka-niezalezna-wedlug-ericha-fromma-michela-onfraya-7\/#respond\"]}]},{\"@type\":\"WebPage\",\"@id\":\"https:\/\/siemysli-ke.info\/de\/etyka-niezalezna-wedlug-ericha-fromma-michela-onfraya-7\/\",\"url\":\"https:\/\/siemysli-ke.info\/de\/etyka-niezalezna-wedlug-ericha-fromma-michela-onfraya-7\/\",\"name\":\"Etyka niezale\u017cna wed\u0142ug Ericha Fromma i Michela Onfray\u2019a (7) - SI\u0118 MY\u015aLI\",\"isPartOf\":{\"@id\":\"https:\/\/siemysli-ke.info\/de\/#website\"},\"primaryImageOfPage\":{\"@id\":\"https:\/\/siemysli-ke.info\/de\/etyka-niezalezna-wedlug-ericha-fromma-michela-onfraya-7\/#primaryimage\"},\"image\":{\"@id\":\"https:\/\/siemysli-ke.info\/de\/etyka-niezalezna-wedlug-ericha-fromma-michela-onfraya-7\/#primaryimage\"},\"thumbnailUrl\":\"https:\/\/siemysli-ke.info\/wp-content\/uploads\/2015\/05\/Traktat....jpg\",\"datePublished\":\"2015-05-24T16:32:52+00:00\",\"dateModified\":\"2015-05-24T16:34:08+00:00\",\"breadcrumb\":{\"@id\":\"https:\/\/siemysli-ke.info\/de\/etyka-niezalezna-wedlug-ericha-fromma-michela-onfraya-7\/#breadcrumb\"},\"inLanguage\":\"de\",\"potentialAction\":[{\"@type\":\"ReadAction\",\"target\":[[\"https:\/\/siemysli-ke.info\/de\/etyka-niezalezna-wedlug-ericha-fromma-michela-onfraya-7\/\"]]}]},{\"@type\":\"ImageObject\",\"inLanguage\":\"de\",\"@id\":\"https:\/\/siemysli-ke.info\/de\/etyka-niezalezna-wedlug-ericha-fromma-michela-onfraya-7\/#primaryimage\",\"url\":\"https:\/\/siemysli-ke.info\/wp-content\/uploads\/2015\/05\/Traktat....jpg\",\"contentUrl\":\"https:\/\/siemysli-ke.info\/wp-content\/uploads\/2015\/05\/Traktat....jpg\",\"width\":344,\"height\":500},{\"@type\":\"BreadcrumbList\",\"@id\":\"https:\/\/siemysli-ke.info\/de\/etyka-niezalezna-wedlug-ericha-fromma-michela-onfraya-7\/#breadcrumb\",\"itemListElement\":[{\"@type\":\"ListItem\",\"position\":1,\"name\":\"Home\",\"item\":\"https:\/\/siemysli-ke.info\/de\/\"},{\"@type\":\"ListItem\",\"position\":2,\"name\":\"Etyka niezale\u017cna wed\u0142ug Ericha Fromma i Michela Onfray\u2019a (7)\"}]},{\"@type\":\"WebSite\",\"@id\":\"https:\/\/siemysli-ke.info\/de\/#website\",\"url\":\"https:\/\/siemysli-ke.info\/de\/\",\"name\":\"SI\u0118 MY\u015aLI\",\"description\":\"\",\"publisher\":{\"@id\":\"https:\/\/siemysli-ke.info\/de\/#organization\"},\"potentialAction\":[{\"@type\":\"SearchAction\",\"target\":{\"@type\":\"EntryPoint\",\"urlTemplate\":\"https:\/\/siemysli-ke.info\/de\/?s={search_term_string}\"},\"query-input\":{\"@type\":\"PropertyValueSpecification\",\"valueRequired\":true,\"valueName\":\"search_term_string\"}}],\"inLanguage\":\"de\"},{\"@type\":\"Organization\",\"@id\":\"https:\/\/siemysli-ke.info\/de\/#organization\",\"name\":\"SI\u0118 MY\u015aLI\",\"url\":\"https:\/\/siemysli-ke.info\/de\/\",\"logo\":{\"@type\":\"ImageObject\",\"inLanguage\":\"de\",\"@id\":\"https:\/\/siemysli-ke.info\/de\/#\/schema\/logo\/image\/\",\"url\":\"https:\/\/siemysli-ke.info\/wp-content\/uploads\/2025\/05\/99.png\",\"contentUrl\":\"https:\/\/siemysli-ke.info\/wp-content\/uploads\/2025\/05\/99.png\",\"width\":270,\"height\":204,\"caption\":\"SI\u0118 MY\u015aLI\"},\"image\":{\"@id\":\"https:\/\/siemysli-ke.info\/de\/#\/schema\/logo\/image\/\"}},{\"@type\":\"Person\",\"@id\":\"https:\/\/siemysli-ke.info\/#\/schema\/person\/75326687448d6abf738b156f56385210\",\"name\":\"...\",\"image\":{\"@type\":\"ImageObject\",\"inLanguage\":\"de\",\"@id\":\"https:\/\/siemysli-ke.info\/de\/#\/schema\/person\/image\/\",\"url\":\"https:\/\/secure.gravatar.com\/avatar\/33a3c2559155e1b4add65cf88cafda785aeb920f44b97c7055b07866ab5b13c2?s=96&d=mm&r=g\",\"contentUrl\":\"https:\/\/secure.gravatar.com\/avatar\/33a3c2559155e1b4add65cf88cafda785aeb920f44b97c7055b07866ab5b13c2?s=96&d=mm&r=g\",\"caption\":\"...\"},\"url\":\"https:\/\/siemysli-ke.info\/de\/author\/lele\/\"}]}<\/script>\n<!-- \/ Yoast SEO plugin. -->","yoast_head_json":{"title":"Etyka niezale\u017cna wed\u0142ug Ericha Fromma i Michela Onfray\u2019a (7) - SI\u0118 MY\u015aLI","robots":{"index":"index","follow":"follow","max-snippet":"max-snippet:-1","max-image-preview":"max-image-preview:large","max-video-preview":"max-video-preview:-1"},"canonical":"https:\/\/siemysli-ke.info\/de\/etyka-niezalezna-wedlug-ericha-fromma-michela-onfraya-7\/","og_locale":"de_DE","og_type":"article","og_title":"Etyka niezale\u017cna wed\u0142ug Ericha Fromma i Michela Onfray\u2019a (7) - SI\u0118 MY\u015aLI","og_description":"2. Pochrze\u015bcija\u0144ska etyka laicka wed\u0142ug Michela Onfray\u2019a \u00a0 \u00a0 \u00a0 \u00a0 \u00a0 \u00a0 \u00a0 \u00a0 \u00a0 \u00a0 \u00a0 \u00a0 \u00a0","og_url":"https:\/\/siemysli-ke.info\/de\/etyka-niezalezna-wedlug-ericha-fromma-michela-onfraya-7\/","og_site_name":"SI\u0118 MY\u015aLI","article_published_time":"2015-05-24T16:32:52+00:00","article_modified_time":"2015-05-24T16:34:08+00:00","og_image":[{"width":344,"height":500,"url":"https:\/\/siemysli-ke.info\/wp-content\/uploads\/2015\/05\/Traktat....jpg","type":"image\/jpeg"}],"author":"...","twitter_misc":{"Verfasst von":"...","Gesch\u00e4tzte Lesezeit":"5\u00a0Minuten"},"schema":{"@context":"https:\/\/schema.org","@graph":[{"@type":"Article","@id":"https:\/\/siemysli-ke.info\/de\/etyka-niezalezna-wedlug-ericha-fromma-michela-onfraya-7\/#article","isPartOf":{"@id":"https:\/\/siemysli-ke.info\/de\/etyka-niezalezna-wedlug-ericha-fromma-michela-onfraya-7\/"},"author":{"name":"...","@id":"https:\/\/siemysli-ke.info\/#\/schema\/person\/75326687448d6abf738b156f56385210"},"headline":"Etyka niezale\u017cna wed\u0142ug Ericha Fromma i Michela Onfray\u2019a (7)","datePublished":"2015-05-24T16:32:52+00:00","dateModified":"2015-05-24T16:34:08+00:00","mainEntityOfPage":{"@id":"https:\/\/siemysli-ke.info\/de\/etyka-niezalezna-wedlug-ericha-fromma-michela-onfraya-7\/"},"wordCount":932,"commentCount":0,"publisher":{"@id":"https:\/\/siemysli-ke.info\/#organization"},"image":{"@id":"https:\/\/siemysli-ke.info\/de\/etyka-niezalezna-wedlug-ericha-fromma-michela-onfraya-7\/#primaryimage"},"thumbnailUrl":"https:\/\/siemysli-ke.info\/wp-content\/uploads\/2015\/05\/Traktat....jpg","keywords":["Ala Baster","Erich Fromm","fantazje religijne","Michel Onfray","pochrze\u015bcija\u0144ska etyka laicka"],"articleSection":["Nauka"],"inLanguage":"de","potentialAction":[{"@type":"CommentAction","name":"Comment","target":["https:\/\/siemysli-ke.info\/de\/etyka-niezalezna-wedlug-ericha-fromma-michela-onfraya-7\/#respond"]}]},{"@type":"WebPage","@id":"https:\/\/siemysli-ke.info\/de\/etyka-niezalezna-wedlug-ericha-fromma-michela-onfraya-7\/","url":"https:\/\/siemysli-ke.info\/de\/etyka-niezalezna-wedlug-ericha-fromma-michela-onfraya-7\/","name":"Etyka niezale\u017cna wed\u0142ug Ericha Fromma i Michela Onfray\u2019a (7) - SI\u0118 MY\u015aLI","isPartOf":{"@id":"https:\/\/siemysli-ke.info\/de\/#website"},"primaryImageOfPage":{"@id":"https:\/\/siemysli-ke.info\/de\/etyka-niezalezna-wedlug-ericha-fromma-michela-onfraya-7\/#primaryimage"},"image":{"@id":"https:\/\/siemysli-ke.info\/de\/etyka-niezalezna-wedlug-ericha-fromma-michela-onfraya-7\/#primaryimage"},"thumbnailUrl":"https:\/\/siemysli-ke.info\/wp-content\/uploads\/2015\/05\/Traktat....jpg","datePublished":"2015-05-24T16:32:52+00:00","dateModified":"2015-05-24T16:34:08+00:00","breadcrumb":{"@id":"https:\/\/siemysli-ke.info\/de\/etyka-niezalezna-wedlug-ericha-fromma-michela-onfraya-7\/#breadcrumb"},"inLanguage":"de","potentialAction":[{"@type":"ReadAction","target":[["https:\/\/siemysli-ke.info\/de\/etyka-niezalezna-wedlug-ericha-fromma-michela-onfraya-7\/"]]}]},{"@type":"ImageObject","inLanguage":"de","@id":"https:\/\/siemysli-ke.info\/de\/etyka-niezalezna-wedlug-ericha-fromma-michela-onfraya-7\/#primaryimage","url":"https:\/\/siemysli-ke.info\/wp-content\/uploads\/2015\/05\/Traktat....jpg","contentUrl":"https:\/\/siemysli-ke.info\/wp-content\/uploads\/2015\/05\/Traktat....jpg","width":344,"height":500},{"@type":"BreadcrumbList","@id":"https:\/\/siemysli-ke.info\/de\/etyka-niezalezna-wedlug-ericha-fromma-michela-onfraya-7\/#breadcrumb","itemListElement":[{"@type":"ListItem","position":1,"name":"Home","item":"https:\/\/siemysli-ke.info\/de\/"},{"@type":"ListItem","position":2,"name":"Etyka niezale\u017cna wed\u0142ug Ericha Fromma i Michela Onfray\u2019a (7)"}]},{"@type":"WebSite","@id":"https:\/\/siemysli-ke.info\/de\/#website","url":"https:\/\/siemysli-ke.info\/de\/","name":"SI\u0118 MY\u015aLI","description":"","publisher":{"@id":"https:\/\/siemysli-ke.info\/de\/#organization"},"potentialAction":[{"@type":"SearchAction","target":{"@type":"EntryPoint","urlTemplate":"https:\/\/siemysli-ke.info\/de\/?s={search_term_string}"},"query-input":{"@type":"PropertyValueSpecification","valueRequired":true,"valueName":"search_term_string"}}],"inLanguage":"de"},{"@type":"Organization","@id":"https:\/\/siemysli-ke.info\/de\/#organization","name":"SI\u0118 MY\u015aLI","url":"https:\/\/siemysli-ke.info\/de\/","logo":{"@type":"ImageObject","inLanguage":"de","@id":"https:\/\/siemysli-ke.info\/de\/#\/schema\/logo\/image\/","url":"https:\/\/siemysli-ke.info\/wp-content\/uploads\/2025\/05\/99.png","contentUrl":"https:\/\/siemysli-ke.info\/wp-content\/uploads\/2025\/05\/99.png","width":270,"height":204,"caption":"SI\u0118 MY\u015aLI"},"image":{"@id":"https:\/\/siemysli-ke.info\/de\/#\/schema\/logo\/image\/"}},{"@type":"Person","@id":"https:\/\/siemysli-ke.info\/#\/schema\/person\/75326687448d6abf738b156f56385210","name":"...","image":{"@type":"ImageObject","inLanguage":"de","@id":"https:\/\/siemysli-ke.info\/de\/#\/schema\/person\/image\/","url":"https:\/\/secure.gravatar.com\/avatar\/33a3c2559155e1b4add65cf88cafda785aeb920f44b97c7055b07866ab5b13c2?s=96&d=mm&r=g","contentUrl":"https:\/\/secure.gravatar.com\/avatar\/33a3c2559155e1b4add65cf88cafda785aeb920f44b97c7055b07866ab5b13c2?s=96&d=mm&r=g","caption":"..."},"url":"https:\/\/siemysli-ke.info\/de\/author\/lele\/"}]}},"_links":{"self":[{"href":"https:\/\/siemysli-ke.info\/de\/wp-json\/wp\/v2\/posts\/15876","targetHints":{"allow":["GET"]}}],"collection":[{"href":"https:\/\/siemysli-ke.info\/de\/wp-json\/wp\/v2\/posts"}],"about":[{"href":"https:\/\/siemysli-ke.info\/de\/wp-json\/wp\/v2\/types\/post"}],"author":[{"embeddable":true,"href":"https:\/\/siemysli-ke.info\/de\/wp-json\/wp\/v2\/users\/3"}],"replies":[{"embeddable":true,"href":"https:\/\/siemysli-ke.info\/de\/wp-json\/wp\/v2\/comments?post=15876"}],"version-history":[{"count":0,"href":"https:\/\/siemysli-ke.info\/de\/wp-json\/wp\/v2\/posts\/15876\/revisions"}],"wp:featuredmedia":[{"embeddable":true,"href":"https:\/\/siemysli-ke.info\/de\/wp-json\/wp\/v2\/media\/15877"}],"wp:attachment":[{"href":"https:\/\/siemysli-ke.info\/de\/wp-json\/wp\/v2\/media?parent=15876"}],"wp:term":[{"taxonomy":"category","embeddable":true,"href":"https:\/\/siemysli-ke.info\/de\/wp-json\/wp\/v2\/categories?post=15876"},{"taxonomy":"post_tag","embeddable":true,"href":"https:\/\/siemysli-ke.info\/de\/wp-json\/wp\/v2\/tags?post=15876"}],"curies":[{"name":"wp","href":"https:\/\/api.w.org\/{rel}","templated":true}]}}