 {"id":15793,"date":"2015-05-10T02:58:06","date_gmt":"2015-05-10T00:58:06","guid":{"rendered":"http:\/\/www.siemysli.info.ke\/?p=15793"},"modified":"2015-05-10T03:02:43","modified_gmt":"2015-05-10T01:02:43","slug":"strajk-w-bielskim-sp-zoz","status":"publish","type":"post","link":"https:\/\/siemysli-ke.info\/de\/strajk-w-bielskim-sp-zoz\/","title":{"rendered":"Strajk w bielskim SP ZOZ"},"content":{"rendered":"<p style=\"text-align: justify;\"><img decoding=\"async\" class=\"alignleft size-medium wp-image-15794\" src=\"http:\/\/www.siemysli.info.ke\/wp-content\/uploads\/2015\/05\/STRAJK-ZZPLPiU-i-ZSP-PSZ-250x300.jpg\" alt=\"STRAJK ZZPLPiU i ZSP-PSZ\" width=\"250\" height=\"300\" srcset=\"https:\/\/siemysli-ke.info\/wp-content\/uploads\/2015\/05\/STRAJK-ZZPLPiU-i-ZSP-PSZ-250x300.jpg 250w, https:\/\/siemysli-ke.info\/wp-content\/uploads\/2015\/05\/STRAJK-ZZPLPiU-i-ZSP-PSZ.jpg 661w\" sizes=\"(max-width: 250px) 100vw, 250px\" \/><strong>Pracownicy <\/strong><strong>\u201ePsychiatryka<\/strong><strong>\u201d w Bielsku-Bia<\/strong><strong>\u0142ej maj<\/strong><strong>\u0105 do<\/strong><strong>\u015b\u0107!<\/strong><\/p>\n<p style=\"text-align: justify;\"><strong>Przyst<\/strong><strong>\u0119<\/strong><strong>puj<\/strong><strong>\u0105<\/strong><strong> do akcji strajkowej!<\/strong><strong>\u00a0<\/strong><\/p>\n<p style=\"text-align: justify;\"><strong>Pracownicy Specjalistycznego Psychiatrycznego Zespo<\/strong><strong>\u0142<\/strong><strong>u Opieki Zdrowotnej w Bielsku-Bia<\/strong><strong>\u0142<\/strong><strong>ej wobec pogarszaj<\/strong><strong>\u0105<\/strong><strong>cej si<\/strong><strong>\u0119<\/strong><strong> dramatycznie sytuacji materialnej pracownik<\/strong><strong>\u00f3<\/strong><strong>w SP ZOZ<\/strong><strong> &#8211;<\/strong><strong> s<\/strong><strong>\u0105<\/strong><strong> zmuszeni do przeprowadzenia akcji strajkowej. <\/strong><\/p>\n<p style=\"text-align: justify;\"><strong>Pracownicy SP ZOZ maj<\/strong><strong>\u0105<\/strong><strong> ju<\/strong><strong>\u017c<\/strong><strong> do<\/strong><strong>\u015b\u0107<\/strong><strong> ci<\/strong><strong>\u0105<\/strong><strong>g<\/strong><strong>\u0142<\/strong><strong>ego zas<\/strong><strong>\u0142<\/strong><strong>aniania si<\/strong><strong>\u0119<\/strong><strong> przez Dyrekcj<\/strong><strong>\u0119<\/strong><strong> i Starostwo brakiem pieni<\/strong><strong>\u0119<\/strong><strong>dzy! Maj<\/strong><strong>\u0105<\/strong><strong> do<\/strong><strong>\u015b\u0107<\/strong><strong> fatalnej polityki kadrowej<\/strong><strong>,<\/strong><strong> powoduj<\/strong><strong>\u0105<\/strong><strong>cej rozrost administracji! Maj<\/strong><strong>\u0105<\/strong><strong> do<\/strong><strong>\u015b\u0107<\/strong><strong> udawania, <\/strong><strong>\u017c<\/strong><strong>e SP ZOZ zmierza w dobrym kierunku!<\/strong><\/p>\n<p style=\"text-align: justify;\">Motorem protestu jest <strong>Zwi<\/strong><strong>\u0105<\/strong><strong>zek Zawodowy Pracownik<\/strong><strong>\u00f3<\/strong><strong>w Lecznictwa Psychiatrycznego i Uzale<\/strong><strong>\u017c<\/strong><strong>nie<\/strong><strong>\u0144<\/strong>, powo\u0142any z inicjatywy <strong>Zwi<\/strong><strong>\u0105<\/strong><strong>zku Syndykalist<\/strong><strong>\u00f3<\/strong><strong>w Polski <\/strong><strong>\u2013<\/strong><strong> Pracownik<\/strong><strong>\u00f3<\/strong><strong>w S<\/strong><strong>\u0142<\/strong><strong>u<\/strong><strong>\u017c<\/strong><strong>by Zdrowia<\/strong>.<\/p>\n<p style=\"text-align: justify;\">Akcja strajkowa b\u0119dzie polega\u0142a na nie wykonywaniu swoich obowi\u0105zk\u00f3w przez pracownik\u00f3w wszystkich dzia\u0142\u00f3w przez 2 godziny (mi\u0119dzy 9:00 a 11:00) w dniu 12. maja 2015 r. Nast\u0119pnie w godzinach mi\u0119dzy 11:00 a 13:00 obok Starostwa Powiatowego w Bielsku-Bia\u0142ej odb\u0119dzie si\u0119 pikieta solidarno\u015bciowa pracownik\u00f3w, kt\u00f3rzy maj\u0105 w tym dniu wolne oraz pracownik\u00f3w bielskiego Szpitala Pediatrycznego.<\/p>\n<p style=\"text-align: justify;\">Pracownicy SP ZOZ wobec pogarszaj\u0105cej si\u0119 dramatycznie sytuacji materialnej pracownik\u00f3w Specjalistycznego Psychiatrycznego Zespo\u0142u Opieki Zdrowotnej s\u0105 zmuszeni do przeprowadzenia akcji strajkowej. <strong>Ich postulaty p<\/strong><strong>\u0142<\/strong><strong>acowe nie s<\/strong><strong>\u0105<\/strong><strong> spe<\/strong><strong>\u0142<\/strong><strong>niane od 8 lat<\/strong><strong>,<\/strong><strong>b<\/strong><strong>o tyle w<\/strong><strong>\u0142<\/strong><strong>a<\/strong><strong>\u015b<\/strong><strong>nie trwa sp<\/strong><strong>\u00f3<\/strong><strong>r zbiorowy<\/strong><strong>!<\/strong><\/p>\n<p style=\"text-align: justify;\">Do tej pory bardzo \u0142agodne artyku\u0142owali swoje postulaty &#8211; pisali pisma, rozmawiali. Ale, jak si\u0119 okaza\u0142o, to wszystko na nic &#8211; przez lata byli zbywani. Tym niemniej czara goryczy w\u0142a\u015bnie si\u0119 przebra\u0142a. Maj\u0105 ju\u017c tego do\u015b\u0107 i postanowili wyartyku\u0142owa\u0107 swoje \u017c\u0105dania w formie strajku. Ich pensje od wielu lat stoj\u0105 w miejscu. Ma\u0142o tego, na skutek nam\u00f3w Dyrekcji poszli jej na r\u0119k\u0119 i zrezygnowali z 13. pensji. Dyrekcja t\u0142umaczy\u0142a ten krok tragiczn\u0105 sytuacj\u0105 finansow\u0105 SP ZOZ.<\/p>\n<p style=\"text-align: justify;\">Przez lata nast\u0119powa\u0142y kolejne etapy realizacji <em>Ustawy o rozwi<\/em><em>\u0105<\/em><em>zywaniu spor<\/em><em>\u00f3<\/em><em>w zbiorowych<\/em>, jednak \u017caden z nich nie spowodowa\u0142 wypracowania porozumienia mi\u0119dzy pracownikami a Dyrekcj\u0105.<\/p>\n<p style=\"text-align: justify;\">Obok niezadowolenia poziomem wynagrodzenia nale\u017cy doda\u0107 r\u00f3wnie\u017c tragiczne warunki pracy, zw\u0142aszcza na oddziale ca\u0142odobowym. Przepe\u0142nione sale chorych, brak podstawowego sprz\u0119tu medycznego, niedostateczna ilo\u015b\u0107 personelu medycznego, z\u0142y stan budynk\u00f3w i pomieszcze\u0144, brak pieni\u0119dzy na zaj\u0119cia terapeutyczne pacjent\u00f3w \u2013 to tylko niekt\u00f3re kwestie, wymagaj\u0105ce natychmiastowej reakcji ze strony os\u00f3b, odpowiedzialnych za realizacj\u0119 publicznych \u015bwiadcze\u0144 medycznych w psychiatrii w naszym rejonie. Niestety mamy wra\u017cenie, \u017ce Dyrekcja oraz Starostwo Powiatowe s\u0105 zaj\u0119te g\u0142\u00f3wnie roszadami kadrowymi na najwy\u017cszych szczeblach.<\/p>\n<p style=\"text-align: justify;\">Jako przyk\u0142ad niech pos\u0142u\u017c\u0105 dwa przypadki. Pierwszy to sprawa Pana <em>ex<\/em>-dyrektora J\u00f3zefa Kuli\u0144skiego, kt\u00f3ry ws\u0142awi\u0142 si\u0119 g\u0142\u00f3wnie tym, \u017ce przez 6 lat by\u0142 w konflikcie z pracownikami we wielu kwestiach i dopiero wotum nieufno\u015bci ze strony zwi\u0105zku zawodowego \u2013 a nast\u0119pnie kontrola Starostwa w 2014 roku \u2013 doprowadzi\u0142a do jego odej\u015bcia. Szkoda, \u017ce Pan Starosta Andrzej P\u0142onka i delegowana przez niego Rada Spo\u0142eczna przez 6 lat byli g\u0142usi na sygna\u0142y pracownik\u00f3w.<\/p>\n<p style=\"text-align: justify;\">Jednak to nie by\u0142 wypadek przy ,,pracy\u201d decydent\u00f3w. Kolejny dyrektor obj\u0105\u0142 funkcj\u0119 tylko na nieca\u0142e 3 miesi\u0105ce. Okaza\u0142o si\u0119, \u017ce starostwo nie dopatrzy\u0142o si\u0119, i\u017c osoba ta nie mia\u0142a odpowiedniego wykszta\u0142cenia, aby sprawowa\u0107 funkcj\u0119 dyrektora w publicznej plac\u00f3wce leczniczej. Aby by\u0142o ciekawiej, to kolejna (tym razem Pani dyrektor) musia\u0142a odej\u015b\u0107 r\u00f3wnie szybko, poniewa\u017c funkcj\u0119 dyrektora SP ZOZ \u0142\u0105czy\u0142a z prywatn\u0105 dzia\u0142alno\u015bci\u0105 gospodarcz\u0105 na rynku us\u0142ug medycznych&#8230;<\/p>\n<p style=\"text-align: justify;\">Jednak najbardziej zatrwa\u017caj\u0105ce jest to, \u017ce jeste\u015bmy \u015bwiadkami specyficznej polityki Dyrekcji oraz Starostwa, kt\u00f3re mno\u017c\u0105 etaty w\u015br\u00f3d kadry kierowniczej SP ZOZ (na 140 pracownik\u00f3w jest ok. 20 kierownik\u00f3w r\u00f3\u017cnych szczebli). Z tego hitem jest (utworzone na pocz\u0105tku 2015 r.) stanowisko z-cy dyrektora ds. administracyjno-finansowych \u2013 pracuj\u0105cego na 1 etat, czy przyj\u0119cie nowego specjalisty ds. jako\u015bci \u2013 pomimo posiadania takiego pracownika od lat (maj\u0105cego wszystkie certyfikaty i uprawnienia), ale oddelegowanego do pracy w&#8230; rejestracji!!!<\/p>\n<p style=\"text-align: justify;\">Widzimy na co dzie\u0144 rozrost pracownik\u00f3w administracji (zw\u0142aszcza kierownik\u00f3w), za kt\u00f3rym nie idzie wyrabianie punkt\u00f3w do kontraktu z NFZ. Natomiast SP ZOZ nie jest w stanie znale\u017a\u0107 pieni\u0119dzy na zatrudnienie <strong>bardzo potrzebnego lekarza psychiatry<\/strong>, kt\u00f3rego od lat brakuje i kt\u00f3ry obok zapewnienia fachowej opieki medycznej pacjentom, wypracowuje punkty do kontraktu z NFZ.<\/p>\n<p style=\"text-align: justify;\">W marcu 2009 roku pracownicy w referendum strajkowym opowiedzieli si\u0119 za przeprowadzeniem strajku. Wtedy Dyrekcja \u2013 reprezentowana przez Pana J\u00f3zefa Kuli\u0144skiego &#8211; zaproponowa\u0142a podwy\u017ck\u0119 o ok. 100 z\u0142. Nie by\u0142o to spe\u0142nienie postulatu, ale pracownicy wykazali dobr\u0105 wol\u0119 i ch\u0119\u0107 wsp\u00f3\u0142pracy. Dodatkowo Dyrekcja zosta\u0142a zmuszona wyp\u0142aca\u0107 zaleg\u0142o\u015bci z tytu\u0142u nie przekazywania na konto Zak\u0142adowego Funduszu \u015awiadcze\u0144 Socjalnych pieni\u0119dzy za lata 2006-2008.<\/p>\n<p style=\"text-align: justify;\">Kolejne lata to chocholi taniec mi\u0119dzy pracownikami a Dyrekcj\u0105. Pensje sta\u0142y w miejscu, a sytuacja ekonomiczna personelu pogarsza\u0142a si\u0119. Dyrekcja w 2011 roku po naciskach zwi\u0105zk\u00f3w zawodowych wprowadzi\u0142a jeszcze jedn\u0105 podwy\u017ck\u0119 o ok. 100 z\u0142. W dalszym ci\u0105gu nie by\u0142o to spe\u0142nienie postulatu (400 z\u0142 netto). Do realizacji brakowa\u0142o 200 z\u0142. Przypominamy, \u017ce podwy\u017cka mia\u0142a by\u0107 wprowadzona od stycznia 2008. Tak wi\u0119c po 3 latach trwania sporu zbiorowego pracownicy otrzymali po\u0142ow\u0119 postulowanej kwoty. Dyrektor Kuli\u0144ski rozpocz\u0105\u0142 zabaw\u0119 w ,,kotka imyszk\u0119\u201d, polegaj\u0105c\u0105 na ,,kreatywnej ksi\u0119gowo\u015bci.&#8220; Na spotkaniach z przedstawicielami pracownik\u00f3w pokazywa\u0142 wyliczenia podwy\u017cki, kt\u00f3re jego zdaniem spe\u0142nia\u0142y postulat 400 zl netto. Rzeczywisto\u015b\u0107 by\u0142a jednak inna.<\/p>\n<p style=\"text-align: justify;\">Pojawi\u0142y si\u0119 te\u017c dzia\u0142ania, pr\u00f3buj\u0105ce wymusi\u0107 nacisk na personel \u2013 zw\u0142aszcza ni\u017cszego szczebla \u2013 w postaci straszenia wprowadzeniem podwykonawc\u00f3w i przetargu na niekt\u00f3re stanowiska w SP ZOZ. Po og\u0142oszeniu przetargu na salowych i pracownik\u00f3w obs\u0142ugi (23 osoby) okaza\u0142o si\u0119, \u017ce \u017cadna firma nie jest zainteresowana przej\u0119ciem tych pracownik\u00f3w. Jest to naszym zdaniem spowodowane tym, i\u017c pracownicy SP ZOZ maj\u0105 bardzo rozbudowane zakresy obowi\u0105zk\u00f3w \u2013 nieadekwatnie do struktury zatrudnienia i specyfiki pracy z pacjentami psychiatrycznymi.<\/p>\n<p style=\"text-align: justify;\">Obecnie wynagrodzenie brutto pracownik\u00f3w na stanowisku \u201esalowy\u201d (stanowisko w warunkach szczeg\u00f3lnych) jest na poziomie minimalnej pensji krajowej. Podobnie wygl\u0105da sytuacja na innych stanowiskach w\u015br\u00f3d pozosta\u0142ego personelu medycznego. Dyrekcja pr\u00f3buje nak\u0142ania\u0107 personel do nowych obowi\u0105zk\u00f3w bez podwy\u017cki pensji.<strong>\u00a0<\/strong><\/p>\n<p style=\"text-align: justify;\"><strong>Pracownicy SP ZOZ maj<\/strong><strong>\u0105<\/strong><strong> ju<\/strong><strong>\u017c<\/strong><strong> do<\/strong><strong>\u015b\u0107<\/strong><strong> ci<\/strong><strong>\u0105<\/strong><strong>g<\/strong><strong>\u0142<\/strong><strong>ego zas<\/strong><strong>\u0142<\/strong><strong>aniania si<\/strong><strong>\u0119<\/strong><strong> przez <\/strong><strong>D<\/strong><strong>yrekcj<\/strong><strong>\u0119<\/strong><strong> i <\/strong><strong>S<\/strong><strong>tarostwo brakiem pieni<\/strong><strong>\u0119<\/strong><strong>dzy. Mamy do<\/strong><strong>\u015b\u0107<\/strong><strong> udawania, <\/strong><strong>\u017c<\/strong><strong>e jest wszystko dobrze. Mamy wra<\/strong><strong>\u017c<\/strong><strong>enie, <\/strong><strong>\u017c<\/strong><strong>e pieni<\/strong><strong>\u0105<\/strong><strong>dze z naszego o<\/strong><strong>\u015b<\/strong><strong>rodka (<\/strong><strong>\u015b<\/strong><strong>wiadcz<\/strong><strong>\u0105<\/strong><strong>cego pomoc psychiatryczn<\/strong><strong>\u0105<\/strong><strong> dla populacji ok. 300.000 mieszka<\/strong><strong>\u0144<\/strong><strong>c<\/strong><strong>\u00f3<\/strong><strong>w Bielska-Bia<\/strong><strong>\u0142<\/strong><strong>ej i okolic) gdzie<\/strong><strong>\u015b<\/strong><strong> ,,wyp<\/strong><strong>\u0142<\/strong><strong>ywaj<\/strong><strong>\u0105<\/strong><strong>\u201d<\/strong><strong>,<\/strong><strong> a osoby odpowiedzialne najwyra<\/strong><strong>\u017a<\/strong><strong>niej nic sobie z tego nie robi<\/strong><strong>\u0105<\/strong><strong>.<\/strong><\/p>\n<p style=\"text-align: justify;\"><strong>\u00a0<\/strong><\/p>\n<p style=\"text-align: justify;\"><strong>\u00a0<\/strong><\/p>\n<p style=\"text-align: right;\"><strong>Zwi<\/strong><strong>\u0105zek Zawodowy <\/strong><\/p>\n<p style=\"text-align: right;\"><strong>Pracownik<\/strong><strong>\u00f3w Lecznictwa Psychiatrycznego i Uzale<\/strong><strong>\u017cnie<\/strong><strong>\u0144<\/strong><\/p>\n<p style=\"text-align: justify;\">Rys. Andrzeja Mleczki za zgod\u0105 Autora<\/p>\n","protected":false},"excerpt":{"rendered":"<p>Pracownicy \u201ePsychiatryka\u201d w Bielsku-Bia\u0142ej maj\u0105 do\u015b\u0107! Przyst\u0119puj\u0105 do akcji strajkowej!\u00a0 Pracownicy Specjalistycznego Psychiatrycznego Zespo\u0142u Opieki Zdrowotnej w Bielsku-Bia\u0142ej wobec pogarszaj\u0105cej<\/p>\n","protected":false},"author":3,"featured_media":15794,"comment_status":"open","ping_status":"open","sticky":false,"template":"","format":"standard","meta":{"colormag_page_layout":"default_layout","footnotes":""},"categories":[7,81],"tags":[2548,934,938,937,2549,2547,1084,2546],"class_list":["post-15793","post","type-post","status-publish","format-standard","has-post-thumbnail","hentry","category-gospodarka","category-rzeczpospolita","tag-ex-dyrektor-jozef-kulinski","tag-specjalistyczny-psychiatryczny-zespol-opieki-zdrowotnej-w-bielsku-bialej","tag-spor-zbiorowy","tag-starosta-andrzej-plonka","tag-strajk","tag-ustawa-o-rozwiazywaniu-sporow-zbiorowych","tag-zwiazek-syndykalistow-polski-pracownikow-sluzby-zdrowia","tag-zwiazek-zawodowy-pracownikow-lecznictwa-psychiatrycznego-i-uzaleznien"],"yoast_head":"<!-- This site is optimized with the Yoast SEO plugin v25.1 - https:\/\/yoast.com\/wordpress\/plugins\/seo\/ -->\n<title>Strajk w bielskim SP ZOZ - SI\u0118 MY\u015aLI<\/title>\n<meta name=\"robots\" content=\"index, follow, max-snippet:-1, max-image-preview:large, max-video-preview:-1\" \/>\n<link rel=\"canonical\" href=\"https:\/\/siemysli-ke.info\/de\/strajk-w-bielskim-sp-zoz\/\" \/>\n<meta property=\"og:locale\" content=\"de_DE\" \/>\n<meta property=\"og:type\" content=\"article\" \/>\n<meta property=\"og:title\" content=\"Strajk w bielskim SP ZOZ - SI\u0118 MY\u015aLI\" \/>\n<meta property=\"og:description\" content=\"Pracownicy \u201ePsychiatryka\u201d w Bielsku-Bia\u0142ej maj\u0105 do\u015b\u0107! Przyst\u0119puj\u0105 do akcji strajkowej!\u00a0 Pracownicy Specjalistycznego Psychiatrycznego Zespo\u0142u Opieki Zdrowotnej w Bielsku-Bia\u0142ej wobec pogarszaj\u0105cej\" \/>\n<meta property=\"og:url\" content=\"https:\/\/siemysli-ke.info\/de\/strajk-w-bielskim-sp-zoz\/\" \/>\n<meta property=\"og:site_name\" content=\"SI\u0118 MY\u015aLI\" \/>\n<meta property=\"article:published_time\" content=\"2015-05-10T00:58:06+00:00\" \/>\n<meta property=\"article:modified_time\" content=\"2015-05-10T01:02:43+00:00\" \/>\n<meta property=\"og:image\" content=\"https:\/\/siemysli-ke.info\/wp-content\/uploads\/2015\/05\/STRAJK-ZZPLPiU-i-ZSP-PSZ.jpg\" \/>\n\t<meta property=\"og:image:width\" content=\"661\" \/>\n\t<meta property=\"og:image:height\" content=\"793\" \/>\n\t<meta property=\"og:image:type\" content=\"image\/jpeg\" \/>\n<meta name=\"author\" content=\"...\" \/>\n<meta name=\"twitter:label1\" content=\"Verfasst von\" \/>\n\t<meta name=\"twitter:data1\" content=\"...\" \/>\n\t<meta name=\"twitter:label2\" content=\"Gesch\u00e4tzte Lesezeit\" \/>\n\t<meta name=\"twitter:data2\" content=\"6\u00a0Minuten\" \/>\n<script type=\"application\/ld+json\" class=\"yoast-schema-graph\">{\"@context\":\"https:\/\/schema.org\",\"@graph\":[{\"@type\":\"Article\",\"@id\":\"https:\/\/siemysli-ke.info\/de\/strajk-w-bielskim-sp-zoz\/#article\",\"isPartOf\":{\"@id\":\"https:\/\/siemysli-ke.info\/de\/strajk-w-bielskim-sp-zoz\/\"},\"author\":{\"name\":\"...\",\"@id\":\"https:\/\/siemysli-ke.info\/#\/schema\/person\/75326687448d6abf738b156f56385210\"},\"headline\":\"Strajk w bielskim SP ZOZ\",\"datePublished\":\"2015-05-10T00:58:06+00:00\",\"dateModified\":\"2015-05-10T01:02:43+00:00\",\"mainEntityOfPage\":{\"@id\":\"https:\/\/siemysli-ke.info\/de\/strajk-w-bielskim-sp-zoz\/\"},\"wordCount\":1136,\"commentCount\":0,\"publisher\":{\"@id\":\"https:\/\/siemysli-ke.info\/#organization\"},\"image\":{\"@id\":\"https:\/\/siemysli-ke.info\/de\/strajk-w-bielskim-sp-zoz\/#primaryimage\"},\"thumbnailUrl\":\"https:\/\/siemysli-ke.info\/wp-content\/uploads\/2015\/05\/STRAJK-ZZPLPiU-i-ZSP-PSZ.jpg\",\"keywords\":[\"ex-dyrektor J\u00f3zef Kuli\u0144ski\",\"Specjalistyczny Psychiatryczny Zesp\u00f3\u0142 Opieki Zdrowotnej w Bielsku-Bia\u0142ej\",\"spor zbiorowy\",\"starosta Andrzej P\u0142onka\",\"strajk\",\"Ustawa o rozwi\u0105zywaniu spor\u00f3w zbiorowych\",\"Zwi\u0105zek Syndykalist\u00f3w Polski \u2013 Pracownik\u00f3w S\u0142u\u017cby Zdrowia\",\"Zwi\u0105zek Zawodowy Pracownik\u00f3w Lecznictwa Psychiatrycznego i Uzale\u017cnie\u0144\"],\"articleSection\":[\"Gospodarka i polityka\",\"Rzeczypospolita\"],\"inLanguage\":\"de\",\"potentialAction\":[{\"@type\":\"CommentAction\",\"name\":\"Comment\",\"target\":[\"https:\/\/siemysli-ke.info\/de\/strajk-w-bielskim-sp-zoz\/#respond\"]}]},{\"@type\":\"WebPage\",\"@id\":\"https:\/\/siemysli-ke.info\/de\/strajk-w-bielskim-sp-zoz\/\",\"url\":\"https:\/\/siemysli-ke.info\/de\/strajk-w-bielskim-sp-zoz\/\",\"name\":\"Strajk w bielskim SP ZOZ - SI\u0118 MY\u015aLI\",\"isPartOf\":{\"@id\":\"https:\/\/siemysli-ke.info\/de\/#website\"},\"primaryImageOfPage\":{\"@id\":\"https:\/\/siemysli-ke.info\/de\/strajk-w-bielskim-sp-zoz\/#primaryimage\"},\"image\":{\"@id\":\"https:\/\/siemysli-ke.info\/de\/strajk-w-bielskim-sp-zoz\/#primaryimage\"},\"thumbnailUrl\":\"https:\/\/siemysli-ke.info\/wp-content\/uploads\/2015\/05\/STRAJK-ZZPLPiU-i-ZSP-PSZ.jpg\",\"datePublished\":\"2015-05-10T00:58:06+00:00\",\"dateModified\":\"2015-05-10T01:02:43+00:00\",\"breadcrumb\":{\"@id\":\"https:\/\/siemysli-ke.info\/de\/strajk-w-bielskim-sp-zoz\/#breadcrumb\"},\"inLanguage\":\"de\",\"potentialAction\":[{\"@type\":\"ReadAction\",\"target\":[[\"https:\/\/siemysli-ke.info\/de\/strajk-w-bielskim-sp-zoz\/\"]]}]},{\"@type\":\"ImageObject\",\"inLanguage\":\"de\",\"@id\":\"https:\/\/siemysli-ke.info\/de\/strajk-w-bielskim-sp-zoz\/#primaryimage\",\"url\":\"https:\/\/siemysli-ke.info\/wp-content\/uploads\/2015\/05\/STRAJK-ZZPLPiU-i-ZSP-PSZ.jpg\",\"contentUrl\":\"https:\/\/siemysli-ke.info\/wp-content\/uploads\/2015\/05\/STRAJK-ZZPLPiU-i-ZSP-PSZ.jpg\",\"width\":661,\"height\":793},{\"@type\":\"BreadcrumbList\",\"@id\":\"https:\/\/siemysli-ke.info\/de\/strajk-w-bielskim-sp-zoz\/#breadcrumb\",\"itemListElement\":[{\"@type\":\"ListItem\",\"position\":1,\"name\":\"Home\",\"item\":\"https:\/\/siemysli-ke.info\/de\/\"},{\"@type\":\"ListItem\",\"position\":2,\"name\":\"Strajk w bielskim SP ZOZ\"}]},{\"@type\":\"WebSite\",\"@id\":\"https:\/\/siemysli-ke.info\/de\/#website\",\"url\":\"https:\/\/siemysli-ke.info\/de\/\",\"name\":\"SI\u0118 MY\u015aLI\",\"description\":\"\",\"publisher\":{\"@id\":\"https:\/\/siemysli-ke.info\/de\/#organization\"},\"potentialAction\":[{\"@type\":\"SearchAction\",\"target\":{\"@type\":\"EntryPoint\",\"urlTemplate\":\"https:\/\/siemysli-ke.info\/de\/?s={search_term_string}\"},\"query-input\":{\"@type\":\"PropertyValueSpecification\",\"valueRequired\":true,\"valueName\":\"search_term_string\"}}],\"inLanguage\":\"de\"},{\"@type\":\"Organization\",\"@id\":\"https:\/\/siemysli-ke.info\/de\/#organization\",\"name\":\"SI\u0118 MY\u015aLI\",\"url\":\"https:\/\/siemysli-ke.info\/de\/\",\"logo\":{\"@type\":\"ImageObject\",\"inLanguage\":\"de\",\"@id\":\"https:\/\/siemysli-ke.info\/de\/#\/schema\/logo\/image\/\",\"url\":\"https:\/\/siemysli-ke.info\/wp-content\/uploads\/2025\/05\/99.png\",\"contentUrl\":\"https:\/\/siemysli-ke.info\/wp-content\/uploads\/2025\/05\/99.png\",\"width\":270,\"height\":204,\"caption\":\"SI\u0118 MY\u015aLI\"},\"image\":{\"@id\":\"https:\/\/siemysli-ke.info\/de\/#\/schema\/logo\/image\/\"}},{\"@type\":\"Person\",\"@id\":\"https:\/\/siemysli-ke.info\/#\/schema\/person\/75326687448d6abf738b156f56385210\",\"name\":\"...\",\"image\":{\"@type\":\"ImageObject\",\"inLanguage\":\"de\",\"@id\":\"https:\/\/siemysli-ke.info\/de\/#\/schema\/person\/image\/\",\"url\":\"https:\/\/secure.gravatar.com\/avatar\/33a3c2559155e1b4add65cf88cafda785aeb920f44b97c7055b07866ab5b13c2?s=96&d=mm&r=g\",\"contentUrl\":\"https:\/\/secure.gravatar.com\/avatar\/33a3c2559155e1b4add65cf88cafda785aeb920f44b97c7055b07866ab5b13c2?s=96&d=mm&r=g\",\"caption\":\"...\"},\"url\":\"https:\/\/siemysli-ke.info\/de\/author\/lele\/\"}]}<\/script>\n<!-- \/ Yoast SEO plugin. -->","yoast_head_json":{"title":"Strajk w bielskim SP ZOZ - SI\u0118 MY\u015aLI","robots":{"index":"index","follow":"follow","max-snippet":"max-snippet:-1","max-image-preview":"max-image-preview:large","max-video-preview":"max-video-preview:-1"},"canonical":"https:\/\/siemysli-ke.info\/de\/strajk-w-bielskim-sp-zoz\/","og_locale":"de_DE","og_type":"article","og_title":"Strajk w bielskim SP ZOZ - SI\u0118 MY\u015aLI","og_description":"Pracownicy \u201ePsychiatryka\u201d w Bielsku-Bia\u0142ej maj\u0105 do\u015b\u0107! Przyst\u0119puj\u0105 do akcji strajkowej!\u00a0 Pracownicy Specjalistycznego Psychiatrycznego Zespo\u0142u Opieki Zdrowotnej w Bielsku-Bia\u0142ej wobec pogarszaj\u0105cej","og_url":"https:\/\/siemysli-ke.info\/de\/strajk-w-bielskim-sp-zoz\/","og_site_name":"SI\u0118 MY\u015aLI","article_published_time":"2015-05-10T00:58:06+00:00","article_modified_time":"2015-05-10T01:02:43+00:00","og_image":[{"width":661,"height":793,"url":"https:\/\/siemysli-ke.info\/wp-content\/uploads\/2015\/05\/STRAJK-ZZPLPiU-i-ZSP-PSZ.jpg","type":"image\/jpeg"}],"author":"...","twitter_misc":{"Verfasst von":"...","Gesch\u00e4tzte Lesezeit":"6\u00a0Minuten"},"schema":{"@context":"https:\/\/schema.org","@graph":[{"@type":"Article","@id":"https:\/\/siemysli-ke.info\/de\/strajk-w-bielskim-sp-zoz\/#article","isPartOf":{"@id":"https:\/\/siemysli-ke.info\/de\/strajk-w-bielskim-sp-zoz\/"},"author":{"name":"...","@id":"https:\/\/siemysli-ke.info\/#\/schema\/person\/75326687448d6abf738b156f56385210"},"headline":"Strajk w bielskim SP ZOZ","datePublished":"2015-05-10T00:58:06+00:00","dateModified":"2015-05-10T01:02:43+00:00","mainEntityOfPage":{"@id":"https:\/\/siemysli-ke.info\/de\/strajk-w-bielskim-sp-zoz\/"},"wordCount":1136,"commentCount":0,"publisher":{"@id":"https:\/\/siemysli-ke.info\/#organization"},"image":{"@id":"https:\/\/siemysli-ke.info\/de\/strajk-w-bielskim-sp-zoz\/#primaryimage"},"thumbnailUrl":"https:\/\/siemysli-ke.info\/wp-content\/uploads\/2015\/05\/STRAJK-ZZPLPiU-i-ZSP-PSZ.jpg","keywords":["ex-dyrektor J\u00f3zef Kuli\u0144ski","Specjalistyczny Psychiatryczny Zesp\u00f3\u0142 Opieki Zdrowotnej w Bielsku-Bia\u0142ej","spor zbiorowy","starosta Andrzej P\u0142onka","strajk","Ustawa o rozwi\u0105zywaniu spor\u00f3w zbiorowych","Zwi\u0105zek Syndykalist\u00f3w Polski \u2013 Pracownik\u00f3w S\u0142u\u017cby Zdrowia","Zwi\u0105zek Zawodowy Pracownik\u00f3w Lecznictwa Psychiatrycznego i Uzale\u017cnie\u0144"],"articleSection":["Gospodarka i polityka","Rzeczypospolita"],"inLanguage":"de","potentialAction":[{"@type":"CommentAction","name":"Comment","target":["https:\/\/siemysli-ke.info\/de\/strajk-w-bielskim-sp-zoz\/#respond"]}]},{"@type":"WebPage","@id":"https:\/\/siemysli-ke.info\/de\/strajk-w-bielskim-sp-zoz\/","url":"https:\/\/siemysli-ke.info\/de\/strajk-w-bielskim-sp-zoz\/","name":"Strajk w bielskim SP ZOZ - SI\u0118 MY\u015aLI","isPartOf":{"@id":"https:\/\/siemysli-ke.info\/de\/#website"},"primaryImageOfPage":{"@id":"https:\/\/siemysli-ke.info\/de\/strajk-w-bielskim-sp-zoz\/#primaryimage"},"image":{"@id":"https:\/\/siemysli-ke.info\/de\/strajk-w-bielskim-sp-zoz\/#primaryimage"},"thumbnailUrl":"https:\/\/siemysli-ke.info\/wp-content\/uploads\/2015\/05\/STRAJK-ZZPLPiU-i-ZSP-PSZ.jpg","datePublished":"2015-05-10T00:58:06+00:00","dateModified":"2015-05-10T01:02:43+00:00","breadcrumb":{"@id":"https:\/\/siemysli-ke.info\/de\/strajk-w-bielskim-sp-zoz\/#breadcrumb"},"inLanguage":"de","potentialAction":[{"@type":"ReadAction","target":[["https:\/\/siemysli-ke.info\/de\/strajk-w-bielskim-sp-zoz\/"]]}]},{"@type":"ImageObject","inLanguage":"de","@id":"https:\/\/siemysli-ke.info\/de\/strajk-w-bielskim-sp-zoz\/#primaryimage","url":"https:\/\/siemysli-ke.info\/wp-content\/uploads\/2015\/05\/STRAJK-ZZPLPiU-i-ZSP-PSZ.jpg","contentUrl":"https:\/\/siemysli-ke.info\/wp-content\/uploads\/2015\/05\/STRAJK-ZZPLPiU-i-ZSP-PSZ.jpg","width":661,"height":793},{"@type":"BreadcrumbList","@id":"https:\/\/siemysli-ke.info\/de\/strajk-w-bielskim-sp-zoz\/#breadcrumb","itemListElement":[{"@type":"ListItem","position":1,"name":"Home","item":"https:\/\/siemysli-ke.info\/de\/"},{"@type":"ListItem","position":2,"name":"Strajk w bielskim SP ZOZ"}]},{"@type":"WebSite","@id":"https:\/\/siemysli-ke.info\/de\/#website","url":"https:\/\/siemysli-ke.info\/de\/","name":"SI\u0118 MY\u015aLI","description":"","publisher":{"@id":"https:\/\/siemysli-ke.info\/de\/#organization"},"potentialAction":[{"@type":"SearchAction","target":{"@type":"EntryPoint","urlTemplate":"https:\/\/siemysli-ke.info\/de\/?s={search_term_string}"},"query-input":{"@type":"PropertyValueSpecification","valueRequired":true,"valueName":"search_term_string"}}],"inLanguage":"de"},{"@type":"Organization","@id":"https:\/\/siemysli-ke.info\/de\/#organization","name":"SI\u0118 MY\u015aLI","url":"https:\/\/siemysli-ke.info\/de\/","logo":{"@type":"ImageObject","inLanguage":"de","@id":"https:\/\/siemysli-ke.info\/de\/#\/schema\/logo\/image\/","url":"https:\/\/siemysli-ke.info\/wp-content\/uploads\/2025\/05\/99.png","contentUrl":"https:\/\/siemysli-ke.info\/wp-content\/uploads\/2025\/05\/99.png","width":270,"height":204,"caption":"SI\u0118 MY\u015aLI"},"image":{"@id":"https:\/\/siemysli-ke.info\/de\/#\/schema\/logo\/image\/"}},{"@type":"Person","@id":"https:\/\/siemysli-ke.info\/#\/schema\/person\/75326687448d6abf738b156f56385210","name":"...","image":{"@type":"ImageObject","inLanguage":"de","@id":"https:\/\/siemysli-ke.info\/de\/#\/schema\/person\/image\/","url":"https:\/\/secure.gravatar.com\/avatar\/33a3c2559155e1b4add65cf88cafda785aeb920f44b97c7055b07866ab5b13c2?s=96&d=mm&r=g","contentUrl":"https:\/\/secure.gravatar.com\/avatar\/33a3c2559155e1b4add65cf88cafda785aeb920f44b97c7055b07866ab5b13c2?s=96&d=mm&r=g","caption":"..."},"url":"https:\/\/siemysli-ke.info\/de\/author\/lele\/"}]}},"_links":{"self":[{"href":"https:\/\/siemysli-ke.info\/de\/wp-json\/wp\/v2\/posts\/15793","targetHints":{"allow":["GET"]}}],"collection":[{"href":"https:\/\/siemysli-ke.info\/de\/wp-json\/wp\/v2\/posts"}],"about":[{"href":"https:\/\/siemysli-ke.info\/de\/wp-json\/wp\/v2\/types\/post"}],"author":[{"embeddable":true,"href":"https:\/\/siemysli-ke.info\/de\/wp-json\/wp\/v2\/users\/3"}],"replies":[{"embeddable":true,"href":"https:\/\/siemysli-ke.info\/de\/wp-json\/wp\/v2\/comments?post=15793"}],"version-history":[{"count":0,"href":"https:\/\/siemysli-ke.info\/de\/wp-json\/wp\/v2\/posts\/15793\/revisions"}],"wp:featuredmedia":[{"embeddable":true,"href":"https:\/\/siemysli-ke.info\/de\/wp-json\/wp\/v2\/media\/15794"}],"wp:attachment":[{"href":"https:\/\/siemysli-ke.info\/de\/wp-json\/wp\/v2\/media?parent=15793"}],"wp:term":[{"taxonomy":"category","embeddable":true,"href":"https:\/\/siemysli-ke.info\/de\/wp-json\/wp\/v2\/categories?post=15793"},{"taxonomy":"post_tag","embeddable":true,"href":"https:\/\/siemysli-ke.info\/de\/wp-json\/wp\/v2\/tags?post=15793"}],"curies":[{"name":"wp","href":"https:\/\/api.w.org\/{rel}","templated":true}]}}