 {"id":15679,"date":"2015-04-28T16:19:41","date_gmt":"2015-04-28T14:19:41","guid":{"rendered":"http:\/\/www.siemysli.info.ke\/?p=15679"},"modified":"2015-04-28T23:44:35","modified_gmt":"2015-04-28T21:44:35","slug":"marka-holocaust-raut-dla-wybranych","status":"publish","type":"post","link":"https:\/\/siemysli-ke.info\/de\/marka-holocaust-raut-dla-wybranych\/","title":{"rendered":"Marka &#8222;Holocaust&#8220; &#8211; raut dla wybranych!"},"content":{"rendered":"<p style=\"text-align: justify;\"><a href=\"http:\/\/www.siemysli.info.ke\/wp-content\/uploads\/2015\/04\/d7254d25560933b18d6a67c4e05e978174f36952.jpg\" rel=\"lightbox[15679]\"><img decoding=\"async\" class=\"alignleft size-medium wp-image-15680\" src=\"http:\/\/www.siemysli.info.ke\/wp-content\/uploads\/2015\/04\/d7254d25560933b18d6a67c4e05e978174f36952-300x211.jpg\" alt=\"d7254d25560933b18d6a67c4e05e978174f36952\" width=\"300\" height=\"211\" srcset=\"https:\/\/siemysli-ke.info\/wp-content\/uploads\/2015\/04\/d7254d25560933b18d6a67c4e05e978174f36952-300x211.jpg 300w, https:\/\/siemysli-ke.info\/wp-content\/uploads\/2015\/04\/d7254d25560933b18d6a67c4e05e978174f36952.jpg 623w\" sizes=\"(max-width: 300px) 100vw, 300px\" \/><\/a>Okr\u0105g\u0142a rocznica posypywania g\u0142owy popio\u0142em przyci\u0105gn\u0119\u0142a do Niemiec wielu znamienitych go\u015bci ze \u015bwiata polityki i biznesu. Towarzystwo wzajemnej adoracji celebruj\u0105c pami\u0119\u0107 w gronie ludzi sukcesu i kultury, mia\u0142o kolejn\u0105 okazj\u0119 do spotkania na poziomie. <strong><em>Holocaust<\/em>, Zag\u0142ada &#8211; staj\u0105 si\u0119 mark\u0105 okre\u015blonych k\u00f3\u0142 politycznych, odrywaj\u0105c sedno makabry, jak\u0105 ludzko\u015bci zgotowali Niemcy<\/strong>. Przesi\u0105kni\u0119ci nienawi\u015bci\u0105, g\u0142osem fa\u0142szywego proroka zapragn\u0119li obr\u00f3ci\u0107 w py\u0142 zastany \u015bwiat i zbudowa\u0107 go na nowo. Na szcz\u0119\u015bcie dla ludzko\u015bci cz\u0142owiecze\u0144stwo pokona\u0142o mroczne si\u0142y z\u0142a lecz mordercy i zwyrodnialcy z &#8222;trupich&#8220; oddzia\u0142\u00f3w SS nigdy nie ponie\u015bli kary. Sprawiedliwo\u015b\u0107 dosi\u0119g\u0142a nielicznych zbrodniarzy, wi\u0119kszo\u015b\u0107 do\u017cy\u0142a spokojnej staro\u015bci w Niemczech, Austrii czy krajach Ameryki \u0141aci\u0144skiej, do kt\u00f3rych trafili np. dzi\u0119ki pomocy Watykanu. Oficjalna delegacja w Ravensbr\u00fcck \u00a0 sk\u0142ada\u0142a si\u0119 z &#8222;VIP-\u00f3w&#8220; z Polski i Niemiec z Pierwszymi Damami obu kraj\u00f3w &#8211; Ann\u0105 Komorowsk\u0105 i Daniel\u0105 Schadt. Niestety, sko\u0144czy\u0142o si\u0119 g\u0142o\u015bnym skandalem. Skandal wybuch\u0142, gdy\u017c okaza\u0142o si\u0119, \u017ce na &#8222;VIP-ach&#8220; nie oszcz\u0119dzano blichtru i przepychu. Oficjalne delegacje jad\u0142y wykwintny obiad na elegancko zastawionych sto\u0142ach z porcelanow\u0105 zastaw\u0105. Pierwsze Damy i ich towarzysze byli obs\u0142ugiwani przez kelner\u00f3w zgodnie z protoko\u0142em dyplomatycznym i etykiet\u0105. Wszystko zosta\u0142o udokumentowane i trafi\u0142o do medi\u00f3w za po\u015brednictwem <em>Twittera<\/em>. Inaczej potraktowano kobiety, ocalone z zag\u0142ady i zaproszone na obchody 70-lecia wyzwolenia obozu, przez kt\u00f3ry przesz\u0142o ponad 130 tysi\u0119cy kobiet i dzieci, z czego prze\u017cy\u0142o nieca\u0142e 40 tysi\u0119cy.<\/p>\n<p style=\"text-align: justify;\"><strong><a href=\"http:\/\/www.siemysli.info.ke\/wp-content\/uploads\/2015\/04\/DSCF4268.jpg\" rel=\"lightbox[15679]\"><img decoding=\"async\" class=\"alignleft size-medium wp-image-15681\" src=\"http:\/\/www.siemysli.info.ke\/wp-content\/uploads\/2015\/04\/DSCF4268-300x225.jpg\" alt=\"DSCF4268\" width=\"300\" height=\"225\" srcset=\"https:\/\/siemysli-ke.info\/wp-content\/uploads\/2015\/04\/DSCF4268-300x225.jpg 300w, https:\/\/siemysli-ke.info\/wp-content\/uploads\/2015\/04\/DSCF4268-1024x768.jpg 1024w\" sizes=\"(max-width: 300px) 100vw, 300px\" \/><\/a>Okaza\u0142o si\u0119, \u017ce ocalone kobiety zosta\u0142y podj\u0119te skromnym posi\u0142kiem, wydanym na sto\u0142ach, przypominaj\u0105cych piknikowe lady, spotykane podczas obskurnych festyn\u00f3w. Sto\u0142y nie by\u0142y nawet przykryte obrusami, a posi\u0142ki wydano im na jednorazowych plastikowych talerzach. Odebra\u0107 je <strong>mog\u0142y,\u00a0<\/strong> pokazuj\u0105c obs\u0142udze uroczysto\u015bci odpowiednie kartki, co wystarczaj\u0105co stygmatyzowa\u0142o delegacj\u0119 cudownie ocalonych z zag\u0142ady.\u00a0<\/strong><\/p>\n<p style=\"text-align: justify;\">Wieczorem honorowi go\u015bcie uroczysto\u015bci, w tym ocalone kobiety, zaproszono na oficjaln\u0105 kolacj\u0119, a posi\u0142ek przy nienakrytych sto\u0142ach mia\u0142 by\u0107 tylko &#8222;przek\u0105sk\u0105&#8220;.<\/p>\n<p style=\"text-align: justify;\"><strong>Kto\u015b zapomnia\u0142, kt\u00f3ra to z delegacji \u00a0mia\u0142a nie\u015b\u0107 przes\u0142anie \u015bwiatu i kto przez \u017cycie ni\u00f3s\u0142 pi\u0119tno obozu &#8211; los, kt\u00f3ry \u015bwiatu zgotowali niemieccy nazi\u015bci.<\/strong><\/p>\n","protected":false},"excerpt":{"rendered":"<p>Okr\u0105g\u0142a rocznica posypywania g\u0142owy popio\u0142em przyci\u0105gn\u0119\u0142a do Niemiec wielu znamienitych go\u015bci ze \u015bwiata polityki i biznesu. Towarzystwo wzajemnej adoracji celebruj\u0105c<\/p>\n","protected":false},"author":7,"featured_media":15680,"comment_status":"open","ping_status":"open","sticky":false,"template":"","format":"standard","meta":{"colormag_page_layout":"default_layout","footnotes":""},"categories":[7,3],"tags":[2501,2500,2502],"class_list":["post-15679","post","type-post","status-publish","format-standard","has-post-thumbnail","hentry","category-gospodarka","category-kultura","tag-anna-komorowska-i-daniela-schadt","tag-oficjalna-delegacja-w-ravensbruck-skladala-sie-z-vip-ow-z-polski-i-niemiec-z-pierwszymi-damami-obu-krajow","tag-wyzwolenie-obozu-ravensbruck"],"yoast_head":"<!-- This site is optimized with the Yoast SEO plugin v25.1 - https:\/\/yoast.com\/wordpress\/plugins\/seo\/ -->\n<title>Marka &quot;Holocaust&quot; - raut dla wybranych! - SI\u0118 MY\u015aLI<\/title>\n<meta name=\"robots\" content=\"index, follow, max-snippet:-1, max-image-preview:large, max-video-preview:-1\" \/>\n<link rel=\"canonical\" href=\"https:\/\/siemysli-ke.info\/de\/marka-holocaust-raut-dla-wybranych\/\" \/>\n<meta property=\"og:locale\" content=\"de_DE\" \/>\n<meta property=\"og:type\" content=\"article\" \/>\n<meta property=\"og:title\" content=\"Marka &quot;Holocaust&quot; - raut dla wybranych! - SI\u0118 MY\u015aLI\" \/>\n<meta property=\"og:description\" content=\"Okr\u0105g\u0142a rocznica posypywania g\u0142owy popio\u0142em przyci\u0105gn\u0119\u0142a do Niemiec wielu znamienitych go\u015bci ze \u015bwiata polityki i biznesu. Towarzystwo wzajemnej adoracji celebruj\u0105c\" \/>\n<meta property=\"og:url\" content=\"https:\/\/siemysli-ke.info\/de\/marka-holocaust-raut-dla-wybranych\/\" \/>\n<meta property=\"og:site_name\" content=\"SI\u0118 MY\u015aLI\" \/>\n<meta property=\"article:published_time\" content=\"2015-04-28T14:19:41+00:00\" \/>\n<meta property=\"article:modified_time\" content=\"2015-04-28T21:44:35+00:00\" \/>\n<meta property=\"og:image\" content=\"https:\/\/siemysli-ke.info\/wp-content\/uploads\/2015\/04\/d7254d25560933b18d6a67c4e05e978174f36952.jpg\" \/>\n\t<meta property=\"og:image:width\" content=\"623\" \/>\n\t<meta property=\"og:image:height\" content=\"439\" \/>\n\t<meta property=\"og:image:type\" content=\"image\/jpeg\" \/>\n<meta name=\"author\" content=\"Jaromir\" \/>\n<meta name=\"twitter:label1\" content=\"Verfasst von\" \/>\n\t<meta name=\"twitter:data1\" content=\"Jaromir\" \/>\n\t<meta name=\"twitter:label2\" content=\"Gesch\u00e4tzte Lesezeit\" \/>\n\t<meta name=\"twitter:data2\" content=\"2\u00a0Minuten\" \/>\n<script type=\"application\/ld+json\" class=\"yoast-schema-graph\">{\"@context\":\"https:\/\/schema.org\",\"@graph\":[{\"@type\":\"Article\",\"@id\":\"https:\/\/siemysli-ke.info\/de\/marka-holocaust-raut-dla-wybranych\/#article\",\"isPartOf\":{\"@id\":\"https:\/\/siemysli-ke.info\/de\/marka-holocaust-raut-dla-wybranych\/\"},\"author\":{\"name\":\"Jaromir\",\"@id\":\"https:\/\/siemysli-ke.info\/#\/schema\/person\/66d741fa745a44f2fe46d112bc6499f2\"},\"headline\":\"Marka &#8222;Holocaust&#8220; &#8211; raut dla wybranych!\",\"datePublished\":\"2015-04-28T14:19:41+00:00\",\"dateModified\":\"2015-04-28T21:44:35+00:00\",\"mainEntityOfPage\":{\"@id\":\"https:\/\/siemysli-ke.info\/de\/marka-holocaust-raut-dla-wybranych\/\"},\"wordCount\":408,\"commentCount\":2,\"publisher\":{\"@id\":\"https:\/\/siemysli-ke.info\/#organization\"},\"image\":{\"@id\":\"https:\/\/siemysli-ke.info\/de\/marka-holocaust-raut-dla-wybranych\/#primaryimage\"},\"thumbnailUrl\":\"https:\/\/siemysli-ke.info\/wp-content\/uploads\/2015\/04\/d7254d25560933b18d6a67c4e05e978174f36952.jpg\",\"keywords\":[\"Ann\u0105 Komorowsk\u0105 i Daniel\u0105 Schadt.\",\"Oficjalna delegacja w Ravensbr\u00fcck sk\u0142ada\u0142a si\u0119 z \\\"VIP-\u00f3w\\\" z Polski i Niemiec z Pierwszymi Damami obu kraj\u00f3w\",\"Wyzwolenie obozu Ravensbr\u00fcck\"],\"articleSection\":[\"Gospodarka i polityka\",\"Kultura\"],\"inLanguage\":\"de\",\"potentialAction\":[{\"@type\":\"CommentAction\",\"name\":\"Comment\",\"target\":[\"https:\/\/siemysli-ke.info\/de\/marka-holocaust-raut-dla-wybranych\/#respond\"]}]},{\"@type\":\"WebPage\",\"@id\":\"https:\/\/siemysli-ke.info\/de\/marka-holocaust-raut-dla-wybranych\/\",\"url\":\"https:\/\/siemysli-ke.info\/de\/marka-holocaust-raut-dla-wybranych\/\",\"name\":\"Marka \\\"Holocaust\\\" - raut dla wybranych! - SI\u0118 MY\u015aLI\",\"isPartOf\":{\"@id\":\"https:\/\/siemysli-ke.info\/de\/#website\"},\"primaryImageOfPage\":{\"@id\":\"https:\/\/siemysli-ke.info\/de\/marka-holocaust-raut-dla-wybranych\/#primaryimage\"},\"image\":{\"@id\":\"https:\/\/siemysli-ke.info\/de\/marka-holocaust-raut-dla-wybranych\/#primaryimage\"},\"thumbnailUrl\":\"https:\/\/siemysli-ke.info\/wp-content\/uploads\/2015\/04\/d7254d25560933b18d6a67c4e05e978174f36952.jpg\",\"datePublished\":\"2015-04-28T14:19:41+00:00\",\"dateModified\":\"2015-04-28T21:44:35+00:00\",\"breadcrumb\":{\"@id\":\"https:\/\/siemysli-ke.info\/de\/marka-holocaust-raut-dla-wybranych\/#breadcrumb\"},\"inLanguage\":\"de\",\"potentialAction\":[{\"@type\":\"ReadAction\",\"target\":[[\"https:\/\/siemysli-ke.info\/de\/marka-holocaust-raut-dla-wybranych\/\"]]}]},{\"@type\":\"ImageObject\",\"inLanguage\":\"de\",\"@id\":\"https:\/\/siemysli-ke.info\/de\/marka-holocaust-raut-dla-wybranych\/#primaryimage\",\"url\":\"https:\/\/siemysli-ke.info\/wp-content\/uploads\/2015\/04\/d7254d25560933b18d6a67c4e05e978174f36952.jpg\",\"contentUrl\":\"https:\/\/siemysli-ke.info\/wp-content\/uploads\/2015\/04\/d7254d25560933b18d6a67c4e05e978174f36952.jpg\",\"width\":623,\"height\":439},{\"@type\":\"BreadcrumbList\",\"@id\":\"https:\/\/siemysli-ke.info\/de\/marka-holocaust-raut-dla-wybranych\/#breadcrumb\",\"itemListElement\":[{\"@type\":\"ListItem\",\"position\":1,\"name\":\"Home\",\"item\":\"https:\/\/siemysli-ke.info\/de\/\"},{\"@type\":\"ListItem\",\"position\":2,\"name\":\"Marka &#8222;Holocaust&#8220; &#8211; raut dla wybranych!\"}]},{\"@type\":\"WebSite\",\"@id\":\"https:\/\/siemysli-ke.info\/de\/#website\",\"url\":\"https:\/\/siemysli-ke.info\/de\/\",\"name\":\"SI\u0118 MY\u015aLI\",\"description\":\"\",\"publisher\":{\"@id\":\"https:\/\/siemysli-ke.info\/de\/#organization\"},\"potentialAction\":[{\"@type\":\"SearchAction\",\"target\":{\"@type\":\"EntryPoint\",\"urlTemplate\":\"https:\/\/siemysli-ke.info\/de\/?s={search_term_string}\"},\"query-input\":{\"@type\":\"PropertyValueSpecification\",\"valueRequired\":true,\"valueName\":\"search_term_string\"}}],\"inLanguage\":\"de\"},{\"@type\":\"Organization\",\"@id\":\"https:\/\/siemysli-ke.info\/de\/#organization\",\"name\":\"SI\u0118 MY\u015aLI\",\"url\":\"https:\/\/siemysli-ke.info\/de\/\",\"logo\":{\"@type\":\"ImageObject\",\"inLanguage\":\"de\",\"@id\":\"https:\/\/siemysli-ke.info\/de\/#\/schema\/logo\/image\/\",\"url\":\"https:\/\/siemysli-ke.info\/wp-content\/uploads\/2025\/05\/99.png\",\"contentUrl\":\"https:\/\/siemysli-ke.info\/wp-content\/uploads\/2025\/05\/99.png\",\"width\":270,\"height\":204,\"caption\":\"SI\u0118 MY\u015aLI\"},\"image\":{\"@id\":\"https:\/\/siemysli-ke.info\/de\/#\/schema\/logo\/image\/\"}},{\"@type\":\"Person\",\"@id\":\"https:\/\/siemysli-ke.info\/#\/schema\/person\/66d741fa745a44f2fe46d112bc6499f2\",\"name\":\"Jaromir\",\"image\":{\"@type\":\"ImageObject\",\"inLanguage\":\"de\",\"@id\":\"https:\/\/siemysli-ke.info\/de\/#\/schema\/person\/image\/\",\"url\":\"https:\/\/secure.gravatar.com\/avatar\/fe881559e8ac8dda20293e9e8317d4678c6ad8f65f85a9ce5e1a87cee56b6198?s=96&d=mm&r=g\",\"contentUrl\":\"https:\/\/secure.gravatar.com\/avatar\/fe881559e8ac8dda20293e9e8317d4678c6ad8f65f85a9ce5e1a87cee56b6198?s=96&d=mm&r=g\",\"caption\":\"Jaromir\"},\"url\":\"https:\/\/siemysli-ke.info\/de\/author\/jaromir\/\"}]}<\/script>\n<!-- \/ Yoast SEO plugin. -->","yoast_head_json":{"title":"Marka \"Holocaust\" - raut dla wybranych! - SI\u0118 MY\u015aLI","robots":{"index":"index","follow":"follow","max-snippet":"max-snippet:-1","max-image-preview":"max-image-preview:large","max-video-preview":"max-video-preview:-1"},"canonical":"https:\/\/siemysli-ke.info\/de\/marka-holocaust-raut-dla-wybranych\/","og_locale":"de_DE","og_type":"article","og_title":"Marka \"Holocaust\" - raut dla wybranych! - SI\u0118 MY\u015aLI","og_description":"Okr\u0105g\u0142a rocznica posypywania g\u0142owy popio\u0142em przyci\u0105gn\u0119\u0142a do Niemiec wielu znamienitych go\u015bci ze \u015bwiata polityki i biznesu. Towarzystwo wzajemnej adoracji celebruj\u0105c","og_url":"https:\/\/siemysli-ke.info\/de\/marka-holocaust-raut-dla-wybranych\/","og_site_name":"SI\u0118 MY\u015aLI","article_published_time":"2015-04-28T14:19:41+00:00","article_modified_time":"2015-04-28T21:44:35+00:00","og_image":[{"width":623,"height":439,"url":"https:\/\/siemysli-ke.info\/wp-content\/uploads\/2015\/04\/d7254d25560933b18d6a67c4e05e978174f36952.jpg","type":"image\/jpeg"}],"author":"Jaromir","twitter_misc":{"Verfasst von":"Jaromir","Gesch\u00e4tzte Lesezeit":"2\u00a0Minuten"},"schema":{"@context":"https:\/\/schema.org","@graph":[{"@type":"Article","@id":"https:\/\/siemysli-ke.info\/de\/marka-holocaust-raut-dla-wybranych\/#article","isPartOf":{"@id":"https:\/\/siemysli-ke.info\/de\/marka-holocaust-raut-dla-wybranych\/"},"author":{"name":"Jaromir","@id":"https:\/\/siemysli-ke.info\/#\/schema\/person\/66d741fa745a44f2fe46d112bc6499f2"},"headline":"Marka &#8222;Holocaust&#8220; &#8211; raut dla wybranych!","datePublished":"2015-04-28T14:19:41+00:00","dateModified":"2015-04-28T21:44:35+00:00","mainEntityOfPage":{"@id":"https:\/\/siemysli-ke.info\/de\/marka-holocaust-raut-dla-wybranych\/"},"wordCount":408,"commentCount":2,"publisher":{"@id":"https:\/\/siemysli-ke.info\/#organization"},"image":{"@id":"https:\/\/siemysli-ke.info\/de\/marka-holocaust-raut-dla-wybranych\/#primaryimage"},"thumbnailUrl":"https:\/\/siemysli-ke.info\/wp-content\/uploads\/2015\/04\/d7254d25560933b18d6a67c4e05e978174f36952.jpg","keywords":["Ann\u0105 Komorowsk\u0105 i Daniel\u0105 Schadt.","Oficjalna delegacja w Ravensbr\u00fcck sk\u0142ada\u0142a si\u0119 z \"VIP-\u00f3w\" z Polski i Niemiec z Pierwszymi Damami obu kraj\u00f3w","Wyzwolenie obozu Ravensbr\u00fcck"],"articleSection":["Gospodarka i polityka","Kultura"],"inLanguage":"de","potentialAction":[{"@type":"CommentAction","name":"Comment","target":["https:\/\/siemysli-ke.info\/de\/marka-holocaust-raut-dla-wybranych\/#respond"]}]},{"@type":"WebPage","@id":"https:\/\/siemysli-ke.info\/de\/marka-holocaust-raut-dla-wybranych\/","url":"https:\/\/siemysli-ke.info\/de\/marka-holocaust-raut-dla-wybranych\/","name":"Marka \"Holocaust\" - raut dla wybranych! - SI\u0118 MY\u015aLI","isPartOf":{"@id":"https:\/\/siemysli-ke.info\/de\/#website"},"primaryImageOfPage":{"@id":"https:\/\/siemysli-ke.info\/de\/marka-holocaust-raut-dla-wybranych\/#primaryimage"},"image":{"@id":"https:\/\/siemysli-ke.info\/de\/marka-holocaust-raut-dla-wybranych\/#primaryimage"},"thumbnailUrl":"https:\/\/siemysli-ke.info\/wp-content\/uploads\/2015\/04\/d7254d25560933b18d6a67c4e05e978174f36952.jpg","datePublished":"2015-04-28T14:19:41+00:00","dateModified":"2015-04-28T21:44:35+00:00","breadcrumb":{"@id":"https:\/\/siemysli-ke.info\/de\/marka-holocaust-raut-dla-wybranych\/#breadcrumb"},"inLanguage":"de","potentialAction":[{"@type":"ReadAction","target":[["https:\/\/siemysli-ke.info\/de\/marka-holocaust-raut-dla-wybranych\/"]]}]},{"@type":"ImageObject","inLanguage":"de","@id":"https:\/\/siemysli-ke.info\/de\/marka-holocaust-raut-dla-wybranych\/#primaryimage","url":"https:\/\/siemysli-ke.info\/wp-content\/uploads\/2015\/04\/d7254d25560933b18d6a67c4e05e978174f36952.jpg","contentUrl":"https:\/\/siemysli-ke.info\/wp-content\/uploads\/2015\/04\/d7254d25560933b18d6a67c4e05e978174f36952.jpg","width":623,"height":439},{"@type":"BreadcrumbList","@id":"https:\/\/siemysli-ke.info\/de\/marka-holocaust-raut-dla-wybranych\/#breadcrumb","itemListElement":[{"@type":"ListItem","position":1,"name":"Home","item":"https:\/\/siemysli-ke.info\/de\/"},{"@type":"ListItem","position":2,"name":"Marka &#8222;Holocaust&#8220; &#8211; raut dla wybranych!"}]},{"@type":"WebSite","@id":"https:\/\/siemysli-ke.info\/de\/#website","url":"https:\/\/siemysli-ke.info\/de\/","name":"SI\u0118 MY\u015aLI","description":"","publisher":{"@id":"https:\/\/siemysli-ke.info\/de\/#organization"},"potentialAction":[{"@type":"SearchAction","target":{"@type":"EntryPoint","urlTemplate":"https:\/\/siemysli-ke.info\/de\/?s={search_term_string}"},"query-input":{"@type":"PropertyValueSpecification","valueRequired":true,"valueName":"search_term_string"}}],"inLanguage":"de"},{"@type":"Organization","@id":"https:\/\/siemysli-ke.info\/de\/#organization","name":"SI\u0118 MY\u015aLI","url":"https:\/\/siemysli-ke.info\/de\/","logo":{"@type":"ImageObject","inLanguage":"de","@id":"https:\/\/siemysli-ke.info\/de\/#\/schema\/logo\/image\/","url":"https:\/\/siemysli-ke.info\/wp-content\/uploads\/2025\/05\/99.png","contentUrl":"https:\/\/siemysli-ke.info\/wp-content\/uploads\/2025\/05\/99.png","width":270,"height":204,"caption":"SI\u0118 MY\u015aLI"},"image":{"@id":"https:\/\/siemysli-ke.info\/de\/#\/schema\/logo\/image\/"}},{"@type":"Person","@id":"https:\/\/siemysli-ke.info\/#\/schema\/person\/66d741fa745a44f2fe46d112bc6499f2","name":"Jaromir","image":{"@type":"ImageObject","inLanguage":"de","@id":"https:\/\/siemysli-ke.info\/de\/#\/schema\/person\/image\/","url":"https:\/\/secure.gravatar.com\/avatar\/fe881559e8ac8dda20293e9e8317d4678c6ad8f65f85a9ce5e1a87cee56b6198?s=96&d=mm&r=g","contentUrl":"https:\/\/secure.gravatar.com\/avatar\/fe881559e8ac8dda20293e9e8317d4678c6ad8f65f85a9ce5e1a87cee56b6198?s=96&d=mm&r=g","caption":"Jaromir"},"url":"https:\/\/siemysli-ke.info\/de\/author\/jaromir\/"}]}},"_links":{"self":[{"href":"https:\/\/siemysli-ke.info\/de\/wp-json\/wp\/v2\/posts\/15679","targetHints":{"allow":["GET"]}}],"collection":[{"href":"https:\/\/siemysli-ke.info\/de\/wp-json\/wp\/v2\/posts"}],"about":[{"href":"https:\/\/siemysli-ke.info\/de\/wp-json\/wp\/v2\/types\/post"}],"author":[{"embeddable":true,"href":"https:\/\/siemysli-ke.info\/de\/wp-json\/wp\/v2\/users\/7"}],"replies":[{"embeddable":true,"href":"https:\/\/siemysli-ke.info\/de\/wp-json\/wp\/v2\/comments?post=15679"}],"version-history":[{"count":0,"href":"https:\/\/siemysli-ke.info\/de\/wp-json\/wp\/v2\/posts\/15679\/revisions"}],"wp:featuredmedia":[{"embeddable":true,"href":"https:\/\/siemysli-ke.info\/de\/wp-json\/wp\/v2\/media\/15680"}],"wp:attachment":[{"href":"https:\/\/siemysli-ke.info\/de\/wp-json\/wp\/v2\/media?parent=15679"}],"wp:term":[{"taxonomy":"category","embeddable":true,"href":"https:\/\/siemysli-ke.info\/de\/wp-json\/wp\/v2\/categories?post=15679"},{"taxonomy":"post_tag","embeddable":true,"href":"https:\/\/siemysli-ke.info\/de\/wp-json\/wp\/v2\/tags?post=15679"}],"curies":[{"name":"wp","href":"https:\/\/api.w.org\/{rel}","templated":true}]}}