 {"id":15626,"date":"2015-04-27T21:22:34","date_gmt":"2015-04-27T19:22:34","guid":{"rendered":"http:\/\/www.siemysli.info.ke\/?p=15626"},"modified":"2015-04-27T23:54:51","modified_gmt":"2015-04-27T21:54:51","slug":"patologia-pracy-patologia-placyupadek-polski","status":"publish","type":"post","link":"https:\/\/siemysli-ke.info\/de\/patologia-pracy-patologia-placyupadek-polski\/","title":{"rendered":"Patologia pracy, patologia p\u0142acy, upadek Polski&#8230;"},"content":{"rendered":"<p style=\"text-align: justify;\"><a href=\"http:\/\/www.siemysli.info.ke\/wp-content\/uploads\/2015\/04\/pobrane6.jpg\" rel=\"lightbox[15626]\"><img decoding=\"async\" class=\"alignleft size-medium wp-image-15627\" src=\"http:\/\/www.siemysli.info.ke\/wp-content\/uploads\/2015\/04\/pobrane6-300x147.jpg\" alt=\"pobrane\" width=\"300\" height=\"147\" srcset=\"https:\/\/siemysli-ke.info\/wp-content\/uploads\/2015\/04\/pobrane6-300x147.jpg 300w, https:\/\/siemysli-ke.info\/wp-content\/uploads\/2015\/04\/pobrane6.jpg 320w\" sizes=\"(max-width: 300px) 100vw, 300px\" \/><\/a>Rozbie\u017cne s\u0105 opinie w sprawie propozycji wzrostu p\u0142acy minimalnej. Zwi\u0105zki zawodowe domagaj\u0105 si\u0119 wzrostu do poziomu 50% \u015bredniego wynagrodzenia w gospodarce narodowej. Jednak podwy\u017cki w sektorze uzwi\u0105zkowionym nie za\u0142atwi\u0105 ogromnego problemu, jakim jest patologia pracy (ignorowanie przepis\u00f3w <em>Kodeksu Pracy<\/em> przez pracodawc\u00f3w, \u0142amanie przepis\u00f3w BHP), czy patologia p\u0142acy, stawiaj\u0105ca polskiego pracownika w bardzo niekorzystnej dla niego roli. Godzi si\u0119 przecie\u017c na najbardziej niekorzystne dla niego warunki p\u0142acy, przyjmuje prac\u0119 &#8222;na czarno&#8220; w sytuacji, gdzie np. w domach przedsi\u0119biorc\u00f3w budowlanych znajduj\u0105 si\u0119 fortuny. Gigantyczna suma ok. 2,5 mln z\u0142 pad\u0142a \u0142upem z\u0142odziei, kt\u00f3rzy w pierwszy dzie\u0144 \u015awi\u0105t Wielkanocnych w\u0142amali si\u0119 do dw\u00f3ch dom\u00f3w we wsi Pyz\u00f3wka (pow. nowotarski). Rabusie prawdopodobnie od d\u0142u\u017cszego czasu obserwowali domy swych ofiar. Cz\u0119\u015bc z tej kwoty by\u0142a przeznaczona na wyp\u0142aty do r\u0119ki &#8211; czyli, jak mniemam, bez ogl\u0105dania si\u0119 na ZUS. Obecnie wysoko\u015b\u0107 najni\u017cszej <img decoding=\"async\" class=\"alignleft size-medium wp-image-15628\" src=\"http:\/\/www.siemysli.info.ke\/wp-content\/uploads\/2015\/04\/2661072-a-poor-man-close-into-a-cage-240x300.jpg\" alt=\"2661072-a-poor-man-close-into-a-cage\" width=\"240\" height=\"300\" srcset=\"https:\/\/siemysli-ke.info\/wp-content\/uploads\/2015\/04\/2661072-a-poor-man-close-into-a-cage-240x300.jpg 240w, https:\/\/siemysli-ke.info\/wp-content\/uploads\/2015\/04\/2661072-a-poor-man-close-into-a-cage.jpg 321w\" sizes=\"(max-width: 240px) 100vw, 240px\" \/>p\u0142acy to 1750 z\u0142otych brutto, czyli 1286 z\u0142otych netto. Jak podkre\u015bla w rozmowie z IAR przewodnicz\u0105cy OPZZ, Jan Guz, po odliczeniu obowi\u0105zkowych op\u0142at za mieszkanie, pr\u0105d, gaz, wod\u0119, dojazdy do pracy, minimalne wynagrodzenie &#8211; nie wystarcza na egzystencj\u0119 na najni\u017cszym poziomie. Dzi\u0119ki takiej p\u0142acy tworzymy pracuj\u0105cych biedak\u00f3w, przysz\u0142ych lub obecnych pensjonariuszy MOPS-u, do\u017cywianych przez <em>Caritas<\/em>\u00a0i inne fundacje. Z braku pieni\u0119dzy zad\u0142u\u017caj\u0105c si\u0119 w chwil\u00f3wkach, ludzie ci staj\u0105 si\u0119 niewyp\u0142acalni &#8211; a w konsekwencji bezdomni. To nie \u015bwiat, kt\u00f3ry nas nie dotyczy &#8211; to problem skrywany przez miliony polskich rodzin.<\/p>\n<p>&#8211; Poza tym niskie p\u0142ace nie s\u0142u\u017c\u0105 gospodarce &#8211; dodaje Jan Guz.<\/p>\n<p style=\"text-align: justify;\">Zwraca te\u017c uwag\u0119, \u017ce mniej pieni\u0119dzy w obrocie, to mniejszy popyt na towary i mniej inwestycji. Innego zdania s\u0105 pracodawcy. Jak m\u00f3wi Ma\u0142gorzata Starczewska-Krzysztoszek z Konfederacji <em>Lewiatan<\/em>, p\u0142aca minimalna powy\u017cej 2 tysi\u0119cy z\u0142otych wp\u0142yn\u0119\u0142aby negatywnie na rynek pracy i obni\u017cy\u0142aby konkurencyjno\u015b\u0107 polskiej gospodarki. Ekonomistka zwraca uwag\u0119, \u017ce podwy\u017cka najni\u017cszego wynagrodzenia oznacza\u0142aby konieczno\u015b\u0107 podniesienia w odpowiednich proporcjach wynagrodze\u0144 tych wszystkich os\u00f3b, kt\u00f3re zarabiaj\u0105 wi\u0119cej ni\u017c minimum. To za\u015b przynios\u0142oby totalny wzrost koszt\u00f3w wynagrodze\u0144 w gospodarce.\u00a0<em>Lewiatan<\/em> jest forpoczt\u0105 globalnego liberalizmu i reprezentuje interesy wielkiego pieni\u0105dza. Je\u015bli nad dobro wsp\u00f3lne <a href=\"http:\/\/www.siemysli.info.ke\/wp-content\/uploads\/2015\/04\/images.png\" rel=\"lightbox[15626]\"><img decoding=\"async\" class=\"alignleft size-full wp-image-15629\" src=\"http:\/\/www.siemysli.info.ke\/wp-content\/uploads\/2015\/04\/images.png\" alt=\"images\" width=\"280\" height=\"180\" \/><\/a>przedk\u0142ada si\u0119 zysk jednostki, wtedy m\u00f3wimy o patologii systemu, jaki s\u0142u\u017cy najbogatszym. Zainfekowana ow\u0105 chorob\u0105 jest ta cz\u0119\u015b\u0107 spo\u0142ecze\u0144stwa, kt\u00f3ra dzi\u0119ki odpowiednim przepisom \u017ceruje na dobru wsp\u00f3lnym. Prawnicy, doradcy podatkowi &#8211; szukaj\u0105cy omijania przepis\u00f3w i krociowych zysk\u00f3w &#8211; adwokaci i policjanci, kt\u00f3rzy za \u0142ap\u00f3wki potrafi\u0105 wyci\u0105gn\u0105\u0107 z wi\u0119zienia najgorszego zbira, lekarze nie lecz\u0105cy a bior\u0105cy \u0142ap\u00f3wki za wykonane operacje, politycy, pracuj\u0105cy w sp\u00f3\u0142kach i lobbuj\u0105cy na rzecz prywatnego kapita\u0142u. Lista jest d\u0142uga i stawia nasz kraj na li\u015bcie bankrut\u00f3w. Trzy biliony d\u0142ugu nie do sp\u0142acenia, 41% naszych obligacji d\u0142u\u017cnych \u00a0znajduje si\u0119 w portfelach zagranicznych inwestor\u00f3w. Pytanie jednak, czy zawsze tak b\u0119dzie. Odpowiedzi udziela Arnaud Mares z banku inwestycyjnego Morgan Stanley: \u201eNie pytaj, czy rz\u0105dy zbankrutuj\u0105. Pytaj, jak to uczyni\u0105\u201d. Mo\u017ce to by\u0107 klasyczne bankructwo, po\u0142\u0105czone z restrukturyzacj\u0105 d\u0142ugu. Mo\u017ce si\u0119 ono te\u017c odby\u0107 przez druk pieni\u0105dza i inflacj\u0119. Wygl\u0105da na to, \u017ce czas strat nadchodzi. Kanclerz Niemiec Angeli Merkel uda\u0142o si\u0119 w ko\u0144cu pa\u017adziernika przeforsowa\u0107 w gronie pa\u0144stw strefy euro stanowisko, i\u017c w przysz\u0142o\u015bci, po 2013 roku, koszty ratowania pa\u0144stw zagro\u017conych niewyp\u0142acalno\u015bci\u0105 musz\u0105 ponosi\u0107 nie tylko podatnicy, lecz tak\u017ce posiadacze obligacji. Wystarczy, \u017ce po Grecji i <a href=\"http:\/\/www.siemysli.info.ke\/wp-content\/uploads\/2015\/04\/sensation-clipart-7b1d104a94c1052986d0e5344ec35d6d.jpg\" rel=\"lightbox[15626]\"><img decoding=\"async\" class=\"alignleft size-medium wp-image-15630\" src=\"http:\/\/www.siemysli.info.ke\/wp-content\/uploads\/2015\/04\/sensation-clipart-7b1d104a94c1052986d0e5344ec35d6d-262x300.jpg\" alt=\"sensation-clipart-7b1d104a94c1052986d0e5344ec35d6d\" width=\"262\" height=\"300\" srcset=\"https:\/\/siemysli-ke.info\/wp-content\/uploads\/2015\/04\/sensation-clipart-7b1d104a94c1052986d0e5344ec35d6d-262x300.jpg 262w, https:\/\/siemysli-ke.info\/wp-content\/uploads\/2015\/04\/sensation-clipart-7b1d104a94c1052986d0e5344ec35d6d.jpg 412w\" sizes=\"(max-width: 262px) 100vw, 262px\" \/><\/a>Irlandii zaczn\u0105 si\u0119 wywraca\u0107 kolejne klocki europejskiego domina. Inwestorom zagranicznym \u0142atwiej ni\u017c krajowym instytucjom finansowym podj\u0105\u0107 decyzj\u0119 o pozbyciu si\u0119 polskich papier\u00f3w. Gdy poczuj\u0105 zagro\u017cenie, przestan\u0105 kupowa\u0107 nowe obligacje, a spr\u00f3buj\u0105 sprzeda\u0107 posiadane. 273 mld z\u0142otych z ponad 650 mld polskiego d\u0142ugu, jakie mieli pod koniec wrze\u015bnia zagraniczni inwestorzy, to kwota mniej wi\u0119cej por\u00f3wnywalna z naszymi rezerwami walutowymi. Gdyby zagraniczni inwestorzy sprzedali wszystkie polskie obligacje, zostaliby\u015bmy z pustymi kieszeniami. Czy ten czas nadchodzi? Widzimy, co globalny kapita\u0142 zrobi\u0142 z Ukrain\u0105. Zasobny kraj skorumpowa\u0142 poprzez kilkunastu oligarch\u00f3w, wp\u0119dzi\u0142 w bratob\u00f3jcz\u0105 wojn\u0119 i skupi\u0142 papiery d\u0142u\u017cne Ukrainy, stawiaj\u0105c j\u0105 w roli bezpa\u0144skiego kundla. Miliony obywateli Ukrainy zamierzaj\u0105 emigrowa\u0107 za chlebem i to jest tykaj\u0105ca bomba zegarowa u granic Polski.<\/p>\n<p>Zgodnie z prawem wynagrodzenie pracownika w okresie pierwszego roku jego pracy nie musi wynosi\u0107 1750 z\u0142otych. Nie mo\u017ce by\u0107 jednak ni\u017csze ni\u017c 80% wysoko\u015bci p\u0142acy minimalnej. \u017byj, pracuj, zag\u0142odzony zdychaj&#8230;<\/p>\n<p>&nbsp;<\/p>\n<p style=\"text-align: right;\"><strong>Roman Boryczko<\/strong>,<\/p>\n<p style=\"text-align: right;\"><em> kwiecie\u0144 2015<\/em><\/p>\n","protected":false},"excerpt":{"rendered":"<p>Rozbie\u017cne s\u0105 opinie w sprawie propozycji wzrostu p\u0142acy minimalnej. Zwi\u0105zki zawodowe domagaj\u0105 si\u0119 wzrostu do poziomu 50% \u015bredniego wynagrodzenia w<\/p>\n","protected":false},"author":7,"featured_media":15629,"comment_status":"open","ping_status":"open","sticky":false,"template":"","format":"standard","meta":{"colormag_page_layout":"default_layout","footnotes":""},"categories":[7,81],"tags":[2499,2498,2484,2267,2483,202],"class_list":["post-15626","post","type-post","status-publish","format-standard","has-post-thumbnail","hentry","category-gospodarka","category-rzeczpospolita","tag-caritas","tag-globalny-kapital","tag-mniej-pieniedzy-w-obrocie-to-mniejszy-popyt-na-towary-i-mniej-inwestycji","tag-praca-na-czarno","tag-placa-minimalna","tag-roman-boryczko"],"yoast_head":"<!-- This site is optimized with the Yoast SEO plugin v25.1 - https:\/\/yoast.com\/wordpress\/plugins\/seo\/ -->\n<title>Patologia pracy, patologia p\u0142acy, upadek Polski... - SI\u0118 MY\u015aLI<\/title>\n<meta name=\"robots\" content=\"index, follow, max-snippet:-1, max-image-preview:large, max-video-preview:-1\" \/>\n<link rel=\"canonical\" href=\"https:\/\/siemysli-ke.info\/de\/patologia-pracy-patologia-placyupadek-polski\/\" \/>\n<meta property=\"og:locale\" content=\"de_DE\" \/>\n<meta property=\"og:type\" content=\"article\" \/>\n<meta property=\"og:title\" content=\"Patologia pracy, patologia p\u0142acy, upadek Polski... - SI\u0118 MY\u015aLI\" \/>\n<meta property=\"og:description\" content=\"Rozbie\u017cne s\u0105 opinie w sprawie propozycji wzrostu p\u0142acy minimalnej. Zwi\u0105zki zawodowe domagaj\u0105 si\u0119 wzrostu do poziomu 50% \u015bredniego wynagrodzenia w\" \/>\n<meta property=\"og:url\" content=\"https:\/\/siemysli-ke.info\/de\/patologia-pracy-patologia-placyupadek-polski\/\" \/>\n<meta property=\"og:site_name\" content=\"SI\u0118 MY\u015aLI\" \/>\n<meta property=\"article:published_time\" content=\"2015-04-27T19:22:34+00:00\" \/>\n<meta property=\"article:modified_time\" content=\"2015-04-27T21:54:51+00:00\" \/>\n<meta property=\"og:image\" content=\"https:\/\/siemysli-ke.info\/wp-content\/uploads\/2015\/04\/images.png\" \/>\n\t<meta property=\"og:image:width\" content=\"280\" \/>\n\t<meta property=\"og:image:height\" content=\"180\" \/>\n\t<meta property=\"og:image:type\" content=\"image\/png\" \/>\n<meta name=\"author\" content=\"Jaromir\" \/>\n<meta name=\"twitter:label1\" content=\"Verfasst von\" \/>\n\t<meta name=\"twitter:data1\" content=\"Jaromir\" \/>\n\t<meta name=\"twitter:label2\" content=\"Gesch\u00e4tzte Lesezeit\" \/>\n\t<meta name=\"twitter:data2\" content=\"4\u00a0Minuten\" \/>\n<script type=\"application\/ld+json\" class=\"yoast-schema-graph\">{\"@context\":\"https:\/\/schema.org\",\"@graph\":[{\"@type\":\"Article\",\"@id\":\"https:\/\/siemysli-ke.info\/de\/patologia-pracy-patologia-placyupadek-polski\/#article\",\"isPartOf\":{\"@id\":\"https:\/\/siemysli-ke.info\/de\/patologia-pracy-patologia-placyupadek-polski\/\"},\"author\":{\"name\":\"Jaromir\",\"@id\":\"https:\/\/siemysli-ke.info\/#\/schema\/person\/66d741fa745a44f2fe46d112bc6499f2\"},\"headline\":\"Patologia pracy, patologia p\u0142acy, upadek Polski&#8230;\",\"datePublished\":\"2015-04-27T19:22:34+00:00\",\"dateModified\":\"2015-04-27T21:54:51+00:00\",\"mainEntityOfPage\":{\"@id\":\"https:\/\/siemysli-ke.info\/de\/patologia-pracy-patologia-placyupadek-polski\/\"},\"wordCount\":809,\"commentCount\":0,\"publisher\":{\"@id\":\"https:\/\/siemysli-ke.info\/#organization\"},\"image\":{\"@id\":\"https:\/\/siemysli-ke.info\/de\/patologia-pracy-patologia-placyupadek-polski\/#primaryimage\"},\"thumbnailUrl\":\"https:\/\/siemysli-ke.info\/wp-content\/uploads\/2015\/04\/images.png\",\"keywords\":[\"Caritas\",\"globalny kapita\u0142\",\"mniej pieni\u0119dzy w obrocie to mniejszy popyt na towary i mniej inwestycji\",\"praca \\\"na czarno\\\"\",\"p\u0142aca minimalna\",\"Roman Boryczko\"],\"articleSection\":[\"Gospodarka i polityka\",\"Rzeczypospolita\"],\"inLanguage\":\"de\",\"potentialAction\":[{\"@type\":\"CommentAction\",\"name\":\"Comment\",\"target\":[\"https:\/\/siemysli-ke.info\/de\/patologia-pracy-patologia-placyupadek-polski\/#respond\"]}]},{\"@type\":\"WebPage\",\"@id\":\"https:\/\/siemysli-ke.info\/de\/patologia-pracy-patologia-placyupadek-polski\/\",\"url\":\"https:\/\/siemysli-ke.info\/de\/patologia-pracy-patologia-placyupadek-polski\/\",\"name\":\"Patologia pracy, patologia p\u0142acy, upadek Polski... - SI\u0118 MY\u015aLI\",\"isPartOf\":{\"@id\":\"https:\/\/siemysli-ke.info\/de\/#website\"},\"primaryImageOfPage\":{\"@id\":\"https:\/\/siemysli-ke.info\/de\/patologia-pracy-patologia-placyupadek-polski\/#primaryimage\"},\"image\":{\"@id\":\"https:\/\/siemysli-ke.info\/de\/patologia-pracy-patologia-placyupadek-polski\/#primaryimage\"},\"thumbnailUrl\":\"https:\/\/siemysli-ke.info\/wp-content\/uploads\/2015\/04\/images.png\",\"datePublished\":\"2015-04-27T19:22:34+00:00\",\"dateModified\":\"2015-04-27T21:54:51+00:00\",\"breadcrumb\":{\"@id\":\"https:\/\/siemysli-ke.info\/de\/patologia-pracy-patologia-placyupadek-polski\/#breadcrumb\"},\"inLanguage\":\"de\",\"potentialAction\":[{\"@type\":\"ReadAction\",\"target\":[[\"https:\/\/siemysli-ke.info\/de\/patologia-pracy-patologia-placyupadek-polski\/\"]]}]},{\"@type\":\"ImageObject\",\"inLanguage\":\"de\",\"@id\":\"https:\/\/siemysli-ke.info\/de\/patologia-pracy-patologia-placyupadek-polski\/#primaryimage\",\"url\":\"https:\/\/siemysli-ke.info\/wp-content\/uploads\/2015\/04\/images.png\",\"contentUrl\":\"https:\/\/siemysli-ke.info\/wp-content\/uploads\/2015\/04\/images.png\",\"width\":280,\"height\":180},{\"@type\":\"BreadcrumbList\",\"@id\":\"https:\/\/siemysli-ke.info\/de\/patologia-pracy-patologia-placyupadek-polski\/#breadcrumb\",\"itemListElement\":[{\"@type\":\"ListItem\",\"position\":1,\"name\":\"Home\",\"item\":\"https:\/\/siemysli-ke.info\/de\/\"},{\"@type\":\"ListItem\",\"position\":2,\"name\":\"Patologia pracy, patologia p\u0142acy, upadek Polski&#8230;\"}]},{\"@type\":\"WebSite\",\"@id\":\"https:\/\/siemysli-ke.info\/de\/#website\",\"url\":\"https:\/\/siemysli-ke.info\/de\/\",\"name\":\"SI\u0118 MY\u015aLI\",\"description\":\"\",\"publisher\":{\"@id\":\"https:\/\/siemysli-ke.info\/de\/#organization\"},\"potentialAction\":[{\"@type\":\"SearchAction\",\"target\":{\"@type\":\"EntryPoint\",\"urlTemplate\":\"https:\/\/siemysli-ke.info\/de\/?s={search_term_string}\"},\"query-input\":{\"@type\":\"PropertyValueSpecification\",\"valueRequired\":true,\"valueName\":\"search_term_string\"}}],\"inLanguage\":\"de\"},{\"@type\":\"Organization\",\"@id\":\"https:\/\/siemysli-ke.info\/de\/#organization\",\"name\":\"SI\u0118 MY\u015aLI\",\"url\":\"https:\/\/siemysli-ke.info\/de\/\",\"logo\":{\"@type\":\"ImageObject\",\"inLanguage\":\"de\",\"@id\":\"https:\/\/siemysli-ke.info\/de\/#\/schema\/logo\/image\/\",\"url\":\"https:\/\/siemysli-ke.info\/wp-content\/uploads\/2025\/05\/99.png\",\"contentUrl\":\"https:\/\/siemysli-ke.info\/wp-content\/uploads\/2025\/05\/99.png\",\"width\":270,\"height\":204,\"caption\":\"SI\u0118 MY\u015aLI\"},\"image\":{\"@id\":\"https:\/\/siemysli-ke.info\/de\/#\/schema\/logo\/image\/\"}},{\"@type\":\"Person\",\"@id\":\"https:\/\/siemysli-ke.info\/#\/schema\/person\/66d741fa745a44f2fe46d112bc6499f2\",\"name\":\"Jaromir\",\"image\":{\"@type\":\"ImageObject\",\"inLanguage\":\"de\",\"@id\":\"https:\/\/siemysli-ke.info\/de\/#\/schema\/person\/image\/\",\"url\":\"https:\/\/secure.gravatar.com\/avatar\/fe881559e8ac8dda20293e9e8317d4678c6ad8f65f85a9ce5e1a87cee56b6198?s=96&d=mm&r=g\",\"contentUrl\":\"https:\/\/secure.gravatar.com\/avatar\/fe881559e8ac8dda20293e9e8317d4678c6ad8f65f85a9ce5e1a87cee56b6198?s=96&d=mm&r=g\",\"caption\":\"Jaromir\"},\"url\":\"https:\/\/siemysli-ke.info\/de\/author\/jaromir\/\"}]}<\/script>\n<!-- \/ Yoast SEO plugin. -->","yoast_head_json":{"title":"Patologia pracy, patologia p\u0142acy, upadek Polski... - SI\u0118 MY\u015aLI","robots":{"index":"index","follow":"follow","max-snippet":"max-snippet:-1","max-image-preview":"max-image-preview:large","max-video-preview":"max-video-preview:-1"},"canonical":"https:\/\/siemysli-ke.info\/de\/patologia-pracy-patologia-placyupadek-polski\/","og_locale":"de_DE","og_type":"article","og_title":"Patologia pracy, patologia p\u0142acy, upadek Polski... - SI\u0118 MY\u015aLI","og_description":"Rozbie\u017cne s\u0105 opinie w sprawie propozycji wzrostu p\u0142acy minimalnej. Zwi\u0105zki zawodowe domagaj\u0105 si\u0119 wzrostu do poziomu 50% \u015bredniego wynagrodzenia w","og_url":"https:\/\/siemysli-ke.info\/de\/patologia-pracy-patologia-placyupadek-polski\/","og_site_name":"SI\u0118 MY\u015aLI","article_published_time":"2015-04-27T19:22:34+00:00","article_modified_time":"2015-04-27T21:54:51+00:00","og_image":[{"width":280,"height":180,"url":"https:\/\/siemysli-ke.info\/wp-content\/uploads\/2015\/04\/images.png","type":"image\/png"}],"author":"Jaromir","twitter_misc":{"Verfasst von":"Jaromir","Gesch\u00e4tzte Lesezeit":"4\u00a0Minuten"},"schema":{"@context":"https:\/\/schema.org","@graph":[{"@type":"Article","@id":"https:\/\/siemysli-ke.info\/de\/patologia-pracy-patologia-placyupadek-polski\/#article","isPartOf":{"@id":"https:\/\/siemysli-ke.info\/de\/patologia-pracy-patologia-placyupadek-polski\/"},"author":{"name":"Jaromir","@id":"https:\/\/siemysli-ke.info\/#\/schema\/person\/66d741fa745a44f2fe46d112bc6499f2"},"headline":"Patologia pracy, patologia p\u0142acy, upadek Polski&#8230;","datePublished":"2015-04-27T19:22:34+00:00","dateModified":"2015-04-27T21:54:51+00:00","mainEntityOfPage":{"@id":"https:\/\/siemysli-ke.info\/de\/patologia-pracy-patologia-placyupadek-polski\/"},"wordCount":809,"commentCount":0,"publisher":{"@id":"https:\/\/siemysli-ke.info\/#organization"},"image":{"@id":"https:\/\/siemysli-ke.info\/de\/patologia-pracy-patologia-placyupadek-polski\/#primaryimage"},"thumbnailUrl":"https:\/\/siemysli-ke.info\/wp-content\/uploads\/2015\/04\/images.png","keywords":["Caritas","globalny kapita\u0142","mniej pieni\u0119dzy w obrocie to mniejszy popyt na towary i mniej inwestycji","praca \"na czarno\"","p\u0142aca minimalna","Roman Boryczko"],"articleSection":["Gospodarka i polityka","Rzeczypospolita"],"inLanguage":"de","potentialAction":[{"@type":"CommentAction","name":"Comment","target":["https:\/\/siemysli-ke.info\/de\/patologia-pracy-patologia-placyupadek-polski\/#respond"]}]},{"@type":"WebPage","@id":"https:\/\/siemysli-ke.info\/de\/patologia-pracy-patologia-placyupadek-polski\/","url":"https:\/\/siemysli-ke.info\/de\/patologia-pracy-patologia-placyupadek-polski\/","name":"Patologia pracy, patologia p\u0142acy, upadek Polski... - SI\u0118 MY\u015aLI","isPartOf":{"@id":"https:\/\/siemysli-ke.info\/de\/#website"},"primaryImageOfPage":{"@id":"https:\/\/siemysli-ke.info\/de\/patologia-pracy-patologia-placyupadek-polski\/#primaryimage"},"image":{"@id":"https:\/\/siemysli-ke.info\/de\/patologia-pracy-patologia-placyupadek-polski\/#primaryimage"},"thumbnailUrl":"https:\/\/siemysli-ke.info\/wp-content\/uploads\/2015\/04\/images.png","datePublished":"2015-04-27T19:22:34+00:00","dateModified":"2015-04-27T21:54:51+00:00","breadcrumb":{"@id":"https:\/\/siemysli-ke.info\/de\/patologia-pracy-patologia-placyupadek-polski\/#breadcrumb"},"inLanguage":"de","potentialAction":[{"@type":"ReadAction","target":[["https:\/\/siemysli-ke.info\/de\/patologia-pracy-patologia-placyupadek-polski\/"]]}]},{"@type":"ImageObject","inLanguage":"de","@id":"https:\/\/siemysli-ke.info\/de\/patologia-pracy-patologia-placyupadek-polski\/#primaryimage","url":"https:\/\/siemysli-ke.info\/wp-content\/uploads\/2015\/04\/images.png","contentUrl":"https:\/\/siemysli-ke.info\/wp-content\/uploads\/2015\/04\/images.png","width":280,"height":180},{"@type":"BreadcrumbList","@id":"https:\/\/siemysli-ke.info\/de\/patologia-pracy-patologia-placyupadek-polski\/#breadcrumb","itemListElement":[{"@type":"ListItem","position":1,"name":"Home","item":"https:\/\/siemysli-ke.info\/de\/"},{"@type":"ListItem","position":2,"name":"Patologia pracy, patologia p\u0142acy, upadek Polski&#8230;"}]},{"@type":"WebSite","@id":"https:\/\/siemysli-ke.info\/de\/#website","url":"https:\/\/siemysli-ke.info\/de\/","name":"SI\u0118 MY\u015aLI","description":"","publisher":{"@id":"https:\/\/siemysli-ke.info\/de\/#organization"},"potentialAction":[{"@type":"SearchAction","target":{"@type":"EntryPoint","urlTemplate":"https:\/\/siemysli-ke.info\/de\/?s={search_term_string}"},"query-input":{"@type":"PropertyValueSpecification","valueRequired":true,"valueName":"search_term_string"}}],"inLanguage":"de"},{"@type":"Organization","@id":"https:\/\/siemysli-ke.info\/de\/#organization","name":"SI\u0118 MY\u015aLI","url":"https:\/\/siemysli-ke.info\/de\/","logo":{"@type":"ImageObject","inLanguage":"de","@id":"https:\/\/siemysli-ke.info\/de\/#\/schema\/logo\/image\/","url":"https:\/\/siemysli-ke.info\/wp-content\/uploads\/2025\/05\/99.png","contentUrl":"https:\/\/siemysli-ke.info\/wp-content\/uploads\/2025\/05\/99.png","width":270,"height":204,"caption":"SI\u0118 MY\u015aLI"},"image":{"@id":"https:\/\/siemysli-ke.info\/de\/#\/schema\/logo\/image\/"}},{"@type":"Person","@id":"https:\/\/siemysli-ke.info\/#\/schema\/person\/66d741fa745a44f2fe46d112bc6499f2","name":"Jaromir","image":{"@type":"ImageObject","inLanguage":"de","@id":"https:\/\/siemysli-ke.info\/de\/#\/schema\/person\/image\/","url":"https:\/\/secure.gravatar.com\/avatar\/fe881559e8ac8dda20293e9e8317d4678c6ad8f65f85a9ce5e1a87cee56b6198?s=96&d=mm&r=g","contentUrl":"https:\/\/secure.gravatar.com\/avatar\/fe881559e8ac8dda20293e9e8317d4678c6ad8f65f85a9ce5e1a87cee56b6198?s=96&d=mm&r=g","caption":"Jaromir"},"url":"https:\/\/siemysli-ke.info\/de\/author\/jaromir\/"}]}},"_links":{"self":[{"href":"https:\/\/siemysli-ke.info\/de\/wp-json\/wp\/v2\/posts\/15626","targetHints":{"allow":["GET"]}}],"collection":[{"href":"https:\/\/siemysli-ke.info\/de\/wp-json\/wp\/v2\/posts"}],"about":[{"href":"https:\/\/siemysli-ke.info\/de\/wp-json\/wp\/v2\/types\/post"}],"author":[{"embeddable":true,"href":"https:\/\/siemysli-ke.info\/de\/wp-json\/wp\/v2\/users\/7"}],"replies":[{"embeddable":true,"href":"https:\/\/siemysli-ke.info\/de\/wp-json\/wp\/v2\/comments?post=15626"}],"version-history":[{"count":0,"href":"https:\/\/siemysli-ke.info\/de\/wp-json\/wp\/v2\/posts\/15626\/revisions"}],"wp:featuredmedia":[{"embeddable":true,"href":"https:\/\/siemysli-ke.info\/de\/wp-json\/wp\/v2\/media\/15629"}],"wp:attachment":[{"href":"https:\/\/siemysli-ke.info\/de\/wp-json\/wp\/v2\/media?parent=15626"}],"wp:term":[{"taxonomy":"category","embeddable":true,"href":"https:\/\/siemysli-ke.info\/de\/wp-json\/wp\/v2\/categories?post=15626"},{"taxonomy":"post_tag","embeddable":true,"href":"https:\/\/siemysli-ke.info\/de\/wp-json\/wp\/v2\/tags?post=15626"}],"curies":[{"name":"wp","href":"https:\/\/api.w.org\/{rel}","templated":true}]}}