 {"id":15586,"date":"2015-04-24T12:36:35","date_gmt":"2015-04-24T10:36:35","guid":{"rendered":"http:\/\/www.siemysli.info.ke\/?p=15586"},"modified":"2015-04-26T16:33:52","modified_gmt":"2015-04-26T14:33:52","slug":"platforma-obywatelska-dala-zielone-swiatlo-dla-emigracji-z-afryki","status":"publish","type":"post","link":"https:\/\/siemysli-ke.info\/de\/platforma-obywatelska-dala-zielone-swiatlo-dla-emigracji-z-afryki\/","title":{"rendered":"Platforma Obywatelska da\u0142a zielone \u015bwiat\u0142o dla emigracji z Afryki?"},"content":{"rendered":"<p style=\"text-align: justify;\"><a href=\"http:\/\/www.siemysli.info.ke\/wp-content\/uploads\/2015\/04\/d99322d03f30552c359edcc02f4f378d641000.jpg\" rel=\"lightbox[15586]\"><img decoding=\"async\" class=\"alignleft size-medium wp-image-15587\" src=\"http:\/\/www.siemysli.info.ke\/wp-content\/uploads\/2015\/04\/d99322d03f30552c359edcc02f4f378d641000-300x235.jpg\" alt=\"d99322d03f30552c359edcc02f4f378d,641,0,0,0\" width=\"300\" height=\"235\" srcset=\"https:\/\/siemysli-ke.info\/wp-content\/uploads\/2015\/04\/d99322d03f30552c359edcc02f4f378d641000-300x235.jpg 300w, https:\/\/siemysli-ke.info\/wp-content\/uploads\/2015\/04\/d99322d03f30552c359edcc02f4f378d641000.jpg 641w\" sizes=\"(max-width: 300px) 100vw, 300px\" \/><\/a>Jak twierdzi RMF FM, eurodeputowani rz\u0105dz\u0105cej w Polsce partii, Platformy Obywatelskiej, przystali na to, aby podzieli\u0107 si\u0119 nap\u0142ywem islamskich emigrant\u00f3w z Afryki. Oznacza to, \u017ce b\u0119dziemy musieli utrzyma\u0107 cz\u0119sto niepi\u015bmiennych, schorowanych ludzi z naszych podatk\u00f3w. Wraz z autentycznymi uchod\u017acami wojennymi czy politycznymi, na \u0142odziach do Europy p\u0142yn\u0105 te\u017c skrajni islami\u015bci i bojownicy globalnego <em>d\u017cihadu<\/em>. Emigranci z Afryki s\u0142abo adaptuj\u0105 si\u0119 na rynku pracy, staj\u0105c si\u0119 obci\u0105\u017ceniem socjalnym pa\u0144stw UE. Eksploatacja Czarnego L\u0105du, wydzieranie\u00a0 jej d\u00f3br naturalnych przez mi\u0119dzynarodowe korporacje, wspieranie re\u017cim\u00f3w, dokonuj\u0105cych pa\u0142acowych przewrot\u00f3w i \u0142atwy dost\u0119p do broni &#8211; spowodowa\u0142y destabilizacje ca\u0142ego regionu. Uciekaj\u0105 miliony ludzi, szukaj\u0105c spokoju, schronienia, wody i jedzenia &#8211; cho\u0107by na \u015bmietniku Europy. Nasza cywilizacja ukonstytuowa\u0142a nadprodukcj\u0119 i wyrzucanie jedzenia. W tym samym momencie Afryka kona z g\u0142odu.<\/p>\n<p style=\"text-align: justify;\"><strong>Na Starym Kontynencie trwa obecnie wielka wojna cywilizacji.<\/strong> Jedn\u0105 z jej twarzy jest trwaj\u0105ca nieprzerwanie inwazja na Europ\u0119, zwana eufemistycznie &#8222;problemem z imigrantami&#8220;. Okazuje si\u0119, \u017ce przybysz\u00f3w z Afryki jest zbyt du\u017co. M\u00f3wi si\u0119 nawet o dw\u00f3ch milionach uchod\u017ac\u00f3w. Przyp\u0142ywaj\u0105 na po\u0142udnie kontynenu \u0142odziami, pontonami, gin\u0105c po drodze tysi\u0105cami z r\u0105k \u017cywio\u0142\u00f3w czy nieuczciwych kurier\u00f3w.<\/p>\n<p style=\"text-align: justify;\"><a href=\"http:\/\/www.siemysli.info.ke\/wp-content\/uploads\/2015\/04\/pobrane4.jpg\" rel=\"lightbox[15586]\"><img decoding=\"async\" class=\"alignleft size-full wp-image-15588\" src=\"http:\/\/www.siemysli.info.ke\/wp-content\/uploads\/2015\/04\/pobrane4.jpg\" alt=\"pobrane\" width=\"272\" height=\"185\" \/><\/a>Ka\u017cdy z kraj\u00f3w Unii Europejskiej, zale\u017cnie od wielko\u015bci, ma zobowi\u0105za\u0107 si\u0119 do przyj\u0119cia okre\u015blonej populacji emigrant\u00f3w. Nikt nie pyta o realne bezrobocie i produkcj\u0119 w tym kraju. Oznacza to, \u017ce Polska ze wzgl\u0119du na swoj\u0105 wielko\u015b\u0107 i populacj\u0119, b\u0119dzie musia\u0142a przyj\u0105\u0107 setki tysi\u0119cy imigrant\u00f3w, kt\u00f3rym trzeba b\u0119dzie zapewni\u0107 dach nad g\u0142ow\u0105 i wy\u017cywienie, a nie zapominajmy \u017ce dla obywateli RP brakuje od dawna podstawowych przywilej\u00f3w a mieszka\u0144 socjalnych w og\u00f3le nie buduje si\u0119 od lat. <strong>Zaiste to bardzo dziwna sytuacja &#8211; libera\u0142owie w Brukseli wyst\u0119puj\u0105 na forum w roli owieczek, gdy ta sama formacja w swoim macierzystym kraju jest bezlitosnym drapie\u017cnikiem.<\/strong> Nie wszyscy w Europie \u00a0s\u0105 jednomy\u015blni na temat destabilizacji Afryki i emigracji. Bardzo ostro na temat tego pomys\u0142u wypowiadaj\u0105 si\u0119 Czesi, ale nar\u00f3d ten si\u0119 szanuje, w przeciwie\u0144stwie do Polak\u00f3w. Nie wiadomo jednak, co zdo\u0142aj\u0105 dla siebie wynegocjowa\u0107. Polacy od czasu gdy na unijn\u0105 synekur\u0119 odszed\u0142 by\u0142y kaszubski premier &#8211; nawet nie negocjuj\u0105, zgadzaj\u0105c si\u0119 na wszystko. Taka by\u0142a umowa &#8211; lider odszed\u0142 na eksponowane stanowisko a partia w kraju zgadza si\u0119 na wszelkie akty prawne, p\u0142yn\u0105ce z Brukseli.<\/p>\n<p style=\"text-align: justify;\"><a href=\"http:\/\/www.siemysli.info.ke\/wp-content\/uploads\/2015\/04\/THUMB_PAN_lampedusa_uchodzcy_3.jpg\" rel=\"lightbox[15586]\"><img decoding=\"async\" class=\"alignleft size-medium wp-image-15589\" src=\"http:\/\/www.siemysli.info.ke\/wp-content\/uploads\/2015\/04\/THUMB_PAN_lampedusa_uchodzcy_3-300x141.jpg\" alt=\"THUMB_PAN_lampedusa_uchodzcy_3\" width=\"300\" height=\"141\" srcset=\"https:\/\/siemysli-ke.info\/wp-content\/uploads\/2015\/04\/THUMB_PAN_lampedusa_uchodzcy_3-300x141.jpg 300w, https:\/\/siemysli-ke.info\/wp-content\/uploads\/2015\/04\/THUMB_PAN_lampedusa_uchodzcy_3.jpg 395w\" sizes=\"(max-width: 300px) 100vw, 300px\" \/><\/a><strong>Pozostaje zapyta\u0107 rz\u0105dz\u0105cych &#8211; czy na tak\u0105 polityk\u0119 emigracyjn\u0105 maj\u0105 przeznaczone fundusze, czy te\u017c cz\u0119\u015b\u0107 zobowi\u0105za\u0144 pochodzi\u0107 b\u0119dzie z kolejnych kredyt\u00f3w, zaci\u0105ganych przez Polsk\u0119?<\/strong><\/p>\n<p style=\"text-align: justify;\">By m\u00f3c wyci\u0105ga\u0107 pomocn\u0105 d\u0142o\u0144 do Afryki, wpierw za nasz\u0105 bied\u0119 i niedol\u0119 &#8211; do wi\u0119zie\u0144 wp\u0119dzi\u0107 musimy naszych mi\u0142o\u015bnik\u00f3w wolnego rynku i sprzedawania w\u0142asnego kraju za \u00a0gar\u015b\u0107 unijnych srebrnik\u00f3w.<\/p>\n<p style=\"text-align: right;\">Roman Boryczko,<\/p>\n<p style=\"text-align: right;\"><em>\u00a0kwiecie\u0144 2014<\/em><\/p>\n<p>&nbsp;<\/p>\n","protected":false},"excerpt":{"rendered":"<p>Jak twierdzi RMF FM, eurodeputowani rz\u0105dz\u0105cej w Polsce partii, Platformy Obywatelskiej, przystali na to, aby podzieli\u0107 si\u0119 nap\u0142ywem islamskich emigrant\u00f3w<\/p>\n","protected":false},"author":7,"featured_media":15588,"comment_status":"open","ping_status":"open","sticky":false,"template":"","format":"standard","meta":{"colormag_page_layout":"default_layout","footnotes":""},"categories":[7,81],"tags":[2470,2464,2469,251,202,346],"class_list":["post-15586","post","type-post","status-publish","format-standard","has-post-thumbnail","hentry","category-gospodarka","category-rzeczpospolita","tag-afryka-kona-z-glodu","tag-eurodeputowani","tag-imigranci-z-afryki","tag-po","tag-roman-boryczko","tag-ue-2"],"yoast_head":"<!-- This site is optimized with the Yoast SEO plugin v25.1 - https:\/\/yoast.com\/wordpress\/plugins\/seo\/ -->\n<title>Platforma Obywatelska da\u0142a zielone \u015bwiat\u0142o dla emigracji z Afryki? - SI\u0118 MY\u015aLI<\/title>\n<meta name=\"robots\" content=\"index, follow, max-snippet:-1, max-image-preview:large, max-video-preview:-1\" \/>\n<link rel=\"canonical\" href=\"https:\/\/siemysli-ke.info\/de\/platforma-obywatelska-dala-zielone-swiatlo-dla-emigracji-z-afryki\/\" \/>\n<meta property=\"og:locale\" content=\"de_DE\" \/>\n<meta property=\"og:type\" content=\"article\" \/>\n<meta property=\"og:title\" content=\"Platforma Obywatelska da\u0142a zielone \u015bwiat\u0142o dla emigracji z Afryki? - SI\u0118 MY\u015aLI\" \/>\n<meta property=\"og:description\" content=\"Jak twierdzi RMF FM, eurodeputowani rz\u0105dz\u0105cej w Polsce partii, Platformy Obywatelskiej, przystali na to, aby podzieli\u0107 si\u0119 nap\u0142ywem islamskich emigrant\u00f3w\" \/>\n<meta property=\"og:url\" content=\"https:\/\/siemysli-ke.info\/de\/platforma-obywatelska-dala-zielone-swiatlo-dla-emigracji-z-afryki\/\" \/>\n<meta property=\"og:site_name\" content=\"SI\u0118 MY\u015aLI\" \/>\n<meta property=\"article:published_time\" content=\"2015-04-24T10:36:35+00:00\" \/>\n<meta property=\"article:modified_time\" content=\"2015-04-26T14:33:52+00:00\" \/>\n<meta property=\"og:image\" content=\"https:\/\/siemysli-ke.info\/wp-content\/uploads\/2015\/04\/pobrane4.jpg\" \/>\n\t<meta property=\"og:image:width\" content=\"272\" \/>\n\t<meta property=\"og:image:height\" content=\"185\" \/>\n\t<meta property=\"og:image:type\" content=\"image\/jpeg\" \/>\n<meta name=\"author\" content=\"Jaromir\" \/>\n<meta name=\"twitter:label1\" content=\"Verfasst von\" \/>\n\t<meta name=\"twitter:data1\" content=\"Jaromir\" \/>\n\t<meta name=\"twitter:label2\" content=\"Gesch\u00e4tzte Lesezeit\" \/>\n\t<meta name=\"twitter:data2\" content=\"3\u00a0Minuten\" \/>\n<script type=\"application\/ld+json\" class=\"yoast-schema-graph\">{\"@context\":\"https:\/\/schema.org\",\"@graph\":[{\"@type\":\"Article\",\"@id\":\"https:\/\/siemysli-ke.info\/de\/platforma-obywatelska-dala-zielone-swiatlo-dla-emigracji-z-afryki\/#article\",\"isPartOf\":{\"@id\":\"https:\/\/siemysli-ke.info\/de\/platforma-obywatelska-dala-zielone-swiatlo-dla-emigracji-z-afryki\/\"},\"author\":{\"name\":\"Jaromir\",\"@id\":\"https:\/\/siemysli-ke.info\/#\/schema\/person\/66d741fa745a44f2fe46d112bc6499f2\"},\"headline\":\"Platforma Obywatelska da\u0142a zielone \u015bwiat\u0142o dla emigracji z Afryki?\",\"datePublished\":\"2015-04-24T10:36:35+00:00\",\"dateModified\":\"2015-04-26T14:33:52+00:00\",\"mainEntityOfPage\":{\"@id\":\"https:\/\/siemysli-ke.info\/de\/platforma-obywatelska-dala-zielone-swiatlo-dla-emigracji-z-afryki\/\"},\"wordCount\":521,\"commentCount\":0,\"publisher\":{\"@id\":\"https:\/\/siemysli-ke.info\/#organization\"},\"image\":{\"@id\":\"https:\/\/siemysli-ke.info\/de\/platforma-obywatelska-dala-zielone-swiatlo-dla-emigracji-z-afryki\/#primaryimage\"},\"thumbnailUrl\":\"https:\/\/siemysli-ke.info\/wp-content\/uploads\/2015\/04\/pobrane4.jpg\",\"keywords\":[\"Afryka kona z g\u0142odu\",\"eurodeputowani\",\"imigranci z Afryki\",\"PO\",\"Roman Boryczko\",\"UE\"],\"articleSection\":[\"Gospodarka i polityka\",\"Rzeczypospolita\"],\"inLanguage\":\"de\",\"potentialAction\":[{\"@type\":\"CommentAction\",\"name\":\"Comment\",\"target\":[\"https:\/\/siemysli-ke.info\/de\/platforma-obywatelska-dala-zielone-swiatlo-dla-emigracji-z-afryki\/#respond\"]}]},{\"@type\":\"WebPage\",\"@id\":\"https:\/\/siemysli-ke.info\/de\/platforma-obywatelska-dala-zielone-swiatlo-dla-emigracji-z-afryki\/\",\"url\":\"https:\/\/siemysli-ke.info\/de\/platforma-obywatelska-dala-zielone-swiatlo-dla-emigracji-z-afryki\/\",\"name\":\"Platforma Obywatelska da\u0142a zielone \u015bwiat\u0142o dla emigracji z Afryki? - SI\u0118 MY\u015aLI\",\"isPartOf\":{\"@id\":\"https:\/\/siemysli-ke.info\/de\/#website\"},\"primaryImageOfPage\":{\"@id\":\"https:\/\/siemysli-ke.info\/de\/platforma-obywatelska-dala-zielone-swiatlo-dla-emigracji-z-afryki\/#primaryimage\"},\"image\":{\"@id\":\"https:\/\/siemysli-ke.info\/de\/platforma-obywatelska-dala-zielone-swiatlo-dla-emigracji-z-afryki\/#primaryimage\"},\"thumbnailUrl\":\"https:\/\/siemysli-ke.info\/wp-content\/uploads\/2015\/04\/pobrane4.jpg\",\"datePublished\":\"2015-04-24T10:36:35+00:00\",\"dateModified\":\"2015-04-26T14:33:52+00:00\",\"breadcrumb\":{\"@id\":\"https:\/\/siemysli-ke.info\/de\/platforma-obywatelska-dala-zielone-swiatlo-dla-emigracji-z-afryki\/#breadcrumb\"},\"inLanguage\":\"de\",\"potentialAction\":[{\"@type\":\"ReadAction\",\"target\":[[\"https:\/\/siemysli-ke.info\/de\/platforma-obywatelska-dala-zielone-swiatlo-dla-emigracji-z-afryki\/\"]]}]},{\"@type\":\"ImageObject\",\"inLanguage\":\"de\",\"@id\":\"https:\/\/siemysli-ke.info\/de\/platforma-obywatelska-dala-zielone-swiatlo-dla-emigracji-z-afryki\/#primaryimage\",\"url\":\"https:\/\/siemysli-ke.info\/wp-content\/uploads\/2015\/04\/pobrane4.jpg\",\"contentUrl\":\"https:\/\/siemysli-ke.info\/wp-content\/uploads\/2015\/04\/pobrane4.jpg\",\"width\":272,\"height\":185},{\"@type\":\"BreadcrumbList\",\"@id\":\"https:\/\/siemysli-ke.info\/de\/platforma-obywatelska-dala-zielone-swiatlo-dla-emigracji-z-afryki\/#breadcrumb\",\"itemListElement\":[{\"@type\":\"ListItem\",\"position\":1,\"name\":\"Home\",\"item\":\"https:\/\/siemysli-ke.info\/de\/\"},{\"@type\":\"ListItem\",\"position\":2,\"name\":\"Platforma Obywatelska da\u0142a zielone \u015bwiat\u0142o dla emigracji z Afryki?\"}]},{\"@type\":\"WebSite\",\"@id\":\"https:\/\/siemysli-ke.info\/de\/#website\",\"url\":\"https:\/\/siemysli-ke.info\/de\/\",\"name\":\"SI\u0118 MY\u015aLI\",\"description\":\"\",\"publisher\":{\"@id\":\"https:\/\/siemysli-ke.info\/de\/#organization\"},\"potentialAction\":[{\"@type\":\"SearchAction\",\"target\":{\"@type\":\"EntryPoint\",\"urlTemplate\":\"https:\/\/siemysli-ke.info\/de\/?s={search_term_string}\"},\"query-input\":{\"@type\":\"PropertyValueSpecification\",\"valueRequired\":true,\"valueName\":\"search_term_string\"}}],\"inLanguage\":\"de\"},{\"@type\":\"Organization\",\"@id\":\"https:\/\/siemysli-ke.info\/de\/#organization\",\"name\":\"SI\u0118 MY\u015aLI\",\"url\":\"https:\/\/siemysli-ke.info\/de\/\",\"logo\":{\"@type\":\"ImageObject\",\"inLanguage\":\"de\",\"@id\":\"https:\/\/siemysli-ke.info\/de\/#\/schema\/logo\/image\/\",\"url\":\"https:\/\/siemysli-ke.info\/wp-content\/uploads\/2025\/05\/99.png\",\"contentUrl\":\"https:\/\/siemysli-ke.info\/wp-content\/uploads\/2025\/05\/99.png\",\"width\":270,\"height\":204,\"caption\":\"SI\u0118 MY\u015aLI\"},\"image\":{\"@id\":\"https:\/\/siemysli-ke.info\/de\/#\/schema\/logo\/image\/\"}},{\"@type\":\"Person\",\"@id\":\"https:\/\/siemysli-ke.info\/#\/schema\/person\/66d741fa745a44f2fe46d112bc6499f2\",\"name\":\"Jaromir\",\"image\":{\"@type\":\"ImageObject\",\"inLanguage\":\"de\",\"@id\":\"https:\/\/siemysli-ke.info\/de\/#\/schema\/person\/image\/\",\"url\":\"https:\/\/secure.gravatar.com\/avatar\/fe881559e8ac8dda20293e9e8317d4678c6ad8f65f85a9ce5e1a87cee56b6198?s=96&d=mm&r=g\",\"contentUrl\":\"https:\/\/secure.gravatar.com\/avatar\/fe881559e8ac8dda20293e9e8317d4678c6ad8f65f85a9ce5e1a87cee56b6198?s=96&d=mm&r=g\",\"caption\":\"Jaromir\"},\"url\":\"https:\/\/siemysli-ke.info\/de\/author\/jaromir\/\"}]}<\/script>\n<!-- \/ Yoast SEO plugin. -->","yoast_head_json":{"title":"Platforma Obywatelska da\u0142a zielone \u015bwiat\u0142o dla emigracji z Afryki? - SI\u0118 MY\u015aLI","robots":{"index":"index","follow":"follow","max-snippet":"max-snippet:-1","max-image-preview":"max-image-preview:large","max-video-preview":"max-video-preview:-1"},"canonical":"https:\/\/siemysli-ke.info\/de\/platforma-obywatelska-dala-zielone-swiatlo-dla-emigracji-z-afryki\/","og_locale":"de_DE","og_type":"article","og_title":"Platforma Obywatelska da\u0142a zielone \u015bwiat\u0142o dla emigracji z Afryki? - SI\u0118 MY\u015aLI","og_description":"Jak twierdzi RMF FM, eurodeputowani rz\u0105dz\u0105cej w Polsce partii, Platformy Obywatelskiej, przystali na to, aby podzieli\u0107 si\u0119 nap\u0142ywem islamskich emigrant\u00f3w","og_url":"https:\/\/siemysli-ke.info\/de\/platforma-obywatelska-dala-zielone-swiatlo-dla-emigracji-z-afryki\/","og_site_name":"SI\u0118 MY\u015aLI","article_published_time":"2015-04-24T10:36:35+00:00","article_modified_time":"2015-04-26T14:33:52+00:00","og_image":[{"width":272,"height":185,"url":"https:\/\/siemysli-ke.info\/wp-content\/uploads\/2015\/04\/pobrane4.jpg","type":"image\/jpeg"}],"author":"Jaromir","twitter_misc":{"Verfasst von":"Jaromir","Gesch\u00e4tzte Lesezeit":"3\u00a0Minuten"},"schema":{"@context":"https:\/\/schema.org","@graph":[{"@type":"Article","@id":"https:\/\/siemysli-ke.info\/de\/platforma-obywatelska-dala-zielone-swiatlo-dla-emigracji-z-afryki\/#article","isPartOf":{"@id":"https:\/\/siemysli-ke.info\/de\/platforma-obywatelska-dala-zielone-swiatlo-dla-emigracji-z-afryki\/"},"author":{"name":"Jaromir","@id":"https:\/\/siemysli-ke.info\/#\/schema\/person\/66d741fa745a44f2fe46d112bc6499f2"},"headline":"Platforma Obywatelska da\u0142a zielone \u015bwiat\u0142o dla emigracji z Afryki?","datePublished":"2015-04-24T10:36:35+00:00","dateModified":"2015-04-26T14:33:52+00:00","mainEntityOfPage":{"@id":"https:\/\/siemysli-ke.info\/de\/platforma-obywatelska-dala-zielone-swiatlo-dla-emigracji-z-afryki\/"},"wordCount":521,"commentCount":0,"publisher":{"@id":"https:\/\/siemysli-ke.info\/#organization"},"image":{"@id":"https:\/\/siemysli-ke.info\/de\/platforma-obywatelska-dala-zielone-swiatlo-dla-emigracji-z-afryki\/#primaryimage"},"thumbnailUrl":"https:\/\/siemysli-ke.info\/wp-content\/uploads\/2015\/04\/pobrane4.jpg","keywords":["Afryka kona z g\u0142odu","eurodeputowani","imigranci z Afryki","PO","Roman Boryczko","UE"],"articleSection":["Gospodarka i polityka","Rzeczypospolita"],"inLanguage":"de","potentialAction":[{"@type":"CommentAction","name":"Comment","target":["https:\/\/siemysli-ke.info\/de\/platforma-obywatelska-dala-zielone-swiatlo-dla-emigracji-z-afryki\/#respond"]}]},{"@type":"WebPage","@id":"https:\/\/siemysli-ke.info\/de\/platforma-obywatelska-dala-zielone-swiatlo-dla-emigracji-z-afryki\/","url":"https:\/\/siemysli-ke.info\/de\/platforma-obywatelska-dala-zielone-swiatlo-dla-emigracji-z-afryki\/","name":"Platforma Obywatelska da\u0142a zielone \u015bwiat\u0142o dla emigracji z Afryki? - SI\u0118 MY\u015aLI","isPartOf":{"@id":"https:\/\/siemysli-ke.info\/de\/#website"},"primaryImageOfPage":{"@id":"https:\/\/siemysli-ke.info\/de\/platforma-obywatelska-dala-zielone-swiatlo-dla-emigracji-z-afryki\/#primaryimage"},"image":{"@id":"https:\/\/siemysli-ke.info\/de\/platforma-obywatelska-dala-zielone-swiatlo-dla-emigracji-z-afryki\/#primaryimage"},"thumbnailUrl":"https:\/\/siemysli-ke.info\/wp-content\/uploads\/2015\/04\/pobrane4.jpg","datePublished":"2015-04-24T10:36:35+00:00","dateModified":"2015-04-26T14:33:52+00:00","breadcrumb":{"@id":"https:\/\/siemysli-ke.info\/de\/platforma-obywatelska-dala-zielone-swiatlo-dla-emigracji-z-afryki\/#breadcrumb"},"inLanguage":"de","potentialAction":[{"@type":"ReadAction","target":[["https:\/\/siemysli-ke.info\/de\/platforma-obywatelska-dala-zielone-swiatlo-dla-emigracji-z-afryki\/"]]}]},{"@type":"ImageObject","inLanguage":"de","@id":"https:\/\/siemysli-ke.info\/de\/platforma-obywatelska-dala-zielone-swiatlo-dla-emigracji-z-afryki\/#primaryimage","url":"https:\/\/siemysli-ke.info\/wp-content\/uploads\/2015\/04\/pobrane4.jpg","contentUrl":"https:\/\/siemysli-ke.info\/wp-content\/uploads\/2015\/04\/pobrane4.jpg","width":272,"height":185},{"@type":"BreadcrumbList","@id":"https:\/\/siemysli-ke.info\/de\/platforma-obywatelska-dala-zielone-swiatlo-dla-emigracji-z-afryki\/#breadcrumb","itemListElement":[{"@type":"ListItem","position":1,"name":"Home","item":"https:\/\/siemysli-ke.info\/de\/"},{"@type":"ListItem","position":2,"name":"Platforma Obywatelska da\u0142a zielone \u015bwiat\u0142o dla emigracji z Afryki?"}]},{"@type":"WebSite","@id":"https:\/\/siemysli-ke.info\/de\/#website","url":"https:\/\/siemysli-ke.info\/de\/","name":"SI\u0118 MY\u015aLI","description":"","publisher":{"@id":"https:\/\/siemysli-ke.info\/de\/#organization"},"potentialAction":[{"@type":"SearchAction","target":{"@type":"EntryPoint","urlTemplate":"https:\/\/siemysli-ke.info\/de\/?s={search_term_string}"},"query-input":{"@type":"PropertyValueSpecification","valueRequired":true,"valueName":"search_term_string"}}],"inLanguage":"de"},{"@type":"Organization","@id":"https:\/\/siemysli-ke.info\/de\/#organization","name":"SI\u0118 MY\u015aLI","url":"https:\/\/siemysli-ke.info\/de\/","logo":{"@type":"ImageObject","inLanguage":"de","@id":"https:\/\/siemysli-ke.info\/de\/#\/schema\/logo\/image\/","url":"https:\/\/siemysli-ke.info\/wp-content\/uploads\/2025\/05\/99.png","contentUrl":"https:\/\/siemysli-ke.info\/wp-content\/uploads\/2025\/05\/99.png","width":270,"height":204,"caption":"SI\u0118 MY\u015aLI"},"image":{"@id":"https:\/\/siemysli-ke.info\/de\/#\/schema\/logo\/image\/"}},{"@type":"Person","@id":"https:\/\/siemysli-ke.info\/#\/schema\/person\/66d741fa745a44f2fe46d112bc6499f2","name":"Jaromir","image":{"@type":"ImageObject","inLanguage":"de","@id":"https:\/\/siemysli-ke.info\/de\/#\/schema\/person\/image\/","url":"https:\/\/secure.gravatar.com\/avatar\/fe881559e8ac8dda20293e9e8317d4678c6ad8f65f85a9ce5e1a87cee56b6198?s=96&d=mm&r=g","contentUrl":"https:\/\/secure.gravatar.com\/avatar\/fe881559e8ac8dda20293e9e8317d4678c6ad8f65f85a9ce5e1a87cee56b6198?s=96&d=mm&r=g","caption":"Jaromir"},"url":"https:\/\/siemysli-ke.info\/de\/author\/jaromir\/"}]}},"_links":{"self":[{"href":"https:\/\/siemysli-ke.info\/de\/wp-json\/wp\/v2\/posts\/15586","targetHints":{"allow":["GET"]}}],"collection":[{"href":"https:\/\/siemysli-ke.info\/de\/wp-json\/wp\/v2\/posts"}],"about":[{"href":"https:\/\/siemysli-ke.info\/de\/wp-json\/wp\/v2\/types\/post"}],"author":[{"embeddable":true,"href":"https:\/\/siemysli-ke.info\/de\/wp-json\/wp\/v2\/users\/7"}],"replies":[{"embeddable":true,"href":"https:\/\/siemysli-ke.info\/de\/wp-json\/wp\/v2\/comments?post=15586"}],"version-history":[{"count":0,"href":"https:\/\/siemysli-ke.info\/de\/wp-json\/wp\/v2\/posts\/15586\/revisions"}],"wp:featuredmedia":[{"embeddable":true,"href":"https:\/\/siemysli-ke.info\/de\/wp-json\/wp\/v2\/media\/15588"}],"wp:attachment":[{"href":"https:\/\/siemysli-ke.info\/de\/wp-json\/wp\/v2\/media?parent=15586"}],"wp:term":[{"taxonomy":"category","embeddable":true,"href":"https:\/\/siemysli-ke.info\/de\/wp-json\/wp\/v2\/categories?post=15586"},{"taxonomy":"post_tag","embeddable":true,"href":"https:\/\/siemysli-ke.info\/de\/wp-json\/wp\/v2\/tags?post=15586"}],"curies":[{"name":"wp","href":"https:\/\/api.w.org\/{rel}","templated":true}]}}