 {"id":15534,"date":"2015-04-18T19:16:30","date_gmt":"2015-04-18T17:16:30","guid":{"rendered":"http:\/\/www.siemysli.info.ke\/?p=15534"},"modified":"2015-04-19T12:38:37","modified_gmt":"2015-04-19T10:38:37","slug":"protest-opozycyjnych-hologramow","status":"publish","type":"post","link":"https:\/\/siemysli-ke.info\/de\/protest-opozycyjnych-hologramow\/","title":{"rendered":"Protest opozycyjnych hologram\u00f3w"},"content":{"rendered":"<p style=\"text-align: justify;\"><a href=\"http:\/\/www.siemysli.info.ke\/wp-content\/uploads\/2015\/04\/1428720769-holographic-demonstration-held-at-spanish-parliament-against-gag-law_7316334.jpg\" rel=\"lightbox[15534]\"><img decoding=\"async\" class=\"alignleft size-medium wp-image-15535\" src=\"http:\/\/www.siemysli.info.ke\/wp-content\/uploads\/2015\/04\/1428720769-holographic-demonstration-held-at-spanish-parliament-against-gag-law_7316334-199x300.jpg\" alt=\"1428720769-holographic-demonstration-held-at-spanish-parliament-against-gag-law_7316334\" width=\"199\" height=\"300\" srcset=\"https:\/\/siemysli-ke.info\/wp-content\/uploads\/2015\/04\/1428720769-holographic-demonstration-held-at-spanish-parliament-against-gag-law_7316334-199x300.jpg 199w, https:\/\/siemysli-ke.info\/wp-content\/uploads\/2015\/04\/1428720769-holographic-demonstration-held-at-spanish-parliament-against-gag-law_7316334.jpg 355w\" sizes=\"(max-width: 199px) 100vw, 199px\" \/><\/a>W\u0142adza, niezale\u017cnie od szeroko\u015bci geograficznej, nie potrzebuje kompan\u00f3w do biesiadowania przy korycie. Ludzi w\u0142adzy jest ma\u0142o wi\u0119c ratuj\u0105 si\u0119 resortami si\u0142owymi a my od zawsze stali\u015bmy na straconej pozycji. <strong>Kiedy\u015b byli\u015bmy solidarni we wsp\u00f3lnej biedzie &#8211; i byli\u015bmy dzi\u0119ki temu silni.<\/strong> Robotnik robotnikowi posmarowan\u0105 mas\u0142em kanapk\u0119 dzieli\u0142 na dwoje, \u017cona \u017conie kolegi pomaga\u0142a cerowa\u0107 jedyn\u0105 jesionk\u0119. Wsp\u00f3lnie czyta\u0142o si\u0119 podziemn\u0105 bibu\u0142\u0119, marz\u0105c o wy\u015bnionym \u015bwiecie, jaki maj\u0105 za oceanem, jak o odleg\u0142ym biblijnym Raju. Kr\u0105\u017cowniki szos, pieni\u0105dze, szalone szybkie \u017cycie i szansa dana wszystkim, czyli mit &#8222;od zera do milionera&#8220;. <strong>Okaza\u0142o si\u0119, \u017ce ten scenariusz by\u0142 zr\u0119cznie spreparowan\u0105 fikcj\u0105 a komunistyczny totalitaryzm bloku wschodniego w tworzeniu bajek w zupe\u0142no\u015bci r\u00f3wna\u0107 si\u0119 m\u00f3g\u0142 k\u0142amstwom, serwowanym na Zachodzie.<\/strong> Tam mieli pe\u0142ne brzuchy, ale w\u0142adza dzi\u0119ki wzgl\u0119dnemu dostatkowi pozbawi\u0142a cywilizowane spo\u0142ecze\u0144stwa marze\u0144 (lub pomog\u0142a w ich realizacji, daj\u0105c toksyczne kredyty, czym aktualnie topi\u0105 Grek\u00f3w i wi\u0119kszo\u015b\u0107 kraj\u00f3w europejskiego po\u0142udnia. Grecja, Hiszpania i Portugalia znalaz\u0142y si\u0119 w 2012 r. na drodze do przekszta\u0142cenia si\u0119 w &#8222;spo\u0142ecze\u0144stwa dwuklasowe&#8220;, tj. takie, w kt\u00f3rych ludzie coraz bardziej dziel\u0105 si\u0119 na bogatych i biednych, a zanika klasa \u015brednia). Je\u015bli ju\u017c zamo\u017cni odgradzaj\u0105 si\u0119 od reszty zasiekami z drutu, kamerami, strze\u017conymi osiedlami, luksusowymi delikatesami i centrami kultury &#8211; to potrzebne im te\u017c jest prawo, kt\u00f3re wi\u0119kszo\u015b\u0107 spo\u0142ecze\u0144stwa trzyma w ryzach, zamyka mu usta, zabrania wszelkich form protestu pod gigantyczn\u0105 kar\u0105 pieni\u0119\u017cn\u0105. Ciep\u0142okrwi\u015bci po\u0142udniowcy s\u0105 bardzo rodzinni, uzwi\u0105zkowieni i ekspresyjni, je\u015bli chodzi o oblicza protest\u00f3w. Dzi\u015b zakazano im podnosi\u0107 g\u0142ow\u0119 i hardo unosi\u0107 zaci\u015bni\u0119te pi\u0119\u015bci w formie spo\u0142ecznej odmowy. Gdy w Hiszpanii przyj\u0119to ustaw\u0119, wedle kt\u00f3rej wszyscy uczestnicy jakichkolwiek demonstracji mog\u0105 zosta\u0107 ukarani surowymi grzywnami, mieszka\u0144cy tego kraju wyrazili swoje niezadowolenie za pomoc\u0105\u2026 pochodu hologram\u00f3w.\u00a0<strong>Kary bowiem za demokratyczne wara\u017canie swoich postulat\u00f3w szokuj\u0105<\/strong> :<\/p>\n<p style=\"text-align: justify;\">\u2013 Fotografowanie i filmowanie policji \u2013 kara od 600 do 30 000 euro.<\/p>\n<p>\u2013 Pokojowa niesubordynacja wobec w\u0142adzy \u2013 kara od 600 do 30 000 euro.<\/p>\n<p>\u2013 Okupowanie bank\u00f3w jako rodzaj protestu \u2013 kara od 600 do 30 000 euro.<\/p>\n<p>\u2013 Protesty niesformalizowane \u2013 kara od 600 do 30 000 euro.<\/p>\n<p>\u2013 Zgromadzenia i spotkania w miejscach publicznych \u2013 kara od 100 do 600 euro.<\/p>\n<p>\u2013 Przeszkadzanie i powstrzymywanie eksmisji \u2013 kara od 600 do 30 000 euro.<\/p>\n<p>\u2013 Obecno\u015b\u0107 w zajmowanych miejscach (nie tylko w centrach spo\u0142ecznych, ale tak\u017ce w domach, zajmowanych przez eksmitowane rodziny) \u2013 kara od 100 do 600 euro.<\/p>\n<p>\u2013 Zalegalizowano \u201eczarne listy\u201d os\u00f3b protestuj\u0105cych, aktywist\u00f3w i prasy alternatywnej.<\/p>\n<p>\u2013 Spotkania i zgromadzenia przed parlamentem \u2013 kara od 600 do 30 000 euro.<\/p>\n<p>\u2013 Odwo\u0142ania ws. kar w s\u0105dach uzale\u017cnione s\u0105 od wniesienia op\u0142at za koszty procesowe, zale\u017cne od wysoko\u015bci zas\u0105dzonej kary.<\/p>\n<p>\u2013 Prawo zezwala na nieograniczone kontrolowanie dokument\u00f3w, a tak\u017ce zbieranie informacji o imigrantach i mniejszo\u015bciach.<\/p>\n<p>\u2013 Policja mo\u017ce robi\u0107 ob\u0142awy z w\u0142asnej inicjatywy bez konieczno\u015bci nakaz\u00f3w.<\/p>\n<p>\u2013 Policja mo\u017ce z w\u0142asnej inicjatywy przeprowadza\u0107 rewizje osobiste.<\/p>\n<p>\u2013 Rz\u0105d mo\u017ce zabroni\u0107 ka\u017cdego protestu, je\u015bli tylko arbitralnie uzna, \u017ce naruszy on \u201eporz\u0105dek\u201d.<\/p>\n<p>\u2013 Ka\u017cda nieokre\u015blona \u201eistotna infrastruktura\u201d mo\u017ce zosta\u0107 uznana za stref\u0119 zakazan\u0105 dla zgromadze\u0144 publicznych, je\u015bli mog\u0105 one zak\u0142\u00f3ci\u0107 jej funkcjonowanie.<\/p>\n<p>\u2013 Wprowadzono kary dla os\u00f3b, wspinaj\u0105cych si\u0119 na budynki i pomniki bez zezwolenia.<\/p>\n<p style=\"text-align: justify;\"><a href=\"http:\/\/www.siemysli.info.ke\/wp-content\/uploads\/2015\/04\/1428721600-holographic-protest-against-gag-law-staged-at-spanish-parliament-_7317129.jpg\" rel=\"lightbox[15534]\"><img decoding=\"async\" class=\"alignleft size-medium wp-image-15536\" src=\"http:\/\/www.siemysli.info.ke\/wp-content\/uploads\/2015\/04\/1428721600-holographic-protest-against-gag-law-staged-at-spanish-parliament-_7317129-300x199.jpg\" alt=\"1428721600-holographic-protest-against-gag-law-staged-at-spanish-parliament-_7317129\" width=\"300\" height=\"199\" srcset=\"https:\/\/siemysli-ke.info\/wp-content\/uploads\/2015\/04\/1428721600-holographic-protest-against-gag-law-staged-at-spanish-parliament-_7317129-300x199.jpg 300w, https:\/\/siemysli-ke.info\/wp-content\/uploads\/2015\/04\/1428721600-holographic-protest-against-gag-law-staged-at-spanish-parliament-_7317129.jpg 800w\" sizes=\"(max-width: 300px) 100vw, 300px\" \/><\/a>Hiszpania sta\u0142a si\u0119 krajem eksperymentalnym dla wprowadzania \u201ePraw Knebla\u201d (zakaz\u00f3w). Tak, jak Cypr by\u0142 testem dla masowego przyw\u0142aszczenia pieni\u0119dzy obywateli, tak Hiszpania sta\u0142a si\u0119 eksperymentem do wprowadzenia pa\u0144stwa totalitarno-korporacyjno-policyjnego. \u00d3w poch\u00f3d jest wyrazem desperacji jeszcze \u017cywych ludzi, wyrazem krzyku rozpaczy nad nadchodz\u0105c\u0105 dyktatur\u0105 korporacji, pieni\u0105dza i us\u0142u\u017cnej, skorumpowanej w\u0142adzy. Globalna niewola nadchodzi a spo\u0142ecze\u0144stwa naszego globu nabieraj\u0105 \u015bwiadomo\u015bci. Przed gmachem parlamentu w Madrycie przesz\u0142o kilkana\u015bcie tysi\u0119cy wirtualnych postaci. Krzycza\u0142y, \u017c\u0105da\u0142y zmiany przepis\u00f3w, trzyma\u0142y transparenty. Co prawda nie by\u0142y to tr\u00f3jwymiarowe hologramy, ale ca\u0142o\u015b\u0107 i tak robi\u0142a du\u017ce wra\u017cenie, a symbolika inicjatywy jest przecie\u017c bardzo wymowna. Rzecznik odpowiedzialnej za protest grupy &#8222;Nie jeste\u015bmy przest\u0119pcami&#8220; twierdzi, \u017ce protest-widmo ma w sobie wiele ironii &#8211; trudno si\u0119 z nim nie zgodzi\u0107. &#8211; <strong>&#8222;Chcieli\u015bmy zorganizowa\u0107 demonstracj\u0119, kt\u00f3ra pozwoli uczestnikom sta\u0107 si\u0119 niepowstrzymanymi. Pokazuje ona, \u017ce rz\u0105d nie uciszy naszych g\u0142os\u00f3w i nawet, je\u017celi b\u0119dziemy musieli zamieni\u0107 si\u0119 w hologramy, b\u0119dziemy dalej walczyli o nasze prawa.&#8220;<\/strong><\/p>\n<p style=\"text-align: justify;\">A co w kwestii ruch\u00f3w obywatelskich dzieje si\u0119 w Polsce? W naszym pi\u0119knym kraju cisza, wida\u0107 pismo &#8222;Nowy Obywatel&#8220; nie wywiera zamierzonego wp\u0142ywu na analfabetyczniej\u0105ce masy niedawnych inteligent\u00f3w! O ile w og\u00f3le ma takowy zamiar&#8230;<\/p>\n<p style=\"text-align: justify;\">Mo\u017ce jeste\u015bmy jednak krajem mlekiem i miodem p\u0142yn\u0105cym tak bardzo, \u017ce nie mamy podstaw do niezadowolenia?<\/p>\n<p style=\"text-align: justify;\"><a href=\"http:\/\/www.siemysli.info.ke\/wp-content\/uploads\/2015\/04\/7316441.jpg\" rel=\"lightbox[15534]\"><img decoding=\"async\" class=\"alignleft size-medium wp-image-15537\" src=\"http:\/\/www.siemysli.info.ke\/wp-content\/uploads\/2015\/04\/7316441-300x219.jpg\" alt=\"7316441\" width=\"300\" height=\"219\" srcset=\"https:\/\/siemysli-ke.info\/wp-content\/uploads\/2015\/04\/7316441-300x219.jpg 300w, https:\/\/siemysli-ke.info\/wp-content\/uploads\/2015\/04\/7316441.jpg 728w\" sizes=\"(max-width: 300px) 100vw, 300px\" \/><\/a>Jednym \u00a0wystarcza coroczna pielgrzymka do Cz\u0119stochowy, innym pe\u0142na micha i wczasy nad wod\u0105 z obowi\u0105zkowym p\u00f3\u0142 litrem mocnej gorza\u0142y. Ostatni marzyciele (lub kolejni op\u0142aceni do m\u0105cenia wody w Wi\u015ble ) planuj\u0105 nowe rozdanie dla Polski. Za Kukizem maj\u0105 ruszy\u0107 niezadowoleni od lewa do prawa, od Ikonowicza do Kowalskiego -taki jest plan. Ta realistyczna <a id=\"anchorbbtBubble44\" rel=\"nofollow\"><\/a>ocena sytuacji prowadzi kolejnego przysz\u0142ego koalicjanta ruchu, Artura Zawisz\u0119, do <a id=\"anchorbbtBubble49\" rel=\"nofollow\"><\/a>wniosku o konieczno\u015bci stworzenia szerokiej, prawicowej \u201eantysystemowej\u201d koalicji. Roboczo polityk nazywa j\u0105\u2026 <em>Ku Klux Klanem <\/em>(<em>sic<\/em>!). W ten spos\u00f3b \u201eantysystemowcy\u201d chc\u0105 rozbi\u0107 \u201emonopol\u201d <a id=\"anchorbbtBubble118\" rel=\"nofollow\"><\/a>Prawa i Sprawiedliwo\u015bci na prawicy. PO ju\u017c wonieje &#8222;trupem&#8220; wraz ze swoim &#8222;ludowo-komuszym&#8220; ch\u0142opskim koalicjantem, tote\u017c najpewniej na lata obsadz\u0105 p\u00f3\u0142 Polski etacikami, nadanymi na otarcie \u0142ez opozycji. Ruch chce do koryta &#8211; liczy, \u017ce kart\u0105 do g\u0142osowania skruszy plugawe sumienia kanalii, przyklejonych od lat do urz\u0119dniczych sto\u0142k\u00f3w.<\/p>\n<p style=\"text-align: justify;\"><a href=\"http:\/\/www.siemysli.info.ke\/wp-content\/uploads\/2015\/04\/1.jpg\" rel=\"lightbox[15534]\"><img decoding=\"async\" class=\"alignleft size-medium wp-image-15538\" src=\"http:\/\/www.siemysli.info.ke\/wp-content\/uploads\/2015\/04\/1-186x300.jpg\" alt=\"1\" width=\"186\" height=\"300\" srcset=\"https:\/\/siemysli-ke.info\/wp-content\/uploads\/2015\/04\/1-186x300.jpg 186w, https:\/\/siemysli-ke.info\/wp-content\/uploads\/2015\/04\/1.jpg 397w\" sizes=\"(max-width: 186px) 100vw, 186px\" \/><\/a>Ko\u0144cz\u0119 smutn\u0105 refleksj\u0105, odno\u015bnie naszego narodowego polskiego zrywu AD 2015 &#8211;\u00a0<strong>tu psa z kulaw\u0105 nog\u0105\u00a0 nie znajdziesz nawet do hologramowego pokazu&#8230;<\/strong><\/p>\n<p style=\"text-align: justify;\">Amen?<\/p>\n<p style=\"text-align: right;\">\n<p style=\"text-align: right;\"><strong>Roman Boryczko<\/strong>,<\/p>\n<p style=\"text-align: right;\"><em> kwiecie\u0144 2015 <\/em><\/p>\n","protected":false},"excerpt":{"rendered":"<p>W\u0142adza, niezale\u017cnie od szeroko\u015bci geograficznej, nie potrzebuje kompan\u00f3w do biesiadowania przy korycie. Ludzi w\u0142adzy jest ma\u0142o wi\u0119c ratuj\u0105 si\u0119 resortami<\/p>\n","protected":false},"author":7,"featured_media":15537,"comment_status":"open","ping_status":"open","sticky":false,"template":"","format":"standard","meta":{"colormag_page_layout":"default_layout","footnotes":""},"categories":[7,6],"tags":[2430,89,2245,2051,92,740,2431,2416,1683,2417,202],"class_list":["post-15534","post","type-post","status-publish","format-standard","has-post-thumbnail","hentry","category-gospodarka","category-ue","tag-artur-zawisza","tag-breaking","tag-cypr","tag-grecja","tag-headline","tag-hiszpania","tag-madryt","tag-marsz-hologramow","tag-pawel-kukiz","tag-pielgrzymka-do-czestochowy","tag-roman-boryczko"],"yoast_head":"<!-- This site is optimized with the Yoast SEO plugin v25.1 - https:\/\/yoast.com\/wordpress\/plugins\/seo\/ -->\n<title>Protest opozycyjnych hologram\u00f3w - SI\u0118 MY\u015aLI<\/title>\n<meta name=\"robots\" content=\"index, follow, max-snippet:-1, max-image-preview:large, max-video-preview:-1\" \/>\n<link rel=\"canonical\" href=\"https:\/\/siemysli-ke.info\/de\/protest-opozycyjnych-hologramow\/\" \/>\n<meta property=\"og:locale\" content=\"de_DE\" \/>\n<meta property=\"og:type\" content=\"article\" \/>\n<meta property=\"og:title\" content=\"Protest opozycyjnych hologram\u00f3w - SI\u0118 MY\u015aLI\" \/>\n<meta property=\"og:description\" content=\"W\u0142adza, niezale\u017cnie od szeroko\u015bci geograficznej, nie potrzebuje kompan\u00f3w do biesiadowania przy korycie. Ludzi w\u0142adzy jest ma\u0142o wi\u0119c ratuj\u0105 si\u0119 resortami\" \/>\n<meta property=\"og:url\" content=\"https:\/\/siemysli-ke.info\/de\/protest-opozycyjnych-hologramow\/\" \/>\n<meta property=\"og:site_name\" content=\"SI\u0118 MY\u015aLI\" \/>\n<meta property=\"article:published_time\" content=\"2015-04-18T17:16:30+00:00\" \/>\n<meta property=\"article:modified_time\" content=\"2015-04-19T10:38:37+00:00\" \/>\n<meta property=\"og:image\" content=\"https:\/\/siemysli-ke.info\/wp-content\/uploads\/2015\/04\/7316441.jpg\" \/>\n\t<meta property=\"og:image:width\" content=\"728\" \/>\n\t<meta property=\"og:image:height\" content=\"533\" \/>\n\t<meta property=\"og:image:type\" content=\"image\/jpeg\" \/>\n<meta name=\"author\" content=\"Jaromir\" \/>\n<meta name=\"twitter:label1\" content=\"Verfasst von\" \/>\n\t<meta name=\"twitter:data1\" content=\"Jaromir\" \/>\n\t<meta name=\"twitter:label2\" content=\"Gesch\u00e4tzte Lesezeit\" \/>\n\t<meta name=\"twitter:data2\" content=\"5\u00a0Minuten\" \/>\n<script type=\"application\/ld+json\" class=\"yoast-schema-graph\">{\"@context\":\"https:\/\/schema.org\",\"@graph\":[{\"@type\":\"Article\",\"@id\":\"https:\/\/siemysli-ke.info\/de\/protest-opozycyjnych-hologramow\/#article\",\"isPartOf\":{\"@id\":\"https:\/\/siemysli-ke.info\/de\/protest-opozycyjnych-hologramow\/\"},\"author\":{\"name\":\"Jaromir\",\"@id\":\"https:\/\/siemysli-ke.info\/#\/schema\/person\/66d741fa745a44f2fe46d112bc6499f2\"},\"headline\":\"Protest opozycyjnych hologram\u00f3w\",\"datePublished\":\"2015-04-18T17:16:30+00:00\",\"dateModified\":\"2015-04-19T10:38:37+00:00\",\"mainEntityOfPage\":{\"@id\":\"https:\/\/siemysli-ke.info\/de\/protest-opozycyjnych-hologramow\/\"},\"wordCount\":1002,\"commentCount\":0,\"publisher\":{\"@id\":\"https:\/\/siemysli-ke.info\/#organization\"},\"image\":{\"@id\":\"https:\/\/siemysli-ke.info\/de\/protest-opozycyjnych-hologramow\/#primaryimage\"},\"thumbnailUrl\":\"https:\/\/siemysli-ke.info\/wp-content\/uploads\/2015\/04\/7316441.jpg\",\"keywords\":[\"Artur Zawisza\",\"breaking\",\"Cypr\",\"Grecja\",\"headline\",\"Hiszpania\",\"Madryt\",\"Marsz hologram\u00f3w\",\"Pawe\u0142 Kukiz\",\"pielgrzymka do Cz\u0119stochowy\",\"Roman Boryczko\"],\"articleSection\":[\"Gospodarka i polityka\",\"Unia Europejska\"],\"inLanguage\":\"de\",\"potentialAction\":[{\"@type\":\"CommentAction\",\"name\":\"Comment\",\"target\":[\"https:\/\/siemysli-ke.info\/de\/protest-opozycyjnych-hologramow\/#respond\"]}]},{\"@type\":\"WebPage\",\"@id\":\"https:\/\/siemysli-ke.info\/de\/protest-opozycyjnych-hologramow\/\",\"url\":\"https:\/\/siemysli-ke.info\/de\/protest-opozycyjnych-hologramow\/\",\"name\":\"Protest opozycyjnych hologram\u00f3w - SI\u0118 MY\u015aLI\",\"isPartOf\":{\"@id\":\"https:\/\/siemysli-ke.info\/de\/#website\"},\"primaryImageOfPage\":{\"@id\":\"https:\/\/siemysli-ke.info\/de\/protest-opozycyjnych-hologramow\/#primaryimage\"},\"image\":{\"@id\":\"https:\/\/siemysli-ke.info\/de\/protest-opozycyjnych-hologramow\/#primaryimage\"},\"thumbnailUrl\":\"https:\/\/siemysli-ke.info\/wp-content\/uploads\/2015\/04\/7316441.jpg\",\"datePublished\":\"2015-04-18T17:16:30+00:00\",\"dateModified\":\"2015-04-19T10:38:37+00:00\",\"breadcrumb\":{\"@id\":\"https:\/\/siemysli-ke.info\/de\/protest-opozycyjnych-hologramow\/#breadcrumb\"},\"inLanguage\":\"de\",\"potentialAction\":[{\"@type\":\"ReadAction\",\"target\":[[\"https:\/\/siemysli-ke.info\/de\/protest-opozycyjnych-hologramow\/\"]]}]},{\"@type\":\"ImageObject\",\"inLanguage\":\"de\",\"@id\":\"https:\/\/siemysli-ke.info\/de\/protest-opozycyjnych-hologramow\/#primaryimage\",\"url\":\"https:\/\/siemysli-ke.info\/wp-content\/uploads\/2015\/04\/7316441.jpg\",\"contentUrl\":\"https:\/\/siemysli-ke.info\/wp-content\/uploads\/2015\/04\/7316441.jpg\",\"width\":728,\"height\":533},{\"@type\":\"BreadcrumbList\",\"@id\":\"https:\/\/siemysli-ke.info\/de\/protest-opozycyjnych-hologramow\/#breadcrumb\",\"itemListElement\":[{\"@type\":\"ListItem\",\"position\":1,\"name\":\"Home\",\"item\":\"https:\/\/siemysli-ke.info\/de\/\"},{\"@type\":\"ListItem\",\"position\":2,\"name\":\"Protest opozycyjnych hologram\u00f3w\"}]},{\"@type\":\"WebSite\",\"@id\":\"https:\/\/siemysli-ke.info\/de\/#website\",\"url\":\"https:\/\/siemysli-ke.info\/de\/\",\"name\":\"SI\u0118 MY\u015aLI\",\"description\":\"\",\"publisher\":{\"@id\":\"https:\/\/siemysli-ke.info\/de\/#organization\"},\"potentialAction\":[{\"@type\":\"SearchAction\",\"target\":{\"@type\":\"EntryPoint\",\"urlTemplate\":\"https:\/\/siemysli-ke.info\/de\/?s={search_term_string}\"},\"query-input\":{\"@type\":\"PropertyValueSpecification\",\"valueRequired\":true,\"valueName\":\"search_term_string\"}}],\"inLanguage\":\"de\"},{\"@type\":\"Organization\",\"@id\":\"https:\/\/siemysli-ke.info\/de\/#organization\",\"name\":\"SI\u0118 MY\u015aLI\",\"url\":\"https:\/\/siemysli-ke.info\/de\/\",\"logo\":{\"@type\":\"ImageObject\",\"inLanguage\":\"de\",\"@id\":\"https:\/\/siemysli-ke.info\/de\/#\/schema\/logo\/image\/\",\"url\":\"https:\/\/siemysli-ke.info\/wp-content\/uploads\/2025\/05\/99.png\",\"contentUrl\":\"https:\/\/siemysli-ke.info\/wp-content\/uploads\/2025\/05\/99.png\",\"width\":270,\"height\":204,\"caption\":\"SI\u0118 MY\u015aLI\"},\"image\":{\"@id\":\"https:\/\/siemysli-ke.info\/de\/#\/schema\/logo\/image\/\"}},{\"@type\":\"Person\",\"@id\":\"https:\/\/siemysli-ke.info\/#\/schema\/person\/66d741fa745a44f2fe46d112bc6499f2\",\"name\":\"Jaromir\",\"image\":{\"@type\":\"ImageObject\",\"inLanguage\":\"de\",\"@id\":\"https:\/\/siemysli-ke.info\/de\/#\/schema\/person\/image\/\",\"url\":\"https:\/\/secure.gravatar.com\/avatar\/fe881559e8ac8dda20293e9e8317d4678c6ad8f65f85a9ce5e1a87cee56b6198?s=96&d=mm&r=g\",\"contentUrl\":\"https:\/\/secure.gravatar.com\/avatar\/fe881559e8ac8dda20293e9e8317d4678c6ad8f65f85a9ce5e1a87cee56b6198?s=96&d=mm&r=g\",\"caption\":\"Jaromir\"},\"url\":\"https:\/\/siemysli-ke.info\/de\/author\/jaromir\/\"}]}<\/script>\n<!-- \/ Yoast SEO plugin. -->","yoast_head_json":{"title":"Protest opozycyjnych hologram\u00f3w - SI\u0118 MY\u015aLI","robots":{"index":"index","follow":"follow","max-snippet":"max-snippet:-1","max-image-preview":"max-image-preview:large","max-video-preview":"max-video-preview:-1"},"canonical":"https:\/\/siemysli-ke.info\/de\/protest-opozycyjnych-hologramow\/","og_locale":"de_DE","og_type":"article","og_title":"Protest opozycyjnych hologram\u00f3w - SI\u0118 MY\u015aLI","og_description":"W\u0142adza, niezale\u017cnie od szeroko\u015bci geograficznej, nie potrzebuje kompan\u00f3w do biesiadowania przy korycie. Ludzi w\u0142adzy jest ma\u0142o wi\u0119c ratuj\u0105 si\u0119 resortami","og_url":"https:\/\/siemysli-ke.info\/de\/protest-opozycyjnych-hologramow\/","og_site_name":"SI\u0118 MY\u015aLI","article_published_time":"2015-04-18T17:16:30+00:00","article_modified_time":"2015-04-19T10:38:37+00:00","og_image":[{"width":728,"height":533,"url":"https:\/\/siemysli-ke.info\/wp-content\/uploads\/2015\/04\/7316441.jpg","type":"image\/jpeg"}],"author":"Jaromir","twitter_misc":{"Verfasst von":"Jaromir","Gesch\u00e4tzte Lesezeit":"5\u00a0Minuten"},"schema":{"@context":"https:\/\/schema.org","@graph":[{"@type":"Article","@id":"https:\/\/siemysli-ke.info\/de\/protest-opozycyjnych-hologramow\/#article","isPartOf":{"@id":"https:\/\/siemysli-ke.info\/de\/protest-opozycyjnych-hologramow\/"},"author":{"name":"Jaromir","@id":"https:\/\/siemysli-ke.info\/#\/schema\/person\/66d741fa745a44f2fe46d112bc6499f2"},"headline":"Protest opozycyjnych hologram\u00f3w","datePublished":"2015-04-18T17:16:30+00:00","dateModified":"2015-04-19T10:38:37+00:00","mainEntityOfPage":{"@id":"https:\/\/siemysli-ke.info\/de\/protest-opozycyjnych-hologramow\/"},"wordCount":1002,"commentCount":0,"publisher":{"@id":"https:\/\/siemysli-ke.info\/#organization"},"image":{"@id":"https:\/\/siemysli-ke.info\/de\/protest-opozycyjnych-hologramow\/#primaryimage"},"thumbnailUrl":"https:\/\/siemysli-ke.info\/wp-content\/uploads\/2015\/04\/7316441.jpg","keywords":["Artur Zawisza","breaking","Cypr","Grecja","headline","Hiszpania","Madryt","Marsz hologram\u00f3w","Pawe\u0142 Kukiz","pielgrzymka do Cz\u0119stochowy","Roman Boryczko"],"articleSection":["Gospodarka i polityka","Unia Europejska"],"inLanguage":"de","potentialAction":[{"@type":"CommentAction","name":"Comment","target":["https:\/\/siemysli-ke.info\/de\/protest-opozycyjnych-hologramow\/#respond"]}]},{"@type":"WebPage","@id":"https:\/\/siemysli-ke.info\/de\/protest-opozycyjnych-hologramow\/","url":"https:\/\/siemysli-ke.info\/de\/protest-opozycyjnych-hologramow\/","name":"Protest opozycyjnych hologram\u00f3w - SI\u0118 MY\u015aLI","isPartOf":{"@id":"https:\/\/siemysli-ke.info\/de\/#website"},"primaryImageOfPage":{"@id":"https:\/\/siemysli-ke.info\/de\/protest-opozycyjnych-hologramow\/#primaryimage"},"image":{"@id":"https:\/\/siemysli-ke.info\/de\/protest-opozycyjnych-hologramow\/#primaryimage"},"thumbnailUrl":"https:\/\/siemysli-ke.info\/wp-content\/uploads\/2015\/04\/7316441.jpg","datePublished":"2015-04-18T17:16:30+00:00","dateModified":"2015-04-19T10:38:37+00:00","breadcrumb":{"@id":"https:\/\/siemysli-ke.info\/de\/protest-opozycyjnych-hologramow\/#breadcrumb"},"inLanguage":"de","potentialAction":[{"@type":"ReadAction","target":[["https:\/\/siemysli-ke.info\/de\/protest-opozycyjnych-hologramow\/"]]}]},{"@type":"ImageObject","inLanguage":"de","@id":"https:\/\/siemysli-ke.info\/de\/protest-opozycyjnych-hologramow\/#primaryimage","url":"https:\/\/siemysli-ke.info\/wp-content\/uploads\/2015\/04\/7316441.jpg","contentUrl":"https:\/\/siemysli-ke.info\/wp-content\/uploads\/2015\/04\/7316441.jpg","width":728,"height":533},{"@type":"BreadcrumbList","@id":"https:\/\/siemysli-ke.info\/de\/protest-opozycyjnych-hologramow\/#breadcrumb","itemListElement":[{"@type":"ListItem","position":1,"name":"Home","item":"https:\/\/siemysli-ke.info\/de\/"},{"@type":"ListItem","position":2,"name":"Protest opozycyjnych hologram\u00f3w"}]},{"@type":"WebSite","@id":"https:\/\/siemysli-ke.info\/de\/#website","url":"https:\/\/siemysli-ke.info\/de\/","name":"SI\u0118 MY\u015aLI","description":"","publisher":{"@id":"https:\/\/siemysli-ke.info\/de\/#organization"},"potentialAction":[{"@type":"SearchAction","target":{"@type":"EntryPoint","urlTemplate":"https:\/\/siemysli-ke.info\/de\/?s={search_term_string}"},"query-input":{"@type":"PropertyValueSpecification","valueRequired":true,"valueName":"search_term_string"}}],"inLanguage":"de"},{"@type":"Organization","@id":"https:\/\/siemysli-ke.info\/de\/#organization","name":"SI\u0118 MY\u015aLI","url":"https:\/\/siemysli-ke.info\/de\/","logo":{"@type":"ImageObject","inLanguage":"de","@id":"https:\/\/siemysli-ke.info\/de\/#\/schema\/logo\/image\/","url":"https:\/\/siemysli-ke.info\/wp-content\/uploads\/2025\/05\/99.png","contentUrl":"https:\/\/siemysli-ke.info\/wp-content\/uploads\/2025\/05\/99.png","width":270,"height":204,"caption":"SI\u0118 MY\u015aLI"},"image":{"@id":"https:\/\/siemysli-ke.info\/de\/#\/schema\/logo\/image\/"}},{"@type":"Person","@id":"https:\/\/siemysli-ke.info\/#\/schema\/person\/66d741fa745a44f2fe46d112bc6499f2","name":"Jaromir","image":{"@type":"ImageObject","inLanguage":"de","@id":"https:\/\/siemysli-ke.info\/de\/#\/schema\/person\/image\/","url":"https:\/\/secure.gravatar.com\/avatar\/fe881559e8ac8dda20293e9e8317d4678c6ad8f65f85a9ce5e1a87cee56b6198?s=96&d=mm&r=g","contentUrl":"https:\/\/secure.gravatar.com\/avatar\/fe881559e8ac8dda20293e9e8317d4678c6ad8f65f85a9ce5e1a87cee56b6198?s=96&d=mm&r=g","caption":"Jaromir"},"url":"https:\/\/siemysli-ke.info\/de\/author\/jaromir\/"}]}},"_links":{"self":[{"href":"https:\/\/siemysli-ke.info\/de\/wp-json\/wp\/v2\/posts\/15534","targetHints":{"allow":["GET"]}}],"collection":[{"href":"https:\/\/siemysli-ke.info\/de\/wp-json\/wp\/v2\/posts"}],"about":[{"href":"https:\/\/siemysli-ke.info\/de\/wp-json\/wp\/v2\/types\/post"}],"author":[{"embeddable":true,"href":"https:\/\/siemysli-ke.info\/de\/wp-json\/wp\/v2\/users\/7"}],"replies":[{"embeddable":true,"href":"https:\/\/siemysli-ke.info\/de\/wp-json\/wp\/v2\/comments?post=15534"}],"version-history":[{"count":0,"href":"https:\/\/siemysli-ke.info\/de\/wp-json\/wp\/v2\/posts\/15534\/revisions"}],"wp:featuredmedia":[{"embeddable":true,"href":"https:\/\/siemysli-ke.info\/de\/wp-json\/wp\/v2\/media\/15537"}],"wp:attachment":[{"href":"https:\/\/siemysli-ke.info\/de\/wp-json\/wp\/v2\/media?parent=15534"}],"wp:term":[{"taxonomy":"category","embeddable":true,"href":"https:\/\/siemysli-ke.info\/de\/wp-json\/wp\/v2\/categories?post=15534"},{"taxonomy":"post_tag","embeddable":true,"href":"https:\/\/siemysli-ke.info\/de\/wp-json\/wp\/v2\/tags?post=15534"}],"curies":[{"name":"wp","href":"https:\/\/api.w.org\/{rel}","templated":true}]}}