 {"id":15455,"date":"2015-04-08T14:06:53","date_gmt":"2015-04-08T12:06:53","guid":{"rendered":"http:\/\/www.siemysli.info.ke\/?p=15455"},"modified":"2015-04-12T01:12:26","modified_gmt":"2015-04-11T23:12:26","slug":"platforma-wylala-smolenskie-szambo","status":"publish","type":"post","link":"https:\/\/siemysli-ke.info\/de\/platforma-wylala-smolenskie-szambo\/","title":{"rendered":"Platforma wyla\u0142a &#8211; smole\u0144skie szambo"},"content":{"rendered":"<p style=\"text-align: justify;\"><a href=\"http:\/\/www.siemysli.info.ke\/wp-content\/uploads\/2015\/04\/smolensk_katastrofa_2.jpg\" rel=\"lightbox[15455]\"><img decoding=\"async\" class=\"alignleft size-medium wp-image-15456\" src=\"http:\/\/www.siemysli.info.ke\/wp-content\/uploads\/2015\/04\/smolensk_katastrofa_2-300x221.jpg\" alt=\"smolensk_katastrofa_2\" width=\"300\" height=\"221\" srcset=\"https:\/\/siemysli-ke.info\/wp-content\/uploads\/2015\/04\/smolensk_katastrofa_2-300x221.jpg 300w, https:\/\/siemysli-ke.info\/wp-content\/uploads\/2015\/04\/smolensk_katastrofa_2-100x75.jpg 100w, https:\/\/siemysli-ke.info\/wp-content\/uploads\/2015\/04\/smolensk_katastrofa_2.jpg 750w\" sizes=\"(max-width: 300px) 100vw, 300px\" \/><\/a>Od katastrofy smole\u0144skiej polskiego samolotu rz\u0105dowego, lec\u0105cego na obchody katy\u0144skie 10. kwietnia 2010 roku, min\u0119\u0142o ju\u017c 5 lat. Sam pami\u0119tam, jaki to by\u0142 szok, gdy\u00a0 po nocy \u00a0 rano wr\u00f3ci\u0142em z pracy i zosta\u0142em 0budzony. Pierwsze dni po tym bezprecedensowym wydarzeniu przebieg\u0142y w atmosferze ludzkiej solidarno\u015bci. To warto zapami\u0119ta\u0107! Warszawa i Krakowskie Przedmie\u015bcie roz\u015bwietlone setkami tysi\u0119cy zniczy, kwiat\u00f3w i zadumy za strat\u0105 Polak\u00f3w, kt\u00f3rzy zgin\u0119li, lec\u0105c odda\u0107 ho\u0142d zdradziecko pomordowanym przez NKWD w Katyniu. Zgin\u0119li na s\u0142u\u017cbie &#8211; ci z lewicy i ci z prawicy, znani i mniej znani &#8211; wszyscy za polsk\u0105 spraw\u0119.<\/p>\n<p style=\"text-align: justify;\">Do dzi\u015b jednak wok\u00f3\u0142 samego zdarzenia nie wyja\u015bni\u0142o si\u0119 nic. Nasi militarni sojusznicy rownie\u017c \u201cnabrali wody w usta\u201d, a przecie\u017c, gdy trzeba &#8211; zdalnie sterowanymi dronami potrafi\u0105 zastrzelic\u0107 cz\u0142owieka setki tysi\u0119cy kilometr\u00f3w od stanowiska dowodzenia lub z satelit\u00f3w szpiegowskich zrobi\u0107 zdj\u0119cie w\u0119\u017cowi,\u00a0 pe\u0142zaj\u0105cemu\u00a0 po pustyni. <strong>Wielki i ci\u0119\u017cki prezydencki samolot sta\u0142 si\u0119 10. kwietnia niewidoczny!<\/strong> Do Rosjan nie ma co wysuwa\u0107 pretensji. Byli\u015bmy ich militarnym satelit\u0105 a dzi\u0119ki polskiej generalicji o sowieckim rodowodzie, agenturze czy setkom tysi\u0119cy u\u015bpionych SB-k\u00f3w &#8211; nadal jeste\u015bmy sterowani ze Wschodu. Gardz\u0105 nami, bo dzi\u015b jeste\u015bmy jak bezpa\u0144ski kundel, szukaj\u0105cy po \u015bmietnikach ko\u015bci. \u015aledztwo zosta\u0142o przekazane stronie rosyjskiej, kt\u00f3ra nie ma interesu, by je ko\u0144czy\u0107, dodatkowo upokarzaj\u0105c polsk\u0105 stron\u0119 tym, \u017ce do tej pory do RP nie wr\u00f3ci\u0142y szcz\u0105tki samolotu.<\/p>\n<p style=\"text-align: justify;\">Ci, kt\u00f3rzy mieni\u0105 si\u0119 polsk\u0105 w\u0142adz\u0105, prokuratur\u0105, \u015bledczymi &#8211; powinni zamilkn\u0105\u0107, pochyli\u0107 g\u0142owy i tak sta\u0107 &#8211; okryci ha\u0144b\u0105 i wstydem. Oni jednak od samego pocz\u0105tku mieli inne plany. Dla swych odbiorc\u00f3w (w wi\u0119kszo\u015bci jest to elektorat SLD, PO i konsumenci <em>Gazety Wyborczej<\/em> czy <em>NIE<\/em>\u00a0&#8211; Jerzego Urbana) przygotowano danie dnia. <strong>K\u0142amstwa, opluwanie zmar\u0142ych i poni\u017canie ich oraz tysi\u0105ce godzin medialnej dezinformacji.<\/strong>\u00a0Przedstawienie trwa! Dzi\u015b, \u00a0w przededniu wybor\u00f3w prezydenckich, ostatnim idiotom, pastwi\u0105cym si\u0119 z pasj\u0105 nad smole\u0144skim trupim polem, dano kolejn\u0105 zabawk\u0119. Ka\u017cde wdepni\u0119cie w tak\u0105 truj\u0105c\u0105 substancj\u0119 <strong>grozi wy\u0142\u0105cznie wywo\u0142aniem awantury przed wyborami &#8211; a dok\u0142adnie o to w\u0142a\u015bnie chodzi w\u0142adzom!<\/strong>\u00a0St\u0105d te\u017c dzisiejsza, kolejna wrzutka, opluwaj\u0105ca ofiary tragedii smole\u0144skiej. <strong>Zn\u00f3w dziennikarze w mediach o kapitale niemieckim zdali egzamin na pi\u0105tk\u0119. Joseph Goebbels by\u0142by z was dumny &#8211; perfekcyjnie podane k\u0142amstwo!<\/strong>\u00a0Nie wiadomo, sk\u0105d si\u0119 wzi\u0119\u0142y jakie\u015b nowe stenogramy i kto je sporz\u0105dzi\u0142, nie wiadomo, kto jecha\u0142 po nie do Moskwy. Nie wiadomo te\u017c, na jakiej podstawie je sporz\u0105dzono i co w nich w og\u00f3le jest. Nie wiadomo, gdzie one s\u0105 i sk\u0105d one s\u0105. Nie wiadomo, czy w og\u00f3le zajmowa\u0142y si\u0119 tym jakiekolwiek w\u0142adze, instytucje, prokuratura, czy zosta\u0142y po prostu przywiezione dla wywo\u0142ania sensacji. <strong>Nie wiadomo, jakie jest stanowisko jakichkolwiek w\u0142adz, prokuratury, instytucji i po co ujrza\u0142y \u015bwiat\u0142o dzienne, skoro i tak ju\u017c &#8222;wszystko&#8220; zosta\u0142o Polakom wy\u0142o\u017cone!<\/strong> Nie wiadomo, kto, co i z czego odczytywa\u0142 i w og\u00f3le &#8211; do czego ten kto\u015b (co odczytywa\u0142 albo i nie odczytywa\u0142) mia\u0142 dost\u0119p. Nie wiadomo, czy stenogramy sporz\u0105dzono z nagra\u0144 d\u0142u\u017cszych, kr\u00f3tszych, zaszumionych i jak to sie sta\u0142o, \u017ce dopiero \u201cnowatorskie\u201d sposoby sa w stanie odczyta\u0107 kolejnych 30 procent s\u0142\u00f3w!<\/p>\n<p style=\"text-align: justify;\">Te wrzutki, to kolejne przykrywanie upadku pa\u0144stwa. Zad\u0142u\u017cenie dawno przekroczy\u0142o poziom Grecji, nie dzia\u0142aj\u0105 pa\u0144stwowe instytucje, ro\u015bnie korupcja a w narodzie apatia i zoboj\u0119tnienie. Kto \u017cyw, ucieka na tu\u0142acz\u0105 emigracj\u0119 a i nawet na \u015bwi\u0119ta ko\u015bcielne Polacy ju\u017c nie wracaj\u0105 do kraju, czym oburzaj\u0105 rodzimy kler. Nie dajmy si\u0119 w \u017cadnym razie tym draniom &#8211; mo\u017ce na\u0107panym, mo\u017ce zaalkoholizowanym (a mo\u017ce tylko spe\u0142niaj\u0105cym pos\u0142usznie polecenia prze\u0142o\u017conych) wci\u0105gn\u0105\u0107 w ich brudn\u0105 rozgrywk\u0119 przedwyborcz\u0105. Niech dalej wysy\u0142aj\u0105 w eter swoje urojenia, z kt\u00f3rych nic nie wynika a spe\u0142niaj\u0105 tylko funkcj\u0119 wylewania szamba i zatruwania fekaliami naszych my\u015bli. Niestety, \u017cyjemy w czasach, kiedy nie istniej\u0105 \u017cadne \u015bwi\u0119to\u015bci, <strong>gdy ka\u017cdy pajac mo\u017ce publicznie i medialnie kpi\u0107 z ka\u017cdego i ka\u017cdego obra\u017ca\u0107 &#8211; zar\u00f3wno \u017cyj\u0105cego jak i nie\u017cyj\u0105cego<\/strong>. To nieprzyjemny skutek uboczny demokracji a w przypadku Polski &#8211; dyktatury dezinformacji &#8211; kt\u00f3ra trzyma biedn\u0105, tubylcz\u0105 t\u0142uszcz\u0119 na kr\u00f3tkiej smyczy.<\/p>\n<p style=\"text-align: justify;\"><a href=\"http:\/\/www.siemysli.info.ke\/wp-content\/uploads\/2015\/04\/images1.jpg\" rel=\"lightbox[15455]\"><img decoding=\"async\" class=\"alignleft size-full wp-image-15457\" src=\"http:\/\/www.siemysli.info.ke\/wp-content\/uploads\/2015\/04\/images1.jpg\" alt=\"images\" width=\"289\" height=\"174\" \/><\/a>Od pi\u0119ciu lat \u017cyjemy w politycznym matriksie, kr\u0119c\u0105cym si\u0119 wok\u00f3\u0142 kokpitu samolotu, kt\u00f3rego wrak nie wraca do Polski. Nie ma kampanii wyborczej, nie ma debaty politycznej z udzia\u0142em dw\u00f3ch dominuj\u0105cych w <em>mainstreamie<\/em> \u00a0partii, by sprawa katastrofy prezydenckiego samolotu nie przewin\u0119\u0142a si\u0119 cho\u0107by w tle. Wszyscy bez wyj\u0105tku nie mog\u0105 ju\u017c o tym s\u0142ucha\u0107. Mo\u017cna powiedzie\u0107 \u2013 nie wszystko wiemy! Ja dopowiem \u2013 i nie b\u0119dziemy wiedzieli nigdy. S\u0105 powody, dla kt\u00f3rych nie spodziewam si\u0119 zamkni\u0119cia sprawy. To sztuczne skakanie sobie do garde\u0142 liberalnych &#8222;polityk\u00f3w&#8220; z PO i PiS-u. Mamy wi\u0119c sytuacj\u0119, w kt\u00f3rej rz\u0105dz\u0105cy i opozycja pe\u0142nym wyja\u015bnieniem sprawy nie s\u0105 zainteresowani a medialny <em>show<\/em>\u00a0s\u0142u\u017cy im tylko do szokowania lub mobilizowania swych wyborc\u00f3w. W\u0142a\u015bnie od Smole\u0144ska zacz\u0119\u0142a si\u0119 \u201cwojna polsko-ruska\u201d. Ci\u0105g\u0142e ujadanie w mediach, w prasie i w spo\u0142ecznych komentarzach, jak i rz\u0105dowe strojenie si\u0119 w pi\u00f3ra husarii, doprowadzi\u0142y do sprowadzenia kontakt\u00f3w mi\u0119dzy naszymi krajami do minimum. PiS-owskie media znaj\u0105 dobrze wykonawc\u00f3w \u201czamachu\u201d, za\u015b PO-wscy libera\u0142owie ujadaj\u0105, o\u015bmieszaj\u0105c te wersj\u0119 zdarze\u0144. Kiedy\u015b mo\u017ce wyja\u015bni si\u0119, co sta\u0142o sie tego dnia z prezydenckim Tu-154 i oby nie okaza\u0142o si\u0119, \u017ce \u015bmiertelne uderzenie przysz\u0142o z zupe\u0142nie innego kierunku ni\u017c wszystkim zainteresowanym si\u0119 wydaje. <strong>Wygaszanie Polski i Polak\u00f3w dobiega ko\u0144ca.<\/strong> Jeszcze kilkadziesi\u0105t lat i nadwi\u015bla\u0144skie tereny zamieszkiwa\u0107 b\u0119dzie 1\/5 tubylc\u00f3w, wykonuj\u0105cych tylko proste prace u zupe\u0142nie obcego pana. <strong>Tak ko\u0144cz\u0105 wszyscy naiwni!<\/strong><\/p>\n<p style=\"text-align: justify;\">\n<p style=\"text-align: right;\"><strong>Roman Boryczko<\/strong>,<\/p>\n<p style=\"text-align: right;\"><em>kwiecie\u0144 2015<\/em><\/p>\n","protected":false},"excerpt":{"rendered":"<p>Od katastrofy smole\u0144skiej polskiego samolotu rz\u0105dowego, lec\u0105cego na obchody katy\u0144skie 10. kwietnia 2010 roku, min\u0119\u0142o ju\u017c 5 lat. Sam pami\u0119tam,<\/p>\n","protected":false},"author":7,"featured_media":15456,"comment_status":"open","ping_status":"open","sticky":false,"template":"","format":"standard","meta":{"colormag_page_layout":"default_layout","footnotes":""},"categories":[7,81],"tags":[2378,2377,2382,202,2383],"class_list":["post-15455","post","type-post","status-publish","format-standard","has-post-thumbnail","hentry","category-gospodarka","category-rzeczpospolita","tag-10-04-2010","tag-katastrofa-smolenska","tag-niewidoczny-samolot","tag-roman-boryczko","tag-tysiace-godzin-medialnej-dezinformacji"],"yoast_head":"<!-- This site is optimized with the Yoast SEO plugin v25.1 - https:\/\/yoast.com\/wordpress\/plugins\/seo\/ -->\n<title>Platforma wyla\u0142a - smole\u0144skie szambo - SI\u0118 MY\u015aLI<\/title>\n<meta name=\"robots\" content=\"index, follow, max-snippet:-1, max-image-preview:large, max-video-preview:-1\" \/>\n<link rel=\"canonical\" href=\"https:\/\/siemysli-ke.info\/de\/platforma-wylala-smolenskie-szambo\/\" \/>\n<meta property=\"og:locale\" content=\"de_DE\" \/>\n<meta property=\"og:type\" content=\"article\" \/>\n<meta property=\"og:title\" content=\"Platforma wyla\u0142a - smole\u0144skie szambo - SI\u0118 MY\u015aLI\" \/>\n<meta property=\"og:description\" content=\"Od katastrofy smole\u0144skiej polskiego samolotu rz\u0105dowego, lec\u0105cego na obchody katy\u0144skie 10. kwietnia 2010 roku, min\u0119\u0142o ju\u017c 5 lat. Sam pami\u0119tam,\" \/>\n<meta property=\"og:url\" content=\"https:\/\/siemysli-ke.info\/de\/platforma-wylala-smolenskie-szambo\/\" \/>\n<meta property=\"og:site_name\" content=\"SI\u0118 MY\u015aLI\" \/>\n<meta property=\"article:published_time\" content=\"2015-04-08T12:06:53+00:00\" \/>\n<meta property=\"article:modified_time\" content=\"2015-04-11T23:12:26+00:00\" \/>\n<meta property=\"og:image\" content=\"https:\/\/siemysli-ke.info\/wp-content\/uploads\/2015\/04\/smolensk_katastrofa_2.jpg\" \/>\n\t<meta property=\"og:image:width\" content=\"750\" \/>\n\t<meta property=\"og:image:height\" content=\"554\" \/>\n\t<meta property=\"og:image:type\" content=\"image\/jpeg\" \/>\n<meta name=\"author\" content=\"Jaromir\" \/>\n<meta name=\"twitter:label1\" content=\"Verfasst von\" \/>\n\t<meta name=\"twitter:data1\" content=\"Jaromir\" \/>\n\t<meta name=\"twitter:label2\" content=\"Gesch\u00e4tzte Lesezeit\" \/>\n\t<meta name=\"twitter:data2\" content=\"5\u00a0Minuten\" \/>\n<script type=\"application\/ld+json\" class=\"yoast-schema-graph\">{\"@context\":\"https:\/\/schema.org\",\"@graph\":[{\"@type\":\"Article\",\"@id\":\"https:\/\/siemysli-ke.info\/de\/platforma-wylala-smolenskie-szambo\/#article\",\"isPartOf\":{\"@id\":\"https:\/\/siemysli-ke.info\/de\/platforma-wylala-smolenskie-szambo\/\"},\"author\":{\"name\":\"Jaromir\",\"@id\":\"https:\/\/siemysli-ke.info\/#\/schema\/person\/66d741fa745a44f2fe46d112bc6499f2\"},\"headline\":\"Platforma wyla\u0142a &#8211; smole\u0144skie szambo\",\"datePublished\":\"2015-04-08T12:06:53+00:00\",\"dateModified\":\"2015-04-11T23:12:26+00:00\",\"mainEntityOfPage\":{\"@id\":\"https:\/\/siemysli-ke.info\/de\/platforma-wylala-smolenskie-szambo\/\"},\"wordCount\":1057,\"commentCount\":1,\"publisher\":{\"@id\":\"https:\/\/siemysli-ke.info\/#organization\"},\"image\":{\"@id\":\"https:\/\/siemysli-ke.info\/de\/platforma-wylala-smolenskie-szambo\/#primaryimage\"},\"thumbnailUrl\":\"https:\/\/siemysli-ke.info\/wp-content\/uploads\/2015\/04\/smolensk_katastrofa_2.jpg\",\"keywords\":[\"10.04.2010\",\"katastrofa smole\u0144ska\",\"niewidoczny samolot\",\"Roman Boryczko\",\"tysi\u0105ce godzin medialnej dezinformacji\"],\"articleSection\":[\"Gospodarka i polityka\",\"Rzeczypospolita\"],\"inLanguage\":\"de\",\"potentialAction\":[{\"@type\":\"CommentAction\",\"name\":\"Comment\",\"target\":[\"https:\/\/siemysli-ke.info\/de\/platforma-wylala-smolenskie-szambo\/#respond\"]}]},{\"@type\":\"WebPage\",\"@id\":\"https:\/\/siemysli-ke.info\/de\/platforma-wylala-smolenskie-szambo\/\",\"url\":\"https:\/\/siemysli-ke.info\/de\/platforma-wylala-smolenskie-szambo\/\",\"name\":\"Platforma wyla\u0142a - smole\u0144skie szambo - SI\u0118 MY\u015aLI\",\"isPartOf\":{\"@id\":\"https:\/\/siemysli-ke.info\/de\/#website\"},\"primaryImageOfPage\":{\"@id\":\"https:\/\/siemysli-ke.info\/de\/platforma-wylala-smolenskie-szambo\/#primaryimage\"},\"image\":{\"@id\":\"https:\/\/siemysli-ke.info\/de\/platforma-wylala-smolenskie-szambo\/#primaryimage\"},\"thumbnailUrl\":\"https:\/\/siemysli-ke.info\/wp-content\/uploads\/2015\/04\/smolensk_katastrofa_2.jpg\",\"datePublished\":\"2015-04-08T12:06:53+00:00\",\"dateModified\":\"2015-04-11T23:12:26+00:00\",\"breadcrumb\":{\"@id\":\"https:\/\/siemysli-ke.info\/de\/platforma-wylala-smolenskie-szambo\/#breadcrumb\"},\"inLanguage\":\"de\",\"potentialAction\":[{\"@type\":\"ReadAction\",\"target\":[[\"https:\/\/siemysli-ke.info\/de\/platforma-wylala-smolenskie-szambo\/\"]]}]},{\"@type\":\"ImageObject\",\"inLanguage\":\"de\",\"@id\":\"https:\/\/siemysli-ke.info\/de\/platforma-wylala-smolenskie-szambo\/#primaryimage\",\"url\":\"https:\/\/siemysli-ke.info\/wp-content\/uploads\/2015\/04\/smolensk_katastrofa_2.jpg\",\"contentUrl\":\"https:\/\/siemysli-ke.info\/wp-content\/uploads\/2015\/04\/smolensk_katastrofa_2.jpg\",\"width\":750,\"height\":554},{\"@type\":\"BreadcrumbList\",\"@id\":\"https:\/\/siemysli-ke.info\/de\/platforma-wylala-smolenskie-szambo\/#breadcrumb\",\"itemListElement\":[{\"@type\":\"ListItem\",\"position\":1,\"name\":\"Home\",\"item\":\"https:\/\/siemysli-ke.info\/de\/\"},{\"@type\":\"ListItem\",\"position\":2,\"name\":\"Platforma wyla\u0142a &#8211; smole\u0144skie szambo\"}]},{\"@type\":\"WebSite\",\"@id\":\"https:\/\/siemysli-ke.info\/de\/#website\",\"url\":\"https:\/\/siemysli-ke.info\/de\/\",\"name\":\"SI\u0118 MY\u015aLI\",\"description\":\"\",\"publisher\":{\"@id\":\"https:\/\/siemysli-ke.info\/de\/#organization\"},\"potentialAction\":[{\"@type\":\"SearchAction\",\"target\":{\"@type\":\"EntryPoint\",\"urlTemplate\":\"https:\/\/siemysli-ke.info\/de\/?s={search_term_string}\"},\"query-input\":{\"@type\":\"PropertyValueSpecification\",\"valueRequired\":true,\"valueName\":\"search_term_string\"}}],\"inLanguage\":\"de\"},{\"@type\":\"Organization\",\"@id\":\"https:\/\/siemysli-ke.info\/de\/#organization\",\"name\":\"SI\u0118 MY\u015aLI\",\"url\":\"https:\/\/siemysli-ke.info\/de\/\",\"logo\":{\"@type\":\"ImageObject\",\"inLanguage\":\"de\",\"@id\":\"https:\/\/siemysli-ke.info\/de\/#\/schema\/logo\/image\/\",\"url\":\"https:\/\/siemysli-ke.info\/wp-content\/uploads\/2025\/05\/99.png\",\"contentUrl\":\"https:\/\/siemysli-ke.info\/wp-content\/uploads\/2025\/05\/99.png\",\"width\":270,\"height\":204,\"caption\":\"SI\u0118 MY\u015aLI\"},\"image\":{\"@id\":\"https:\/\/siemysli-ke.info\/de\/#\/schema\/logo\/image\/\"}},{\"@type\":\"Person\",\"@id\":\"https:\/\/siemysli-ke.info\/#\/schema\/person\/66d741fa745a44f2fe46d112bc6499f2\",\"name\":\"Jaromir\",\"image\":{\"@type\":\"ImageObject\",\"inLanguage\":\"de\",\"@id\":\"https:\/\/siemysli-ke.info\/de\/#\/schema\/person\/image\/\",\"url\":\"https:\/\/secure.gravatar.com\/avatar\/fe881559e8ac8dda20293e9e8317d4678c6ad8f65f85a9ce5e1a87cee56b6198?s=96&d=mm&r=g\",\"contentUrl\":\"https:\/\/secure.gravatar.com\/avatar\/fe881559e8ac8dda20293e9e8317d4678c6ad8f65f85a9ce5e1a87cee56b6198?s=96&d=mm&r=g\",\"caption\":\"Jaromir\"},\"url\":\"https:\/\/siemysli-ke.info\/de\/author\/jaromir\/\"}]}<\/script>\n<!-- \/ Yoast SEO plugin. -->","yoast_head_json":{"title":"Platforma wyla\u0142a - smole\u0144skie szambo - SI\u0118 MY\u015aLI","robots":{"index":"index","follow":"follow","max-snippet":"max-snippet:-1","max-image-preview":"max-image-preview:large","max-video-preview":"max-video-preview:-1"},"canonical":"https:\/\/siemysli-ke.info\/de\/platforma-wylala-smolenskie-szambo\/","og_locale":"de_DE","og_type":"article","og_title":"Platforma wyla\u0142a - smole\u0144skie szambo - SI\u0118 MY\u015aLI","og_description":"Od katastrofy smole\u0144skiej polskiego samolotu rz\u0105dowego, lec\u0105cego na obchody katy\u0144skie 10. kwietnia 2010 roku, min\u0119\u0142o ju\u017c 5 lat. Sam pami\u0119tam,","og_url":"https:\/\/siemysli-ke.info\/de\/platforma-wylala-smolenskie-szambo\/","og_site_name":"SI\u0118 MY\u015aLI","article_published_time":"2015-04-08T12:06:53+00:00","article_modified_time":"2015-04-11T23:12:26+00:00","og_image":[{"width":750,"height":554,"url":"https:\/\/siemysli-ke.info\/wp-content\/uploads\/2015\/04\/smolensk_katastrofa_2.jpg","type":"image\/jpeg"}],"author":"Jaromir","twitter_misc":{"Verfasst von":"Jaromir","Gesch\u00e4tzte Lesezeit":"5\u00a0Minuten"},"schema":{"@context":"https:\/\/schema.org","@graph":[{"@type":"Article","@id":"https:\/\/siemysli-ke.info\/de\/platforma-wylala-smolenskie-szambo\/#article","isPartOf":{"@id":"https:\/\/siemysli-ke.info\/de\/platforma-wylala-smolenskie-szambo\/"},"author":{"name":"Jaromir","@id":"https:\/\/siemysli-ke.info\/#\/schema\/person\/66d741fa745a44f2fe46d112bc6499f2"},"headline":"Platforma wyla\u0142a &#8211; smole\u0144skie szambo","datePublished":"2015-04-08T12:06:53+00:00","dateModified":"2015-04-11T23:12:26+00:00","mainEntityOfPage":{"@id":"https:\/\/siemysli-ke.info\/de\/platforma-wylala-smolenskie-szambo\/"},"wordCount":1057,"commentCount":1,"publisher":{"@id":"https:\/\/siemysli-ke.info\/#organization"},"image":{"@id":"https:\/\/siemysli-ke.info\/de\/platforma-wylala-smolenskie-szambo\/#primaryimage"},"thumbnailUrl":"https:\/\/siemysli-ke.info\/wp-content\/uploads\/2015\/04\/smolensk_katastrofa_2.jpg","keywords":["10.04.2010","katastrofa smole\u0144ska","niewidoczny samolot","Roman Boryczko","tysi\u0105ce godzin medialnej dezinformacji"],"articleSection":["Gospodarka i polityka","Rzeczypospolita"],"inLanguage":"de","potentialAction":[{"@type":"CommentAction","name":"Comment","target":["https:\/\/siemysli-ke.info\/de\/platforma-wylala-smolenskie-szambo\/#respond"]}]},{"@type":"WebPage","@id":"https:\/\/siemysli-ke.info\/de\/platforma-wylala-smolenskie-szambo\/","url":"https:\/\/siemysli-ke.info\/de\/platforma-wylala-smolenskie-szambo\/","name":"Platforma wyla\u0142a - smole\u0144skie szambo - SI\u0118 MY\u015aLI","isPartOf":{"@id":"https:\/\/siemysli-ke.info\/de\/#website"},"primaryImageOfPage":{"@id":"https:\/\/siemysli-ke.info\/de\/platforma-wylala-smolenskie-szambo\/#primaryimage"},"image":{"@id":"https:\/\/siemysli-ke.info\/de\/platforma-wylala-smolenskie-szambo\/#primaryimage"},"thumbnailUrl":"https:\/\/siemysli-ke.info\/wp-content\/uploads\/2015\/04\/smolensk_katastrofa_2.jpg","datePublished":"2015-04-08T12:06:53+00:00","dateModified":"2015-04-11T23:12:26+00:00","breadcrumb":{"@id":"https:\/\/siemysli-ke.info\/de\/platforma-wylala-smolenskie-szambo\/#breadcrumb"},"inLanguage":"de","potentialAction":[{"@type":"ReadAction","target":[["https:\/\/siemysli-ke.info\/de\/platforma-wylala-smolenskie-szambo\/"]]}]},{"@type":"ImageObject","inLanguage":"de","@id":"https:\/\/siemysli-ke.info\/de\/platforma-wylala-smolenskie-szambo\/#primaryimage","url":"https:\/\/siemysli-ke.info\/wp-content\/uploads\/2015\/04\/smolensk_katastrofa_2.jpg","contentUrl":"https:\/\/siemysli-ke.info\/wp-content\/uploads\/2015\/04\/smolensk_katastrofa_2.jpg","width":750,"height":554},{"@type":"BreadcrumbList","@id":"https:\/\/siemysli-ke.info\/de\/platforma-wylala-smolenskie-szambo\/#breadcrumb","itemListElement":[{"@type":"ListItem","position":1,"name":"Home","item":"https:\/\/siemysli-ke.info\/de\/"},{"@type":"ListItem","position":2,"name":"Platforma wyla\u0142a &#8211; smole\u0144skie szambo"}]},{"@type":"WebSite","@id":"https:\/\/siemysli-ke.info\/de\/#website","url":"https:\/\/siemysli-ke.info\/de\/","name":"SI\u0118 MY\u015aLI","description":"","publisher":{"@id":"https:\/\/siemysli-ke.info\/de\/#organization"},"potentialAction":[{"@type":"SearchAction","target":{"@type":"EntryPoint","urlTemplate":"https:\/\/siemysli-ke.info\/de\/?s={search_term_string}"},"query-input":{"@type":"PropertyValueSpecification","valueRequired":true,"valueName":"search_term_string"}}],"inLanguage":"de"},{"@type":"Organization","@id":"https:\/\/siemysli-ke.info\/de\/#organization","name":"SI\u0118 MY\u015aLI","url":"https:\/\/siemysli-ke.info\/de\/","logo":{"@type":"ImageObject","inLanguage":"de","@id":"https:\/\/siemysli-ke.info\/de\/#\/schema\/logo\/image\/","url":"https:\/\/siemysli-ke.info\/wp-content\/uploads\/2025\/05\/99.png","contentUrl":"https:\/\/siemysli-ke.info\/wp-content\/uploads\/2025\/05\/99.png","width":270,"height":204,"caption":"SI\u0118 MY\u015aLI"},"image":{"@id":"https:\/\/siemysli-ke.info\/de\/#\/schema\/logo\/image\/"}},{"@type":"Person","@id":"https:\/\/siemysli-ke.info\/#\/schema\/person\/66d741fa745a44f2fe46d112bc6499f2","name":"Jaromir","image":{"@type":"ImageObject","inLanguage":"de","@id":"https:\/\/siemysli-ke.info\/de\/#\/schema\/person\/image\/","url":"https:\/\/secure.gravatar.com\/avatar\/fe881559e8ac8dda20293e9e8317d4678c6ad8f65f85a9ce5e1a87cee56b6198?s=96&d=mm&r=g","contentUrl":"https:\/\/secure.gravatar.com\/avatar\/fe881559e8ac8dda20293e9e8317d4678c6ad8f65f85a9ce5e1a87cee56b6198?s=96&d=mm&r=g","caption":"Jaromir"},"url":"https:\/\/siemysli-ke.info\/de\/author\/jaromir\/"}]}},"_links":{"self":[{"href":"https:\/\/siemysli-ke.info\/de\/wp-json\/wp\/v2\/posts\/15455","targetHints":{"allow":["GET"]}}],"collection":[{"href":"https:\/\/siemysli-ke.info\/de\/wp-json\/wp\/v2\/posts"}],"about":[{"href":"https:\/\/siemysli-ke.info\/de\/wp-json\/wp\/v2\/types\/post"}],"author":[{"embeddable":true,"href":"https:\/\/siemysli-ke.info\/de\/wp-json\/wp\/v2\/users\/7"}],"replies":[{"embeddable":true,"href":"https:\/\/siemysli-ke.info\/de\/wp-json\/wp\/v2\/comments?post=15455"}],"version-history":[{"count":0,"href":"https:\/\/siemysli-ke.info\/de\/wp-json\/wp\/v2\/posts\/15455\/revisions"}],"wp:featuredmedia":[{"embeddable":true,"href":"https:\/\/siemysli-ke.info\/de\/wp-json\/wp\/v2\/media\/15456"}],"wp:attachment":[{"href":"https:\/\/siemysli-ke.info\/de\/wp-json\/wp\/v2\/media?parent=15455"}],"wp:term":[{"taxonomy":"category","embeddable":true,"href":"https:\/\/siemysli-ke.info\/de\/wp-json\/wp\/v2\/categories?post=15455"},{"taxonomy":"post_tag","embeddable":true,"href":"https:\/\/siemysli-ke.info\/de\/wp-json\/wp\/v2\/tags?post=15455"}],"curies":[{"name":"wp","href":"https:\/\/api.w.org\/{rel}","templated":true}]}}