 {"id":15430,"date":"2015-04-05T17:05:15","date_gmt":"2015-04-05T15:05:15","guid":{"rendered":"http:\/\/www.siemysli.info.ke\/?p=15430"},"modified":"2015-04-06T00:33:29","modified_gmt":"2015-04-05T22:33:29","slug":"chcemy-budownictwa-komunalnego-socjalnego","status":"publish","type":"post","link":"https:\/\/siemysli-ke.info\/de\/chcemy-budownictwa-komunalnego-socjalnego\/","title":{"rendered":"Chcemy budownictwa komunalnego i socjalnego!"},"content":{"rendered":"<p style=\"text-align: justify;\"><a href=\"http:\/\/www.siemysli.info.ke\/wp-content\/uploads\/2015\/04\/pobrane.png\" rel=\"lightbox[15430]\"><img decoding=\"async\" class=\"alignleft size-full wp-image-15431\" src=\"http:\/\/www.siemysli.info.ke\/wp-content\/uploads\/2015\/04\/pobrane.png\" alt=\"pobrane\" width=\"203\" height=\"106\" \/><\/a>Jak \u017cy\u0107 w Polsce, w kraju gdzie zaniechano budownictwa komunalnego i socjalnego, tak potrzebnego dla m\u0142odych, wchodz\u0105cych w wiek produkcyjny, jak i ludzi starszych, ju\u017c na emeryturach. W czasach minionych bloki do zasiedlenia budowano z \u201cwielkiej p\u0142yty\u201d &#8211; technologii tak wy\u015bmiewanej przez o\u015bwieconych libera\u0142\u00f3w. Polsk\u0119 wyd\u017awigni\u0119to z zapa\u015bci mieszkaniowej a 25 lat solidarno\u015bciowej wolno\u015bci w t\u0119 przepa\u015b\u0107 na powr\u00f3t skutecznie obywateli wp\u0119dzi\u0142o. Miasta nie inwestuj\u0105 \u015brodk\u00f3w w budow\u0119 blok\u00f3w komunalnych (a je\u015bli to robi\u0105, rocznie oddaje si\u0119&#8230; kilkadziesi\u0105t mieszka\u0144, budowanych przez podmioty zewn\u0119trzne, stawiane z najta\u0144szych materia\u0142\u00f3w &#8211; co w konsekwencji powoduje niszczenie tych lokali w tempie b\u0142yskawicznym), nie wspominaj\u0105c o budownictwie socjalnym. W programy rewitalizacyjne topi si\u0119 miliony z\u0142otych, by potem lokale komunalne trafia\u0142y na wolny rynek, do elity zdolenej p\u0142aci\u0107 miastu stawki komercyjne &#8211; 15 z\u0142\/m2 a dotychczasowych lokator\u00f3w komunalnych tych kamienic ruguje si\u0119 do gorszych warunk\u00f3w bytowania. Tyle si\u0119 m\u00f3wi w programach wyborczych o rodzinie, dramatycznym wska\u017aniku demograficznym, postepuj\u0105cej emigracji &#8211; a nikt z decydent\u00f3w nie postuluje \u017cadnych radykalnych krok\u00f3w, by co\u015b zmieni\u0107 i zacz\u0105\u0107 budowa\u0107 &#8222;dla ludzi&#8220;. <strong>Zasoby mieszkaniowe, b\u0119d\u0105ce w gestii pa\u0144stwa, powinny by\u0107 priorytetem dost\u0119pno\u015bci dla obywatela, kt\u00f3ry jest mniej zamo\u017cny<\/strong> &#8211;\u00a0 tj. ludzi pracy, m\u0142odych dopiero wchodz\u0105cych na rynek zawodowy i emeryt\u00f3w &#8211; dalej powinna by\u0107 oferta budownictwa komercyjnego, na kt\u00f3re pozwalaj\u0105 sobie osoby, maj\u0105ce zdolnosc kredytow\u0105.<\/p>\n<p style=\"text-align: justify;\">W Polsce jest na odwr\u00f3t &#8211; <strong>chcesz mie\u0107 w\u0142asne &#8222;M&#8220; &#8211; zad\u0142u\u017casz si\u0119 na ca\u0142e \u017cycie w bankach o obcym kapitale<\/strong>. Pomys\u0142\u00f3w anty-spo\u0142ecznych jest wi\u0119cej. Rz\u0105d PO-PSL pracuje nad projektem ustawy, kt\u00f3ra da samorz\u0105dom mo\u017cliwo\u015b\u0107 odbierania maj\u0105tk\u00f3w i oszcz\u0119dno\u015bci emerytom, otrzymuj\u0105cym mniej ni\u017c 1 400 z\u0142 miesi\u0119cznie, \u00a0a zdecydowanym, by p\u00f3j\u015b\u0107 np. do Domu Spokojnej Staro\u015bci. To jest liberalna twarz rz\u0105du, reprezentuj\u0105cego interesy w\u0142asne i wielkich koncern\u00f3w prywatnych. My &#8211; obywatele tylko im\u00a0 zawadzmy ze swoimi roszczeniami i utyskiwaniem. Ostatnio na medialny warsztat trafi\u0142a sprawa lokali socjalnych z Nowej Soli. Na swoim profilu na <em>Facebooku<\/em>\u00a0prezydent miasta &#8211; Wadim Tyszkiewicz &#8211; zamie\u015bci\u0142 zdj\u0119cia, zrobione na osiedlu socjalnym, jakie za publiczne pieni\u0105dze zosta\u0142o wybudowane w Nowej Soli \u00a0przed 4 laty.<\/p>\n<p style=\"text-align: justify;\">W oczy rzucaj\u0105 si\u0119 br\u00f3d, ba\u0142agan i wielkie dewastacje.<\/p>\n<p style=\"text-align: justify;\"><a href=\"http:\/\/www.siemysli.info.ke\/wp-content\/uploads\/2015\/04\/154882-Sopoccy-urzednicy-przekonuja-ze-wciaz-nie-wiadomo-dla-kogo-powstaja-mieszkania.jpg\" rel=\"lightbox[15430]\"><img decoding=\"async\" class=\"alignleft size-medium wp-image-15432\" src=\"http:\/\/www.siemysli.info.ke\/wp-content\/uploads\/2015\/04\/154882-Sopoccy-urzednicy-przekonuja-ze-wciaz-nie-wiadomo-dla-kogo-powstaja-mieszkania-300x135.jpg\" alt=\"154882-Sopoccy-urzednicy-przekonuja-ze-wciaz-nie-wiadomo-dla-kogo-powstaja-mieszkania\" width=\"300\" height=\"135\" srcset=\"https:\/\/siemysli-ke.info\/wp-content\/uploads\/2015\/04\/154882-Sopoccy-urzednicy-przekonuja-ze-wciaz-nie-wiadomo-dla-kogo-powstaja-mieszkania-300x135.jpg 300w, https:\/\/siemysli-ke.info\/wp-content\/uploads\/2015\/04\/154882-Sopoccy-urzednicy-przekonuja-ze-wciaz-nie-wiadomo-dla-kogo-powstaja-mieszkania.jpg 553w\" sizes=\"(max-width: 300px) 100vw, 300px\" \/><\/a>&#8211; Czy dalej pomaga\u0107 tym, kt\u00f3rzy darowane od miasta mieszkania zamienili w chlew? Tym, kt\u00f3rzy wyrwali i sprzedali drzwi, bojlery, kaloryfery, krany i kuchenki? Pomaga\u0107 im? Co z nimi pocz\u0105\u0107? &#8211; pyta prezydent \u00a0Nowej Soli. Rodzi si\u0119 wi\u0119c pytanie: czy mieszka\u0144cy, ka\u017cdego dnia ci\u0119\u017cko pracuj\u0105cy i p\u0142ac\u0105cy podatki, powinni w niesko\u0144czono\u015b\u0107 utrzymywa\u0107 tych, kt\u00f3rzy prac\u0105 nie chc\u0105 si\u0119 zha\u0144bi\u0107, a z korzystania z zasi\u0142k\u00f3w zrobili sobie spos\u00f3b na \u017cycie? \u2013 pyta samorz\u0105dowiec.<\/p>\n<p style=\"text-align: justify;\">Tyszkiewicz, zanim w 2002 r. zosta\u0142 prezydentem Nowej Soli, by\u0142 przedsi\u0119biorc\u0105. Cho\u0107 do\u015bwiadczenie wyniesione z tego sektora mo\u017ce by\u0107 bardzo pomocne w zarz\u0105dzaniu miastem, to ju\u017c czysto biznesowe my\u015blenie niekoniecznie sprawdza si\u0119 w kontek\u015bcie bezpo\u015bredniej pomocy potrzebuj\u0105cym. Nowa S\u00f3l wprowadzi\u0142a do barak\u00f3w socjalnych ludzi w potrzebie, ale i skrajn\u0105 patologi\u0119, kt\u00f3rej potem nikt ju\u017c nie monitorowa\u0142. S\u0105 niekiedy ludzie o nastawieniu aspo\u0142ecznym, kt\u00f3rzy taki styl \u017cycia wybieraj\u0105 i nie da si\u0119 ich aktywizowa\u0107 czy inaczej im pom\u00f3c. Mo\u017cna udostepnia\u0107 im noclegownie, polowe kuchnie, ciep\u0142\u0105 odzie\u017c&#8230; Reszta rzeczywi\u015bcie le\u017cy w ich r\u0119kach &#8211; a cz\u0119sto takie \u017cycie kr\u0119ci si\u0119 tylko wok\u00f3\u0142 butelki denaturatu.<\/p>\n<p style=\"text-align: justify;\"><strong>Pomoc socjalna wraz z samorz\u0105dami dzia\u0142aj\u0105 w\u0142a\u015bnie jak instytucja komercyjna, kieruj\u0105ca si\u0119 stron\u0105 ekonomiczn\u0105, nie za\u015b pochyleniem si\u0119 z trosk\u0105 nad s\u0142abszym.<\/strong>\u00a0Z jednej strony mamy przyk\u0142ad rozdawnictwa &#8211; z drugiej za\u015b kurioza, gdzie nie przyznaje si\u0119 zapomogi z MOPS-u, bo rodzina przekracza doch\u00f3d na jednego mieszka\u0144ca o&#8230; 2 z\u0142! &#8222;Burmistrz Nowej Soli jest przedsi\u0119biorc\u0105 ze szko\u0142y liberalnej, kt\u00f3ra opowiada \u00a0dyrdyma\u0142y o w\u0119dkach, kiedy akwen jest ju\u017c dawno od\u0142owiony granatami i nie ma co \u0142owi\u0107&#8220; &#8211; komentuje ca\u0142\u0105 spraw\u0119 w\u00a0<em>Tak Jest<\/em> Piotr Ikonowicz. Problem biedy dotyczy r\u00f3wnie\u017c wi\u0119kszo\u015bci polskich obywateli, najcz\u0119\u015bciej wyst\u0119puj\u0105ca p\u0142aca jest niewiele wy\u017csza od minimalnej, 1\/5 rodzin musi po\u017cycza\u0107, \u017ceby \u017cy\u0107. R\u00f3wnie\u017c <em>gros<\/em>\u00a0ludzi musi wybiera\u0107 mi\u0119dzy op\u0142acaniem wysokiego czynszu a kupnem chleba. Inaczej \u015bwiat widzi ekonomista, zarabiaj\u0105cy rocznie kilka milion\u00f3w z\u0142otych &#8211; \u201cPomoc spo\u0142eczna jest w Polsce za szeroka. Pieni\u0105dze, kt\u00f3re wyp\u0142ywaj\u0105 z bud\u017cetu s\u0105 bardzo du\u017ce. (&#8230;) Jednocze\u015bnie przyznaj\u0119, \u017ce polskie spo\u0142eczenstwo rozwarstwi\u0142o si\u0119 niebezpiecznie i \u017ce ten bogaty \u015bwiat im si\u0119 oddala&#8220; &#8211; stwierdza Ryszard Petru z Towarzystwa Ekonomist\u00f3w Polskich.<\/p>\n<p style=\"text-align: justify;\"><a href=\"http:\/\/www.siemysli.info.ke\/wp-content\/uploads\/2015\/04\/bilde.jpg\" rel=\"lightbox[15430]\"><img decoding=\"async\" class=\"alignleft size-medium wp-image-15433\" src=\"http:\/\/www.siemysli.info.ke\/wp-content\/uploads\/2015\/04\/bilde-300x185.jpg\" alt=\"bilde\" width=\"300\" height=\"185\" srcset=\"https:\/\/siemysli-ke.info\/wp-content\/uploads\/2015\/04\/bilde-300x185.jpg 300w, https:\/\/siemysli-ke.info\/wp-content\/uploads\/2015\/04\/bilde.jpg 666w\" sizes=\"(max-width: 300px) 100vw, 300px\" \/><\/a>Jako obywatel tego kraju, mog\u0119 z ca\u0142\u0105 stanowczo\u015bci\u0105 powiedzie\u0107, i\u017c moja \u201cwolna Polska\u201d nie da\u0142a mi niczego! Staram si\u0119 by\u0107 jeszcze jej obywatelem &#8211; lecz w zamian dostaj\u0119 na codzie\u0144 wyzysk, ignorancj\u0119 lub chamstwo urz\u0119dnik\u00f3w i oboj\u0119tno\u015b\u0107 pa\u0144stwa na losy jego mieszka\u0144c\u00f3w. W ca\u0142ej Europie w lokalach komunalnych i socjalnych \u017cyje ok. 11% ludno\u015bci. Nikt ich nie stygmatyzuje, nikt nie poni\u017ca, nikt nie podnosi tematu wykluczenia jako pieni\u0119dzy, wyrzuconych w b\u0142oto. Dzi\u015b, przed kampani\u0105 prezydenck\u0105, podnosi si\u0119 temat euro jako waluty, kt\u00f3ra wedle roje\u0144 ludzi pokroju Balcerowicza ma zast\u0105pi\u0107 z\u0142otego &#8211; a nie rozwi\u0105zuje si\u0119 w Polsce tak prozaicznych kwestii, jak pomoc obywatelowi w pilnej potrzebie, zast\u0119puj\u0105c temat liberaln\u0105 nowomow\u0105 o \u201ckiju i w\u0119dce\u201d.<\/p>\n<p style=\"text-align: justify;\">\n<p style=\"text-align: right;\"><strong>Roman Boryczko<\/strong>,<\/p>\n<p style=\"text-align: right;\"><em>kwiecie\u0144 2015<\/em><\/p>\n<p style=\"text-align: justify;\">\n<p style=\"text-align: justify;\">\n","protected":false},"excerpt":{"rendered":"<p>Jak \u017cy\u0107 w Polsce, w kraju gdzie zaniechano budownictwa komunalnego i socjalnego, tak potrzebnego dla m\u0142odych, wchodz\u0105cych w wiek produkcyjny,<\/p>\n","protected":false},"author":7,"featured_media":15431,"comment_status":"open","ping_status":"open","sticky":false,"template":"","format":"standard","meta":{"colormag_page_layout":"default_layout","footnotes":""},"categories":[7,81],"tags":[89,2355,2105,92,2356,2364,2363,202,2362,2361,2365],"class_list":["post-15430","post","type-post","status-publish","format-standard","has-post-thumbnail","hentry","category-gospodarka","category-rzeczpospolita","tag-breaking","tag-budownictwo-komunalne","tag-europa","tag-headline","tag-mieszkanie-prawem-a-nie-towarem","tag-nowa-sol","tag-piotr-ikonowicz","tag-roman-boryczko","tag-stygmatyzacja-ubogich","tag-towarzystwo-ekonomistow-polskich","tag-wadim-tyszkiewicz"],"yoast_head":"<!-- This site is optimized with the Yoast SEO plugin v25.1 - https:\/\/yoast.com\/wordpress\/plugins\/seo\/ -->\n<title>Chcemy budownictwa komunalnego i socjalnego! - SI\u0118 MY\u015aLI<\/title>\n<meta name=\"robots\" content=\"index, follow, max-snippet:-1, max-image-preview:large, max-video-preview:-1\" \/>\n<link rel=\"canonical\" href=\"https:\/\/siemysli-ke.info\/de\/chcemy-budownictwa-komunalnego-socjalnego\/\" \/>\n<meta property=\"og:locale\" content=\"de_DE\" \/>\n<meta property=\"og:type\" content=\"article\" \/>\n<meta property=\"og:title\" content=\"Chcemy budownictwa komunalnego i socjalnego! - SI\u0118 MY\u015aLI\" \/>\n<meta property=\"og:description\" content=\"Jak \u017cy\u0107 w Polsce, w kraju gdzie zaniechano budownictwa komunalnego i socjalnego, tak potrzebnego dla m\u0142odych, wchodz\u0105cych w wiek produkcyjny,\" \/>\n<meta property=\"og:url\" content=\"https:\/\/siemysli-ke.info\/de\/chcemy-budownictwa-komunalnego-socjalnego\/\" \/>\n<meta property=\"og:site_name\" content=\"SI\u0118 MY\u015aLI\" \/>\n<meta property=\"article:published_time\" content=\"2015-04-05T15:05:15+00:00\" \/>\n<meta property=\"article:modified_time\" content=\"2015-04-05T22:33:29+00:00\" \/>\n<meta property=\"og:image\" content=\"https:\/\/siemysli-ke.info\/wp-content\/uploads\/2015\/04\/pobrane.png\" \/>\n\t<meta property=\"og:image:width\" content=\"203\" \/>\n\t<meta property=\"og:image:height\" content=\"106\" \/>\n\t<meta property=\"og:image:type\" content=\"image\/png\" \/>\n<meta name=\"author\" content=\"Jaromir\" \/>\n<meta name=\"twitter:label1\" content=\"Verfasst von\" \/>\n\t<meta name=\"twitter:data1\" content=\"Jaromir\" \/>\n\t<meta name=\"twitter:label2\" content=\"Gesch\u00e4tzte Lesezeit\" \/>\n\t<meta name=\"twitter:data2\" content=\"5\u00a0Minuten\" \/>\n<script type=\"application\/ld+json\" class=\"yoast-schema-graph\">{\"@context\":\"https:\/\/schema.org\",\"@graph\":[{\"@type\":\"Article\",\"@id\":\"https:\/\/siemysli-ke.info\/de\/chcemy-budownictwa-komunalnego-socjalnego\/#article\",\"isPartOf\":{\"@id\":\"https:\/\/siemysli-ke.info\/de\/chcemy-budownictwa-komunalnego-socjalnego\/\"},\"author\":{\"name\":\"Jaromir\",\"@id\":\"https:\/\/siemysli-ke.info\/#\/schema\/person\/66d741fa745a44f2fe46d112bc6499f2\"},\"headline\":\"Chcemy budownictwa komunalnego i socjalnego!\",\"datePublished\":\"2015-04-05T15:05:15+00:00\",\"dateModified\":\"2015-04-05T22:33:29+00:00\",\"mainEntityOfPage\":{\"@id\":\"https:\/\/siemysli-ke.info\/de\/chcemy-budownictwa-komunalnego-socjalnego\/\"},\"wordCount\":968,\"commentCount\":0,\"publisher\":{\"@id\":\"https:\/\/siemysli-ke.info\/#organization\"},\"image\":{\"@id\":\"https:\/\/siemysli-ke.info\/de\/chcemy-budownictwa-komunalnego-socjalnego\/#primaryimage\"},\"thumbnailUrl\":\"https:\/\/siemysli-ke.info\/wp-content\/uploads\/2015\/04\/pobrane.png\",\"keywords\":[\"breaking\",\"budownictwo komunalne\",\"Europa\",\"headline\",\"mieszkanie prawem a nie towarem\",\"Nowa S\u00f3l\",\"Piotr Ikonowicz\",\"Roman Boryczko\",\"stygmatyzacja ubogich\",\"Towarzystwo Ekonomist\u00f3w Polskich\",\"Wadim Tyszkiewicz\"],\"articleSection\":[\"Gospodarka i polityka\",\"Rzeczypospolita\"],\"inLanguage\":\"de\",\"potentialAction\":[{\"@type\":\"CommentAction\",\"name\":\"Comment\",\"target\":[\"https:\/\/siemysli-ke.info\/de\/chcemy-budownictwa-komunalnego-socjalnego\/#respond\"]}]},{\"@type\":\"WebPage\",\"@id\":\"https:\/\/siemysli-ke.info\/de\/chcemy-budownictwa-komunalnego-socjalnego\/\",\"url\":\"https:\/\/siemysli-ke.info\/de\/chcemy-budownictwa-komunalnego-socjalnego\/\",\"name\":\"Chcemy budownictwa komunalnego i socjalnego! - SI\u0118 MY\u015aLI\",\"isPartOf\":{\"@id\":\"https:\/\/siemysli-ke.info\/de\/#website\"},\"primaryImageOfPage\":{\"@id\":\"https:\/\/siemysli-ke.info\/de\/chcemy-budownictwa-komunalnego-socjalnego\/#primaryimage\"},\"image\":{\"@id\":\"https:\/\/siemysli-ke.info\/de\/chcemy-budownictwa-komunalnego-socjalnego\/#primaryimage\"},\"thumbnailUrl\":\"https:\/\/siemysli-ke.info\/wp-content\/uploads\/2015\/04\/pobrane.png\",\"datePublished\":\"2015-04-05T15:05:15+00:00\",\"dateModified\":\"2015-04-05T22:33:29+00:00\",\"breadcrumb\":{\"@id\":\"https:\/\/siemysli-ke.info\/de\/chcemy-budownictwa-komunalnego-socjalnego\/#breadcrumb\"},\"inLanguage\":\"de\",\"potentialAction\":[{\"@type\":\"ReadAction\",\"target\":[[\"https:\/\/siemysli-ke.info\/de\/chcemy-budownictwa-komunalnego-socjalnego\/\"]]}]},{\"@type\":\"ImageObject\",\"inLanguage\":\"de\",\"@id\":\"https:\/\/siemysli-ke.info\/de\/chcemy-budownictwa-komunalnego-socjalnego\/#primaryimage\",\"url\":\"https:\/\/siemysli-ke.info\/wp-content\/uploads\/2015\/04\/pobrane.png\",\"contentUrl\":\"https:\/\/siemysli-ke.info\/wp-content\/uploads\/2015\/04\/pobrane.png\",\"width\":203,\"height\":106},{\"@type\":\"BreadcrumbList\",\"@id\":\"https:\/\/siemysli-ke.info\/de\/chcemy-budownictwa-komunalnego-socjalnego\/#breadcrumb\",\"itemListElement\":[{\"@type\":\"ListItem\",\"position\":1,\"name\":\"Home\",\"item\":\"https:\/\/siemysli-ke.info\/de\/\"},{\"@type\":\"ListItem\",\"position\":2,\"name\":\"Chcemy budownictwa komunalnego i socjalnego!\"}]},{\"@type\":\"WebSite\",\"@id\":\"https:\/\/siemysli-ke.info\/de\/#website\",\"url\":\"https:\/\/siemysli-ke.info\/de\/\",\"name\":\"SI\u0118 MY\u015aLI\",\"description\":\"\",\"publisher\":{\"@id\":\"https:\/\/siemysli-ke.info\/de\/#organization\"},\"potentialAction\":[{\"@type\":\"SearchAction\",\"target\":{\"@type\":\"EntryPoint\",\"urlTemplate\":\"https:\/\/siemysli-ke.info\/de\/?s={search_term_string}\"},\"query-input\":{\"@type\":\"PropertyValueSpecification\",\"valueRequired\":true,\"valueName\":\"search_term_string\"}}],\"inLanguage\":\"de\"},{\"@type\":\"Organization\",\"@id\":\"https:\/\/siemysli-ke.info\/de\/#organization\",\"name\":\"SI\u0118 MY\u015aLI\",\"url\":\"https:\/\/siemysli-ke.info\/de\/\",\"logo\":{\"@type\":\"ImageObject\",\"inLanguage\":\"de\",\"@id\":\"https:\/\/siemysli-ke.info\/de\/#\/schema\/logo\/image\/\",\"url\":\"https:\/\/siemysli-ke.info\/wp-content\/uploads\/2025\/05\/99.png\",\"contentUrl\":\"https:\/\/siemysli-ke.info\/wp-content\/uploads\/2025\/05\/99.png\",\"width\":270,\"height\":204,\"caption\":\"SI\u0118 MY\u015aLI\"},\"image\":{\"@id\":\"https:\/\/siemysli-ke.info\/de\/#\/schema\/logo\/image\/\"}},{\"@type\":\"Person\",\"@id\":\"https:\/\/siemysli-ke.info\/#\/schema\/person\/66d741fa745a44f2fe46d112bc6499f2\",\"name\":\"Jaromir\",\"image\":{\"@type\":\"ImageObject\",\"inLanguage\":\"de\",\"@id\":\"https:\/\/siemysli-ke.info\/de\/#\/schema\/person\/image\/\",\"url\":\"https:\/\/secure.gravatar.com\/avatar\/fe881559e8ac8dda20293e9e8317d4678c6ad8f65f85a9ce5e1a87cee56b6198?s=96&d=mm&r=g\",\"contentUrl\":\"https:\/\/secure.gravatar.com\/avatar\/fe881559e8ac8dda20293e9e8317d4678c6ad8f65f85a9ce5e1a87cee56b6198?s=96&d=mm&r=g\",\"caption\":\"Jaromir\"},\"url\":\"https:\/\/siemysli-ke.info\/de\/author\/jaromir\/\"}]}<\/script>\n<!-- \/ Yoast SEO plugin. -->","yoast_head_json":{"title":"Chcemy budownictwa komunalnego i socjalnego! - SI\u0118 MY\u015aLI","robots":{"index":"index","follow":"follow","max-snippet":"max-snippet:-1","max-image-preview":"max-image-preview:large","max-video-preview":"max-video-preview:-1"},"canonical":"https:\/\/siemysli-ke.info\/de\/chcemy-budownictwa-komunalnego-socjalnego\/","og_locale":"de_DE","og_type":"article","og_title":"Chcemy budownictwa komunalnego i socjalnego! - SI\u0118 MY\u015aLI","og_description":"Jak \u017cy\u0107 w Polsce, w kraju gdzie zaniechano budownictwa komunalnego i socjalnego, tak potrzebnego dla m\u0142odych, wchodz\u0105cych w wiek produkcyjny,","og_url":"https:\/\/siemysli-ke.info\/de\/chcemy-budownictwa-komunalnego-socjalnego\/","og_site_name":"SI\u0118 MY\u015aLI","article_published_time":"2015-04-05T15:05:15+00:00","article_modified_time":"2015-04-05T22:33:29+00:00","og_image":[{"width":203,"height":106,"url":"https:\/\/siemysli-ke.info\/wp-content\/uploads\/2015\/04\/pobrane.png","type":"image\/png"}],"author":"Jaromir","twitter_misc":{"Verfasst von":"Jaromir","Gesch\u00e4tzte Lesezeit":"5\u00a0Minuten"},"schema":{"@context":"https:\/\/schema.org","@graph":[{"@type":"Article","@id":"https:\/\/siemysli-ke.info\/de\/chcemy-budownictwa-komunalnego-socjalnego\/#article","isPartOf":{"@id":"https:\/\/siemysli-ke.info\/de\/chcemy-budownictwa-komunalnego-socjalnego\/"},"author":{"name":"Jaromir","@id":"https:\/\/siemysli-ke.info\/#\/schema\/person\/66d741fa745a44f2fe46d112bc6499f2"},"headline":"Chcemy budownictwa komunalnego i socjalnego!","datePublished":"2015-04-05T15:05:15+00:00","dateModified":"2015-04-05T22:33:29+00:00","mainEntityOfPage":{"@id":"https:\/\/siemysli-ke.info\/de\/chcemy-budownictwa-komunalnego-socjalnego\/"},"wordCount":968,"commentCount":0,"publisher":{"@id":"https:\/\/siemysli-ke.info\/#organization"},"image":{"@id":"https:\/\/siemysli-ke.info\/de\/chcemy-budownictwa-komunalnego-socjalnego\/#primaryimage"},"thumbnailUrl":"https:\/\/siemysli-ke.info\/wp-content\/uploads\/2015\/04\/pobrane.png","keywords":["breaking","budownictwo komunalne","Europa","headline","mieszkanie prawem a nie towarem","Nowa S\u00f3l","Piotr Ikonowicz","Roman Boryczko","stygmatyzacja ubogich","Towarzystwo Ekonomist\u00f3w Polskich","Wadim Tyszkiewicz"],"articleSection":["Gospodarka i polityka","Rzeczypospolita"],"inLanguage":"de","potentialAction":[{"@type":"CommentAction","name":"Comment","target":["https:\/\/siemysli-ke.info\/de\/chcemy-budownictwa-komunalnego-socjalnego\/#respond"]}]},{"@type":"WebPage","@id":"https:\/\/siemysli-ke.info\/de\/chcemy-budownictwa-komunalnego-socjalnego\/","url":"https:\/\/siemysli-ke.info\/de\/chcemy-budownictwa-komunalnego-socjalnego\/","name":"Chcemy budownictwa komunalnego i socjalnego! - SI\u0118 MY\u015aLI","isPartOf":{"@id":"https:\/\/siemysli-ke.info\/de\/#website"},"primaryImageOfPage":{"@id":"https:\/\/siemysli-ke.info\/de\/chcemy-budownictwa-komunalnego-socjalnego\/#primaryimage"},"image":{"@id":"https:\/\/siemysli-ke.info\/de\/chcemy-budownictwa-komunalnego-socjalnego\/#primaryimage"},"thumbnailUrl":"https:\/\/siemysli-ke.info\/wp-content\/uploads\/2015\/04\/pobrane.png","datePublished":"2015-04-05T15:05:15+00:00","dateModified":"2015-04-05T22:33:29+00:00","breadcrumb":{"@id":"https:\/\/siemysli-ke.info\/de\/chcemy-budownictwa-komunalnego-socjalnego\/#breadcrumb"},"inLanguage":"de","potentialAction":[{"@type":"ReadAction","target":[["https:\/\/siemysli-ke.info\/de\/chcemy-budownictwa-komunalnego-socjalnego\/"]]}]},{"@type":"ImageObject","inLanguage":"de","@id":"https:\/\/siemysli-ke.info\/de\/chcemy-budownictwa-komunalnego-socjalnego\/#primaryimage","url":"https:\/\/siemysli-ke.info\/wp-content\/uploads\/2015\/04\/pobrane.png","contentUrl":"https:\/\/siemysli-ke.info\/wp-content\/uploads\/2015\/04\/pobrane.png","width":203,"height":106},{"@type":"BreadcrumbList","@id":"https:\/\/siemysli-ke.info\/de\/chcemy-budownictwa-komunalnego-socjalnego\/#breadcrumb","itemListElement":[{"@type":"ListItem","position":1,"name":"Home","item":"https:\/\/siemysli-ke.info\/de\/"},{"@type":"ListItem","position":2,"name":"Chcemy budownictwa komunalnego i socjalnego!"}]},{"@type":"WebSite","@id":"https:\/\/siemysli-ke.info\/de\/#website","url":"https:\/\/siemysli-ke.info\/de\/","name":"SI\u0118 MY\u015aLI","description":"","publisher":{"@id":"https:\/\/siemysli-ke.info\/de\/#organization"},"potentialAction":[{"@type":"SearchAction","target":{"@type":"EntryPoint","urlTemplate":"https:\/\/siemysli-ke.info\/de\/?s={search_term_string}"},"query-input":{"@type":"PropertyValueSpecification","valueRequired":true,"valueName":"search_term_string"}}],"inLanguage":"de"},{"@type":"Organization","@id":"https:\/\/siemysli-ke.info\/de\/#organization","name":"SI\u0118 MY\u015aLI","url":"https:\/\/siemysli-ke.info\/de\/","logo":{"@type":"ImageObject","inLanguage":"de","@id":"https:\/\/siemysli-ke.info\/de\/#\/schema\/logo\/image\/","url":"https:\/\/siemysli-ke.info\/wp-content\/uploads\/2025\/05\/99.png","contentUrl":"https:\/\/siemysli-ke.info\/wp-content\/uploads\/2025\/05\/99.png","width":270,"height":204,"caption":"SI\u0118 MY\u015aLI"},"image":{"@id":"https:\/\/siemysli-ke.info\/de\/#\/schema\/logo\/image\/"}},{"@type":"Person","@id":"https:\/\/siemysli-ke.info\/#\/schema\/person\/66d741fa745a44f2fe46d112bc6499f2","name":"Jaromir","image":{"@type":"ImageObject","inLanguage":"de","@id":"https:\/\/siemysli-ke.info\/de\/#\/schema\/person\/image\/","url":"https:\/\/secure.gravatar.com\/avatar\/fe881559e8ac8dda20293e9e8317d4678c6ad8f65f85a9ce5e1a87cee56b6198?s=96&d=mm&r=g","contentUrl":"https:\/\/secure.gravatar.com\/avatar\/fe881559e8ac8dda20293e9e8317d4678c6ad8f65f85a9ce5e1a87cee56b6198?s=96&d=mm&r=g","caption":"Jaromir"},"url":"https:\/\/siemysli-ke.info\/de\/author\/jaromir\/"}]}},"_links":{"self":[{"href":"https:\/\/siemysli-ke.info\/de\/wp-json\/wp\/v2\/posts\/15430","targetHints":{"allow":["GET"]}}],"collection":[{"href":"https:\/\/siemysli-ke.info\/de\/wp-json\/wp\/v2\/posts"}],"about":[{"href":"https:\/\/siemysli-ke.info\/de\/wp-json\/wp\/v2\/types\/post"}],"author":[{"embeddable":true,"href":"https:\/\/siemysli-ke.info\/de\/wp-json\/wp\/v2\/users\/7"}],"replies":[{"embeddable":true,"href":"https:\/\/siemysli-ke.info\/de\/wp-json\/wp\/v2\/comments?post=15430"}],"version-history":[{"count":0,"href":"https:\/\/siemysli-ke.info\/de\/wp-json\/wp\/v2\/posts\/15430\/revisions"}],"wp:featuredmedia":[{"embeddable":true,"href":"https:\/\/siemysli-ke.info\/de\/wp-json\/wp\/v2\/media\/15431"}],"wp:attachment":[{"href":"https:\/\/siemysli-ke.info\/de\/wp-json\/wp\/v2\/media?parent=15430"}],"wp:term":[{"taxonomy":"category","embeddable":true,"href":"https:\/\/siemysli-ke.info\/de\/wp-json\/wp\/v2\/categories?post=15430"},{"taxonomy":"post_tag","embeddable":true,"href":"https:\/\/siemysli-ke.info\/de\/wp-json\/wp\/v2\/tags?post=15430"}],"curies":[{"name":"wp","href":"https:\/\/api.w.org\/{rel}","templated":true}]}}