 {"id":15421,"date":"2015-04-04T20:42:33","date_gmt":"2015-04-04T18:42:33","guid":{"rendered":"http:\/\/www.siemysli.info.ke\/?p=15421"},"modified":"2015-04-05T01:29:54","modified_gmt":"2015-04-04T23:29:54","slug":"wielkanocne-czekanie-na-cud","status":"publish","type":"post","link":"https:\/\/siemysli-ke.info\/de\/wielkanocne-czekanie-na-cud\/","title":{"rendered":"Wielkanocne czekanie na&#8230; cud!"},"content":{"rendered":"<p style=\"text-align: justify;\"><a href=\"http:\/\/www.siemysli.info.ke\/wp-content\/uploads\/2015\/04\/644243_samotnosc.jpg\" rel=\"lightbox[15421]\"><img decoding=\"async\" class=\"alignleft size-medium wp-image-15422\" src=\"http:\/\/www.siemysli.info.ke\/wp-content\/uploads\/2015\/04\/644243_samotnosc-300x200.jpg\" alt=\"644243_samotnosc\" width=\"300\" height=\"200\" srcset=\"https:\/\/siemysli-ke.info\/wp-content\/uploads\/2015\/04\/644243_samotnosc-300x200.jpg 300w, https:\/\/siemysli-ke.info\/wp-content\/uploads\/2015\/04\/644243_samotnosc.jpg 933w\" sizes=\"(max-width: 300px) 100vw, 300px\" \/><\/a>Niedziela Wielkanocna rozpoczyna si\u0119 ju\u017c w sobot\u0119 po zachodzie s\u0142o\u0144ca. \u00a0Dla polskich katolik\u00f3w jest to najwa\u017cniejsze \u015bwi\u0119to ko\u015bcielne. W chrze\u015bcija\u0144stwie wprawdzie ka\u017cda niedziela jest pami\u0105tk\u0105 zmartwychwstania Chrystusa, ale Niedziela Zmartwychwstania jest z nich najbardziej uroczysta. Wierni &#8211; zgodnie z tradycj\u0105 ho\u0142ubi\u0105c sw\u00f3j indywidualizm &#8211; spotykaj\u0105 si\u0119 w \u015bwi\u0105tyniach &#8211; razem, ale osobno. Wsp\u00f3lna celebra jest fikcj\u0105 a celem staje si\u0119 upragniona \u0142aska. jaka mo\u017ce sp\u0142yn\u0105\u0107 na rodzin\u0119 przez ca\u0142y nadchodz\u0105cy rok. Wielu odda\u0142o \u017cycie za wiar\u0119, wielu odda\u0142o \u017cycie za przyja\u017a\u0144, za inny kraj, za lepsze jutro&#8230; S\u0105 bezimienni w swych zmaganiach. Pozosta\u0142 tylko czas kolorowego \u015bwi\u0119ta koszyka, pe\u0142nego jad\u0142a i kurczaka, znacz\u0105cego dla nas tyle, ile jeste\u015bmy w stanie zrozumie\u0107 lub w strachu przed tradycj\u0105 ojc\u00f3w &#8211; wzi\u0105\u0107 na barki. Ci w wierze &#8211; sp\u0119tani s\u0105 przykazami boskimi a na co dzie\u0144 &#8211; w\u0142adz\u0105 milion\u00f3w urz\u0119dnik\u00f3w, kt\u00f3rym si\u0119 czasem wydaje, i\u017c\u00a0 sw\u0105 moc dostali \u00a0z&#8230; nieba.<\/p>\n<p style=\"text-align: justify;\">Smutne to, \u017ce ziemska egzystencja musi by\u0107 pe\u0142na b\u00f3lu, ascezy i wyrzecze\u0144 w oczekiwaniu na bachanalia w niebiosach. A je\u015bli Nieba nie ma?<\/p>\n<p style=\"text-align: justify;\">S\u0105 na \u015bwiecie narody dobrze funkcjonuj\u0105ce bez boskiego \u015bwiat\u0142a. \u017byj\u0105, pracuj\u0105, pomagaj\u0105 sobie &#8211; a jednak nie oczekuj\u0105 zbawienia! W grupie tej znajduj\u0105 si\u0119 takie pa\u0144stwa jak Szwecja, Dania, Japonia i Francja. Socjolog Phil Zuckerman oszacowa\u0142, \u017ce oko\u0142o miliarda mieszka\u0144c\u00f3w Ziemi to atei\u015bci, agnostycy i &#8211; po prostu &#8211; niewierz\u0105cy. Jeszcze jednym wnioskiem z badania Phila Zuckermana jest to, i\u017c im kraj bogatszy a ludzie \u017cyj\u0105 zamo\u017cniej, tym mniej wierz\u0105 oni w Boga. Im cz\u0142owiekowi bli\u017cej do cz\u0142owieka, tym mniej potrzebuje w\u0142adzy nad sob\u0105. Sk\u0142\u00f3ceni, podzieleni, st\u0142amszeni &#8211; wylewamy ze swych podziurawionych dzusz na spowiedzi \u015bwi\u0119tej gorycz kl\u0119ski, oczekuj\u0105c jednak cudu. Ko\u0144ca \u015bwiata dzi\u015b nie b\u0119dzie, nie b\u0119dzie te\u017c lepszego jutra, bo my sami zamkn\u0119li\u015bmy si\u0119 przed wsp\u00f3lnot\u0105.<\/p>\n<p style=\"text-align: justify;\">Samotno\u015b\u0107 boli.<\/p>\n<p style=\"text-align: justify;\">Nie oczekujcie zmiany, bowiem Chrystus wskaza\u0142 ju\u017c nam drog\u0119, po kt\u00f3rej jego Ko\u015bci\u00f3\u0142 mia\u0142 kroczy\u0107 wsp\u00f3lnie. A jak wida\u0107 &#8211; w ten spos\u00f3b kroczy\u0107 nie chce!!!<\/p>\n<p style=\"text-align: justify;\">\n<p style=\"text-align: right;\"><strong>Roman Boryczko<\/strong>,<\/p>\n<p style=\"text-align: right;\"><em>kwiecie\u0144 2015<\/em><\/p>\n","protected":false},"excerpt":{"rendered":"<p>Niedziela Wielkanocna rozpoczyna si\u0119 ju\u017c w sobot\u0119 po zachodzie s\u0142o\u0144ca. \u00a0Dla polskich katolik\u00f3w jest to najwa\u017cniejsze \u015bwi\u0119to ko\u015bcielne. W chrze\u015bcija\u0144stwie<\/p>\n","protected":false},"author":7,"featured_media":15422,"comment_status":"open","ping_status":"open","sticky":false,"template":"","format":"standard","meta":{"colormag_page_layout":"default_layout","footnotes":""},"categories":[143,3],"tags":[2351,2350,2352,2353,202,2354],"class_list":["post-15421","post","type-post","status-publish","format-standard","has-post-thumbnail","hentry","category-inne","category-kultura","tag-chrystus","tag-niedziela-wielkanocna","tag-phil-zuckerman","tag-polscy-katolicy","tag-roman-boryczko","tag-wspolnotowosc"],"yoast_head":"<!-- This site is optimized with the Yoast SEO plugin v25.1 - https:\/\/yoast.com\/wordpress\/plugins\/seo\/ -->\n<title>Wielkanocne czekanie na... cud! - SI\u0118 MY\u015aLI<\/title>\n<meta name=\"robots\" content=\"index, follow, max-snippet:-1, max-image-preview:large, max-video-preview:-1\" \/>\n<link rel=\"canonical\" href=\"https:\/\/siemysli-ke.info\/de\/wielkanocne-czekanie-na-cud\/\" \/>\n<meta property=\"og:locale\" content=\"de_DE\" \/>\n<meta property=\"og:type\" content=\"article\" \/>\n<meta property=\"og:title\" content=\"Wielkanocne czekanie na... cud! - SI\u0118 MY\u015aLI\" \/>\n<meta property=\"og:description\" content=\"Niedziela Wielkanocna rozpoczyna si\u0119 ju\u017c w sobot\u0119 po zachodzie s\u0142o\u0144ca. \u00a0Dla polskich katolik\u00f3w jest to najwa\u017cniejsze \u015bwi\u0119to ko\u015bcielne. W chrze\u015bcija\u0144stwie\" \/>\n<meta property=\"og:url\" content=\"https:\/\/siemysli-ke.info\/de\/wielkanocne-czekanie-na-cud\/\" \/>\n<meta property=\"og:site_name\" content=\"SI\u0118 MY\u015aLI\" \/>\n<meta property=\"article:published_time\" content=\"2015-04-04T18:42:33+00:00\" \/>\n<meta property=\"article:modified_time\" content=\"2015-04-04T23:29:54+00:00\" \/>\n<meta property=\"og:image\" content=\"https:\/\/siemysli-ke.info\/wp-content\/uploads\/2015\/04\/644243_samotnosc.jpg\" \/>\n\t<meta property=\"og:image:width\" content=\"933\" \/>\n\t<meta property=\"og:image:height\" content=\"625\" \/>\n\t<meta property=\"og:image:type\" content=\"image\/jpeg\" \/>\n<meta name=\"author\" content=\"Jaromir\" \/>\n<meta name=\"twitter:label1\" content=\"Verfasst von\" \/>\n\t<meta name=\"twitter:data1\" content=\"Jaromir\" \/>\n\t<meta name=\"twitter:label2\" content=\"Gesch\u00e4tzte Lesezeit\" \/>\n\t<meta name=\"twitter:data2\" content=\"2\u00a0Minuten\" \/>\n<script type=\"application\/ld+json\" class=\"yoast-schema-graph\">{\"@context\":\"https:\/\/schema.org\",\"@graph\":[{\"@type\":\"Article\",\"@id\":\"https:\/\/siemysli-ke.info\/de\/wielkanocne-czekanie-na-cud\/#article\",\"isPartOf\":{\"@id\":\"https:\/\/siemysli-ke.info\/de\/wielkanocne-czekanie-na-cud\/\"},\"author\":{\"name\":\"Jaromir\",\"@id\":\"https:\/\/siemysli-ke.info\/#\/schema\/person\/66d741fa745a44f2fe46d112bc6499f2\"},\"headline\":\"Wielkanocne czekanie na&#8230; cud!\",\"datePublished\":\"2015-04-04T18:42:33+00:00\",\"dateModified\":\"2015-04-04T23:29:54+00:00\",\"mainEntityOfPage\":{\"@id\":\"https:\/\/siemysli-ke.info\/de\/wielkanocne-czekanie-na-cud\/\"},\"wordCount\":387,\"commentCount\":1,\"publisher\":{\"@id\":\"https:\/\/siemysli-ke.info\/#organization\"},\"image\":{\"@id\":\"https:\/\/siemysli-ke.info\/de\/wielkanocne-czekanie-na-cud\/#primaryimage\"},\"thumbnailUrl\":\"https:\/\/siemysli-ke.info\/wp-content\/uploads\/2015\/04\/644243_samotnosc.jpg\",\"keywords\":[\"Chrystus\",\"Niedziela Wielkanocna\",\"Phil Zuckerman\",\"polscy katolicy\",\"Roman Boryczko\",\"wspolnotowo\u015b\u0107\"],\"articleSection\":[\"Inne\",\"Kultura\"],\"inLanguage\":\"de\",\"potentialAction\":[{\"@type\":\"CommentAction\",\"name\":\"Comment\",\"target\":[\"https:\/\/siemysli-ke.info\/de\/wielkanocne-czekanie-na-cud\/#respond\"]}]},{\"@type\":\"WebPage\",\"@id\":\"https:\/\/siemysli-ke.info\/de\/wielkanocne-czekanie-na-cud\/\",\"url\":\"https:\/\/siemysli-ke.info\/de\/wielkanocne-czekanie-na-cud\/\",\"name\":\"Wielkanocne czekanie na... cud! - SI\u0118 MY\u015aLI\",\"isPartOf\":{\"@id\":\"https:\/\/siemysli-ke.info\/de\/#website\"},\"primaryImageOfPage\":{\"@id\":\"https:\/\/siemysli-ke.info\/de\/wielkanocne-czekanie-na-cud\/#primaryimage\"},\"image\":{\"@id\":\"https:\/\/siemysli-ke.info\/de\/wielkanocne-czekanie-na-cud\/#primaryimage\"},\"thumbnailUrl\":\"https:\/\/siemysli-ke.info\/wp-content\/uploads\/2015\/04\/644243_samotnosc.jpg\",\"datePublished\":\"2015-04-04T18:42:33+00:00\",\"dateModified\":\"2015-04-04T23:29:54+00:00\",\"breadcrumb\":{\"@id\":\"https:\/\/siemysli-ke.info\/de\/wielkanocne-czekanie-na-cud\/#breadcrumb\"},\"inLanguage\":\"de\",\"potentialAction\":[{\"@type\":\"ReadAction\",\"target\":[[\"https:\/\/siemysli-ke.info\/de\/wielkanocne-czekanie-na-cud\/\"]]}]},{\"@type\":\"ImageObject\",\"inLanguage\":\"de\",\"@id\":\"https:\/\/siemysli-ke.info\/de\/wielkanocne-czekanie-na-cud\/#primaryimage\",\"url\":\"https:\/\/siemysli-ke.info\/wp-content\/uploads\/2015\/04\/644243_samotnosc.jpg\",\"contentUrl\":\"https:\/\/siemysli-ke.info\/wp-content\/uploads\/2015\/04\/644243_samotnosc.jpg\",\"width\":933,\"height\":625},{\"@type\":\"BreadcrumbList\",\"@id\":\"https:\/\/siemysli-ke.info\/de\/wielkanocne-czekanie-na-cud\/#breadcrumb\",\"itemListElement\":[{\"@type\":\"ListItem\",\"position\":1,\"name\":\"Home\",\"item\":\"https:\/\/siemysli-ke.info\/de\/\"},{\"@type\":\"ListItem\",\"position\":2,\"name\":\"Wielkanocne czekanie na&#8230; cud!\"}]},{\"@type\":\"WebSite\",\"@id\":\"https:\/\/siemysli-ke.info\/de\/#website\",\"url\":\"https:\/\/siemysli-ke.info\/de\/\",\"name\":\"SI\u0118 MY\u015aLI\",\"description\":\"\",\"publisher\":{\"@id\":\"https:\/\/siemysli-ke.info\/de\/#organization\"},\"potentialAction\":[{\"@type\":\"SearchAction\",\"target\":{\"@type\":\"EntryPoint\",\"urlTemplate\":\"https:\/\/siemysli-ke.info\/de\/?s={search_term_string}\"},\"query-input\":{\"@type\":\"PropertyValueSpecification\",\"valueRequired\":true,\"valueName\":\"search_term_string\"}}],\"inLanguage\":\"de\"},{\"@type\":\"Organization\",\"@id\":\"https:\/\/siemysli-ke.info\/de\/#organization\",\"name\":\"SI\u0118 MY\u015aLI\",\"url\":\"https:\/\/siemysli-ke.info\/de\/\",\"logo\":{\"@type\":\"ImageObject\",\"inLanguage\":\"de\",\"@id\":\"https:\/\/siemysli-ke.info\/de\/#\/schema\/logo\/image\/\",\"url\":\"https:\/\/siemysli-ke.info\/wp-content\/uploads\/2025\/05\/99.png\",\"contentUrl\":\"https:\/\/siemysli-ke.info\/wp-content\/uploads\/2025\/05\/99.png\",\"width\":270,\"height\":204,\"caption\":\"SI\u0118 MY\u015aLI\"},\"image\":{\"@id\":\"https:\/\/siemysli-ke.info\/de\/#\/schema\/logo\/image\/\"}},{\"@type\":\"Person\",\"@id\":\"https:\/\/siemysli-ke.info\/#\/schema\/person\/66d741fa745a44f2fe46d112bc6499f2\",\"name\":\"Jaromir\",\"image\":{\"@type\":\"ImageObject\",\"inLanguage\":\"de\",\"@id\":\"https:\/\/siemysli-ke.info\/de\/#\/schema\/person\/image\/\",\"url\":\"https:\/\/secure.gravatar.com\/avatar\/fe881559e8ac8dda20293e9e8317d4678c6ad8f65f85a9ce5e1a87cee56b6198?s=96&d=mm&r=g\",\"contentUrl\":\"https:\/\/secure.gravatar.com\/avatar\/fe881559e8ac8dda20293e9e8317d4678c6ad8f65f85a9ce5e1a87cee56b6198?s=96&d=mm&r=g\",\"caption\":\"Jaromir\"},\"url\":\"https:\/\/siemysli-ke.info\/de\/author\/jaromir\/\"}]}<\/script>\n<!-- \/ Yoast SEO plugin. -->","yoast_head_json":{"title":"Wielkanocne czekanie na... cud! - SI\u0118 MY\u015aLI","robots":{"index":"index","follow":"follow","max-snippet":"max-snippet:-1","max-image-preview":"max-image-preview:large","max-video-preview":"max-video-preview:-1"},"canonical":"https:\/\/siemysli-ke.info\/de\/wielkanocne-czekanie-na-cud\/","og_locale":"de_DE","og_type":"article","og_title":"Wielkanocne czekanie na... cud! - SI\u0118 MY\u015aLI","og_description":"Niedziela Wielkanocna rozpoczyna si\u0119 ju\u017c w sobot\u0119 po zachodzie s\u0142o\u0144ca. \u00a0Dla polskich katolik\u00f3w jest to najwa\u017cniejsze \u015bwi\u0119to ko\u015bcielne. W chrze\u015bcija\u0144stwie","og_url":"https:\/\/siemysli-ke.info\/de\/wielkanocne-czekanie-na-cud\/","og_site_name":"SI\u0118 MY\u015aLI","article_published_time":"2015-04-04T18:42:33+00:00","article_modified_time":"2015-04-04T23:29:54+00:00","og_image":[{"width":933,"height":625,"url":"https:\/\/siemysli-ke.info\/wp-content\/uploads\/2015\/04\/644243_samotnosc.jpg","type":"image\/jpeg"}],"author":"Jaromir","twitter_misc":{"Verfasst von":"Jaromir","Gesch\u00e4tzte Lesezeit":"2\u00a0Minuten"},"schema":{"@context":"https:\/\/schema.org","@graph":[{"@type":"Article","@id":"https:\/\/siemysli-ke.info\/de\/wielkanocne-czekanie-na-cud\/#article","isPartOf":{"@id":"https:\/\/siemysli-ke.info\/de\/wielkanocne-czekanie-na-cud\/"},"author":{"name":"Jaromir","@id":"https:\/\/siemysli-ke.info\/#\/schema\/person\/66d741fa745a44f2fe46d112bc6499f2"},"headline":"Wielkanocne czekanie na&#8230; cud!","datePublished":"2015-04-04T18:42:33+00:00","dateModified":"2015-04-04T23:29:54+00:00","mainEntityOfPage":{"@id":"https:\/\/siemysli-ke.info\/de\/wielkanocne-czekanie-na-cud\/"},"wordCount":387,"commentCount":1,"publisher":{"@id":"https:\/\/siemysli-ke.info\/#organization"},"image":{"@id":"https:\/\/siemysli-ke.info\/de\/wielkanocne-czekanie-na-cud\/#primaryimage"},"thumbnailUrl":"https:\/\/siemysli-ke.info\/wp-content\/uploads\/2015\/04\/644243_samotnosc.jpg","keywords":["Chrystus","Niedziela Wielkanocna","Phil Zuckerman","polscy katolicy","Roman Boryczko","wspolnotowo\u015b\u0107"],"articleSection":["Inne","Kultura"],"inLanguage":"de","potentialAction":[{"@type":"CommentAction","name":"Comment","target":["https:\/\/siemysli-ke.info\/de\/wielkanocne-czekanie-na-cud\/#respond"]}]},{"@type":"WebPage","@id":"https:\/\/siemysli-ke.info\/de\/wielkanocne-czekanie-na-cud\/","url":"https:\/\/siemysli-ke.info\/de\/wielkanocne-czekanie-na-cud\/","name":"Wielkanocne czekanie na... cud! - SI\u0118 MY\u015aLI","isPartOf":{"@id":"https:\/\/siemysli-ke.info\/de\/#website"},"primaryImageOfPage":{"@id":"https:\/\/siemysli-ke.info\/de\/wielkanocne-czekanie-na-cud\/#primaryimage"},"image":{"@id":"https:\/\/siemysli-ke.info\/de\/wielkanocne-czekanie-na-cud\/#primaryimage"},"thumbnailUrl":"https:\/\/siemysli-ke.info\/wp-content\/uploads\/2015\/04\/644243_samotnosc.jpg","datePublished":"2015-04-04T18:42:33+00:00","dateModified":"2015-04-04T23:29:54+00:00","breadcrumb":{"@id":"https:\/\/siemysli-ke.info\/de\/wielkanocne-czekanie-na-cud\/#breadcrumb"},"inLanguage":"de","potentialAction":[{"@type":"ReadAction","target":[["https:\/\/siemysli-ke.info\/de\/wielkanocne-czekanie-na-cud\/"]]}]},{"@type":"ImageObject","inLanguage":"de","@id":"https:\/\/siemysli-ke.info\/de\/wielkanocne-czekanie-na-cud\/#primaryimage","url":"https:\/\/siemysli-ke.info\/wp-content\/uploads\/2015\/04\/644243_samotnosc.jpg","contentUrl":"https:\/\/siemysli-ke.info\/wp-content\/uploads\/2015\/04\/644243_samotnosc.jpg","width":933,"height":625},{"@type":"BreadcrumbList","@id":"https:\/\/siemysli-ke.info\/de\/wielkanocne-czekanie-na-cud\/#breadcrumb","itemListElement":[{"@type":"ListItem","position":1,"name":"Home","item":"https:\/\/siemysli-ke.info\/de\/"},{"@type":"ListItem","position":2,"name":"Wielkanocne czekanie na&#8230; cud!"}]},{"@type":"WebSite","@id":"https:\/\/siemysli-ke.info\/de\/#website","url":"https:\/\/siemysli-ke.info\/de\/","name":"SI\u0118 MY\u015aLI","description":"","publisher":{"@id":"https:\/\/siemysli-ke.info\/de\/#organization"},"potentialAction":[{"@type":"SearchAction","target":{"@type":"EntryPoint","urlTemplate":"https:\/\/siemysli-ke.info\/de\/?s={search_term_string}"},"query-input":{"@type":"PropertyValueSpecification","valueRequired":true,"valueName":"search_term_string"}}],"inLanguage":"de"},{"@type":"Organization","@id":"https:\/\/siemysli-ke.info\/de\/#organization","name":"SI\u0118 MY\u015aLI","url":"https:\/\/siemysli-ke.info\/de\/","logo":{"@type":"ImageObject","inLanguage":"de","@id":"https:\/\/siemysli-ke.info\/de\/#\/schema\/logo\/image\/","url":"https:\/\/siemysli-ke.info\/wp-content\/uploads\/2025\/05\/99.png","contentUrl":"https:\/\/siemysli-ke.info\/wp-content\/uploads\/2025\/05\/99.png","width":270,"height":204,"caption":"SI\u0118 MY\u015aLI"},"image":{"@id":"https:\/\/siemysli-ke.info\/de\/#\/schema\/logo\/image\/"}},{"@type":"Person","@id":"https:\/\/siemysli-ke.info\/#\/schema\/person\/66d741fa745a44f2fe46d112bc6499f2","name":"Jaromir","image":{"@type":"ImageObject","inLanguage":"de","@id":"https:\/\/siemysli-ke.info\/de\/#\/schema\/person\/image\/","url":"https:\/\/secure.gravatar.com\/avatar\/fe881559e8ac8dda20293e9e8317d4678c6ad8f65f85a9ce5e1a87cee56b6198?s=96&d=mm&r=g","contentUrl":"https:\/\/secure.gravatar.com\/avatar\/fe881559e8ac8dda20293e9e8317d4678c6ad8f65f85a9ce5e1a87cee56b6198?s=96&d=mm&r=g","caption":"Jaromir"},"url":"https:\/\/siemysli-ke.info\/de\/author\/jaromir\/"}]}},"_links":{"self":[{"href":"https:\/\/siemysli-ke.info\/de\/wp-json\/wp\/v2\/posts\/15421","targetHints":{"allow":["GET"]}}],"collection":[{"href":"https:\/\/siemysli-ke.info\/de\/wp-json\/wp\/v2\/posts"}],"about":[{"href":"https:\/\/siemysli-ke.info\/de\/wp-json\/wp\/v2\/types\/post"}],"author":[{"embeddable":true,"href":"https:\/\/siemysli-ke.info\/de\/wp-json\/wp\/v2\/users\/7"}],"replies":[{"embeddable":true,"href":"https:\/\/siemysli-ke.info\/de\/wp-json\/wp\/v2\/comments?post=15421"}],"version-history":[{"count":0,"href":"https:\/\/siemysli-ke.info\/de\/wp-json\/wp\/v2\/posts\/15421\/revisions"}],"wp:featuredmedia":[{"embeddable":true,"href":"https:\/\/siemysli-ke.info\/de\/wp-json\/wp\/v2\/media\/15422"}],"wp:attachment":[{"href":"https:\/\/siemysli-ke.info\/de\/wp-json\/wp\/v2\/media?parent=15421"}],"wp:term":[{"taxonomy":"category","embeddable":true,"href":"https:\/\/siemysli-ke.info\/de\/wp-json\/wp\/v2\/categories?post=15421"},{"taxonomy":"post_tag","embeddable":true,"href":"https:\/\/siemysli-ke.info\/de\/wp-json\/wp\/v2\/tags?post=15421"}],"curies":[{"name":"wp","href":"https:\/\/api.w.org\/{rel}","templated":true}]}}