 {"id":15379,"date":"2015-03-30T21:04:30","date_gmt":"2015-03-30T19:04:30","guid":{"rendered":"http:\/\/www.siemysli.info.ke\/?p=15379"},"modified":"2015-03-30T23:11:14","modified_gmt":"2015-03-30T21:11:14","slug":"pod-okupantem-zle-samemu-jeszcze-gorzej","status":"publish","type":"post","link":"https:\/\/siemysli-ke.info\/de\/pod-okupantem-zle-samemu-jeszcze-gorzej\/","title":{"rendered":"Pod okupantem \u017ale, samemu jeszcze gorzej&#8230;"},"content":{"rendered":"<p style=\"text-align: justify;\" align=\"left\"><a href=\"http:\/\/www.siemysli.info.ke\/wp-content\/uploads\/2015\/03\/CBUhucYU0AAE0yK.jpg\" rel=\"lightbox[15379]\"><img decoding=\"async\" class=\"alignleft size-medium wp-image-15380\" src=\"http:\/\/www.siemysli.info.ke\/wp-content\/uploads\/2015\/03\/CBUhucYU0AAE0yK-300x200.jpg\" alt=\"CBUhucYU0AAE0yK\" width=\"300\" height=\"200\" srcset=\"https:\/\/siemysli-ke.info\/wp-content\/uploads\/2015\/03\/CBUhucYU0AAE0yK-300x200.jpg 300w, https:\/\/siemysli-ke.info\/wp-content\/uploads\/2015\/03\/CBUhucYU0AAE0yK.jpg 599w\" sizes=\"(max-width: 300px) 100vw, 300px\" \/><\/a>Polak to cz\u0142ek, kt\u00f3rego sklasyfikowa\u0107 si\u0119 nie da. Dla wolno\u015bci \u017cycie odda a gdy wolny &#8211; swe marzenia oddaje&#8230; w r\u0119ce cwanych zbir\u00f3w, polityk\u00f3w z krzywym tupecikiem czy farbowanych lis\u00f3w. Pod zaborem czy okupantem nie ustaje w knowaniach, pracy organicznej, tajnych kompletach i produkcji s\u0142\u00f3w III obiegu, robi\u0105cych burz\u0119 w ju\u017c gor\u0105cych, cudownych g\u0142owach. Pozbywszy si\u0119 z terytorium suwerennego kraju tyrana, narodow\u0105 ch\u0119\u0107 budowania wy\u015bnionej zast\u0105pi\u0142a degradacja milion\u00f3w miejsc pracy, dewastacja technologicznej my\u015bli pokole\u0144 a emigracja dope\u0142nia czary goryczy, bo to ha\u0144ba ucieka\u0107 z w\u0142asnego kraju o jednej kapocie z tobo\u0142kiem na plecach. Apatia, drodzy parafianie, toczy nasze zm\u0119czone cia\u0142a. Sprzedajni z zaprza\u0144cami u steru dziurawej \u0142ajby obrali kurs na ska\u0142y. Tak, tak &#8211; odpowiednio si\u0119 zabezpieczyli w dobra a szalupy i kamizelki ratunkowe &#8211; w pogotowiu. Dzi\u015b, w obliczu ostatecznej kl\u0119ski, drenuj\u0105 pusty bud\u017cet, na ile si\u0119 da. Ka\u017cda inwestycja, projekt, pro-spo\u0142eczna wizja &#8211; przeszacowane s\u0105 kilkukrotnie. Ci z Brukseli to widz\u0105 i przyklaskuj\u0105 armii s\u0142ugus\u00f3w o duszach mrocznych i pustych. \u015amiej\u0105 si\u0119 za\u015b po rautach z tej polskiej heroicznej przywary &#8211; umiera\u0107 za nasz\u0105 i wasz\u0105&#8230; wolno\u015b\u0107 &#8211;\u00a0 to w XXI w. postawa godna g\u0142upka!!!<\/p>\n<p style=\"text-align: justify;\" align=\"left\">Gdy jedni spiskuj\u0105 &#8211; inni ju\u017c zdrad\u0119 szykuj\u0105&#8230;<\/p>\n<p style=\"text-align: justify;\" align=\"left\">Gdy w kazamatach krwi\u0105 w torturach \u00a0oblani swe m\u0142ode \u017cycie k\u0142ad\u0105 na szali za ludzi g\u0142adkich i ch\u0119tnych do pakt\u00f3w i rokowa\u0144.<\/p>\n<p style=\"text-align: justify;\" align=\"left\">&#8222;Armia radziecka by\u0142a z nami od dziecka&#8220;&#8230;<\/p>\n<p style=\"text-align: justify;\" align=\"left\">Dzi\u015b gotowi jeste\u015bmy na po\u015bwi\u0119cenia pod gwie\u017adzistym sztandarem, zakrywaj\u0105cym s\u0142o\u0144ce.<\/p>\n<p style=\"text-align: justify;\" align=\"left\">A c\u00f3\u017c to dzi\u015b jest owa &#8222;wolno\u015b\u0107&#8220; w kraju nad Wis\u0142\u0105?<\/p>\n<p style=\"text-align: justify;\" align=\"left\">Czy mamy jakiekolwiek gwarancje, \u017ce do\u017cyjemy wakacji i nie zawi\u015bnie nad nami atomowy grzyb?<\/p>\n<p style=\"text-align: justify;\" align=\"left\">Czy mamy gwarancje, \u017ce nasza urodzajna ziemia zn\u00f3w nie sp\u0142ynie krwi\u0105 a miasta nie obr\u00f3c\u0105 si\u0119 w ruin\u0119 przez nasze i naszych plugawych sternik\u00f3w pieniactwo?<\/p>\n<p style=\"text-align: justify;\" align=\"left\">Kto got\u00f3w jest nie gada\u0107, a walczy\u0107 z korupcj\u0105, partyjniactwem i przywilejami dla t\u0142ustych pluskiew, kt\u00f3re przyssa\u0142y si\u0119 do Polski i pu\u015bci\u0107 nie chc\u0105?<\/p>\n<p style=\"text-align: justify;\" align=\"left\">Wybory ju\u017c s\u0105 wygrane!<\/p>\n<p style=\"text-align: justify;\" align=\"left\">Zn\u00f3w wygraj\u0105 nasi&#8230;<\/p>\n<p style=\"text-align: justify;\" align=\"left\">Nic si\u0119 nie sta\u0142o&#8230;<\/p>\n<p style=\"text-align: justify;\" align=\"left\">Rodzime kadry sejmowych czy brukselskich wycieruch\u00f3w gotowe s\u0105 na kolejne wyzwania. Chc\u0105 w\u0142adzy, pieni\u0119dzy i zbytku.<\/p>\n<p style=\"text-align: justify;\" align=\"left\">Nic nowego!<\/p>\n<p style=\"text-align: justify;\" align=\"left\">\u0141ajba tonie&#8230; Nic to!<\/p>\n<p style=\"text-align: justify;\" align=\"left\">Trzeci szereg kandydat\u00f3w i z lewa i z prawa ujada, skamle, prawd\u0119 prawi a lud og\u0142upia\u0142y woli procenty z p\u0119dzonego bimbru, bia\u0142y proszek z dopalaczy i&#8230; igrzyska.<\/p>\n<p style=\"text-align: justify;\" align=\"left\">Nie ma ju\u017c lewicy ni prawicy. S\u0105 szaro\u015b\u0107 i beznadzieja. Narodzie, \u00a0cho\u0107 raz porz\u0105dnie \u201cdajmy w palnik\u201d tak, by gra\u0142y \u201corgany Stalina\u201d, a s\u0142owia\u0144ska dusza niech za\u015bpiewa po raz ostatni&#8230;<\/p>\n<p style=\"text-align: justify;\" align=\"left\"><strong>Wiara, Honor, B\u00f3g&#8230; Ojczyzna&#8230;<\/strong><\/p>\n<p style=\"text-align: justify;\" align=\"left\"><strong>Na ile to wyceniasz?<\/strong><\/p>\n<p style=\"text-align: right;\" align=\"left\"><strong>Roman Boryczko<\/strong>,<\/p>\n<p style=\"text-align: right;\" align=\"left\">\u00a0<em>marzec 2015\u00a0<\/em><\/p>\n","protected":false},"excerpt":{"rendered":"<p>Polak to cz\u0142ek, kt\u00f3rego sklasyfikowa\u0107 si\u0119 nie da. Dla wolno\u015bci \u017cycie odda a gdy wolny &#8211; swe marzenia oddaje&#8230; w<\/p>\n","protected":false},"author":7,"featured_media":15380,"comment_status":"open","ping_status":"open","sticky":false,"template":"","format":"standard","meta":{"colormag_page_layout":"default_layout","footnotes":""},"categories":[143,81],"tags":[2299,2296,2295,2293,2300,2297,2294,2298,202],"class_list":["post-15379","post","type-post","status-publish","format-standard","has-post-thumbnail","hentry","category-inne","category-rzeczpospolita","tag-organy-stalina","tag-apatia","tag-co-moga-zmienic-wybory","tag-iii-obieg","tag-kraj-nad-wisla","tag-ostateczna-kleska","tag-polskie-wybory-prezydenckie","tag-pro-spoleczna-wizja","tag-roman-boryczko"],"yoast_head":"<!-- This site is optimized with the Yoast SEO plugin v25.1 - https:\/\/yoast.com\/wordpress\/plugins\/seo\/ -->\n<title>Pod okupantem \u017ale, samemu jeszcze gorzej... - SI\u0118 MY\u015aLI<\/title>\n<meta name=\"robots\" content=\"index, follow, max-snippet:-1, max-image-preview:large, max-video-preview:-1\" \/>\n<link rel=\"canonical\" href=\"https:\/\/siemysli-ke.info\/de\/pod-okupantem-zle-samemu-jeszcze-gorzej\/\" \/>\n<meta property=\"og:locale\" content=\"de_DE\" \/>\n<meta property=\"og:type\" content=\"article\" \/>\n<meta property=\"og:title\" content=\"Pod okupantem \u017ale, samemu jeszcze gorzej... - SI\u0118 MY\u015aLI\" \/>\n<meta property=\"og:description\" content=\"Polak to cz\u0142ek, kt\u00f3rego sklasyfikowa\u0107 si\u0119 nie da. Dla wolno\u015bci \u017cycie odda a gdy wolny &#8211; swe marzenia oddaje&#8230; w\" \/>\n<meta property=\"og:url\" content=\"https:\/\/siemysli-ke.info\/de\/pod-okupantem-zle-samemu-jeszcze-gorzej\/\" \/>\n<meta property=\"og:site_name\" content=\"SI\u0118 MY\u015aLI\" \/>\n<meta property=\"article:published_time\" content=\"2015-03-30T19:04:30+00:00\" \/>\n<meta property=\"article:modified_time\" content=\"2015-03-30T21:11:14+00:00\" \/>\n<meta property=\"og:image\" content=\"https:\/\/siemysli-ke.info\/wp-content\/uploads\/2015\/03\/CBUhucYU0AAE0yK.jpg\" \/>\n\t<meta property=\"og:image:width\" content=\"599\" \/>\n\t<meta property=\"og:image:height\" content=\"401\" \/>\n\t<meta property=\"og:image:type\" content=\"image\/jpeg\" \/>\n<meta name=\"author\" content=\"Jaromir\" \/>\n<meta name=\"twitter:label1\" content=\"Verfasst von\" \/>\n\t<meta name=\"twitter:data1\" content=\"Jaromir\" \/>\n\t<meta name=\"twitter:label2\" content=\"Gesch\u00e4tzte Lesezeit\" \/>\n\t<meta name=\"twitter:data2\" content=\"2\u00a0Minuten\" \/>\n<script type=\"application\/ld+json\" class=\"yoast-schema-graph\">{\"@context\":\"https:\/\/schema.org\",\"@graph\":[{\"@type\":\"Article\",\"@id\":\"https:\/\/siemysli-ke.info\/de\/pod-okupantem-zle-samemu-jeszcze-gorzej\/#article\",\"isPartOf\":{\"@id\":\"https:\/\/siemysli-ke.info\/de\/pod-okupantem-zle-samemu-jeszcze-gorzej\/\"},\"author\":{\"name\":\"Jaromir\",\"@id\":\"https:\/\/siemysli-ke.info\/#\/schema\/person\/66d741fa745a44f2fe46d112bc6499f2\"},\"headline\":\"Pod okupantem \u017ale, samemu jeszcze gorzej&#8230;\",\"datePublished\":\"2015-03-30T19:04:30+00:00\",\"dateModified\":\"2015-03-30T21:11:14+00:00\",\"mainEntityOfPage\":{\"@id\":\"https:\/\/siemysli-ke.info\/de\/pod-okupantem-zle-samemu-jeszcze-gorzej\/\"},\"wordCount\":486,\"commentCount\":0,\"publisher\":{\"@id\":\"https:\/\/siemysli-ke.info\/#organization\"},\"image\":{\"@id\":\"https:\/\/siemysli-ke.info\/de\/pod-okupantem-zle-samemu-jeszcze-gorzej\/#primaryimage\"},\"thumbnailUrl\":\"https:\/\/siemysli-ke.info\/wp-content\/uploads\/2015\/03\/CBUhucYU0AAE0yK.jpg\",\"keywords\":[\"\\\"organy Stalina\\\"\",\"apatia\",\"co mog\u0105 zmieni\u0107 wybory?\",\"III obieg\",\"kraj nad Wis\u0142\u0105\",\"ostateczna kl\u0119ska\",\"polskie wybory prezydenckie\",\"pro-spo\u0142eczna wizja\",\"Roman Boryczko\"],\"articleSection\":[\"Inne\",\"Rzeczypospolita\"],\"inLanguage\":\"de\",\"potentialAction\":[{\"@type\":\"CommentAction\",\"name\":\"Comment\",\"target\":[\"https:\/\/siemysli-ke.info\/de\/pod-okupantem-zle-samemu-jeszcze-gorzej\/#respond\"]}]},{\"@type\":\"WebPage\",\"@id\":\"https:\/\/siemysli-ke.info\/de\/pod-okupantem-zle-samemu-jeszcze-gorzej\/\",\"url\":\"https:\/\/siemysli-ke.info\/de\/pod-okupantem-zle-samemu-jeszcze-gorzej\/\",\"name\":\"Pod okupantem \u017ale, samemu jeszcze gorzej... - SI\u0118 MY\u015aLI\",\"isPartOf\":{\"@id\":\"https:\/\/siemysli-ke.info\/de\/#website\"},\"primaryImageOfPage\":{\"@id\":\"https:\/\/siemysli-ke.info\/de\/pod-okupantem-zle-samemu-jeszcze-gorzej\/#primaryimage\"},\"image\":{\"@id\":\"https:\/\/siemysli-ke.info\/de\/pod-okupantem-zle-samemu-jeszcze-gorzej\/#primaryimage\"},\"thumbnailUrl\":\"https:\/\/siemysli-ke.info\/wp-content\/uploads\/2015\/03\/CBUhucYU0AAE0yK.jpg\",\"datePublished\":\"2015-03-30T19:04:30+00:00\",\"dateModified\":\"2015-03-30T21:11:14+00:00\",\"breadcrumb\":{\"@id\":\"https:\/\/siemysli-ke.info\/de\/pod-okupantem-zle-samemu-jeszcze-gorzej\/#breadcrumb\"},\"inLanguage\":\"de\",\"potentialAction\":[{\"@type\":\"ReadAction\",\"target\":[[\"https:\/\/siemysli-ke.info\/de\/pod-okupantem-zle-samemu-jeszcze-gorzej\/\"]]}]},{\"@type\":\"ImageObject\",\"inLanguage\":\"de\",\"@id\":\"https:\/\/siemysli-ke.info\/de\/pod-okupantem-zle-samemu-jeszcze-gorzej\/#primaryimage\",\"url\":\"https:\/\/siemysli-ke.info\/wp-content\/uploads\/2015\/03\/CBUhucYU0AAE0yK.jpg\",\"contentUrl\":\"https:\/\/siemysli-ke.info\/wp-content\/uploads\/2015\/03\/CBUhucYU0AAE0yK.jpg\",\"width\":599,\"height\":401},{\"@type\":\"BreadcrumbList\",\"@id\":\"https:\/\/siemysli-ke.info\/de\/pod-okupantem-zle-samemu-jeszcze-gorzej\/#breadcrumb\",\"itemListElement\":[{\"@type\":\"ListItem\",\"position\":1,\"name\":\"Home\",\"item\":\"https:\/\/siemysli-ke.info\/de\/\"},{\"@type\":\"ListItem\",\"position\":2,\"name\":\"Pod okupantem \u017ale, samemu jeszcze gorzej&#8230;\"}]},{\"@type\":\"WebSite\",\"@id\":\"https:\/\/siemysli-ke.info\/de\/#website\",\"url\":\"https:\/\/siemysli-ke.info\/de\/\",\"name\":\"SI\u0118 MY\u015aLI\",\"description\":\"\",\"publisher\":{\"@id\":\"https:\/\/siemysli-ke.info\/de\/#organization\"},\"potentialAction\":[{\"@type\":\"SearchAction\",\"target\":{\"@type\":\"EntryPoint\",\"urlTemplate\":\"https:\/\/siemysli-ke.info\/de\/?s={search_term_string}\"},\"query-input\":{\"@type\":\"PropertyValueSpecification\",\"valueRequired\":true,\"valueName\":\"search_term_string\"}}],\"inLanguage\":\"de\"},{\"@type\":\"Organization\",\"@id\":\"https:\/\/siemysli-ke.info\/de\/#organization\",\"name\":\"SI\u0118 MY\u015aLI\",\"url\":\"https:\/\/siemysli-ke.info\/de\/\",\"logo\":{\"@type\":\"ImageObject\",\"inLanguage\":\"de\",\"@id\":\"https:\/\/siemysli-ke.info\/de\/#\/schema\/logo\/image\/\",\"url\":\"https:\/\/siemysli-ke.info\/wp-content\/uploads\/2025\/05\/99.png\",\"contentUrl\":\"https:\/\/siemysli-ke.info\/wp-content\/uploads\/2025\/05\/99.png\",\"width\":270,\"height\":204,\"caption\":\"SI\u0118 MY\u015aLI\"},\"image\":{\"@id\":\"https:\/\/siemysli-ke.info\/de\/#\/schema\/logo\/image\/\"}},{\"@type\":\"Person\",\"@id\":\"https:\/\/siemysli-ke.info\/#\/schema\/person\/66d741fa745a44f2fe46d112bc6499f2\",\"name\":\"Jaromir\",\"image\":{\"@type\":\"ImageObject\",\"inLanguage\":\"de\",\"@id\":\"https:\/\/siemysli-ke.info\/de\/#\/schema\/person\/image\/\",\"url\":\"https:\/\/secure.gravatar.com\/avatar\/fe881559e8ac8dda20293e9e8317d4678c6ad8f65f85a9ce5e1a87cee56b6198?s=96&d=mm&r=g\",\"contentUrl\":\"https:\/\/secure.gravatar.com\/avatar\/fe881559e8ac8dda20293e9e8317d4678c6ad8f65f85a9ce5e1a87cee56b6198?s=96&d=mm&r=g\",\"caption\":\"Jaromir\"},\"url\":\"https:\/\/siemysli-ke.info\/de\/author\/jaromir\/\"}]}<\/script>\n<!-- \/ Yoast SEO plugin. -->","yoast_head_json":{"title":"Pod okupantem \u017ale, samemu jeszcze gorzej... - SI\u0118 MY\u015aLI","robots":{"index":"index","follow":"follow","max-snippet":"max-snippet:-1","max-image-preview":"max-image-preview:large","max-video-preview":"max-video-preview:-1"},"canonical":"https:\/\/siemysli-ke.info\/de\/pod-okupantem-zle-samemu-jeszcze-gorzej\/","og_locale":"de_DE","og_type":"article","og_title":"Pod okupantem \u017ale, samemu jeszcze gorzej... - SI\u0118 MY\u015aLI","og_description":"Polak to cz\u0142ek, kt\u00f3rego sklasyfikowa\u0107 si\u0119 nie da. Dla wolno\u015bci \u017cycie odda a gdy wolny &#8211; swe marzenia oddaje&#8230; w","og_url":"https:\/\/siemysli-ke.info\/de\/pod-okupantem-zle-samemu-jeszcze-gorzej\/","og_site_name":"SI\u0118 MY\u015aLI","article_published_time":"2015-03-30T19:04:30+00:00","article_modified_time":"2015-03-30T21:11:14+00:00","og_image":[{"width":599,"height":401,"url":"https:\/\/siemysli-ke.info\/wp-content\/uploads\/2015\/03\/CBUhucYU0AAE0yK.jpg","type":"image\/jpeg"}],"author":"Jaromir","twitter_misc":{"Verfasst von":"Jaromir","Gesch\u00e4tzte Lesezeit":"2\u00a0Minuten"},"schema":{"@context":"https:\/\/schema.org","@graph":[{"@type":"Article","@id":"https:\/\/siemysli-ke.info\/de\/pod-okupantem-zle-samemu-jeszcze-gorzej\/#article","isPartOf":{"@id":"https:\/\/siemysli-ke.info\/de\/pod-okupantem-zle-samemu-jeszcze-gorzej\/"},"author":{"name":"Jaromir","@id":"https:\/\/siemysli-ke.info\/#\/schema\/person\/66d741fa745a44f2fe46d112bc6499f2"},"headline":"Pod okupantem \u017ale, samemu jeszcze gorzej&#8230;","datePublished":"2015-03-30T19:04:30+00:00","dateModified":"2015-03-30T21:11:14+00:00","mainEntityOfPage":{"@id":"https:\/\/siemysli-ke.info\/de\/pod-okupantem-zle-samemu-jeszcze-gorzej\/"},"wordCount":486,"commentCount":0,"publisher":{"@id":"https:\/\/siemysli-ke.info\/#organization"},"image":{"@id":"https:\/\/siemysli-ke.info\/de\/pod-okupantem-zle-samemu-jeszcze-gorzej\/#primaryimage"},"thumbnailUrl":"https:\/\/siemysli-ke.info\/wp-content\/uploads\/2015\/03\/CBUhucYU0AAE0yK.jpg","keywords":["\"organy Stalina\"","apatia","co mog\u0105 zmieni\u0107 wybory?","III obieg","kraj nad Wis\u0142\u0105","ostateczna kl\u0119ska","polskie wybory prezydenckie","pro-spo\u0142eczna wizja","Roman Boryczko"],"articleSection":["Inne","Rzeczypospolita"],"inLanguage":"de","potentialAction":[{"@type":"CommentAction","name":"Comment","target":["https:\/\/siemysli-ke.info\/de\/pod-okupantem-zle-samemu-jeszcze-gorzej\/#respond"]}]},{"@type":"WebPage","@id":"https:\/\/siemysli-ke.info\/de\/pod-okupantem-zle-samemu-jeszcze-gorzej\/","url":"https:\/\/siemysli-ke.info\/de\/pod-okupantem-zle-samemu-jeszcze-gorzej\/","name":"Pod okupantem \u017ale, samemu jeszcze gorzej... - SI\u0118 MY\u015aLI","isPartOf":{"@id":"https:\/\/siemysli-ke.info\/de\/#website"},"primaryImageOfPage":{"@id":"https:\/\/siemysli-ke.info\/de\/pod-okupantem-zle-samemu-jeszcze-gorzej\/#primaryimage"},"image":{"@id":"https:\/\/siemysli-ke.info\/de\/pod-okupantem-zle-samemu-jeszcze-gorzej\/#primaryimage"},"thumbnailUrl":"https:\/\/siemysli-ke.info\/wp-content\/uploads\/2015\/03\/CBUhucYU0AAE0yK.jpg","datePublished":"2015-03-30T19:04:30+00:00","dateModified":"2015-03-30T21:11:14+00:00","breadcrumb":{"@id":"https:\/\/siemysli-ke.info\/de\/pod-okupantem-zle-samemu-jeszcze-gorzej\/#breadcrumb"},"inLanguage":"de","potentialAction":[{"@type":"ReadAction","target":[["https:\/\/siemysli-ke.info\/de\/pod-okupantem-zle-samemu-jeszcze-gorzej\/"]]}]},{"@type":"ImageObject","inLanguage":"de","@id":"https:\/\/siemysli-ke.info\/de\/pod-okupantem-zle-samemu-jeszcze-gorzej\/#primaryimage","url":"https:\/\/siemysli-ke.info\/wp-content\/uploads\/2015\/03\/CBUhucYU0AAE0yK.jpg","contentUrl":"https:\/\/siemysli-ke.info\/wp-content\/uploads\/2015\/03\/CBUhucYU0AAE0yK.jpg","width":599,"height":401},{"@type":"BreadcrumbList","@id":"https:\/\/siemysli-ke.info\/de\/pod-okupantem-zle-samemu-jeszcze-gorzej\/#breadcrumb","itemListElement":[{"@type":"ListItem","position":1,"name":"Home","item":"https:\/\/siemysli-ke.info\/de\/"},{"@type":"ListItem","position":2,"name":"Pod okupantem \u017ale, samemu jeszcze gorzej&#8230;"}]},{"@type":"WebSite","@id":"https:\/\/siemysli-ke.info\/de\/#website","url":"https:\/\/siemysli-ke.info\/de\/","name":"SI\u0118 MY\u015aLI","description":"","publisher":{"@id":"https:\/\/siemysli-ke.info\/de\/#organization"},"potentialAction":[{"@type":"SearchAction","target":{"@type":"EntryPoint","urlTemplate":"https:\/\/siemysli-ke.info\/de\/?s={search_term_string}"},"query-input":{"@type":"PropertyValueSpecification","valueRequired":true,"valueName":"search_term_string"}}],"inLanguage":"de"},{"@type":"Organization","@id":"https:\/\/siemysli-ke.info\/de\/#organization","name":"SI\u0118 MY\u015aLI","url":"https:\/\/siemysli-ke.info\/de\/","logo":{"@type":"ImageObject","inLanguage":"de","@id":"https:\/\/siemysli-ke.info\/de\/#\/schema\/logo\/image\/","url":"https:\/\/siemysli-ke.info\/wp-content\/uploads\/2025\/05\/99.png","contentUrl":"https:\/\/siemysli-ke.info\/wp-content\/uploads\/2025\/05\/99.png","width":270,"height":204,"caption":"SI\u0118 MY\u015aLI"},"image":{"@id":"https:\/\/siemysli-ke.info\/de\/#\/schema\/logo\/image\/"}},{"@type":"Person","@id":"https:\/\/siemysli-ke.info\/#\/schema\/person\/66d741fa745a44f2fe46d112bc6499f2","name":"Jaromir","image":{"@type":"ImageObject","inLanguage":"de","@id":"https:\/\/siemysli-ke.info\/de\/#\/schema\/person\/image\/","url":"https:\/\/secure.gravatar.com\/avatar\/fe881559e8ac8dda20293e9e8317d4678c6ad8f65f85a9ce5e1a87cee56b6198?s=96&d=mm&r=g","contentUrl":"https:\/\/secure.gravatar.com\/avatar\/fe881559e8ac8dda20293e9e8317d4678c6ad8f65f85a9ce5e1a87cee56b6198?s=96&d=mm&r=g","caption":"Jaromir"},"url":"https:\/\/siemysli-ke.info\/de\/author\/jaromir\/"}]}},"_links":{"self":[{"href":"https:\/\/siemysli-ke.info\/de\/wp-json\/wp\/v2\/posts\/15379","targetHints":{"allow":["GET"]}}],"collection":[{"href":"https:\/\/siemysli-ke.info\/de\/wp-json\/wp\/v2\/posts"}],"about":[{"href":"https:\/\/siemysli-ke.info\/de\/wp-json\/wp\/v2\/types\/post"}],"author":[{"embeddable":true,"href":"https:\/\/siemysli-ke.info\/de\/wp-json\/wp\/v2\/users\/7"}],"replies":[{"embeddable":true,"href":"https:\/\/siemysli-ke.info\/de\/wp-json\/wp\/v2\/comments?post=15379"}],"version-history":[{"count":0,"href":"https:\/\/siemysli-ke.info\/de\/wp-json\/wp\/v2\/posts\/15379\/revisions"}],"wp:featuredmedia":[{"embeddable":true,"href":"https:\/\/siemysli-ke.info\/de\/wp-json\/wp\/v2\/media\/15380"}],"wp:attachment":[{"href":"https:\/\/siemysli-ke.info\/de\/wp-json\/wp\/v2\/media?parent=15379"}],"wp:term":[{"taxonomy":"category","embeddable":true,"href":"https:\/\/siemysli-ke.info\/de\/wp-json\/wp\/v2\/categories?post=15379"},{"taxonomy":"post_tag","embeddable":true,"href":"https:\/\/siemysli-ke.info\/de\/wp-json\/wp\/v2\/tags?post=15379"}],"curies":[{"name":"wp","href":"https:\/\/api.w.org\/{rel}","templated":true}]}}