 {"id":15283,"date":"2015-03-17T07:18:15","date_gmt":"2015-03-17T06:18:15","guid":{"rendered":"http:\/\/www.siemysli.info.ke\/?p=15283"},"modified":"2015-03-17T14:50:11","modified_gmt":"2015-03-17T13:50:11","slug":"polska-krolowa-zebrakow","status":"publish","type":"post","link":"https:\/\/siemysli-ke.info\/de\/polska-krolowa-zebrakow\/","title":{"rendered":"Polska kr\u00f3low\u0105 \u017cebrak\u00f3w"},"content":{"rendered":"<p style=\"text-align: justify;\"><a href=\"http:\/\/www.siemysli.info.ke\/wp-content\/uploads\/2015\/03\/Kr\u00f3lowa-ciszy-705x400-1.jpg\" rel=\"lightbox[15283]\"><img decoding=\"async\" class=\"alignleft size-medium wp-image-15284\" src=\"http:\/\/www.siemysli.info.ke\/wp-content\/uploads\/2015\/03\/Kr\u00f3lowa-ciszy-705x400-1-300x170.jpg\" alt=\"Kr\u00f3lowa-ciszy-705x400 (1)\" width=\"300\" height=\"170\" srcset=\"https:\/\/siemysli-ke.info\/wp-content\/uploads\/2015\/03\/Kr\u00f3lowa-ciszy-705x400-1-300x170.jpg 300w, https:\/\/siemysli-ke.info\/wp-content\/uploads\/2015\/03\/Kr\u00f3lowa-ciszy-705x400-1.jpg 705w\" sizes=\"(max-width: 300px) 100vw, 300px\" \/><\/a>Polacy nie s\u0105 \u015bwiadomi, co mo\u017ce nas nied\u0142ugo spotka\u0107. To, \u017ce wojn\u0119 ogl\u0105damy z ekran\u00f3w tv, czy \u00a0film\u00f3w, nielegalnie zamieszczanych \u00a0na YT &#8211; nie znaczy, \u017ce nie mo\u017ce ona zawita\u0107 i pod nasze okna. Zastanawiam si\u0119 ju\u017c od d\u0142u\u017cszego czasu &#8211; jeste\u015bmy narodem, czy nie? Wspieramy si\u0119, identyfikujemy ze sob\u0105, czy pa\u0142amy do siebie nienawi\u015bci\u0105 i pogard\u0105? Od Smole\u0144ska co\u015b w polskiej duszy drgn\u0119\u0142o. Spin-doktorzy z PO przeszar\u017cowali w rzece k\u0142amstw, jak\u0105 wylali w nasze uszy i w rosyjskich umizgach. R\u00f3wnie\u017c chamskimi zagrywkami wobec upami\u0119tnienia tej tragedii (blokada budowy monumentu na warszawskim Krakowskim Przedmie\u015bciu, gdzie\u00a0 ludzie zbierali si\u0119 po katastrofie) glorii sobie nie dodali. Na wniosek eurodeputowanych PO do rezolucji przyj\u0119tej przez Parlament Europejski nie trafi\u0142 ostatecznie wniosek o umi\u0119dzynarodowienia \u015bledztwa smole\u0144skiego. Pos\u0142owie PO zarz\u0105dali odr\u0119bnego g\u0142osowania w sprawie wraku i skrzynek, osobnego za\u015b w sprawie mi\u0119dzynarodowego \u015bledztwa. Rozdzielenie tych spraw umo\u017cliwi\u0142o odrzucenie podczas g\u0142osowania na sesji plenarnej PE wniosku o mi\u0119dzynarodowe badanie katastrofy. <strong>Zdrajcy z PO t\u0142umaczyli si\u0119, i\u017c tym zabiegiem chc\u0105 ratowa\u0107 &#8222;\u015bwiat zachodni&#8220; przed b\u0142ahymi sprawami naszego wschodniego \u201cniby-kraju\u201d i pilnowa\u0107 s\u0142usznej linii, wytyczonej przez Donalda Tuska. Tego si\u0119 nie zamiecie pod dywan, bo stanowi jawne plucie Polakom w twarz, a rozmiar zdegenerowania obecnej w\u0142adzy jest niebotyczny! <\/strong><\/p>\n<p style=\"text-align: justify;\">Media RP zosta\u0142y zaprz\u0119gni\u0119te, niczym w KRLD, do indoktrynacji i manipulacji spo\u0142ecze\u0144stwem, a dziennikarze dostali etaty stra\u017cnik\u00f3w propagandy sukcesu &#8211; nie za\u015b ludzi, podaj\u0105cych i komentuj\u0105cych bie\u017c\u0105ce wydarzenia. Polacy, szczeg\u00f3lnie m\u0142odzi, zacz\u0119li obchodzi\u0107 \u015bwi\u0119ta narodowe, interesowa\u0107 si\u0119 histori\u0105 i polityk\u0105 &#8211; w\u0142a\u015bnie z przekory i na z\u0142o\u015b\u0107 \u00a0zepsutej ekipie u \u017c\u0142obu. Pod strzechy powroci\u0142 temat egzystencji i bie\u017c\u0105cej sytuacji. W\u0142adza czuje ju\u017c oddech ludzi, kt\u00f3rzy sfrustrowani nie boj\u0105 si\u0119 krzycze\u0107 (podczas konwencji wyborczej Bronis\u0142awa Komorowskiego i objazdu po Polsce \u201cbronkobusem\u201d w Krakowie odby\u0142a si\u0119 nieudana proba rzucenia krzes\u0142em, w Kielcach autobus prezydenta ostrzelany zosta\u0142 kulkami z farb\u0105 do <em>paintballa <\/em>a w Mielcu PO-wska ekipa uciek\u0142a przed m\u0142odzie\u017c\u0105, pytaj\u0105c\u0105 o swoj\u0105 przysz\u0142o\u015b\u0107). <strong>Pod strzechy wr\u00f3ci\u0142a r\u00f3wnie\u017c \u015bwiadomo\u015b\u0107, i\u017c to, co nam w\u0142adza serwuje, jest tylko zgni\u0142ym kompromisem z bezpiek\u0105 systemu komunistycznego<\/strong> &#8211; \u00a0\u017ce to Jaruzelski, a nie Anna Walentynowicz mia\u0142 pogrzeb z \u201chonorami\u201d i odpowiedni\u0105 opraw\u0105<a href=\"http:\/\/www.siemysli.info.ke\/wp-content\/uploads\/2015\/03\/Kr\u00f3lowa-ciszy-705x400-1.jpg\" rel=\"lightbox[15283]\"><img decoding=\"async\" class=\"alignleft size-medium wp-image-15284\" src=\"http:\/\/www.siemysli.info.ke\/wp-content\/uploads\/2015\/03\/Kr\u00f3lowa-ciszy-705x400-1-300x170.jpg\" alt=\"Kr\u00f3lowa-ciszy-705x400 (1)\" width=\"300\" height=\"170\" srcset=\"https:\/\/siemysli-ke.info\/wp-content\/uploads\/2015\/03\/Kr\u00f3lowa-ciszy-705x400-1-300x170.jpg 300w, https:\/\/siemysli-ke.info\/wp-content\/uploads\/2015\/03\/Kr\u00f3lowa-ciszy-705x400-1.jpg 705w\" sizes=\"(max-width: 300px) 100vw, 300px\" \/><\/a>, rang\u0105 i wag\u0105, godn\u0105 narodowego bohatera &#8211; jest w\u0142a\u015bnie ow\u0105 smutn\u0105, &#8222;europejsk\u0105&#8220; patologi\u0105. Na szcz\u0119\u015bcie kl\u0119kaj\u0105cych przed \u201ckomuchami\u201d zosta\u0142o ju\u017c niewielu i stoj\u0105 oni jak ich <em>guru<\/em> &#8211; nad grobem. Nale\u017cy jednak pami\u0119ta\u0107, i\u017c wci\u0105\u017c \u00a0w \u201cdziwnych okoliczno\u015bciach\u201d gin\u0105 ludzie a na kanwie wydarze\u0144 os\u0142awionego \u201cseryjnego samob\u00f3jcy\u201d powsta\u0142 nawet film Patryka Vegi \u201cS\u0142u\u017cby specjalne\u201d o III w\u0142adzy &#8211; oficerach WSI. Bufony o przero\u015bni\u0119tym <em>ego<\/em>\u00a0trzymaj\u0105 stery kraju &#8211; to partia wojny, pchaj\u0105ca nasz kraj w obj\u0119cia nuklearnego konfliktu. <strong>Niestety, w tym teatrze dla ubogich g\u0142\u00f3wn\u0105 parti\u0105 opozycyjn\u0105 jest rownie\u017c&#8230; partia wojny!<\/strong> Kandydat PiS, Andrzej Duda, jest kontunuatorem twardej retoryki konfrontacyjnej z Rosj\u0105. \u201eW naszym kraju powinna pojawi\u0107 si\u0119 tzw. twarda infrastruktura natowska w postaci broni i w postaci wojska. W Polsce powinny powsta\u0107 r\u00f3wnie\u017c wsp\u00f3lne polsko-ameryka\u0144skie bazy wojskowe\u201d. PiS pochyla si\u0119 nad szarym obywatelem przy blasku kamer, pewne fakty jednak ukazuj\u0105 inny obraz ludzi tej frakcji przy korycie. 2. marca podczas spotkania kandydata <em>Prawa i Sprawiedliwo\u015bci<\/em> na prezydenta RP \u2013 Andrzeja Dudy &#8211; z potencjalnymi wyborcami, w Elbl\u0105gu miejsce mia\u0142 nieprzyjemny incydent. W pewnym momencie do g\u0142osu doszed\u0142 m\u0142ody m\u0119\u017cczyzna, szarpany przez innych uczestnik\u00f3w i przedstawi\u0142 si\u0119 jako przedstawiciel m\u0142odego pokolenia, kt\u00f3ry od siedmiu lat jest zmuszony do wyjazd\u00f3w zarobkowych za granic\u0119. Sw\u00f3j g\u0142os wykorzysta\u0142 do wyra\u017cenia swojego \u017calu w stosunku do podej\u015bcia do obywateli by\u0142ego ju\u017c prezydenta Elbl\u0105ga &#8211; Jerzego Wilka (PiS). \u2013 Wracam do Pana bezdomny. Gdy by\u0142em po zdarzeniu losowym i nie mia\u0142em ani <a href=\"http:\/\/www.siemysli.info.ke\/wp-content\/uploads\/2015\/03\/Denisa_glowna_bohaterka_6523439.jpg\" rel=\"lightbox[15283]\"><img decoding=\"async\" class=\"alignleft size-medium wp-image-15285\" src=\"http:\/\/www.siemysli.info.ke\/wp-content\/uploads\/2015\/03\/Denisa_glowna_bohaterka_6523439-300x168.jpg\" alt=\"Denisa_glowna_bohaterka_6523439\" width=\"300\" height=\"168\" srcset=\"https:\/\/siemysli-ke.info\/wp-content\/uploads\/2015\/03\/Denisa_glowna_bohaterka_6523439-300x168.jpg 300w, https:\/\/siemysli-ke.info\/wp-content\/uploads\/2015\/03\/Denisa_glowna_bohaterka_6523439.jpg 625w\" sizes=\"(max-width: 300px) 100vw, 300px\" \/><\/a>MOPS-u, ani pomocy z \u017cadnej strony, Pan mi powiedzia\u0142 jako prezydent Elbl\u0105ga \u201eId\u017a pan do bezdomnych\u201d. Elbl\u0105\u017canin nie mia\u0142 jednak szansy na us\u0142yszenie odpowiedzi, poniewa\u017c od razu zosta\u0142 brutalnie wywleczony. P\u00f3\u017aniej okaza\u0142o si\u0119, i\u017c by\u0142 wynaj\u0119ty przez miejscowego dziennikarza, skonfliktowanego ca\u0142kiem prywatnie z Jerzym Wilkiem. Pa\u0142ac Prezydencki, Sejm i Senat dzi\u015b za nas wszystkich podejmuj\u0105 najwa\u017cniejsze dla naszego dalszego bytu decyzje &#8211; a w chwilach pr\u00f3by tradycyjnie czmychaj\u0105 &#8211; jak niegdy\u015b &#8211; do schron\u00f3w lub na emigracj\u0119, niczym Tusk. Miejmy \u015bwiadomo\u015b\u0107, \u017ce b\u0119dziemy umiera\u0107 za czyje\u015b interesy. Kto\u015b za oceanem, le\u017c\u0105c wygodnie w swym luksusowym pa\u0142acu w\u0142a\u015bnie staje si\u0119 jeszcze bogatszy, bo dostarczy bro\u0144, potrzebn\u0105, by zabija\u0107. Inny udziela lichwiarskiej po\u017cyczki, jeszcze inny wydaje dyrektywy, zach\u0119caj\u0105c do po\u015bwi\u0119cenia a kolejny b\u0119dzie zbija\u0142 profity, by kraj podnie\u015b\u0107 z ruin. Fikcja? Sp\u00f3jrzmy na wschodni\u0105 Ukrain\u0119 i rozmiar zniszcze\u0144 wojennych, jaki poczyni\u0142 tam korpus ekspedycyjny z Kijowa. <strong>Wielu zachodnich Ukrai\u0144c\u00f3w wykupi\u0142o si\u0119 od poboru, wielu zdezerterowa\u0142o &#8211; chwa\u0142a im za to! <\/strong>Czy My-Nar\u00f3d mamy \u015bwiadomo\u015b\u0107, \u017ce jeste\u015bmy pchani do wojny? Czy wielkie ruchu antywojenne lat 60. niczego nas nie nauczy\u0142y? Dzi\u015b nie rodz\u0105 si\u0119 dzieci, perspektywa m\u0142odych kalek wojennych, utrzymuj\u0105cych ludzi na emeryturach, to psychodeliczny scenariusz. Machina wojenna jednak ruszy\u0142a w ciszy i z daleka od oczu ciekawskich. Spo\u0142ecze\u0144stwo nie jest o niej informowane, r\u00f3wnie\u017c przez opozycj\u0119. Trudno si\u0119 dziwi\u0107, \u017ce w roku wyborczym w\u0142adza woli po cichu za\u0142atwia\u0107 pewne sprawy. Stosowne ustawy, przygotowuj\u0105ce kampani\u0119 wojenn\u0105, przyjmowano w lutym bie\u017c\u0105cego roku. Wygl\u0105da na to, i\u017c jest si\u0119 czego ba\u0107, bo opublikowano nie tylko rozporz\u0105dzenie, wprowadzaj\u0105ce obowi\u0105zkowe \u0107wiczenia wojskowe dla wszystkich w wieku do 50 lat, ale te\u017c kilka innych akt\u00f3w prawnych, kt\u00f3rych trudno nie odebra\u0107 jako przygotowa\u0144 do wojny. <strong>Nagle okaza\u0142o si\u0119, \u017ce chodzi nie tylko o rezerwist\u00f3w, ale i takich &#8222;\u017co\u0142nierzy&#8220;, kt\u00f3rzy nigdy w armii nie byli i zostali przeniesieni do rezerwy bez odbywania s\u0142u\u017cby wojskowej.<\/strong> Rz\u0105dz\u0105ca nami partia po latach mi\u0142o\u015bci do Rosji (uleg\u0142o\u015bci w sprawie Smole\u0144ska, gazoportu jak i krzywdz\u0105cych cen gazu), jako zupe\u0142nie demokratycznego kraju &#8211; zrobi\u0142a zwrot o 180 stopni i Rosjan ju\u017c nie lubi, a na dodatek zaczyna stosowa\u0107 wojenn\u0105 retoryk\u0119, tak jakby Polska mia\u0142a w najbli\u017cszym czasie prowadzi\u0107 z Rosj\u0105 wojn\u0119. Od ponad roku trwa\u0142y pr\u00f3by ustalenia przez lokalne struktury WKU <a href=\"http:\/\/www.siemysli.info.ke\/wp-content\/uploads\/2015\/03\/Kr\u00f3lowa-ciszy-705x400-1.jpg\" rel=\"lightbox[15283]\"><img decoding=\"async\" class=\"alignleft size-medium wp-image-15284\" src=\"http:\/\/www.siemysli.info.ke\/wp-content\/uploads\/2015\/03\/Kr\u00f3lowa-ciszy-705x400-1-300x170.jpg\" alt=\"Kr\u00f3lowa-ciszy-705x400 (1)\" width=\"300\" height=\"170\" srcset=\"https:\/\/siemysli-ke.info\/wp-content\/uploads\/2015\/03\/Kr\u00f3lowa-ciszy-705x400-1-300x170.jpg 300w, https:\/\/siemysli-ke.info\/wp-content\/uploads\/2015\/03\/Kr\u00f3lowa-ciszy-705x400-1.jpg 705w\" sizes=\"(max-width: 300px) 100vw, 300px\" \/><\/a>(Wojskowa Komisja Uzupe\u0142nie\u0144), kto z poborowych jest w kraju, a kogo nie ma i na wypadek konfliktu b\u0119dzie osi\u0105galny. Pocz\u0105tkowo wzywano tylko celem stawiennictwa si\u0119 w WKU poborowych pewnych bran\u017c, na przyk\u0142ad mechanik\u00f3w samochodowych.<\/p>\n<p style=\"text-align: justify;\">Najpierw zaanga\u017cowano nasz kraj w organizowanie zamachu stanu na Ukrainie, po cichu za\u015b w pomoc militarn\u0105 &#8211; a ju\u017c rok po tych wydarzeniach nasz kraj musi si\u0119 zbroi\u0107 i szkoli\u0107, bo rozdra\u017cniony &#8222;nied\u017awied\u017a&#8220; mo\u017ce si\u0119 sta\u0107 nieobliczalny.\u00a0<strong>Skrajna g\u0142upota \u00a0rz\u0105dz\u0105cych RP ma by\u0107 teraz okupiona nasz\u0105 krwi\u0105?<\/strong><\/p>\n<p style=\"text-align: justify;\">Spo\u0142ecze\u0144stwo jest pogr\u0105\u017cone w apatii i mara\u017amie. Na demonstracje anty-rz\u0105dowe przychychodzi garstka opozycjonist\u00f3w (\u201cfrankowicz\u00f3w\u201d, nabitych w butelk\u0119 przez banki, w szczytowym momencie zjawi\u0142o si\u0119 oko\u0142o kilku tysi\u0119cy &#8211; a jest ich tysi\u0119cy sze\u015bcset!). <strong>Na festiwalu gier video w katowickim <em>Spodku<\/em> dopingowa\u0142o graczy kilkadziesi\u0105t tysi\u0119cy os\u00f3b &#8211; a w obronie g\u00f3rnik\u00f3w musieli fatygowa\u0107 si\u0119 pi\u0142karscy kibole. Oto obraz dzisiejszej solidarno\u015bci!<\/strong> Fakty s\u0105 pora\u017caj\u0105ce i nie napawaj\u0105 optymizmem. \u00a0RP tonie i to tonie naszymi r\u0119kami, a raczej brakiem naszych r\u0105k. W\u0142adza tylko si\u0119 przygl\u0105da i&#8230; dopinguje. Bez Polski nie b\u0119dziemy mieli szans na przysz\u0142o\u015b\u0107 a nasz\u0105 b\u0119dzie ona dopiero wtedy, gdy przepisy i ekonomia stan\u0105 po stronie obywateli RP, a nie po stronie \u00a0zagranicznych koncern\u00f3w, wysysaj\u0105cych z naszego kraju krew. Tu przytocz\u0119 kilka dramatycznych statystyk. Z <a href=\"http:\/\/www.siemysli.info.ke\/wp-content\/uploads\/2015\/03\/Denisa_glowna_bohaterka_6523439.jpg\" rel=\"lightbox[15283]\"><img decoding=\"async\" class=\"alignleft size-medium wp-image-15285\" src=\"http:\/\/www.siemysli.info.ke\/wp-content\/uploads\/2015\/03\/Denisa_glowna_bohaterka_6523439-300x168.jpg\" alt=\"Denisa_glowna_bohaterka_6523439\" width=\"300\" height=\"168\" srcset=\"https:\/\/siemysli-ke.info\/wp-content\/uploads\/2015\/03\/Denisa_glowna_bohaterka_6523439-300x168.jpg 300w, https:\/\/siemysli-ke.info\/wp-content\/uploads\/2015\/03\/Denisa_glowna_bohaterka_6523439.jpg 625w\" sizes=\"(max-width: 300px) 100vw, 300px\" \/><\/a>Polski co roku wyp\u0142ywaj\u0105 gigantyczne transfery dywidend i nieopodatkowanych zysk\u00f3w zagranicznych koncern\u00f3w, kt\u00f3re traktuj\u0105 nasz kraj przede wszystkim jako rynek zbytu dla swoich d\u00f3br i us\u0142ug. Przy okazji tworz\u0105 u nas montownie, magazyny czy centra us\u0142ug, wykorzystuj\u0105ce Polak\u00f3w jako tani\u0105 si\u0142\u0119 robocz\u0105. P\u0142ac\u0105 nam 3, 4-krotnie ni\u017csze pensje ni\u017c pracownikom, zatrudnionym w swoich krajach. Gdy do tego doliczymy kosztuj\u0105ce naprawd\u0119 ci\u0119\u017ckie pieni\u0105dze r\u00f3\u017cnego rodzaju op\u0142aty licencyjne za mo\u017cliwo\u015b\u0107 u\u017cywania przez lokalne oddzia\u0142y zagranicznych przedsi\u0119biorstw znak\u00f3w firmowych i towarowych swoich w\u0142a\u015bcicieli, to mamy jasn\u0105 odpowied\u017a, dlaczego w Polsce nadal na wszystko brakuje pieni\u0119dzy. Statystyki <a href=\"http:\/\/www.siemysli.info.ke\/wp-content\/uploads\/2015\/03\/Denisa_glowna_bohaterka_6523439.jpg\" rel=\"lightbox[15283]\"><img decoding=\"async\" class=\"alignleft size-medium wp-image-15285\" src=\"http:\/\/www.siemysli.info.ke\/wp-content\/uploads\/2015\/03\/Denisa_glowna_bohaterka_6523439-300x168.jpg\" alt=\"Denisa_glowna_bohaterka_6523439\" width=\"300\" height=\"168\" srcset=\"https:\/\/siemysli-ke.info\/wp-content\/uploads\/2015\/03\/Denisa_glowna_bohaterka_6523439-300x168.jpg 300w, https:\/\/siemysli-ke.info\/wp-content\/uploads\/2015\/03\/Denisa_glowna_bohaterka_6523439.jpg 625w\" sizes=\"(max-width: 300px) 100vw, 300px\" \/><\/a>bilansu p\u0142atniczego s\u0105 zatrwa\u017caj\u0105ce. <strong>W latach 2005-2014 Polska by\u0142a najobficiej drenowanym z kapita\u0142u pa\u0144stwem Europy!<\/strong> Zagraniczne koncerny transferuj\u0105 gigantyczne zyski, osi\u0105gane w naszym kraju, do swoich central we Frankfurcie, Londynie czy Pary\u017cu. Dzi\u0119ki temu w ci\u0105gu ostatnich 10 lat z Polski wyprowadzono r\u00f3wnowarto\u015b\u0107 oko\u0142o 540 mld z\u0142! <strong>Banana Republic of Poland&#8230;<\/strong><\/p>\n<p style=\"text-align: justify;\">Nadchodz\u0105 wybory &#8211; podobno demokratyczna mo\u017cliwo\u015b\u0107 zmiany na lepsze. Podobno&#8230; Ostatnia elekcja pokaza\u0142a rozmiar niedom\u00f3wie\u0144, kantowania i blagi. Pa\u0144stwowa Komisja Wyborcza z bezz\u0119bnymi mumiami, wymieniona zosta\u0142a na jeszcze ciekawsze persony. 4. grudnia 2014 r. minister Krzysztof \u0141aszkiewicz w imieniu prezydenta RP, Bronis\u0142awa Komorowskiego, wr\u0119czy\u0142 akty powo\u0142ania nowym cz\u0142onkom Pa\u0144stwowej Komisji Wyborczej. W\u015br\u00f3d nich s\u0105 m.in. oficer rezerwy Wojskowej S\u0142u\u017cby Wewn\u0119trznej oraz s\u0119dzia Izby Wojskowej S\u0105du Najwy\u017cszego. Stra\u017cnicy \u00a0\u017cyrandola w\u00f3jcia prezydenta b\u0119d\u0105 czuwa\u0107 nad demokracj\u0105&#8230; WSI b\u0119d\u0105 teraz stra\u017cnikami demokracji&#8230; Hahaha:) Jednak wszyscy zdaj\u0105 sobie spraw\u0119, \u017ce czas karnawa\u0142u si\u0119 ko\u0144czy. To ostatnie lata wielkiego skoku na kas\u0119 z mateczki Unii. Rolnicy ju\u017c przebieraj\u0105 nogami, bo swoje chc\u0105 odkroi\u0107 si\u0142\u0105, skoro Warszawka inaczej nie pozwala. Nie ma handlu, to przynajmniej wyszarpi\u0105 odszkodowania. Magazyny Banku \u017bywno\u015bci pekaj\u0105 w szwach od nadmiaru p\u0142od\u00f3w, kt\u00f3rych nie wzi\u0119\u0142a Rosja, ju\u017c nawet w przedszkolach rozdaj\u0105 jab\u0142ka. Ci u ster\u00f3w &#8211; za \u201cta\u015bmy prawdy\u201d przypu\u015bcili atak s\u0142u\u017cb i prokuratury na SKOK-i &#8211; finansowy bastion PiS-u. Wojna <a href=\"http:\/\/www.siemysli.info.ke\/wp-content\/uploads\/2015\/03\/Kr\u00f3lowa-ciszy-705x400-1.jpg\" rel=\"lightbox[15283]\"><img decoding=\"async\" class=\"alignleft size-medium wp-image-15284\" src=\"http:\/\/www.siemysli.info.ke\/wp-content\/uploads\/2015\/03\/Kr\u00f3lowa-ciszy-705x400-1-300x170.jpg\" alt=\"Kr\u00f3lowa-ciszy-705x400 (1)\" width=\"300\" height=\"170\" srcset=\"https:\/\/siemysli-ke.info\/wp-content\/uploads\/2015\/03\/Kr\u00f3lowa-ciszy-705x400-1-300x170.jpg 300w, https:\/\/siemysli-ke.info\/wp-content\/uploads\/2015\/03\/Kr\u00f3lowa-ciszy-705x400-1.jpg 705w\" sizes=\"(max-width: 300px) 100vw, 300px\" \/><\/a>buldog\u00f3w trwa a t\u0142uszcza kr\u0119ci si\u0119 w biedzie i braku perspektyw. <strong>Oko\u0142o 2020-2022 roku \u015brodki, potrzebne na pokrycie rozszerzaj\u0105cej si\u0119 dziury w bud\u017cecie ZUS b\u0119d\u0105 ju\u017c tak wielkie, i\u017c prawdopodobnie przyczyni\u0105 si\u0119 do bankructwa ca\u0142ego pa\u0144stwa.<\/strong>\u00a0Oczywi\u015bcie da si\u0119 nieco op\u00f3\u017ani\u0107 ostateczny upadek poprzez zwi\u0119kszenie wysoko\u015bci p\u0142aconych sk\u0142adek ZUS czy podniesienie podatk\u00f3w, ale takie rozwi\u0105zanie b\u0119dzie niekorzystne z punktu widzenia gospodarki, kt\u00f3rej rozw\u00f3j zostanie tym samym skutecznie zahamowany. Jak by nie spojrze\u0107, czeka nas finansowy kataklizm. Ratunkiem dla Polski mo\u017ce by\u0107 przeprowadzenie g\u0142\u0119bokich reform, kt\u00f3rych efektem b\u0119d\u0105 wielomiliardowe oszcz\u0119dno\u015bci oraz ograniczenie biurokracji. Dodatkowo nale\u017ca\u0142oby poprawi\u0107 statystyki bilansu p\u0142atniczego i ukr\u00f3ci\u0107 niekontrolowany dzi\u015b wyp\u0142yw pieni\u0119dzy za zachodni\u0105 granic\u0119. Niestety, znaj\u0105c podej\u015bcie do jakichkolwiek zmian rz\u0105dz\u0105cej Platformy lub \u015blamazarno\u015b\u0107 PiS-u, kt\u00f3ry by\u0107 mo\u017ce wygra wybory do Sejmu &#8211; coraz realniejszy wydaje si\u0119 by\u0107 scenariusz, wed\u0142ug kt\u00f3rego trzeba b\u0119dzie otworzy\u0107 granic\u0119 dla masowej imigracji Ukrai\u0144c\u00f3w i Bia\u0142orusin\u00f3w do Polski, na co pewnie dostaniemy zielone \u015bwiat\u0142o &#8211; tak z USA jak od \u201ccioteczki Angeli\u201d. Unia mia\u0142a te\u017c nie\u015bmia\u0142e plany przesuwania na wsch\u00f3d swoich nierokuj\u0105cych azylant\u00f3w, wi\u0119c i tacy pewnie znajd\u0105 u nas schronienie, albo powstanie nad Wis\u0142\u0105 (postulowane bodaj przez francuskich towarzyszy) pa\u0144stwo Rom\u00f3w.<\/p>\n<p style=\"text-align: justify;\">Wracamy do punktu wyj\u015bcia, staj\u0105c si\u0119 w\u0142adczyni\u0105 \u017cebrak\u00f3w w kr\u00f3lestwie biedy i ub\u00f3stwa.<\/p>\n<p style=\"text-align: justify;\">\n<p style=\"text-align: right;\"><strong>Roman Boryczko<\/strong>,<\/p>\n<p style=\"text-align: right;\">\u00a0<em>marzec 2015\u00a0<\/em><\/p>\n","protected":false},"excerpt":{"rendered":"<p>Polacy nie s\u0105 \u015bwiadomi, co mo\u017ce nas nied\u0142ugo spotka\u0107. To, \u017ce wojn\u0119 ogl\u0105damy z ekran\u00f3w tv, czy \u00a0film\u00f3w, nielegalnie zamieszczanych<\/p>\n","protected":false},"author":7,"featured_media":15285,"comment_status":"open","ping_status":"open","sticky":false,"template":"","format":"standard","meta":{"colormag_page_layout":"default_layout","footnotes":""},"categories":[7,81],"tags":[203],"class_list":["post-15283","post","type-post","status-publish","format-standard","has-post-thumbnail","hentry","category-gospodarka","category-rzeczpospolita","tag-polska"],"yoast_head":"<!-- This site is optimized with the Yoast SEO plugin v25.1 - https:\/\/yoast.com\/wordpress\/plugins\/seo\/ -->\n<title>Polska kr\u00f3low\u0105 \u017cebrak\u00f3w - SI\u0118 MY\u015aLI<\/title>\n<meta name=\"robots\" content=\"index, follow, max-snippet:-1, max-image-preview:large, max-video-preview:-1\" \/>\n<link rel=\"canonical\" href=\"https:\/\/siemysli-ke.info\/de\/polska-krolowa-zebrakow\/\" \/>\n<meta property=\"og:locale\" content=\"de_DE\" \/>\n<meta property=\"og:type\" content=\"article\" \/>\n<meta property=\"og:title\" content=\"Polska kr\u00f3low\u0105 \u017cebrak\u00f3w - SI\u0118 MY\u015aLI\" \/>\n<meta property=\"og:description\" content=\"Polacy nie s\u0105 \u015bwiadomi, co mo\u017ce nas nied\u0142ugo spotka\u0107. To, \u017ce wojn\u0119 ogl\u0105damy z ekran\u00f3w tv, czy \u00a0film\u00f3w, nielegalnie zamieszczanych\" \/>\n<meta property=\"og:url\" content=\"https:\/\/siemysli-ke.info\/de\/polska-krolowa-zebrakow\/\" \/>\n<meta property=\"og:site_name\" content=\"SI\u0118 MY\u015aLI\" \/>\n<meta property=\"article:published_time\" content=\"2015-03-17T06:18:15+00:00\" \/>\n<meta property=\"article:modified_time\" content=\"2015-03-17T13:50:11+00:00\" \/>\n<meta property=\"og:image\" content=\"https:\/\/siemysli-ke.info\/wp-content\/uploads\/2015\/03\/Denisa_glowna_bohaterka_6523439.jpg\" \/>\n\t<meta property=\"og:image:width\" content=\"625\" \/>\n\t<meta property=\"og:image:height\" content=\"350\" \/>\n\t<meta property=\"og:image:type\" content=\"image\/jpeg\" \/>\n<meta name=\"author\" content=\"Jaromir\" \/>\n<meta name=\"twitter:label1\" content=\"Verfasst von\" \/>\n\t<meta name=\"twitter:data1\" content=\"Jaromir\" \/>\n\t<meta name=\"twitter:label2\" content=\"Gesch\u00e4tzte Lesezeit\" \/>\n\t<meta name=\"twitter:data2\" content=\"10\u00a0Minuten\" \/>\n<script type=\"application\/ld+json\" class=\"yoast-schema-graph\">{\"@context\":\"https:\/\/schema.org\",\"@graph\":[{\"@type\":\"Article\",\"@id\":\"https:\/\/siemysli-ke.info\/de\/polska-krolowa-zebrakow\/#article\",\"isPartOf\":{\"@id\":\"https:\/\/siemysli-ke.info\/de\/polska-krolowa-zebrakow\/\"},\"author\":{\"name\":\"Jaromir\",\"@id\":\"https:\/\/siemysli-ke.info\/#\/schema\/person\/66d741fa745a44f2fe46d112bc6499f2\"},\"headline\":\"Polska kr\u00f3low\u0105 \u017cebrak\u00f3w\",\"datePublished\":\"2015-03-17T06:18:15+00:00\",\"dateModified\":\"2015-03-17T13:50:11+00:00\",\"mainEntityOfPage\":{\"@id\":\"https:\/\/siemysli-ke.info\/de\/polska-krolowa-zebrakow\/\"},\"wordCount\":2006,\"commentCount\":1,\"publisher\":{\"@id\":\"https:\/\/siemysli-ke.info\/#organization\"},\"image\":{\"@id\":\"https:\/\/siemysli-ke.info\/de\/polska-krolowa-zebrakow\/#primaryimage\"},\"thumbnailUrl\":\"https:\/\/siemysli-ke.info\/wp-content\/uploads\/2015\/03\/Denisa_glowna_bohaterka_6523439.jpg\",\"keywords\":[\"Polska\"],\"articleSection\":[\"Gospodarka i polityka\",\"Rzeczypospolita\"],\"inLanguage\":\"de\",\"potentialAction\":[{\"@type\":\"CommentAction\",\"name\":\"Comment\",\"target\":[\"https:\/\/siemysli-ke.info\/de\/polska-krolowa-zebrakow\/#respond\"]}]},{\"@type\":\"WebPage\",\"@id\":\"https:\/\/siemysli-ke.info\/de\/polska-krolowa-zebrakow\/\",\"url\":\"https:\/\/siemysli-ke.info\/de\/polska-krolowa-zebrakow\/\",\"name\":\"Polska kr\u00f3low\u0105 \u017cebrak\u00f3w - SI\u0118 MY\u015aLI\",\"isPartOf\":{\"@id\":\"https:\/\/siemysli-ke.info\/de\/#website\"},\"primaryImageOfPage\":{\"@id\":\"https:\/\/siemysli-ke.info\/de\/polska-krolowa-zebrakow\/#primaryimage\"},\"image\":{\"@id\":\"https:\/\/siemysli-ke.info\/de\/polska-krolowa-zebrakow\/#primaryimage\"},\"thumbnailUrl\":\"https:\/\/siemysli-ke.info\/wp-content\/uploads\/2015\/03\/Denisa_glowna_bohaterka_6523439.jpg\",\"datePublished\":\"2015-03-17T06:18:15+00:00\",\"dateModified\":\"2015-03-17T13:50:11+00:00\",\"breadcrumb\":{\"@id\":\"https:\/\/siemysli-ke.info\/de\/polska-krolowa-zebrakow\/#breadcrumb\"},\"inLanguage\":\"de\",\"potentialAction\":[{\"@type\":\"ReadAction\",\"target\":[[\"https:\/\/siemysli-ke.info\/de\/polska-krolowa-zebrakow\/\"]]}]},{\"@type\":\"ImageObject\",\"inLanguage\":\"de\",\"@id\":\"https:\/\/siemysli-ke.info\/de\/polska-krolowa-zebrakow\/#primaryimage\",\"url\":\"https:\/\/siemysli-ke.info\/wp-content\/uploads\/2015\/03\/Denisa_glowna_bohaterka_6523439.jpg\",\"contentUrl\":\"https:\/\/siemysli-ke.info\/wp-content\/uploads\/2015\/03\/Denisa_glowna_bohaterka_6523439.jpg\",\"width\":625,\"height\":350},{\"@type\":\"BreadcrumbList\",\"@id\":\"https:\/\/siemysli-ke.info\/de\/polska-krolowa-zebrakow\/#breadcrumb\",\"itemListElement\":[{\"@type\":\"ListItem\",\"position\":1,\"name\":\"Home\",\"item\":\"https:\/\/siemysli-ke.info\/de\/\"},{\"@type\":\"ListItem\",\"position\":2,\"name\":\"Polska kr\u00f3low\u0105 \u017cebrak\u00f3w\"}]},{\"@type\":\"WebSite\",\"@id\":\"https:\/\/siemysli-ke.info\/de\/#website\",\"url\":\"https:\/\/siemysli-ke.info\/de\/\",\"name\":\"SI\u0118 MY\u015aLI\",\"description\":\"\",\"publisher\":{\"@id\":\"https:\/\/siemysli-ke.info\/de\/#organization\"},\"potentialAction\":[{\"@type\":\"SearchAction\",\"target\":{\"@type\":\"EntryPoint\",\"urlTemplate\":\"https:\/\/siemysli-ke.info\/de\/?s={search_term_string}\"},\"query-input\":{\"@type\":\"PropertyValueSpecification\",\"valueRequired\":true,\"valueName\":\"search_term_string\"}}],\"inLanguage\":\"de\"},{\"@type\":\"Organization\",\"@id\":\"https:\/\/siemysli-ke.info\/de\/#organization\",\"name\":\"SI\u0118 MY\u015aLI\",\"url\":\"https:\/\/siemysli-ke.info\/de\/\",\"logo\":{\"@type\":\"ImageObject\",\"inLanguage\":\"de\",\"@id\":\"https:\/\/siemysli-ke.info\/de\/#\/schema\/logo\/image\/\",\"url\":\"https:\/\/siemysli-ke.info\/wp-content\/uploads\/2025\/05\/99.png\",\"contentUrl\":\"https:\/\/siemysli-ke.info\/wp-content\/uploads\/2025\/05\/99.png\",\"width\":270,\"height\":204,\"caption\":\"SI\u0118 MY\u015aLI\"},\"image\":{\"@id\":\"https:\/\/siemysli-ke.info\/de\/#\/schema\/logo\/image\/\"}},{\"@type\":\"Person\",\"@id\":\"https:\/\/siemysli-ke.info\/#\/schema\/person\/66d741fa745a44f2fe46d112bc6499f2\",\"name\":\"Jaromir\",\"image\":{\"@type\":\"ImageObject\",\"inLanguage\":\"de\",\"@id\":\"https:\/\/siemysli-ke.info\/de\/#\/schema\/person\/image\/\",\"url\":\"https:\/\/secure.gravatar.com\/avatar\/fe881559e8ac8dda20293e9e8317d4678c6ad8f65f85a9ce5e1a87cee56b6198?s=96&d=mm&r=g\",\"contentUrl\":\"https:\/\/secure.gravatar.com\/avatar\/fe881559e8ac8dda20293e9e8317d4678c6ad8f65f85a9ce5e1a87cee56b6198?s=96&d=mm&r=g\",\"caption\":\"Jaromir\"},\"url\":\"https:\/\/siemysli-ke.info\/de\/author\/jaromir\/\"}]}<\/script>\n<!-- \/ Yoast SEO plugin. -->","yoast_head_json":{"title":"Polska kr\u00f3low\u0105 \u017cebrak\u00f3w - SI\u0118 MY\u015aLI","robots":{"index":"index","follow":"follow","max-snippet":"max-snippet:-1","max-image-preview":"max-image-preview:large","max-video-preview":"max-video-preview:-1"},"canonical":"https:\/\/siemysli-ke.info\/de\/polska-krolowa-zebrakow\/","og_locale":"de_DE","og_type":"article","og_title":"Polska kr\u00f3low\u0105 \u017cebrak\u00f3w - SI\u0118 MY\u015aLI","og_description":"Polacy nie s\u0105 \u015bwiadomi, co mo\u017ce nas nied\u0142ugo spotka\u0107. To, \u017ce wojn\u0119 ogl\u0105damy z ekran\u00f3w tv, czy \u00a0film\u00f3w, nielegalnie zamieszczanych","og_url":"https:\/\/siemysli-ke.info\/de\/polska-krolowa-zebrakow\/","og_site_name":"SI\u0118 MY\u015aLI","article_published_time":"2015-03-17T06:18:15+00:00","article_modified_time":"2015-03-17T13:50:11+00:00","og_image":[{"width":625,"height":350,"url":"https:\/\/siemysli-ke.info\/wp-content\/uploads\/2015\/03\/Denisa_glowna_bohaterka_6523439.jpg","type":"image\/jpeg"}],"author":"Jaromir","twitter_misc":{"Verfasst von":"Jaromir","Gesch\u00e4tzte Lesezeit":"10\u00a0Minuten"},"schema":{"@context":"https:\/\/schema.org","@graph":[{"@type":"Article","@id":"https:\/\/siemysli-ke.info\/de\/polska-krolowa-zebrakow\/#article","isPartOf":{"@id":"https:\/\/siemysli-ke.info\/de\/polska-krolowa-zebrakow\/"},"author":{"name":"Jaromir","@id":"https:\/\/siemysli-ke.info\/#\/schema\/person\/66d741fa745a44f2fe46d112bc6499f2"},"headline":"Polska kr\u00f3low\u0105 \u017cebrak\u00f3w","datePublished":"2015-03-17T06:18:15+00:00","dateModified":"2015-03-17T13:50:11+00:00","mainEntityOfPage":{"@id":"https:\/\/siemysli-ke.info\/de\/polska-krolowa-zebrakow\/"},"wordCount":2006,"commentCount":1,"publisher":{"@id":"https:\/\/siemysli-ke.info\/#organization"},"image":{"@id":"https:\/\/siemysli-ke.info\/de\/polska-krolowa-zebrakow\/#primaryimage"},"thumbnailUrl":"https:\/\/siemysli-ke.info\/wp-content\/uploads\/2015\/03\/Denisa_glowna_bohaterka_6523439.jpg","keywords":["Polska"],"articleSection":["Gospodarka i polityka","Rzeczypospolita"],"inLanguage":"de","potentialAction":[{"@type":"CommentAction","name":"Comment","target":["https:\/\/siemysli-ke.info\/de\/polska-krolowa-zebrakow\/#respond"]}]},{"@type":"WebPage","@id":"https:\/\/siemysli-ke.info\/de\/polska-krolowa-zebrakow\/","url":"https:\/\/siemysli-ke.info\/de\/polska-krolowa-zebrakow\/","name":"Polska kr\u00f3low\u0105 \u017cebrak\u00f3w - SI\u0118 MY\u015aLI","isPartOf":{"@id":"https:\/\/siemysli-ke.info\/de\/#website"},"primaryImageOfPage":{"@id":"https:\/\/siemysli-ke.info\/de\/polska-krolowa-zebrakow\/#primaryimage"},"image":{"@id":"https:\/\/siemysli-ke.info\/de\/polska-krolowa-zebrakow\/#primaryimage"},"thumbnailUrl":"https:\/\/siemysli-ke.info\/wp-content\/uploads\/2015\/03\/Denisa_glowna_bohaterka_6523439.jpg","datePublished":"2015-03-17T06:18:15+00:00","dateModified":"2015-03-17T13:50:11+00:00","breadcrumb":{"@id":"https:\/\/siemysli-ke.info\/de\/polska-krolowa-zebrakow\/#breadcrumb"},"inLanguage":"de","potentialAction":[{"@type":"ReadAction","target":[["https:\/\/siemysli-ke.info\/de\/polska-krolowa-zebrakow\/"]]}]},{"@type":"ImageObject","inLanguage":"de","@id":"https:\/\/siemysli-ke.info\/de\/polska-krolowa-zebrakow\/#primaryimage","url":"https:\/\/siemysli-ke.info\/wp-content\/uploads\/2015\/03\/Denisa_glowna_bohaterka_6523439.jpg","contentUrl":"https:\/\/siemysli-ke.info\/wp-content\/uploads\/2015\/03\/Denisa_glowna_bohaterka_6523439.jpg","width":625,"height":350},{"@type":"BreadcrumbList","@id":"https:\/\/siemysli-ke.info\/de\/polska-krolowa-zebrakow\/#breadcrumb","itemListElement":[{"@type":"ListItem","position":1,"name":"Home","item":"https:\/\/siemysli-ke.info\/de\/"},{"@type":"ListItem","position":2,"name":"Polska kr\u00f3low\u0105 \u017cebrak\u00f3w"}]},{"@type":"WebSite","@id":"https:\/\/siemysli-ke.info\/de\/#website","url":"https:\/\/siemysli-ke.info\/de\/","name":"SI\u0118 MY\u015aLI","description":"","publisher":{"@id":"https:\/\/siemysli-ke.info\/de\/#organization"},"potentialAction":[{"@type":"SearchAction","target":{"@type":"EntryPoint","urlTemplate":"https:\/\/siemysli-ke.info\/de\/?s={search_term_string}"},"query-input":{"@type":"PropertyValueSpecification","valueRequired":true,"valueName":"search_term_string"}}],"inLanguage":"de"},{"@type":"Organization","@id":"https:\/\/siemysli-ke.info\/de\/#organization","name":"SI\u0118 MY\u015aLI","url":"https:\/\/siemysli-ke.info\/de\/","logo":{"@type":"ImageObject","inLanguage":"de","@id":"https:\/\/siemysli-ke.info\/de\/#\/schema\/logo\/image\/","url":"https:\/\/siemysli-ke.info\/wp-content\/uploads\/2025\/05\/99.png","contentUrl":"https:\/\/siemysli-ke.info\/wp-content\/uploads\/2025\/05\/99.png","width":270,"height":204,"caption":"SI\u0118 MY\u015aLI"},"image":{"@id":"https:\/\/siemysli-ke.info\/de\/#\/schema\/logo\/image\/"}},{"@type":"Person","@id":"https:\/\/siemysli-ke.info\/#\/schema\/person\/66d741fa745a44f2fe46d112bc6499f2","name":"Jaromir","image":{"@type":"ImageObject","inLanguage":"de","@id":"https:\/\/siemysli-ke.info\/de\/#\/schema\/person\/image\/","url":"https:\/\/secure.gravatar.com\/avatar\/fe881559e8ac8dda20293e9e8317d4678c6ad8f65f85a9ce5e1a87cee56b6198?s=96&d=mm&r=g","contentUrl":"https:\/\/secure.gravatar.com\/avatar\/fe881559e8ac8dda20293e9e8317d4678c6ad8f65f85a9ce5e1a87cee56b6198?s=96&d=mm&r=g","caption":"Jaromir"},"url":"https:\/\/siemysli-ke.info\/de\/author\/jaromir\/"}]}},"_links":{"self":[{"href":"https:\/\/siemysli-ke.info\/de\/wp-json\/wp\/v2\/posts\/15283","targetHints":{"allow":["GET"]}}],"collection":[{"href":"https:\/\/siemysli-ke.info\/de\/wp-json\/wp\/v2\/posts"}],"about":[{"href":"https:\/\/siemysli-ke.info\/de\/wp-json\/wp\/v2\/types\/post"}],"author":[{"embeddable":true,"href":"https:\/\/siemysli-ke.info\/de\/wp-json\/wp\/v2\/users\/7"}],"replies":[{"embeddable":true,"href":"https:\/\/siemysli-ke.info\/de\/wp-json\/wp\/v2\/comments?post=15283"}],"version-history":[{"count":0,"href":"https:\/\/siemysli-ke.info\/de\/wp-json\/wp\/v2\/posts\/15283\/revisions"}],"wp:featuredmedia":[{"embeddable":true,"href":"https:\/\/siemysli-ke.info\/de\/wp-json\/wp\/v2\/media\/15285"}],"wp:attachment":[{"href":"https:\/\/siemysli-ke.info\/de\/wp-json\/wp\/v2\/media?parent=15283"}],"wp:term":[{"taxonomy":"category","embeddable":true,"href":"https:\/\/siemysli-ke.info\/de\/wp-json\/wp\/v2\/categories?post=15283"},{"taxonomy":"post_tag","embeddable":true,"href":"https:\/\/siemysli-ke.info\/de\/wp-json\/wp\/v2\/tags?post=15283"}],"curies":[{"name":"wp","href":"https:\/\/api.w.org\/{rel}","templated":true}]}}