 {"id":15275,"date":"2015-03-15T23:55:31","date_gmt":"2015-03-15T22:55:31","guid":{"rendered":"http:\/\/www.siemysli.info.ke\/?p=15275"},"modified":"2015-03-16T00:28:05","modified_gmt":"2015-03-15T23:28:05","slug":"4-lata-po-fukushimie-scenariusz-konca-swiata","status":"publish","type":"post","link":"https:\/\/siemysli-ke.info\/de\/4-lata-po-fukushimie-scenariusz-konca-swiata\/","title":{"rendered":"4 lata po Fukushimie &#8211; &#8222;scenariusz ko\u0144ca \u015bwiata&#8220;"},"content":{"rendered":"<p><a href=\"http:\/\/www.siemysli.info.ke\/wp-content\/uploads\/2015\/03\/01-Fukushima-Entire-Pacific-Pollution-Complete-in-6-Years.jpg\" rel=\"lightbox[15275]\"><img decoding=\"async\" class=\"alignleft size-medium wp-image-15276\" src=\"http:\/\/www.siemysli.info.ke\/wp-content\/uploads\/2015\/03\/01-Fukushima-Entire-Pacific-Pollution-Complete-in-6-Years-300x168.jpg\" alt=\"01 Fukushima - Entire Pacific Pollution Complete in 6 Years\" width=\"300\" height=\"168\" srcset=\"https:\/\/siemysli-ke.info\/wp-content\/uploads\/2015\/03\/01-Fukushima-Entire-Pacific-Pollution-Complete-in-6-Years-300x168.jpg 300w, https:\/\/siemysli-ke.info\/wp-content\/uploads\/2015\/03\/01-Fukushima-Entire-Pacific-Pollution-Complete-in-6-Years-1024x574.jpg 1024w, https:\/\/siemysli-ke.info\/wp-content\/uploads\/2015\/03\/01-Fukushima-Entire-Pacific-Pollution-Complete-in-6-Years.jpg 1274w\" sizes=\"(max-width: 300px) 100vw, 300px\" \/><\/a>Wystarczy poczyta\u0107:<\/p>\n<p>http:\/\/www.vice.com\/read\/a-japanese-physician-is-encouraging-the-evacuation-of-tokyo<\/p>\n<p style=\"text-align: justify;\"><strong>Wg japo\u0144skiego fizyka, Shigeru Mity, Tokio powinno by\u0107 ju\u017c ewakuowane.<\/strong> Tym bardziej &#8211; wszystkie tereny, po\u0142o\u017cone pomi\u0119dzy prefektur\u0105 Fukushima a stolic\u0105 Nipponu.<\/p>\n<p>O tym, jak na katastrof\u0119 reaguj\u0105 organizmy japo\u0144skich dzieci, przeczyta\u0107 mo\u017cna tutaj: www.save-children-from-radiation.org<\/p>\n<p style=\"text-align: justify;\">Tymczasem Wikipedia powtarza za WHO: \u00a0&#8222;Na skutek awarii, <strong>wed\u0142ug WHO, wzrost zachorowalno\u015bci na raka b\u0119dzie tak ma\u0142y, \u017ce niezauwa\u017calny, a prawdopodobie\u0144stwo, \u017ce obecne dzieci w Japonii b\u0119d\u0105 chore na raka wzros\u0142o o 1%<\/strong>[94]. Jak zauwa\u017cy\u0142 James Lovelock, tsunami, kt\u00f3re spowodowa\u0142o awari\u0119 w Fukushimie zabi\u0142o 26 tys. os\u00f3b, podczas gdy w wyniku samej awarii nie zgin\u0119\u0142a ani jedna[95].&#8220;<\/p>\n<p><strong>Realnie?<\/strong>\u00a0http:\/\/zmianynaziemi.pl\/wiadomosc\/w-okolicach-fukushimy-zanotowano-wzrost-zachorowan-raka-o-6000<\/p>\n<p><strong>Tak, TYLKO 6000%!!!<\/strong><\/p>\n<p style=\"text-align: center;\"><a href=\"http:\/\/www.siemysli.info.ke\/wp-content\/uploads\/2015\/03\/dr-mita-mita-clinic-tokyo-.jpg\" rel=\"lightbox[15275]\"><img decoding=\"async\" class=\"aligncenter size-medium wp-image-15277\" src=\"http:\/\/www.siemysli.info.ke\/wp-content\/uploads\/2015\/03\/dr-mita-mita-clinic-tokyo--247x300.jpg\" alt=\"dr-mita-mita-clinic-tokyo-\" width=\"247\" height=\"300\" srcset=\"https:\/\/siemysli-ke.info\/wp-content\/uploads\/2015\/03\/dr-mita-mita-clinic-tokyo--247x300.jpg 247w, https:\/\/siemysli-ke.info\/wp-content\/uploads\/2015\/03\/dr-mita-mita-clinic-tokyo-.jpg 270w\" sizes=\"(max-width: 247px) 100vw, 247px\" \/><\/a><\/p>\n<p style=\"text-align: justify;\">Shigeru Mita okre\u015bla sytuacj\u0119 jako &#8222;scenariusz ko\u0144ca \u015bwiata&#8220;. Nie gwa\u0142townego, na raty, ale jednak&#8230;<\/p>\n<p style=\"text-align: justify;\">W styczniu br. zbadano ryby, od\u0142owione w odleg\u0142o\u015bci 40 km od wybrze\u017ca prefektury Fukushima. Wyniki? Japo\u0144ska Agencja Bada\u0144 Rybo\u0142\u00f3wstwa, w kilkudziesi\u0119ciu zbadanych rybach wykry\u0142a nawet 12 400 bekereli radioaktywnego cezu na kilogram. <strong>To ok. 124 razy wi\u0119cej ni\u017c bezpieczny poziom, okre\u015blony w lokalnej normie.<\/strong> Ryby by\u0142y na tyle ska\u017cone, i\u017c ich ewentualne spo\u017cycie by\u0142oby niebezpieczne dla zdrowia.<\/p>\n<p style=\"text-align: justify;\">Patrz\u0105c na map\u0119 ska\u017cenia Pacyfiku radioaktywnym cezem 137, opracowan\u0105 przez Niemc\u00f3w, a ukazuj\u0105c\u0105 stan w 2,5 roku po katastrofie, trudno nie zgodzi\u0107 si\u0119 z wnioskiem odpowiedzialnej za t\u0119 map\u0119 ekipy uczonych:\u00a0<strong>ca\u0142y Ocean Spokojny zostanie ska\u017cony izotopem cezu w ci\u0105gu 6 lat<\/strong>. A przecie\u017c do Pacyfiku sp\u0142ywa (po czym paruje i opada z deszczem) nie tylko cez&#8230;<\/p>\n<p style=\"text-align: right;\">\n<p style=\"text-align: right;\"><strong>Opr.<\/strong> Si\u0119My\u015bli<\/p>\n","protected":false},"excerpt":{"rendered":"<p>Wystarczy poczyta\u0107: http:\/\/www.vice.com\/read\/a-japanese-physician-is-encouraging-the-evacuation-of-tokyo Wg japo\u0144skiego fizyka, Shigeru Mity, Tokio powinno by\u0107 ju\u017c ewakuowane. Tym bardziej &#8211; wszystkie tereny, po\u0142o\u017cone pomi\u0119dzy<\/p>\n","protected":false},"author":3,"featured_media":15276,"comment_status":"open","ping_status":"open","sticky":false,"template":"","format":"standard","meta":{"colormag_page_layout":"default_layout","footnotes":""},"categories":[7,8],"tags":[89,2256,2255,2259,92,2258,2257,2260,2254],"class_list":["post-15275","post","type-post","status-publish","format-standard","has-post-thumbnail","hentry","category-gospodarka","category-ochrona","tag-breaking","tag-cez-137","tag-fukushima","tag-fukushima-dai-ichi","tag-headline","tag-james-lovelock","tag-japonska-agencja-badan-rybolowstwa","tag-klamstwa-who","tag-shigeru-mita"],"yoast_head":"<!-- This site is optimized with the Yoast SEO plugin v25.1 - https:\/\/yoast.com\/wordpress\/plugins\/seo\/ -->\n<title>4 lata po Fukushimie - &quot;scenariusz ko\u0144ca \u015bwiata&quot; - SI\u0118 MY\u015aLI<\/title>\n<meta name=\"robots\" content=\"index, follow, max-snippet:-1, max-image-preview:large, max-video-preview:-1\" \/>\n<link rel=\"canonical\" href=\"https:\/\/siemysli-ke.info\/de\/4-lata-po-fukushimie-scenariusz-konca-swiata\/\" \/>\n<meta property=\"og:locale\" content=\"de_DE\" \/>\n<meta property=\"og:type\" content=\"article\" \/>\n<meta property=\"og:title\" content=\"4 lata po Fukushimie - &quot;scenariusz ko\u0144ca \u015bwiata&quot; - SI\u0118 MY\u015aLI\" \/>\n<meta property=\"og:description\" content=\"Wystarczy poczyta\u0107: http:\/\/www.vice.com\/read\/a-japanese-physician-is-encouraging-the-evacuation-of-tokyo Wg japo\u0144skiego fizyka, Shigeru Mity, Tokio powinno by\u0107 ju\u017c ewakuowane. Tym bardziej &#8211; wszystkie tereny, po\u0142o\u017cone pomi\u0119dzy\" \/>\n<meta property=\"og:url\" content=\"https:\/\/siemysli-ke.info\/de\/4-lata-po-fukushimie-scenariusz-konca-swiata\/\" \/>\n<meta property=\"og:site_name\" content=\"SI\u0118 MY\u015aLI\" \/>\n<meta property=\"article:published_time\" content=\"2015-03-15T22:55:31+00:00\" \/>\n<meta property=\"article:modified_time\" content=\"2015-03-15T23:28:05+00:00\" \/>\n<meta property=\"og:image\" content=\"https:\/\/siemysli-ke.info\/wp-content\/uploads\/2015\/03\/01-Fukushima-Entire-Pacific-Pollution-Complete-in-6-Years.jpg\" \/>\n\t<meta property=\"og:image:width\" content=\"1274\" \/>\n\t<meta property=\"og:image:height\" content=\"715\" \/>\n\t<meta property=\"og:image:type\" content=\"image\/jpeg\" \/>\n<meta name=\"author\" content=\"...\" \/>\n<meta name=\"twitter:label1\" content=\"Verfasst von\" \/>\n\t<meta name=\"twitter:data1\" content=\"...\" \/>\n\t<meta name=\"twitter:label2\" content=\"Gesch\u00e4tzte Lesezeit\" \/>\n\t<meta name=\"twitter:data2\" content=\"1\u00a0Minute\" \/>\n<script type=\"application\/ld+json\" class=\"yoast-schema-graph\">{\"@context\":\"https:\/\/schema.org\",\"@graph\":[{\"@type\":\"Article\",\"@id\":\"https:\/\/siemysli-ke.info\/de\/4-lata-po-fukushimie-scenariusz-konca-swiata\/#article\",\"isPartOf\":{\"@id\":\"https:\/\/siemysli-ke.info\/de\/4-lata-po-fukushimie-scenariusz-konca-swiata\/\"},\"author\":{\"name\":\"...\",\"@id\":\"https:\/\/siemysli-ke.info\/#\/schema\/person\/75326687448d6abf738b156f56385210\"},\"headline\":\"4 lata po Fukushimie &#8211; &#8222;scenariusz ko\u0144ca \u015bwiata&#8220;\",\"datePublished\":\"2015-03-15T22:55:31+00:00\",\"dateModified\":\"2015-03-15T23:28:05+00:00\",\"mainEntityOfPage\":{\"@id\":\"https:\/\/siemysli-ke.info\/de\/4-lata-po-fukushimie-scenariusz-konca-swiata\/\"},\"wordCount\":286,\"commentCount\":1,\"publisher\":{\"@id\":\"https:\/\/siemysli-ke.info\/#organization\"},\"image\":{\"@id\":\"https:\/\/siemysli-ke.info\/de\/4-lata-po-fukushimie-scenariusz-konca-swiata\/#primaryimage\"},\"thumbnailUrl\":\"https:\/\/siemysli-ke.info\/wp-content\/uploads\/2015\/03\/01-Fukushima-Entire-Pacific-Pollution-Complete-in-6-Years.jpg\",\"keywords\":[\"breaking\",\"cez 137\",\"Fukushima\",\"Fukushima Dai-Ichi\",\"headline\",\"James Lovelock\",\"Japo\u0144ska Agencja Bada\u0144 Rybo\u0142\u00f3wstwa\",\"k\u0142amstwa WHO\",\"Shigeru Mita\"],\"articleSection\":[\"Gospodarka i polityka\",\"Ochrona \u015brodowiska\"],\"inLanguage\":\"de\",\"potentialAction\":[{\"@type\":\"CommentAction\",\"name\":\"Comment\",\"target\":[\"https:\/\/siemysli-ke.info\/de\/4-lata-po-fukushimie-scenariusz-konca-swiata\/#respond\"]}]},{\"@type\":\"WebPage\",\"@id\":\"https:\/\/siemysli-ke.info\/de\/4-lata-po-fukushimie-scenariusz-konca-swiata\/\",\"url\":\"https:\/\/siemysli-ke.info\/de\/4-lata-po-fukushimie-scenariusz-konca-swiata\/\",\"name\":\"4 lata po Fukushimie - \\\"scenariusz ko\u0144ca \u015bwiata\\\" - SI\u0118 MY\u015aLI\",\"isPartOf\":{\"@id\":\"https:\/\/siemysli-ke.info\/de\/#website\"},\"primaryImageOfPage\":{\"@id\":\"https:\/\/siemysli-ke.info\/de\/4-lata-po-fukushimie-scenariusz-konca-swiata\/#primaryimage\"},\"image\":{\"@id\":\"https:\/\/siemysli-ke.info\/de\/4-lata-po-fukushimie-scenariusz-konca-swiata\/#primaryimage\"},\"thumbnailUrl\":\"https:\/\/siemysli-ke.info\/wp-content\/uploads\/2015\/03\/01-Fukushima-Entire-Pacific-Pollution-Complete-in-6-Years.jpg\",\"datePublished\":\"2015-03-15T22:55:31+00:00\",\"dateModified\":\"2015-03-15T23:28:05+00:00\",\"breadcrumb\":{\"@id\":\"https:\/\/siemysli-ke.info\/de\/4-lata-po-fukushimie-scenariusz-konca-swiata\/#breadcrumb\"},\"inLanguage\":\"de\",\"potentialAction\":[{\"@type\":\"ReadAction\",\"target\":[[\"https:\/\/siemysli-ke.info\/de\/4-lata-po-fukushimie-scenariusz-konca-swiata\/\"]]}]},{\"@type\":\"ImageObject\",\"inLanguage\":\"de\",\"@id\":\"https:\/\/siemysli-ke.info\/de\/4-lata-po-fukushimie-scenariusz-konca-swiata\/#primaryimage\",\"url\":\"https:\/\/siemysli-ke.info\/wp-content\/uploads\/2015\/03\/01-Fukushima-Entire-Pacific-Pollution-Complete-in-6-Years.jpg\",\"contentUrl\":\"https:\/\/siemysli-ke.info\/wp-content\/uploads\/2015\/03\/01-Fukushima-Entire-Pacific-Pollution-Complete-in-6-Years.jpg\",\"width\":1274,\"height\":715},{\"@type\":\"BreadcrumbList\",\"@id\":\"https:\/\/siemysli-ke.info\/de\/4-lata-po-fukushimie-scenariusz-konca-swiata\/#breadcrumb\",\"itemListElement\":[{\"@type\":\"ListItem\",\"position\":1,\"name\":\"Home\",\"item\":\"https:\/\/siemysli-ke.info\/de\/\"},{\"@type\":\"ListItem\",\"position\":2,\"name\":\"4 lata po Fukushimie &#8211; &#8222;scenariusz ko\u0144ca \u015bwiata&#8220;\"}]},{\"@type\":\"WebSite\",\"@id\":\"https:\/\/siemysli-ke.info\/de\/#website\",\"url\":\"https:\/\/siemysli-ke.info\/de\/\",\"name\":\"SI\u0118 MY\u015aLI\",\"description\":\"\",\"publisher\":{\"@id\":\"https:\/\/siemysli-ke.info\/de\/#organization\"},\"potentialAction\":[{\"@type\":\"SearchAction\",\"target\":{\"@type\":\"EntryPoint\",\"urlTemplate\":\"https:\/\/siemysli-ke.info\/de\/?s={search_term_string}\"},\"query-input\":{\"@type\":\"PropertyValueSpecification\",\"valueRequired\":true,\"valueName\":\"search_term_string\"}}],\"inLanguage\":\"de\"},{\"@type\":\"Organization\",\"@id\":\"https:\/\/siemysli-ke.info\/de\/#organization\",\"name\":\"SI\u0118 MY\u015aLI\",\"url\":\"https:\/\/siemysli-ke.info\/de\/\",\"logo\":{\"@type\":\"ImageObject\",\"inLanguage\":\"de\",\"@id\":\"https:\/\/siemysli-ke.info\/de\/#\/schema\/logo\/image\/\",\"url\":\"https:\/\/siemysli-ke.info\/wp-content\/uploads\/2025\/05\/99.png\",\"contentUrl\":\"https:\/\/siemysli-ke.info\/wp-content\/uploads\/2025\/05\/99.png\",\"width\":270,\"height\":204,\"caption\":\"SI\u0118 MY\u015aLI\"},\"image\":{\"@id\":\"https:\/\/siemysli-ke.info\/de\/#\/schema\/logo\/image\/\"}},{\"@type\":\"Person\",\"@id\":\"https:\/\/siemysli-ke.info\/#\/schema\/person\/75326687448d6abf738b156f56385210\",\"name\":\"...\",\"image\":{\"@type\":\"ImageObject\",\"inLanguage\":\"de\",\"@id\":\"https:\/\/siemysli-ke.info\/de\/#\/schema\/person\/image\/\",\"url\":\"https:\/\/secure.gravatar.com\/avatar\/33a3c2559155e1b4add65cf88cafda785aeb920f44b97c7055b07866ab5b13c2?s=96&d=mm&r=g\",\"contentUrl\":\"https:\/\/secure.gravatar.com\/avatar\/33a3c2559155e1b4add65cf88cafda785aeb920f44b97c7055b07866ab5b13c2?s=96&d=mm&r=g\",\"caption\":\"...\"},\"url\":\"https:\/\/siemysli-ke.info\/de\/author\/lele\/\"}]}<\/script>\n<!-- \/ Yoast SEO plugin. -->","yoast_head_json":{"title":"4 lata po Fukushimie - \"scenariusz ko\u0144ca \u015bwiata\" - SI\u0118 MY\u015aLI","robots":{"index":"index","follow":"follow","max-snippet":"max-snippet:-1","max-image-preview":"max-image-preview:large","max-video-preview":"max-video-preview:-1"},"canonical":"https:\/\/siemysli-ke.info\/de\/4-lata-po-fukushimie-scenariusz-konca-swiata\/","og_locale":"de_DE","og_type":"article","og_title":"4 lata po Fukushimie - \"scenariusz ko\u0144ca \u015bwiata\" - SI\u0118 MY\u015aLI","og_description":"Wystarczy poczyta\u0107: http:\/\/www.vice.com\/read\/a-japanese-physician-is-encouraging-the-evacuation-of-tokyo Wg japo\u0144skiego fizyka, Shigeru Mity, Tokio powinno by\u0107 ju\u017c ewakuowane. Tym bardziej &#8211; wszystkie tereny, po\u0142o\u017cone pomi\u0119dzy","og_url":"https:\/\/siemysli-ke.info\/de\/4-lata-po-fukushimie-scenariusz-konca-swiata\/","og_site_name":"SI\u0118 MY\u015aLI","article_published_time":"2015-03-15T22:55:31+00:00","article_modified_time":"2015-03-15T23:28:05+00:00","og_image":[{"width":1274,"height":715,"url":"https:\/\/siemysli-ke.info\/wp-content\/uploads\/2015\/03\/01-Fukushima-Entire-Pacific-Pollution-Complete-in-6-Years.jpg","type":"image\/jpeg"}],"author":"...","twitter_misc":{"Verfasst von":"...","Gesch\u00e4tzte Lesezeit":"1\u00a0Minute"},"schema":{"@context":"https:\/\/schema.org","@graph":[{"@type":"Article","@id":"https:\/\/siemysli-ke.info\/de\/4-lata-po-fukushimie-scenariusz-konca-swiata\/#article","isPartOf":{"@id":"https:\/\/siemysli-ke.info\/de\/4-lata-po-fukushimie-scenariusz-konca-swiata\/"},"author":{"name":"...","@id":"https:\/\/siemysli-ke.info\/#\/schema\/person\/75326687448d6abf738b156f56385210"},"headline":"4 lata po Fukushimie &#8211; &#8222;scenariusz ko\u0144ca \u015bwiata&#8220;","datePublished":"2015-03-15T22:55:31+00:00","dateModified":"2015-03-15T23:28:05+00:00","mainEntityOfPage":{"@id":"https:\/\/siemysli-ke.info\/de\/4-lata-po-fukushimie-scenariusz-konca-swiata\/"},"wordCount":286,"commentCount":1,"publisher":{"@id":"https:\/\/siemysli-ke.info\/#organization"},"image":{"@id":"https:\/\/siemysli-ke.info\/de\/4-lata-po-fukushimie-scenariusz-konca-swiata\/#primaryimage"},"thumbnailUrl":"https:\/\/siemysli-ke.info\/wp-content\/uploads\/2015\/03\/01-Fukushima-Entire-Pacific-Pollution-Complete-in-6-Years.jpg","keywords":["breaking","cez 137","Fukushima","Fukushima Dai-Ichi","headline","James Lovelock","Japo\u0144ska Agencja Bada\u0144 Rybo\u0142\u00f3wstwa","k\u0142amstwa WHO","Shigeru Mita"],"articleSection":["Gospodarka i polityka","Ochrona \u015brodowiska"],"inLanguage":"de","potentialAction":[{"@type":"CommentAction","name":"Comment","target":["https:\/\/siemysli-ke.info\/de\/4-lata-po-fukushimie-scenariusz-konca-swiata\/#respond"]}]},{"@type":"WebPage","@id":"https:\/\/siemysli-ke.info\/de\/4-lata-po-fukushimie-scenariusz-konca-swiata\/","url":"https:\/\/siemysli-ke.info\/de\/4-lata-po-fukushimie-scenariusz-konca-swiata\/","name":"4 lata po Fukushimie - \"scenariusz ko\u0144ca \u015bwiata\" - SI\u0118 MY\u015aLI","isPartOf":{"@id":"https:\/\/siemysli-ke.info\/de\/#website"},"primaryImageOfPage":{"@id":"https:\/\/siemysli-ke.info\/de\/4-lata-po-fukushimie-scenariusz-konca-swiata\/#primaryimage"},"image":{"@id":"https:\/\/siemysli-ke.info\/de\/4-lata-po-fukushimie-scenariusz-konca-swiata\/#primaryimage"},"thumbnailUrl":"https:\/\/siemysli-ke.info\/wp-content\/uploads\/2015\/03\/01-Fukushima-Entire-Pacific-Pollution-Complete-in-6-Years.jpg","datePublished":"2015-03-15T22:55:31+00:00","dateModified":"2015-03-15T23:28:05+00:00","breadcrumb":{"@id":"https:\/\/siemysli-ke.info\/de\/4-lata-po-fukushimie-scenariusz-konca-swiata\/#breadcrumb"},"inLanguage":"de","potentialAction":[{"@type":"ReadAction","target":[["https:\/\/siemysli-ke.info\/de\/4-lata-po-fukushimie-scenariusz-konca-swiata\/"]]}]},{"@type":"ImageObject","inLanguage":"de","@id":"https:\/\/siemysli-ke.info\/de\/4-lata-po-fukushimie-scenariusz-konca-swiata\/#primaryimage","url":"https:\/\/siemysli-ke.info\/wp-content\/uploads\/2015\/03\/01-Fukushima-Entire-Pacific-Pollution-Complete-in-6-Years.jpg","contentUrl":"https:\/\/siemysli-ke.info\/wp-content\/uploads\/2015\/03\/01-Fukushima-Entire-Pacific-Pollution-Complete-in-6-Years.jpg","width":1274,"height":715},{"@type":"BreadcrumbList","@id":"https:\/\/siemysli-ke.info\/de\/4-lata-po-fukushimie-scenariusz-konca-swiata\/#breadcrumb","itemListElement":[{"@type":"ListItem","position":1,"name":"Home","item":"https:\/\/siemysli-ke.info\/de\/"},{"@type":"ListItem","position":2,"name":"4 lata po Fukushimie &#8211; &#8222;scenariusz ko\u0144ca \u015bwiata&#8220;"}]},{"@type":"WebSite","@id":"https:\/\/siemysli-ke.info\/de\/#website","url":"https:\/\/siemysli-ke.info\/de\/","name":"SI\u0118 MY\u015aLI","description":"","publisher":{"@id":"https:\/\/siemysli-ke.info\/de\/#organization"},"potentialAction":[{"@type":"SearchAction","target":{"@type":"EntryPoint","urlTemplate":"https:\/\/siemysli-ke.info\/de\/?s={search_term_string}"},"query-input":{"@type":"PropertyValueSpecification","valueRequired":true,"valueName":"search_term_string"}}],"inLanguage":"de"},{"@type":"Organization","@id":"https:\/\/siemysli-ke.info\/de\/#organization","name":"SI\u0118 MY\u015aLI","url":"https:\/\/siemysli-ke.info\/de\/","logo":{"@type":"ImageObject","inLanguage":"de","@id":"https:\/\/siemysli-ke.info\/de\/#\/schema\/logo\/image\/","url":"https:\/\/siemysli-ke.info\/wp-content\/uploads\/2025\/05\/99.png","contentUrl":"https:\/\/siemysli-ke.info\/wp-content\/uploads\/2025\/05\/99.png","width":270,"height":204,"caption":"SI\u0118 MY\u015aLI"},"image":{"@id":"https:\/\/siemysli-ke.info\/de\/#\/schema\/logo\/image\/"}},{"@type":"Person","@id":"https:\/\/siemysli-ke.info\/#\/schema\/person\/75326687448d6abf738b156f56385210","name":"...","image":{"@type":"ImageObject","inLanguage":"de","@id":"https:\/\/siemysli-ke.info\/de\/#\/schema\/person\/image\/","url":"https:\/\/secure.gravatar.com\/avatar\/33a3c2559155e1b4add65cf88cafda785aeb920f44b97c7055b07866ab5b13c2?s=96&d=mm&r=g","contentUrl":"https:\/\/secure.gravatar.com\/avatar\/33a3c2559155e1b4add65cf88cafda785aeb920f44b97c7055b07866ab5b13c2?s=96&d=mm&r=g","caption":"..."},"url":"https:\/\/siemysli-ke.info\/de\/author\/lele\/"}]}},"_links":{"self":[{"href":"https:\/\/siemysli-ke.info\/de\/wp-json\/wp\/v2\/posts\/15275","targetHints":{"allow":["GET"]}}],"collection":[{"href":"https:\/\/siemysli-ke.info\/de\/wp-json\/wp\/v2\/posts"}],"about":[{"href":"https:\/\/siemysli-ke.info\/de\/wp-json\/wp\/v2\/types\/post"}],"author":[{"embeddable":true,"href":"https:\/\/siemysli-ke.info\/de\/wp-json\/wp\/v2\/users\/3"}],"replies":[{"embeddable":true,"href":"https:\/\/siemysli-ke.info\/de\/wp-json\/wp\/v2\/comments?post=15275"}],"version-history":[{"count":0,"href":"https:\/\/siemysli-ke.info\/de\/wp-json\/wp\/v2\/posts\/15275\/revisions"}],"wp:featuredmedia":[{"embeddable":true,"href":"https:\/\/siemysli-ke.info\/de\/wp-json\/wp\/v2\/media\/15276"}],"wp:attachment":[{"href":"https:\/\/siemysli-ke.info\/de\/wp-json\/wp\/v2\/media?parent=15275"}],"wp:term":[{"taxonomy":"category","embeddable":true,"href":"https:\/\/siemysli-ke.info\/de\/wp-json\/wp\/v2\/categories?post=15275"},{"taxonomy":"post_tag","embeddable":true,"href":"https:\/\/siemysli-ke.info\/de\/wp-json\/wp\/v2\/tags?post=15275"}],"curies":[{"name":"wp","href":"https:\/\/api.w.org\/{rel}","templated":true}]}}