 {"id":15164,"date":"2015-03-01T17:27:13","date_gmt":"2015-03-01T16:27:13","guid":{"rendered":"http:\/\/www.siemysli.info.ke\/?p=15164"},"modified":"2015-03-02T00:40:39","modified_gmt":"2015-03-01T23:40:39","slug":"dzisiejsze-czasy","status":"publish","type":"post","link":"https:\/\/siemysli-ke.info\/de\/dzisiejsze-czasy\/","title":{"rendered":"Dzisiejsze czasy"},"content":{"rendered":"<p style=\"text-align: justify;\"><a href=\"http:\/\/www.siemysli.info.ke\/wp-content\/uploads\/2015\/03\/\u0422\u0435\u0440\u0440\u043e\u0440\u0438\u0441.jpg\" rel=\"lightbox[15164]\"><img decoding=\"async\" class=\"alignleft size-medium wp-image-15165\" src=\"http:\/\/www.siemysli.info.ke\/wp-content\/uploads\/2015\/03\/\u0422\u0435\u0440\u0440\u043e\u0440\u0438\u0441-300x256.jpg\" alt=\"\u0422\u0435\u0440\u0440\u043e\u0440\u0438\u0441\" width=\"300\" height=\"256\" srcset=\"https:\/\/siemysli-ke.info\/wp-content\/uploads\/2015\/03\/\u0422\u0435\u0440\u0440\u043e\u0440\u0438\u0441-300x256.jpg 300w, https:\/\/siemysli-ke.info\/wp-content\/uploads\/2015\/03\/\u0422\u0435\u0440\u0440\u043e\u0440\u0438\u0441.jpg 410w\" sizes=\"(max-width: 300px) 100vw, 300px\" \/><\/a>Prezydent Poroszenko powiedzia\u0142, \u017ce kiedy kilka tygodni temu rozmawia\u0142 z Borysem Niemcowem, ten poinformowa\u0142 go o swoich planach. \u201eBorys powiedzia\u0142, \u017ce chce upubliczni\u0107 mocne dowody na zaanga\u017cowanie rosyjskich si\u0142 zbrojnych na Ukrainie&#8220;.<\/p>\n<p style=\"text-align: justify;\">Borys Niemcow, b\u0119d\u0105cy gorliwym krytykiem Kremla, jak przysta\u0142o na rasowego opozycjonist\u0119 nie musia\u0142 si\u0119 ukrywac i gubi\u0107 &#8222;ogona&#8220; s\u0142u\u017cb specjalnych. Od 1991 roku pe\u0142ni\u0142 intratne funkcje w pa\u0144stwie rosyjskim &#8211; m.in. gubernatora i wicepremiera rz\u0105du. Przewodzi\u0142 Partii Narodowej Wolno\u015bci, skupiaj\u0105cej wok\u00f3\u0142 siebie zwolennik\u00f3w liberalizmu i prywatyzacji pa\u0144stwowego mienia. Na 1. marca zapowiedziano w Moskwie wielk\u0105, kolorow\u0105 demonstracj\u0119, ukazuj\u0105c\u0105 si\u0142\u0119 opozycji demokratycznej &#8211; a w zamierzeniu b\u0119d\u0105c\u0105 forpoczt\u0105 \u201crosyjskiego Majdanu\u201d, o kt\u00f3rym marzy mi\u0119dzynarod\u00f3wka \u015bwiatowej finansjery.<\/p>\n<p style=\"text-align: justify;\">W przedzie\u0144 demostracji Niemcow zosta\u0142 jednak zastrzelony podczas romantycznej przechadzki z ukrai\u0144sk\u0105 kochank\u0105 prawie o p\u00f3\u0142nocy. O godz. 23:30 Niemcow i towarzysz\u0105ca mu modelka Anna Durycka weszli na most Wielkij Moskworieckij. Du\u017cy Most Moskworecki przylega do Wasiljewskiego Spusku, b\u0119d\u0105cego przed\u0142u\u017ceniem placu Czerwonego. Niedaleko od nich przeje\u017cd\u017ca maszyna do czyszczenia ulic. O 23:31 pojazd doje\u017cd\u017ca do obojga i zas\u0142ania ich przed okiem kamery. Wed\u0142ug pierwszej, roboczej wersji, kto\u015b wysiad\u0142 z pojazdu, odda\u0142 kilka strza\u0142\u00f3w do lidera opozycji i przesiad\u0142 si\u0119 do samochodu osobowego.\u00a0 Kobieta &#8211; o dziwo &#8211; nie ucierpia\u0142a. \u00a0Zab\u00f3jca musi by\u0107 zawodowcem, skoro nikt przypadkowy nie zosta\u0142 nawet dra\u015bni\u0119ty. Sprawcy bez problemu oddalili si\u0119 z miejsca zbrodni. Dzi\u015b, miast demonstracji wolno\u015bci, ulicami Moskwy ma przej\u015b\u0107 marsz \u017ca\u0142obny, ubrany w czer\u0144. Oko\u0142o 45 tys. os\u00f3b uczestniczy\u0142o w zorganizowanym dzi\u015b w Moskwie przez antykremlowsk\u0105 opozycj\u0119 &#8211; marszu \u017ca\u0142obnym, po\u015bwi\u0119conym pami\u0119ci Borysa Niemcowa, zamordowanego w pi\u0105tek wieczorem w stolicy Rosji. To najwi\u0119ksza od lat akcja \u015brodowisk demokratycznych w Moskwie.<\/p>\n<p style=\"text-align: justify;\"><a href=\"http:\/\/www.siemysli.info.ke\/wp-content\/uploads\/2015\/03\/\u0411\u0422\u0420-3_0.jpg\" rel=\"lightbox[15164]\"><img decoding=\"async\" class=\"alignleft size-medium wp-image-15166\" src=\"http:\/\/www.siemysli.info.ke\/wp-content\/uploads\/2015\/03\/\u0411\u0422\u0420-3_0-300x162.jpg\" alt=\"\u0411\u0422\u0420 3_0\" width=\"300\" height=\"162\" srcset=\"https:\/\/siemysli-ke.info\/wp-content\/uploads\/2015\/03\/\u0411\u0422\u0420-3_0-300x162.jpg 300w, https:\/\/siemysli-ke.info\/wp-content\/uploads\/2015\/03\/\u0411\u0422\u0420-3_0.jpg 546w\" sizes=\"(max-width: 300px) 100vw, 300px\" \/><\/a>Wed\u0142ug policji w marszu bra\u0142o udzia\u0142 16,5 tys. os\u00f3b. Niezale\u017cne \u017ar\u00f3d\u0142a m\u00f3wi\u0105 o oko\u0142o 45 tys. uczestnik\u00f3w. W podobnej manifestacji, trwaj\u0105cej r\u00f3wnolegle w Petersburgu, uczestniczy\u0142o oko\u0142o 8 tys. os\u00f3b.<\/p>\n<p style=\"text-align: justify;\">W Moskwie manifestanci wyruszyli z placu S\u0142owia\u0144skiego, sprzed siedziby administracji prezydenta Federacji Rosyjskiej, sk\u0105d skierowali si\u0119 na pobliski Du\u017cy Most Moskworecki, gdzie zosta\u0142 zastrzelony 55-letni Niemcow, jeden z lider\u00f3w opozycji demokratycznej w Rosji.<\/p>\n<p style=\"text-align: justify;\">&#8222;Bohaterowie nie umieraj\u0105!&#8220;, &#8222;Zgin\u0105\u0142 za przysz\u0142o\u015b\u0107 Rosji!&#8220;, &#8222;On walczy\u0142 o woln\u0105 Rosj\u0119!&#8220;, &#8222;On walczy\u0142 o nasz\u0105 przysz\u0142o\u015b\u0107!&#8220;, &#8222;Rosja bez Putina!&#8220;, &#8222;Rosja b\u0119dzie wolna!&#8220; i &#8222;Nie chcemy wojny!&#8220;&#8230; W czasie akcji nap\u0142ywa\u0142y informacje o zatrzymywaniu os\u00f3b z symbolami i flagami Ukrainy.<\/p>\n<p style=\"text-align: justify;\"><a href=\"http:\/\/www.siemysli.info.ke\/wp-content\/uploads\/2015\/03\/o5CFzW7ojgY.jpg\" rel=\"lightbox[15164]\"><img decoding=\"async\" class=\"alignleft size-medium wp-image-15167\" src=\"http:\/\/www.siemysli.info.ke\/wp-content\/uploads\/2015\/03\/o5CFzW7ojgY-300x225.jpg\" alt=\"o5CFzW7ojgY\" width=\"300\" height=\"225\" srcset=\"https:\/\/siemysli-ke.info\/wp-content\/uploads\/2015\/03\/o5CFzW7ojgY-300x225.jpg 300w, https:\/\/siemysli-ke.info\/wp-content\/uploads\/2015\/03\/o5CFzW7ojgY.jpg 604w\" sizes=\"(max-width: 300px) 100vw, 300px\" \/><\/a>Obecna sytuacja geopolityczna Rosji, na\u0142o\u017cone na ni\u0105 sankcje jak i ofensywna polityka militarna, tworz\u0105 w regionie i\u015bcie wybuchow\u0105 mieszank\u0119 a spokojny okres zamieni\u0142 si\u0119 na czas, odpowiadaj\u0105cy Zimnej Wojnie lat 60. XX w. Mocarstwa prze\u015bcigaj\u0105 si\u0119 ze sob\u0105 w dezinformacji. Wszystkie strony konfliktu pr\u00f3buj\u0105 dzi\u0119ki przychylnym sobie mediom robi\u0107\u00a0 opinii publicznej wod\u0119 z m\u00f3zgu, \u015bwiat straszy\u0107\u00a0 globaln\u0105 wojn\u0105 j\u0105drow\u0105 a na tej sytuacji zn\u00f3w korzystaj\u0105 jedni (firmy zbrojeniowe, MFW, banki) &#8211; a drudzy trac\u0105 (Ukraina i pa\u0144stwa, powi\u0105zane gospodarczo z Rosj\u0105, m.in. Polska). Wojna na Ukrainie przedstawiana jest jako konflikt wolnego i suwerennego \u00a0pa\u0144stwa z Rosj\u0105. <strong>Czy tak jest w rzeczywisto\u015bci?<\/strong><\/p>\n<p style=\"text-align: justify;\"><a href=\"http:\/\/www.siemysli.info.ke\/wp-content\/uploads\/2015\/03\/maciej-rybus-wojna-z-ukraina-to-temat-tabu-w-rosji_20597102.jpg\" rel=\"lightbox[15164]\"><img decoding=\"async\" class=\"alignleft size-medium wp-image-15170\" src=\"http:\/\/www.siemysli.info.ke\/wp-content\/uploads\/2015\/03\/maciej-rybus-wojna-z-ukraina-to-temat-tabu-w-rosji_20597102-300x202.jpg\" alt=\"maciej-rybus-wojna-z-ukraina-to-temat-tabu-w-rosji_20597102\" width=\"300\" height=\"202\" srcset=\"https:\/\/siemysli-ke.info\/wp-content\/uploads\/2015\/03\/maciej-rybus-wojna-z-ukraina-to-temat-tabu-w-rosji_20597102-300x202.jpg 300w, https:\/\/siemysli-ke.info\/wp-content\/uploads\/2015\/03\/maciej-rybus-wojna-z-ukraina-to-temat-tabu-w-rosji_20597102.jpg 750w\" sizes=\"(max-width: 300px) 100vw, 300px\" \/><\/a>Niezale\u017cni obserwatorzy od samego pocz\u0105tku sygnalizuj\u0105, \u017ce na wschodniej Ukrainie trwa wojna domowa, a w\u0142a\u015bciwie operacja antyterrorystyczna regularnego wojska ukrai\u0144skiego i batalion\u00f3w ochotniczych na pospolitym ruszeniu \u0141RL I DRL. R\u00f3wnie\u017c na kijowskim <em>Majdanie<\/em>\u00a0 scenariusze pisa\u0142y si\u0142y zewn\u0119trzne, a ofiary snajper\u00f3w w\u015br\u00f3d milicjant\u00f3w z\u00a0<em>Berkuta<\/em>\u00a0czy sotni demonstrant\u00f3w, wpisywa\u0142y si\u0119 w przechylenie szali na rzecz \u201cjunty bia\u0142ych ko\u0142nierzyk\u00f3w\u201d, b\u0119d\u0105cej na pasku UE, USA i wszystkich tych, kt\u00f3rzy (jak cho\u0107by ca\u0142kiem prywatnie G. Soros) zainwestowali w pucz, a dzi\u015b chc\u0105 odzyska\u0107 swoje pieni\u0105dze. Front na wschodzie Ukrainy chwilowo, po porozumieniach mie\u0144skich, zatrzyma\u0142 si\u0119, co nie zmieni\u0142o bardzo z\u0142ej sytuacji ludno\u015bci tam zamieszka\u0142ej. ONZ alarmuje, \u017ce ponad 5 milion\u00f3w ludzi na wschodzie Ukrainy zagro\u017conych jest katastrof\u0105 humanitarn\u0105. Na ulicach le\u017c\u0105 trupy poleg\u0142ych \u017colnierzy, miasta s\u0105 zr\u00f3wnane z ziemi\u0105, nie dochodz\u0105 dostawy po\u017cywienia, nie ma wody, gazu &#8211; a Ukraina wstrzyma\u0142a wyp\u0142aty m.in.\u00a0 emerytur i innych \u015bwiadcze\u0144. Dzi\u0119ki wojennej zawierusze hrywna spad\u0142a do poziomu \u015bmieciowego, co daje dzi\u015b miesi\u0119czne wyp\u0142aty na poziomie 150 z\u0142 i zr\u00f3wnuje Ukrain\u0119 do ub\u00f3stwa kraj\u00f3w afryka\u0144skich. Ze sklep\u00f3w znika wszystko, co stanowi jak\u0105\u015b warto\u015b\u0107, za\u015b kraj z dnia na dzie\u0144 pogr\u0105\u017ca si\u0119 w chaosie. <strong>Nie odczuwaj\u0105 tego stanu ukrai\u0144scy oligarchowie, cho\u0107by prezydent Petro Poroszenko, maj\u0105cy swe fabryki czekolady m.in. pod&#8230; Moskw\u0105, gdzie zak\u0142ad w\u0142a\u015bnie jest rozbudowywany.<\/strong><\/p>\n<p style=\"text-align: justify;\"><a href=\"http:\/\/www.siemysli.info.ke\/wp-content\/uploads\/2015\/03\/Batalion_Azow-480x280.jpg\" rel=\"lightbox[15164]\"><img decoding=\"async\" class=\"alignleft size-medium wp-image-15168\" src=\"http:\/\/www.siemysli.info.ke\/wp-content\/uploads\/2015\/03\/Batalion_Azow-480x280-300x175.jpg\" alt=\"Batalion_Azow-480x280\" width=\"300\" height=\"175\" srcset=\"https:\/\/siemysli-ke.info\/wp-content\/uploads\/2015\/03\/Batalion_Azow-480x280-300x175.jpg 300w, https:\/\/siemysli-ke.info\/wp-content\/uploads\/2015\/03\/Batalion_Azow-480x280.jpg 480w\" sizes=\"(max-width: 300px) 100vw, 300px\" \/><\/a>Front ukrai\u0144ski zasilili najemnicy z ca\u0142ego \u015bwiata, maj\u0105c idealny poligon dla nowoczesnego uzbrojenia, stosowania innowacyjnej taktyki wojskowej jak r\u00f3wnie\u017c stosowania w walce \u015brodk\u00f3w zakazanych (bomb fosforowych), a ofiarami konfliktu jak zwykle pada g\u0142\u00f3wnie ludno\u015b\u0107 cywilna, kt\u00f3r\u0105 si\u0119 bombarduje i dokonuje \u00a0na niej czystek. Kilkadziesi\u0105t tysi\u0119cy zabitych i kraj w ruinie &#8211; oto efekt dzia\u0142a\u0144 na Ukrainie si\u0142 zniszczenia. O jak\u0105 wolno\u015b\u0107 toczy si\u0119 ta wojna? W imi\u0119 jakich warto\u015bci siej\u0105 po\u017cog\u0119 kijowskie korpusy ekspedycyjne na wschodzie Ukrainy?<\/p>\n<p style=\"text-align: justify;\"><a href=\"http:\/\/www.siemysli.info.ke\/wp-content\/uploads\/2015\/03\/935679.jpg\" rel=\"lightbox[15164]\"><img decoding=\"async\" class=\"alignleft size-medium wp-image-15169\" src=\"http:\/\/www.siemysli.info.ke\/wp-content\/uploads\/2015\/03\/935679-300x169.jpg\" alt=\"935679\" width=\"300\" height=\"169\" srcset=\"https:\/\/siemysli-ke.info\/wp-content\/uploads\/2015\/03\/935679-300x169.jpg 300w, https:\/\/siemysli-ke.info\/wp-content\/uploads\/2015\/03\/935679.jpg 604w\" sizes=\"(max-width: 300px) 100vw, 300px\" \/><\/a><strong>Pieni\u0105dze i w\u0142adza to jedyne, co popycha rz\u0105d w Kijowie do bratob\u00f3jczej wojny.<\/strong> Po obu stronach konfliktu zaprz\u0119gni\u0119to te\u017c do walk zawodowych \u017co\u0142nierzy lub ochotnik\u00f3w po odpowiednich szkoleniach wojskowych, kt\u00f3re prowadz\u0105 instruktorzy NATO (Kij\u00f3w) a po stronie powsta\u0144c\u00f3w &#8211; jednostki specjalne Rosji. Separaty\u015bci twierdz\u0105 &#8211; i wiedz\u0105, o czym m\u00f3wi\u0105 &#8211; \u017ce w ich szeregach s\u0105 ochotnicy m.in. z Polski, Rosji, Osetii Po\u0142udniowej, W\u0142och, Czech, Serbii, Izraela i Hiszpanii. Wed\u0142ug\u00a0<em>iPress.ua<\/em>, Rosjanie s\u0105 aktywni zw\u0142aszcza w Polsce. Oferuj\u0105 po 10 tys. euro miesi\u0119cznie. Zarzucaj\u0105 sieci przede wszystkim na ludzi, kt\u00f3rzy s\u0142u\u017cyli w polskich jednostkach specjalnych. Jednocze\u015bnie separaty\u015bci z DRL s\u0105 przekonani, \u017ce na linii frontu \u00a0walcz\u0105 r\u00f3wnie\u017c z Polakami, kt\u00f3rzy niekiedy trafiaj\u0105 do niewoli (terminal lotniczy w Doniecku). \u00a0Ukraina jest wspomagana przez 800 polskich najemnik\u00f3w, wyposa\u017conych we w\u0142asny ci\u0119\u017cki sprz\u0119t, czo\u0142gi i samoloty. Jak si\u0119 uwa\u017ca, po stronie rebeliant\u00f3w walczy r\u00f3wnie\u017c kilkudziesi\u0119ciu Serb\u00f3w. <a href=\"http:\/\/www.siemysli.info.ke\/wp-content\/uploads\/2015\/03\/Rosyjscy-ochotnicy-w-Ukrainie.2.jpg\" rel=\"lightbox[15164]\"><img decoding=\"async\" class=\"alignleft size-medium wp-image-15171\" src=\"http:\/\/www.siemysli.info.ke\/wp-content\/uploads\/2015\/03\/Rosyjscy-ochotnicy-w-Ukrainie.2-300x199.jpg\" alt=\"Rosyjscy-ochotnicy-w-Ukrainie.2\" width=\"300\" height=\"199\" srcset=\"https:\/\/siemysli-ke.info\/wp-content\/uploads\/2015\/03\/Rosyjscy-ochotnicy-w-Ukrainie.2-300x199.jpg 300w, https:\/\/siemysli-ke.info\/wp-content\/uploads\/2015\/03\/Rosyjscy-ochotnicy-w-Ukrainie.2.jpg 800w\" sizes=\"(max-width: 300px) 100vw, 300px\" \/><\/a>Kieruj\u0105 si\u0119 oni &#8211; jak zauwa\u017ca BBC &#8211; poczuciem solidarno\u015bci z prawos\u0142awnymi Rosjanami i wrogo\u015bci\u0105 wobec NATO. W ostatnich dniach ukrai\u0144skie media spekulowa\u0142y o udziale czecze\u0144skich bojownik\u00f3w w szeregach prorosyjskich separatyst\u00f3w. Na wschodzie Ukrainy dzia\u0142a\u0107 mia\u0142 okryty z\u0142\u0105 s\u0142aw\u0105 batalion \u201eWostok\u201d, z\u0142o\u017cony w znacznej mierze z \u017co\u0142nierzy narodowo\u015bci czecze\u0144skiej i Osety\u0144cow. Hiszpa\u0144ska policja zatrzyma\u0142a na terenie swojego kraju osiem os\u00f3b, oskar\u017conych ju\u017c o walk\u0119 w Donbassie na wschodzie Ukrainy w szeregach prorosyjskich powsta\u0144c\u00f3w. Na stronach internetowych prowadzonych przez skrajn\u0105 lewic\u0119 z Hiszpanii pojawi\u0142y si\u0119 wcze\u015bniej apele, aby zaci\u0105ga\u0107 si\u0119 na front ukrai\u0144ski, by walczy\u0107 z &#8211; jak to uj\u0119to &#8211; &#8222;rakiem faszyzmu, kt\u00f3ry opanowa\u0142 Ukrain\u0119&#8220;. Prorosyjscy bojownicy powo\u0142ali nawet &#8211; na wz\u00f3r republika\u0144\u00adskiej Hiszpanii z lat 30. ubieg\u0142ego wieku &#8211; &#8222;mi\u0119dzynarodowe brygady do walki z faszyzmem&#8220;. Jak poda\u0142o hiszpa\u0144skie MSW, do aresztowa\u0144 i rewizji dosz\u0142o jednocze\u015bnie w sze\u015bciu r\u00f3\u017cnych regionach Hiszpanii: Asturii, Navarze, Katalonii, Estremadurze, w regionie Madrytu i Murcji. Podejrzewa si\u0119 ich &#8222;o posiadanie broni&#8220;, &#8222;wsp\u00f3\u0142prac\u0119 lub wsp\u00f3\u0142udzia\u0142 w zab\u00f3jstwie&#8220; i &#8222;naruszenie neutralno\u015bci&#8220; pa\u0144stwa hiszpa\u0144skiego wobec konfliktu na Ukrainie. To osoby o &#8222;prorosyjskich&#8220; sympatiach i pogl\u0105dach &#8222;skrajnie lewicowych&#8220;. Wed\u0142ug<em> thespainreport.com<\/em> Hiszpanie mieli walczy\u0107 w Batalionie <em>Wostok<\/em>, znanym z zaj\u0119cia lotniska w Doniecku. Dok\u0142adna liczba cudzoziemc\u00f3w, walcz\u0105cych w Donbassie przeciwko ukrai\u0144skiej armii &#8211; nie jest znana. Wiadomo jednak, i\u017c \u00a0np. z ca\u0142ej Rosji na pomoc zbuntowanemu wschodowi Ukrainy \u015bci\u0105gaj\u0105 Kozacy.<\/p>\n<p style=\"text-align: justify;\"><a name=\"a_akonakon_nsitsp_13\"><\/a><a name=\"akon_nsitsp_13\"><\/a> <a href=\"http:\/\/www.siemysli.info.ke\/wp-content\/uploads\/2015\/03\/nm311923.jpg\" rel=\"lightbox[15164]\"><img decoding=\"async\" class=\"alignleft size-medium wp-image-15172\" src=\"http:\/\/www.siemysli.info.ke\/wp-content\/uploads\/2015\/03\/nm311923-300x186.jpg\" alt=\"nm311923\" width=\"300\" height=\"186\" srcset=\"https:\/\/siemysli-ke.info\/wp-content\/uploads\/2015\/03\/nm311923-300x186.jpg 300w, https:\/\/siemysli-ke.info\/wp-content\/uploads\/2015\/03\/nm311923.jpg 374w\" sizes=\"(max-width: 300px) 100vw, 300px\" \/><\/a>Ukrai\u0144ska armia opr\u00f3cz dostaw sprz\u0119tu wojskowego, dostarczanego m.in. z Litwy oraz Polski (ameryka\u0144ski sprz\u0119t, wycofywany z Afganistanu) korzysta z ochotnik\u00f3w, zasilaj\u0105cych bataliony nacjonalist\u00f3w i faszyst\u00f3w w ramach korpus\u00f3w anty-terrorystycznych. Nemiecka gazeta <em>Bild am Sonntag<\/em>\u00a0donosi, powo\u0142uj\u0105c si\u0119 na \u017ar\u00f3d\u0142a w wywiadzie zagranicznym BD, \u017ce we wschodniej Ukrainie walczy przeciwko separatystom 400 najemnik\u00f3w z USA &#8211; na licznych zdj\u0119ciach, kr\u0105\u017c\u0105cych w Sieci, wida\u0107 czarnosk\u00f3rych najemnik\u00f3w. \u00a0Podobnie jak Polacy, niekt\u00f3rzy s\u0105 ju\u017c w niewoli u &#8222;Noworosjan&#8220;. Amerykanie koordynuj\u0105 i sami bior\u0105 udzia\u0142 w operacjach wok\u00f3\u0142 opanowanego przez prorosyjskich separatyst\u00f3w S\u0142owia\u0144ska we wschodniej Ukrainie. Najemnicy nie s\u0105 jednak \u017co\u0142nierzami: to pracownicy agencji <em>Academy<\/em>, znanej w przesz\u0142o\u015bci pod nazw\u0105\u00a0<em>Blackwater<\/em>. Zatrudnia ona by\u0142ych komandos\u00f3w. To najlepsza podobno prywatna armia \u015bwiata. Jednostka<em> Blackwater<\/em> mia\u0142a &#8211; jak podawa\u0142a rosyjska agencja <em>RIA-Nowosti<\/em>\u00a0&#8211; walczy\u0107 w mundurach ukrai\u0144skiej policji. Rosyjski minister spraw zagranicznych, Siergiej \u0141awrow, twierdzi\u0142, \u017ce 150 najemnik\u00f3w z filii <em>Academy &#8211; Greystone<\/em> walczy w szeregach armii ukrai\u0144skiej.<\/p>\n<p style=\"text-align: justify;\"><a name=\"a_akonakon_nsitsp_11\"><\/a><a name=\"akon_nsitsp_11\"><\/a> <a href=\"http:\/\/www.siemysli.info.ke\/wp-content\/uploads\/2015\/03\/a35.jpg\" rel=\"lightbox[15164]\"><img decoding=\"async\" class=\"alignleft size-medium wp-image-15173\" src=\"http:\/\/www.siemysli.info.ke\/wp-content\/uploads\/2015\/03\/a35-300x199.jpg\" alt=\"a35\" width=\"300\" height=\"199\" srcset=\"https:\/\/siemysli-ke.info\/wp-content\/uploads\/2015\/03\/a35-300x199.jpg 300w, https:\/\/siemysli-ke.info\/wp-content\/uploads\/2015\/03\/a35.jpg 474w\" sizes=\"(max-width: 300px) 100vw, 300px\" \/><\/a>Informacje o walcz\u0105cych po ukrai\u0144skiej stronie obywatelach potwierdzi\u0142y w\u0142adze Chorwacji. Jej obywatele to nacjonali\u015bci i neofaszy\u015bci oraz stadionowi chuligani, kt\u00f3rzy walcz\u0105 w rejonie Mariupola, czyli w\u0142a\u015bnie tam, gdzie operuje neonazistowski ukrai\u0144ski batalion <em>Azow<\/em>. Nie uwa\u017caj\u0105 si\u0119 oni za najemnik\u00f3w, jak twierdz\u0105 walcz\u0105 ochotniczo, nie bior\u0105c \u017co\u0142du. S\u0105dz\u0105c po fotografii &#8211; Chorwaci podzielaj\u0105 pogl\u0105dy ideologiczne za\u0142o\u017cycieli <em>Azowa<\/em>. Francuz, 47-letni Gaston Besson, komandos i instruktor, jest r\u00f3wnie\u017c w ochotniczym batalionie <em>Azow<\/em>. By\u0142y wi\u0119zie\u0144 polityczny na Bia\u0142orusi &#8211; Wasilij Parfinkow &#8211; walczy w okolicach Donbassu w pod pseudonimem <em>Siabra<\/em>. Na Bia\u0142orusi nie widzia\u0142 swojej przysz\u0142o\u015bci. Pod koniec 2014 roku Parfinkow wyszed\u0142 z wi\u0119zienia i z \u017con\u0105 i synem wyjecha\u0142 na Ukrain\u0119 jako najemnik. Jego batalion OUN broni\u0142 Paisk\u00f3w, walczy\u0142 o donieckie lotnisko wraz z ch\u0142opcami z <a href=\"http:\/\/www.siemysli.info.ke\/wp-content\/uploads\/2015\/03\/6348892-donieck-ukraina-643-430.jpg\" rel=\"lightbox[15164]\"><img decoding=\"async\" class=\"alignleft size-medium wp-image-15174\" src=\"http:\/\/www.siemysli.info.ke\/wp-content\/uploads\/2015\/03\/6348892-donieck-ukraina-643-430-300x200.jpg\" alt=\"6348892-donieck-ukraina-643-430\" width=\"300\" height=\"200\" srcset=\"https:\/\/siemysli-ke.info\/wp-content\/uploads\/2015\/03\/6348892-donieck-ukraina-643-430-300x200.jpg 300w, https:\/\/siemysli-ke.info\/wp-content\/uploads\/2015\/03\/6348892-donieck-ukraina-643-430.jpg 643w\" sizes=\"(max-width: 300px) 100vw, 300px\" \/><\/a><em>Prawego Sektora<\/em> &#8211; <em>Dniepr-1<\/em>\u00a0i batalionu <em>Karpacka Sicz<\/em>. Bia\u0142orusin przyznaje, \u017ce przeszed\u0142 dwutygodniowe szkolenie wojskowe a wcze\u015bniej zwi\u0105zany by\u0142 z neonazistowsk\u0105 mi\u0119dzynarod\u00f3wk\u0105 UNA-UNSO. Co ciekawe, jako ochotnicy po stronie DRL walcz\u0105 rownie\u017c Bia\u0142orusini. Anatolij Mo\u0142czanow dzi\u0119ki zdj\u0119ciom z Sieci zosta\u0142 zidentyfikowany jako najemnik. Ukrai\u0144cy \u015bcigaj\u0105 go za terroryzm a Doniecka Republika Ludowa odznaczy\u0142a medalem. Siergiej Jasiukiewicz na jednym ze zdj\u0119\u0107 z medi\u00f3w spo\u0142eczno\u015bciowych sfotografowa\u0142 si\u0119 w Doniecku. Szacuje si\u0119, i\u017c po jednej i drugiej stronie barykady walczy do tysi\u0105ca obywateli Bia\u0142orusi.<\/p>\n<p style=\"text-align: justify;\">Polska rwie si\u0119 do wojny wedle chi\u0144skiej m\u0105dro\u015bci: \u201cJe\u015bli chcesz pokoju, gotuj si\u0119 do wojny\u201d. Po japo\u0144skiej wizycie naszej \u201cg\u0142owy\u201d pa\u0144stwa wraz z delegacj\u0105 wojskowych &#8211; lepiej by\u015bmy nie brn\u0119li w m\u0105dro\u015bci Wschodu.<\/p>\n<p style=\"text-align: justify;\">Prezydent Komorowski i genera\u0142 Koziej odwiedzili japo\u0144ski parlament. Prezydent wezwa\u0142 do siebie swojego wsp\u00f3\u0142pracownika s\u0142owami: &#8222;Chod\u017a szogunie&#8220;. Na reakcj\u0119 gen. Kozieja nie trzeba by\u0142o d\u0142ugo czeka\u0107 &#8211; szybko po\u015bpieszy\u0142 w stron\u0119 Komorowskiego. Wysokie morale i du\u017cy dystans do siebie maj\u0105 nasza armia i jej zwierzchnik&#8230; \u00a0100-tysi\u0119czna polska armia przeci\u0105\u017cona jest biurokracj\u0105 i realnie na front w chwili zagro\u017cenia zmobilizowa\u0107 mo\u017cna g\u00f3ra 30% og\u00f3lnego stanu, podobnie sprawa wygl\u0105da w uzbrojeniu, kt\u00f3re jest ca\u0142y czas w fazie \u201cmodernizacji\u201d. Z uporem maniaka twierdz\u0119, \u017ce je\u015bli Polska nie ma si\u0142 na bycie mocarstwem o formacie europejskim &#8211; a politycznie i ekonomicznie straci\u0142a suwerenno\u015b\u0107 na rzecz UE &#8211; to&#8230; powinna siedzie\u0107 cicho jak mysz pod miot\u0142\u0105.<\/p>\n<p style=\"text-align: justify;\">\n<p style=\"text-align: right;\"><strong>Roman Boryczko<\/strong>,<\/p>\n<p style=\"text-align: right;\"><em> marzec 2015<\/em><\/p>\n<p style=\"text-align: justify;\">\n","protected":false},"excerpt":{"rendered":"<p>Prezydent Poroszenko powiedzia\u0142, \u017ce kiedy kilka tygodni temu rozmawia\u0142 z Borysem Niemcowem, ten poinformowa\u0142 go o swoich planach. \u201eBorys powiedzia\u0142,<\/p>\n","protected":false},"author":7,"featured_media":15173,"comment_status":"open","ping_status":"open","sticky":false,"template":"","format":"standard","meta":{"colormag_page_layout":"default_layout","footnotes":""},"categories":[7,6],"tags":[2182,89,2179,2007,92,1936,920,2185,202,708,2186],"class_list":["post-15164","post","type-post","status-publish","format-standard","has-post-thumbnail","hentry","category-gospodarka","category-ue","tag-azow","tag-breaking","tag-doniecka-republika-ludowa","tag-george-soros","tag-headline","tag-petro-poroszenko","tag-prawy-sektor","tag-prezydent-komorowski","tag-roman-boryczko","tag-ukraina","tag-una-unso"],"yoast_head":"<!-- This site is optimized with the Yoast SEO plugin v25.1 - https:\/\/yoast.com\/wordpress\/plugins\/seo\/ -->\n<title>Dzisiejsze czasy - SI\u0118 MY\u015aLI<\/title>\n<meta name=\"robots\" content=\"index, follow, max-snippet:-1, max-image-preview:large, max-video-preview:-1\" \/>\n<link rel=\"canonical\" href=\"https:\/\/siemysli-ke.info\/de\/dzisiejsze-czasy\/\" \/>\n<meta property=\"og:locale\" content=\"de_DE\" \/>\n<meta property=\"og:type\" content=\"article\" \/>\n<meta property=\"og:title\" content=\"Dzisiejsze czasy - SI\u0118 MY\u015aLI\" \/>\n<meta property=\"og:description\" content=\"Prezydent Poroszenko powiedzia\u0142, \u017ce kiedy kilka tygodni temu rozmawia\u0142 z Borysem Niemcowem, ten poinformowa\u0142 go o swoich planach. \u201eBorys powiedzia\u0142,\" \/>\n<meta property=\"og:url\" content=\"https:\/\/siemysli-ke.info\/de\/dzisiejsze-czasy\/\" \/>\n<meta property=\"og:site_name\" content=\"SI\u0118 MY\u015aLI\" \/>\n<meta property=\"article:published_time\" content=\"2015-03-01T16:27:13+00:00\" \/>\n<meta property=\"article:modified_time\" content=\"2015-03-01T23:40:39+00:00\" \/>\n<meta property=\"og:image\" content=\"https:\/\/siemysli-ke.info\/wp-content\/uploads\/2015\/03\/a35.jpg\" \/>\n\t<meta property=\"og:image:width\" content=\"474\" \/>\n\t<meta property=\"og:image:height\" content=\"315\" \/>\n\t<meta property=\"og:image:type\" content=\"image\/jpeg\" \/>\n<meta name=\"author\" content=\"Jaromir\" \/>\n<meta name=\"twitter:label1\" content=\"Verfasst von\" \/>\n\t<meta name=\"twitter:data1\" content=\"Jaromir\" \/>\n\t<meta name=\"twitter:label2\" content=\"Gesch\u00e4tzte Lesezeit\" \/>\n\t<meta name=\"twitter:data2\" content=\"10\u00a0Minuten\" \/>\n<script type=\"application\/ld+json\" class=\"yoast-schema-graph\">{\"@context\":\"https:\/\/schema.org\",\"@graph\":[{\"@type\":\"Article\",\"@id\":\"https:\/\/siemysli-ke.info\/de\/dzisiejsze-czasy\/#article\",\"isPartOf\":{\"@id\":\"https:\/\/siemysli-ke.info\/de\/dzisiejsze-czasy\/\"},\"author\":{\"name\":\"Jaromir\",\"@id\":\"https:\/\/siemysli-ke.info\/#\/schema\/person\/66d741fa745a44f2fe46d112bc6499f2\"},\"headline\":\"Dzisiejsze czasy\",\"datePublished\":\"2015-03-01T16:27:13+00:00\",\"dateModified\":\"2015-03-01T23:40:39+00:00\",\"mainEntityOfPage\":{\"@id\":\"https:\/\/siemysli-ke.info\/de\/dzisiejsze-czasy\/\"},\"wordCount\":1960,\"commentCount\":0,\"publisher\":{\"@id\":\"https:\/\/siemysli-ke.info\/#organization\"},\"image\":{\"@id\":\"https:\/\/siemysli-ke.info\/de\/dzisiejsze-czasy\/#primaryimage\"},\"thumbnailUrl\":\"https:\/\/siemysli-ke.info\/wp-content\/uploads\/2015\/03\/a35.jpg\",\"keywords\":[\"AZOW\",\"breaking\",\"Doniecka Republika Ludowa\",\"George Soros\",\"headline\",\"Petro -Poroszenko\",\"Prawy Sektor\",\"prezydent Komorowski\",\"Roman Boryczko\",\"Ukraina\",\"UNA-UNSO\"],\"articleSection\":[\"Gospodarka i polityka\",\"Unia Europejska\"],\"inLanguage\":\"de\",\"potentialAction\":[{\"@type\":\"CommentAction\",\"name\":\"Comment\",\"target\":[\"https:\/\/siemysli-ke.info\/de\/dzisiejsze-czasy\/#respond\"]}]},{\"@type\":\"WebPage\",\"@id\":\"https:\/\/siemysli-ke.info\/de\/dzisiejsze-czasy\/\",\"url\":\"https:\/\/siemysli-ke.info\/de\/dzisiejsze-czasy\/\",\"name\":\"Dzisiejsze czasy - SI\u0118 MY\u015aLI\",\"isPartOf\":{\"@id\":\"https:\/\/siemysli-ke.info\/de\/#website\"},\"primaryImageOfPage\":{\"@id\":\"https:\/\/siemysli-ke.info\/de\/dzisiejsze-czasy\/#primaryimage\"},\"image\":{\"@id\":\"https:\/\/siemysli-ke.info\/de\/dzisiejsze-czasy\/#primaryimage\"},\"thumbnailUrl\":\"https:\/\/siemysli-ke.info\/wp-content\/uploads\/2015\/03\/a35.jpg\",\"datePublished\":\"2015-03-01T16:27:13+00:00\",\"dateModified\":\"2015-03-01T23:40:39+00:00\",\"breadcrumb\":{\"@id\":\"https:\/\/siemysli-ke.info\/de\/dzisiejsze-czasy\/#breadcrumb\"},\"inLanguage\":\"de\",\"potentialAction\":[{\"@type\":\"ReadAction\",\"target\":[[\"https:\/\/siemysli-ke.info\/de\/dzisiejsze-czasy\/\"]]}]},{\"@type\":\"ImageObject\",\"inLanguage\":\"de\",\"@id\":\"https:\/\/siemysli-ke.info\/de\/dzisiejsze-czasy\/#primaryimage\",\"url\":\"https:\/\/siemysli-ke.info\/wp-content\/uploads\/2015\/03\/a35.jpg\",\"contentUrl\":\"https:\/\/siemysli-ke.info\/wp-content\/uploads\/2015\/03\/a35.jpg\",\"width\":474,\"height\":315},{\"@type\":\"BreadcrumbList\",\"@id\":\"https:\/\/siemysli-ke.info\/de\/dzisiejsze-czasy\/#breadcrumb\",\"itemListElement\":[{\"@type\":\"ListItem\",\"position\":1,\"name\":\"Home\",\"item\":\"https:\/\/siemysli-ke.info\/de\/\"},{\"@type\":\"ListItem\",\"position\":2,\"name\":\"Dzisiejsze czasy\"}]},{\"@type\":\"WebSite\",\"@id\":\"https:\/\/siemysli-ke.info\/de\/#website\",\"url\":\"https:\/\/siemysli-ke.info\/de\/\",\"name\":\"SI\u0118 MY\u015aLI\",\"description\":\"\",\"publisher\":{\"@id\":\"https:\/\/siemysli-ke.info\/de\/#organization\"},\"potentialAction\":[{\"@type\":\"SearchAction\",\"target\":{\"@type\":\"EntryPoint\",\"urlTemplate\":\"https:\/\/siemysli-ke.info\/de\/?s={search_term_string}\"},\"query-input\":{\"@type\":\"PropertyValueSpecification\",\"valueRequired\":true,\"valueName\":\"search_term_string\"}}],\"inLanguage\":\"de\"},{\"@type\":\"Organization\",\"@id\":\"https:\/\/siemysli-ke.info\/de\/#organization\",\"name\":\"SI\u0118 MY\u015aLI\",\"url\":\"https:\/\/siemysli-ke.info\/de\/\",\"logo\":{\"@type\":\"ImageObject\",\"inLanguage\":\"de\",\"@id\":\"https:\/\/siemysli-ke.info\/de\/#\/schema\/logo\/image\/\",\"url\":\"https:\/\/siemysli-ke.info\/wp-content\/uploads\/2025\/05\/99.png\",\"contentUrl\":\"https:\/\/siemysli-ke.info\/wp-content\/uploads\/2025\/05\/99.png\",\"width\":270,\"height\":204,\"caption\":\"SI\u0118 MY\u015aLI\"},\"image\":{\"@id\":\"https:\/\/siemysli-ke.info\/de\/#\/schema\/logo\/image\/\"}},{\"@type\":\"Person\",\"@id\":\"https:\/\/siemysli-ke.info\/#\/schema\/person\/66d741fa745a44f2fe46d112bc6499f2\",\"name\":\"Jaromir\",\"image\":{\"@type\":\"ImageObject\",\"inLanguage\":\"de\",\"@id\":\"https:\/\/siemysli-ke.info\/de\/#\/schema\/person\/image\/\",\"url\":\"https:\/\/secure.gravatar.com\/avatar\/fe881559e8ac8dda20293e9e8317d4678c6ad8f65f85a9ce5e1a87cee56b6198?s=96&d=mm&r=g\",\"contentUrl\":\"https:\/\/secure.gravatar.com\/avatar\/fe881559e8ac8dda20293e9e8317d4678c6ad8f65f85a9ce5e1a87cee56b6198?s=96&d=mm&r=g\",\"caption\":\"Jaromir\"},\"url\":\"https:\/\/siemysli-ke.info\/de\/author\/jaromir\/\"}]}<\/script>\n<!-- \/ Yoast SEO plugin. -->","yoast_head_json":{"title":"Dzisiejsze czasy - SI\u0118 MY\u015aLI","robots":{"index":"index","follow":"follow","max-snippet":"max-snippet:-1","max-image-preview":"max-image-preview:large","max-video-preview":"max-video-preview:-1"},"canonical":"https:\/\/siemysli-ke.info\/de\/dzisiejsze-czasy\/","og_locale":"de_DE","og_type":"article","og_title":"Dzisiejsze czasy - SI\u0118 MY\u015aLI","og_description":"Prezydent Poroszenko powiedzia\u0142, \u017ce kiedy kilka tygodni temu rozmawia\u0142 z Borysem Niemcowem, ten poinformowa\u0142 go o swoich planach. \u201eBorys powiedzia\u0142,","og_url":"https:\/\/siemysli-ke.info\/de\/dzisiejsze-czasy\/","og_site_name":"SI\u0118 MY\u015aLI","article_published_time":"2015-03-01T16:27:13+00:00","article_modified_time":"2015-03-01T23:40:39+00:00","og_image":[{"width":474,"height":315,"url":"https:\/\/siemysli-ke.info\/wp-content\/uploads\/2015\/03\/a35.jpg","type":"image\/jpeg"}],"author":"Jaromir","twitter_misc":{"Verfasst von":"Jaromir","Gesch\u00e4tzte Lesezeit":"10\u00a0Minuten"},"schema":{"@context":"https:\/\/schema.org","@graph":[{"@type":"Article","@id":"https:\/\/siemysli-ke.info\/de\/dzisiejsze-czasy\/#article","isPartOf":{"@id":"https:\/\/siemysli-ke.info\/de\/dzisiejsze-czasy\/"},"author":{"name":"Jaromir","@id":"https:\/\/siemysli-ke.info\/#\/schema\/person\/66d741fa745a44f2fe46d112bc6499f2"},"headline":"Dzisiejsze czasy","datePublished":"2015-03-01T16:27:13+00:00","dateModified":"2015-03-01T23:40:39+00:00","mainEntityOfPage":{"@id":"https:\/\/siemysli-ke.info\/de\/dzisiejsze-czasy\/"},"wordCount":1960,"commentCount":0,"publisher":{"@id":"https:\/\/siemysli-ke.info\/#organization"},"image":{"@id":"https:\/\/siemysli-ke.info\/de\/dzisiejsze-czasy\/#primaryimage"},"thumbnailUrl":"https:\/\/siemysli-ke.info\/wp-content\/uploads\/2015\/03\/a35.jpg","keywords":["AZOW","breaking","Doniecka Republika Ludowa","George Soros","headline","Petro -Poroszenko","Prawy Sektor","prezydent Komorowski","Roman Boryczko","Ukraina","UNA-UNSO"],"articleSection":["Gospodarka i polityka","Unia Europejska"],"inLanguage":"de","potentialAction":[{"@type":"CommentAction","name":"Comment","target":["https:\/\/siemysli-ke.info\/de\/dzisiejsze-czasy\/#respond"]}]},{"@type":"WebPage","@id":"https:\/\/siemysli-ke.info\/de\/dzisiejsze-czasy\/","url":"https:\/\/siemysli-ke.info\/de\/dzisiejsze-czasy\/","name":"Dzisiejsze czasy - SI\u0118 MY\u015aLI","isPartOf":{"@id":"https:\/\/siemysli-ke.info\/de\/#website"},"primaryImageOfPage":{"@id":"https:\/\/siemysli-ke.info\/de\/dzisiejsze-czasy\/#primaryimage"},"image":{"@id":"https:\/\/siemysli-ke.info\/de\/dzisiejsze-czasy\/#primaryimage"},"thumbnailUrl":"https:\/\/siemysli-ke.info\/wp-content\/uploads\/2015\/03\/a35.jpg","datePublished":"2015-03-01T16:27:13+00:00","dateModified":"2015-03-01T23:40:39+00:00","breadcrumb":{"@id":"https:\/\/siemysli-ke.info\/de\/dzisiejsze-czasy\/#breadcrumb"},"inLanguage":"de","potentialAction":[{"@type":"ReadAction","target":[["https:\/\/siemysli-ke.info\/de\/dzisiejsze-czasy\/"]]}]},{"@type":"ImageObject","inLanguage":"de","@id":"https:\/\/siemysli-ke.info\/de\/dzisiejsze-czasy\/#primaryimage","url":"https:\/\/siemysli-ke.info\/wp-content\/uploads\/2015\/03\/a35.jpg","contentUrl":"https:\/\/siemysli-ke.info\/wp-content\/uploads\/2015\/03\/a35.jpg","width":474,"height":315},{"@type":"BreadcrumbList","@id":"https:\/\/siemysli-ke.info\/de\/dzisiejsze-czasy\/#breadcrumb","itemListElement":[{"@type":"ListItem","position":1,"name":"Home","item":"https:\/\/siemysli-ke.info\/de\/"},{"@type":"ListItem","position":2,"name":"Dzisiejsze czasy"}]},{"@type":"WebSite","@id":"https:\/\/siemysli-ke.info\/de\/#website","url":"https:\/\/siemysli-ke.info\/de\/","name":"SI\u0118 MY\u015aLI","description":"","publisher":{"@id":"https:\/\/siemysli-ke.info\/de\/#organization"},"potentialAction":[{"@type":"SearchAction","target":{"@type":"EntryPoint","urlTemplate":"https:\/\/siemysli-ke.info\/de\/?s={search_term_string}"},"query-input":{"@type":"PropertyValueSpecification","valueRequired":true,"valueName":"search_term_string"}}],"inLanguage":"de"},{"@type":"Organization","@id":"https:\/\/siemysli-ke.info\/de\/#organization","name":"SI\u0118 MY\u015aLI","url":"https:\/\/siemysli-ke.info\/de\/","logo":{"@type":"ImageObject","inLanguage":"de","@id":"https:\/\/siemysli-ke.info\/de\/#\/schema\/logo\/image\/","url":"https:\/\/siemysli-ke.info\/wp-content\/uploads\/2025\/05\/99.png","contentUrl":"https:\/\/siemysli-ke.info\/wp-content\/uploads\/2025\/05\/99.png","width":270,"height":204,"caption":"SI\u0118 MY\u015aLI"},"image":{"@id":"https:\/\/siemysli-ke.info\/de\/#\/schema\/logo\/image\/"}},{"@type":"Person","@id":"https:\/\/siemysli-ke.info\/#\/schema\/person\/66d741fa745a44f2fe46d112bc6499f2","name":"Jaromir","image":{"@type":"ImageObject","inLanguage":"de","@id":"https:\/\/siemysli-ke.info\/de\/#\/schema\/person\/image\/","url":"https:\/\/secure.gravatar.com\/avatar\/fe881559e8ac8dda20293e9e8317d4678c6ad8f65f85a9ce5e1a87cee56b6198?s=96&d=mm&r=g","contentUrl":"https:\/\/secure.gravatar.com\/avatar\/fe881559e8ac8dda20293e9e8317d4678c6ad8f65f85a9ce5e1a87cee56b6198?s=96&d=mm&r=g","caption":"Jaromir"},"url":"https:\/\/siemysli-ke.info\/de\/author\/jaromir\/"}]}},"_links":{"self":[{"href":"https:\/\/siemysli-ke.info\/de\/wp-json\/wp\/v2\/posts\/15164","targetHints":{"allow":["GET"]}}],"collection":[{"href":"https:\/\/siemysli-ke.info\/de\/wp-json\/wp\/v2\/posts"}],"about":[{"href":"https:\/\/siemysli-ke.info\/de\/wp-json\/wp\/v2\/types\/post"}],"author":[{"embeddable":true,"href":"https:\/\/siemysli-ke.info\/de\/wp-json\/wp\/v2\/users\/7"}],"replies":[{"embeddable":true,"href":"https:\/\/siemysli-ke.info\/de\/wp-json\/wp\/v2\/comments?post=15164"}],"version-history":[{"count":0,"href":"https:\/\/siemysli-ke.info\/de\/wp-json\/wp\/v2\/posts\/15164\/revisions"}],"wp:featuredmedia":[{"embeddable":true,"href":"https:\/\/siemysli-ke.info\/de\/wp-json\/wp\/v2\/media\/15173"}],"wp:attachment":[{"href":"https:\/\/siemysli-ke.info\/de\/wp-json\/wp\/v2\/media?parent=15164"}],"wp:term":[{"taxonomy":"category","embeddable":true,"href":"https:\/\/siemysli-ke.info\/de\/wp-json\/wp\/v2\/categories?post=15164"},{"taxonomy":"post_tag","embeddable":true,"href":"https:\/\/siemysli-ke.info\/de\/wp-json\/wp\/v2\/tags?post=15164"}],"curies":[{"name":"wp","href":"https:\/\/api.w.org\/{rel}","templated":true}]}}