 {"id":14786,"date":"2015-01-28T23:35:48","date_gmt":"2015-01-28T22:35:48","guid":{"rendered":"http:\/\/www.siemysli.info.ke\/?p=14786"},"modified":"2015-01-28T23:39:29","modified_gmt":"2015-01-28T22:39:29","slug":"krakow-pamieta-o-swoich-artystach","status":"publish","type":"post","link":"https:\/\/siemysli-ke.info\/de\/krakow-pamieta-o-swoich-artystach\/","title":{"rendered":"Krak\u00f3w pami\u0119ta o swoich artystach"},"content":{"rendered":"<p style=\"text-align: center;\"><a href=\"http:\/\/www.siemysli.info.ke\/wp-content\/uploads\/2015\/01\/Now-1.jpg\" rel=\"lightbox[14786]\"><img decoding=\"async\" class=\"alignleft size-medium wp-image-14787\" src=\"http:\/\/www.siemysli.info.ke\/wp-content\/uploads\/2015\/01\/Now-1-214x300.jpg\" alt=\"Now 1\" width=\"214\" height=\"300\" srcset=\"https:\/\/siemysli-ke.info\/wp-content\/uploads\/2015\/01\/Now-1-214x300.jpg 214w, https:\/\/siemysli-ke.info\/wp-content\/uploads\/2015\/01\/Now-1.jpg 419w\" sizes=\"(max-width: 214px) 100vw, 214px\" \/><\/a>\u00a0<strong>JERZY NOWOSIELSKI. TEATR LALEK<\/strong><\/p>\n<p style=\"text-align: center;\"><strong>NOTATKI &#8211; cz\u0119\u015b\u0107 pi\u0105ta<\/strong><\/p>\n<p style=\"text-align: center;\"><strong>3. lutego \u2013 2. kwietnia 2015<\/strong><\/p>\n<p style=\"text-align: center;\"><strong>Galeria Starmach, Krak\u00f3w, ul. W\u0119gierska 5<\/strong><\/p>\n<p style=\"text-align: center;\"><strong>Wernisa\u017c 3. lutego godz. 18:00<\/strong><\/p>\n<p style=\"text-align: justify;\"><em>\u00a0\u00a0\u00a0\u00a0\u00a0\u00a0\u00a0\u00a0 Jerzy Nowosielski urodzony w 1923 i zmar\u0142y w 2011 r. w Krakowie. Studia rozpocz\u0105\u0142 w czasie okupacji hitlerowskiej w Kunstgewerbeschule, potem kontynuowa\u0142 na Wydziale Malarstwa Akademii Sztuk Pi\u0119knych w Krakowie w latach 1945-1947. Od 1945-1949 cz\u0142onek Grupy M\u0142odych Plastyk\u00f3w, a od 1957 r. cz\u0142onek i za\u0142o\u017cyciel Stowarzyszenia Artystycznego Grupa Krakowska. W latach 1957-1962 by\u0142 pedagogiem w Wy\u017cszej Szkole Sztuk Plastycznych w \u0141odzi, a nast\u0119pnie od 1962 r. w krakowskiej Akademii Sztuk Pi\u0119knych, gdzie w 1976 uzyska\u0142 tytu\u0142 profesora. Uczestniczy\u0142 w blisko 100 wystawach indywidualnych i ponad 250 zbiorowych w Polsce i za granic\u0105. Jest autorem wielu polichromii w obiektach sakralnych i cerkwi w Bia\u0142ym Borze. Jest tak\u017ce laureatem nagr\u00f3d pa\u0144stwowych i presti\u017cowych wyr\u00f3\u017cnie\u0144 \u015brodowisk artystycznych. Jego prace znajduj\u0105 si\u0119 we wszystkich wa\u017cniejszych kolekcjach muzealnych sztuki wsp\u00f3\u0142czesnej w Polsce, jak r\u00f3wnie\u017c w wielu zbiorach prywatnych na ca\u0142ym \u015bwiecie.<\/em><\/p>\n<p style=\"text-align: justify;\">\u00a0\u00a0\u00a0\u00a0\u00a0\u00a0\u00a0\u00a0 2015 rok rozpoczynamy pi\u0105t\u0105 ju\u017c z kolei wystaw\u0105 z cyklu \u201eNotatki\u201d, prezentuj\u0105c\u0105 nie pokazywane wcze\u015bniej prace na papierze Jerzego Nowosielskiego. Tym razem zobaczymy prace z lat pi\u0119\u0107dziesi\u0105tych z okresu \u0142\u00f3dzkiego, kiedy to Nowosielski wsp\u00f3\u0142pracowa\u0142 z teatrami lalek, tworz\u0105c projekty scenograficzne jak i lalkowe do spektakli dla dzieci. Na szkicach o\u0142\u00f3wkowych, gwaszach i akwarelach zobaczymy g\u0142\u00f3wnie projekty do dw\u00f3ch spektakli dla Teatru Lalek \u201ePinokio\u201d w \u0141odzi: \u201ePrzyg\u00f3d Misia \u0141az\u0119gi\u201d Giennadija Matwiejewa w re\u017cyserii Marty Janic z 1950 roku oraz do \u201eKrzesiwa\u201d Hansa Christiana Andersena w re\u017cyserii Hanny Januszewskiej z 1958 roku.<\/p>\n<p style=\"text-align: center;\"><a href=\"http:\/\/www.siemysli.info.ke\/wp-content\/uploads\/2015\/01\/Now-2.jpg\" rel=\"lightbox[14786]\"><img decoding=\"async\" class=\"aligncenter size-medium wp-image-14788\" src=\"http:\/\/www.siemysli.info.ke\/wp-content\/uploads\/2015\/01\/Now-2-300x227.jpg\" alt=\"Now 2\" width=\"300\" height=\"227\" srcset=\"https:\/\/siemysli-ke.info\/wp-content\/uploads\/2015\/01\/Now-2-300x227.jpg 300w, https:\/\/siemysli-ke.info\/wp-content\/uploads\/2015\/01\/Now-2.jpg 1000w\" sizes=\"(max-width: 300px) 100vw, 300px\" \/><\/a><\/p>\n<p style=\"text-align: justify;\">\u00a0\u00a0\u00a0\u00a0\u00a0\u00a0\u00a0\u00a0 Oryginalny, bajkowy charakter tych prac spowodowa\u0142, \u017ce na wystawie znajd\u0105 si\u0119 nie tylko same projekty artysty, jak to by\u0142o wcze\u015bniej w przypadku \u201eNotatek\u201d, ale r\u00f3wnie\u017c rzeczywista, wykonana specjalnie na wystaw\u0119, scenografia oraz lalki do \u201eKrzesiwa\u201d Hansa Christiana Andersena, wystawianego w 1958 roku w Teatrze Lalek \u201ePinokio w \u0141odzi. Autorami wszystkich lalek jak i dekoracji scenograficznej oraz o\u015bwietlenia jest zesp\u00f3\u0142 pracownik\u00f3w Teatru \u201eGroteska\u201d w Krakowie.<\/p>\n<p>\u00a0 Towarzysz\u0105cy wystawie katalog <em>Jerzy Nowosielski. Teatr lalek. Notatki &#8211; cz\u0119\u015b\u0107 pi\u0105ta<\/em>, zawiera materia\u0142 ilustracyjny i teksty.<\/p>\n<p style=\"text-align: center;\">Kurator wystawy: <strong>Andrzej Szczepaniak<\/strong><\/p>\n<p style=\"text-align: center;\">Pomys\u0142 wystawy: <strong>Andrzej Starmach<\/strong><\/p>\n<p style=\"text-align: center;\">Redakcja katalogu: <strong>Dobromi\u0142a B\u0142aszczyk, Andrzej Szczepaniak<\/strong><\/p>\n<p><strong>\u00a0<\/strong><\/p>\n","protected":false},"excerpt":{"rendered":"<p>\u00a0JERZY NOWOSIELSKI. TEATR LALEK NOTATKI &#8211; cz\u0119\u015b\u0107 pi\u0105ta 3. lutego \u2013 2. kwietnia 2015 Galeria Starmach, Krak\u00f3w, ul. W\u0119gierska 5<\/p>\n","protected":false},"author":3,"featured_media":14787,"comment_status":"open","ping_status":"open","sticky":false,"template":"","format":"standard","meta":{"colormag_page_layout":"default_layout","footnotes":""},"categories":[143,3],"tags":[1918,1917,89,1923,1916,1919,1922,92,1915,129,1925,1924,1921,1920],"class_list":["post-14786","post","type-post","status-publish","format-standard","has-post-thumbnail","hentry","category-inne","category-kultura","tag-andrzej-starmach","tag-andrzej-szczepaniak","tag-breaking","tag-cerkiew-w-bialym-borze","tag-dobromila-blaszczyk","tag-galeria-starmach","tag-grupa-krakowska","tag-headline","tag-jerzy-nowosielski","tag-krakow","tag-kunstgewerbeschule-krakow","tag-prace-na-papierze-jerzego-nowosielskiego","tag-teatr-lalek","tag-ul-wegierska-5"],"yoast_head":"<!-- This site is optimized with the Yoast SEO plugin v25.1 - https:\/\/yoast.com\/wordpress\/plugins\/seo\/ -->\n<title>Krak\u00f3w pami\u0119ta o swoich artystach - SI\u0118 MY\u015aLI<\/title>\n<meta name=\"robots\" content=\"index, follow, max-snippet:-1, max-image-preview:large, max-video-preview:-1\" \/>\n<link rel=\"canonical\" href=\"https:\/\/siemysli-ke.info\/de\/krakow-pamieta-o-swoich-artystach\/\" \/>\n<meta property=\"og:locale\" content=\"de_DE\" \/>\n<meta property=\"og:type\" content=\"article\" \/>\n<meta property=\"og:title\" content=\"Krak\u00f3w pami\u0119ta o swoich artystach - SI\u0118 MY\u015aLI\" \/>\n<meta property=\"og:description\" content=\"\u00a0JERZY NOWOSIELSKI. TEATR LALEK NOTATKI &#8211; cz\u0119\u015b\u0107 pi\u0105ta 3. lutego \u2013 2. kwietnia 2015 Galeria Starmach, Krak\u00f3w, ul. W\u0119gierska 5\" \/>\n<meta property=\"og:url\" content=\"https:\/\/siemysli-ke.info\/de\/krakow-pamieta-o-swoich-artystach\/\" \/>\n<meta property=\"og:site_name\" content=\"SI\u0118 MY\u015aLI\" \/>\n<meta property=\"article:published_time\" content=\"2015-01-28T22:35:48+00:00\" \/>\n<meta property=\"article:modified_time\" content=\"2015-01-28T22:39:29+00:00\" \/>\n<meta property=\"og:image\" content=\"https:\/\/siemysli-ke.info\/wp-content\/uploads\/2015\/01\/Now-1.jpg\" \/>\n\t<meta property=\"og:image:width\" content=\"419\" \/>\n\t<meta property=\"og:image:height\" content=\"587\" \/>\n\t<meta property=\"og:image:type\" content=\"image\/jpeg\" \/>\n<meta name=\"author\" content=\"...\" \/>\n<meta name=\"twitter:label1\" content=\"Verfasst von\" \/>\n\t<meta name=\"twitter:data1\" content=\"...\" \/>\n\t<meta name=\"twitter:label2\" content=\"Gesch\u00e4tzte Lesezeit\" \/>\n\t<meta name=\"twitter:data2\" content=\"2\u00a0Minuten\" \/>\n<script type=\"application\/ld+json\" class=\"yoast-schema-graph\">{\"@context\":\"https:\/\/schema.org\",\"@graph\":[{\"@type\":\"Article\",\"@id\":\"https:\/\/siemysli-ke.info\/de\/krakow-pamieta-o-swoich-artystach\/#article\",\"isPartOf\":{\"@id\":\"https:\/\/siemysli-ke.info\/de\/krakow-pamieta-o-swoich-artystach\/\"},\"author\":{\"name\":\"...\",\"@id\":\"https:\/\/siemysli-ke.info\/#\/schema\/person\/75326687448d6abf738b156f56385210\"},\"headline\":\"Krak\u00f3w pami\u0119ta o swoich artystach\",\"datePublished\":\"2015-01-28T22:35:48+00:00\",\"dateModified\":\"2015-01-28T22:39:29+00:00\",\"mainEntityOfPage\":{\"@id\":\"https:\/\/siemysli-ke.info\/de\/krakow-pamieta-o-swoich-artystach\/\"},\"wordCount\":382,\"commentCount\":1,\"publisher\":{\"@id\":\"https:\/\/siemysli-ke.info\/#organization\"},\"image\":{\"@id\":\"https:\/\/siemysli-ke.info\/de\/krakow-pamieta-o-swoich-artystach\/#primaryimage\"},\"thumbnailUrl\":\"https:\/\/siemysli-ke.info\/wp-content\/uploads\/2015\/01\/Now-1.jpg\",\"keywords\":[\"Andrzej Starmach\",\"Andrzej Szczepaniak\",\"breaking\",\"cerkiew w Bia\u0142ym Borze\",\"Dobromi\u0142a B\u0142aszczyk\",\"Galeria Starmach\",\"Grupa Krakowska\",\"headline\",\"Jerzy Nowosielski\",\"Krak\u00f3w\",\"Kunstgewerbeschule - Krak\u00f3w\",\"prace na papierze Jerzego Nowosielskiego\",\"teatr lalek\",\"ul. W\u0119gierska 5\"],\"articleSection\":[\"Inne\",\"Kultura\"],\"inLanguage\":\"de\",\"potentialAction\":[{\"@type\":\"CommentAction\",\"name\":\"Comment\",\"target\":[\"https:\/\/siemysli-ke.info\/de\/krakow-pamieta-o-swoich-artystach\/#respond\"]}]},{\"@type\":\"WebPage\",\"@id\":\"https:\/\/siemysli-ke.info\/de\/krakow-pamieta-o-swoich-artystach\/\",\"url\":\"https:\/\/siemysli-ke.info\/de\/krakow-pamieta-o-swoich-artystach\/\",\"name\":\"Krak\u00f3w pami\u0119ta o swoich artystach - SI\u0118 MY\u015aLI\",\"isPartOf\":{\"@id\":\"https:\/\/siemysli-ke.info\/de\/#website\"},\"primaryImageOfPage\":{\"@id\":\"https:\/\/siemysli-ke.info\/de\/krakow-pamieta-o-swoich-artystach\/#primaryimage\"},\"image\":{\"@id\":\"https:\/\/siemysli-ke.info\/de\/krakow-pamieta-o-swoich-artystach\/#primaryimage\"},\"thumbnailUrl\":\"https:\/\/siemysli-ke.info\/wp-content\/uploads\/2015\/01\/Now-1.jpg\",\"datePublished\":\"2015-01-28T22:35:48+00:00\",\"dateModified\":\"2015-01-28T22:39:29+00:00\",\"breadcrumb\":{\"@id\":\"https:\/\/siemysli-ke.info\/de\/krakow-pamieta-o-swoich-artystach\/#breadcrumb\"},\"inLanguage\":\"de\",\"potentialAction\":[{\"@type\":\"ReadAction\",\"target\":[[\"https:\/\/siemysli-ke.info\/de\/krakow-pamieta-o-swoich-artystach\/\"]]}]},{\"@type\":\"ImageObject\",\"inLanguage\":\"de\",\"@id\":\"https:\/\/siemysli-ke.info\/de\/krakow-pamieta-o-swoich-artystach\/#primaryimage\",\"url\":\"https:\/\/siemysli-ke.info\/wp-content\/uploads\/2015\/01\/Now-1.jpg\",\"contentUrl\":\"https:\/\/siemysli-ke.info\/wp-content\/uploads\/2015\/01\/Now-1.jpg\",\"width\":419,\"height\":587},{\"@type\":\"BreadcrumbList\",\"@id\":\"https:\/\/siemysli-ke.info\/de\/krakow-pamieta-o-swoich-artystach\/#breadcrumb\",\"itemListElement\":[{\"@type\":\"ListItem\",\"position\":1,\"name\":\"Home\",\"item\":\"https:\/\/siemysli-ke.info\/de\/\"},{\"@type\":\"ListItem\",\"position\":2,\"name\":\"Krak\u00f3w pami\u0119ta o swoich artystach\"}]},{\"@type\":\"WebSite\",\"@id\":\"https:\/\/siemysli-ke.info\/de\/#website\",\"url\":\"https:\/\/siemysli-ke.info\/de\/\",\"name\":\"SI\u0118 MY\u015aLI\",\"description\":\"\",\"publisher\":{\"@id\":\"https:\/\/siemysli-ke.info\/de\/#organization\"},\"potentialAction\":[{\"@type\":\"SearchAction\",\"target\":{\"@type\":\"EntryPoint\",\"urlTemplate\":\"https:\/\/siemysli-ke.info\/de\/?s={search_term_string}\"},\"query-input\":{\"@type\":\"PropertyValueSpecification\",\"valueRequired\":true,\"valueName\":\"search_term_string\"}}],\"inLanguage\":\"de\"},{\"@type\":\"Organization\",\"@id\":\"https:\/\/siemysli-ke.info\/de\/#organization\",\"name\":\"SI\u0118 MY\u015aLI\",\"url\":\"https:\/\/siemysli-ke.info\/de\/\",\"logo\":{\"@type\":\"ImageObject\",\"inLanguage\":\"de\",\"@id\":\"https:\/\/siemysli-ke.info\/de\/#\/schema\/logo\/image\/\",\"url\":\"https:\/\/siemysli-ke.info\/wp-content\/uploads\/2025\/05\/99.png\",\"contentUrl\":\"https:\/\/siemysli-ke.info\/wp-content\/uploads\/2025\/05\/99.png\",\"width\":270,\"height\":204,\"caption\":\"SI\u0118 MY\u015aLI\"},\"image\":{\"@id\":\"https:\/\/siemysli-ke.info\/de\/#\/schema\/logo\/image\/\"}},{\"@type\":\"Person\",\"@id\":\"https:\/\/siemysli-ke.info\/#\/schema\/person\/75326687448d6abf738b156f56385210\",\"name\":\"...\",\"image\":{\"@type\":\"ImageObject\",\"inLanguage\":\"de\",\"@id\":\"https:\/\/siemysli-ke.info\/de\/#\/schema\/person\/image\/\",\"url\":\"https:\/\/secure.gravatar.com\/avatar\/33a3c2559155e1b4add65cf88cafda785aeb920f44b97c7055b07866ab5b13c2?s=96&d=mm&r=g\",\"contentUrl\":\"https:\/\/secure.gravatar.com\/avatar\/33a3c2559155e1b4add65cf88cafda785aeb920f44b97c7055b07866ab5b13c2?s=96&d=mm&r=g\",\"caption\":\"...\"},\"url\":\"https:\/\/siemysli-ke.info\/de\/author\/lele\/\"}]}<\/script>\n<!-- \/ Yoast SEO plugin. -->","yoast_head_json":{"title":"Krak\u00f3w pami\u0119ta o swoich artystach - SI\u0118 MY\u015aLI","robots":{"index":"index","follow":"follow","max-snippet":"max-snippet:-1","max-image-preview":"max-image-preview:large","max-video-preview":"max-video-preview:-1"},"canonical":"https:\/\/siemysli-ke.info\/de\/krakow-pamieta-o-swoich-artystach\/","og_locale":"de_DE","og_type":"article","og_title":"Krak\u00f3w pami\u0119ta o swoich artystach - SI\u0118 MY\u015aLI","og_description":"\u00a0JERZY NOWOSIELSKI. TEATR LALEK NOTATKI &#8211; cz\u0119\u015b\u0107 pi\u0105ta 3. lutego \u2013 2. kwietnia 2015 Galeria Starmach, Krak\u00f3w, ul. W\u0119gierska 5","og_url":"https:\/\/siemysli-ke.info\/de\/krakow-pamieta-o-swoich-artystach\/","og_site_name":"SI\u0118 MY\u015aLI","article_published_time":"2015-01-28T22:35:48+00:00","article_modified_time":"2015-01-28T22:39:29+00:00","og_image":[{"width":419,"height":587,"url":"https:\/\/siemysli-ke.info\/wp-content\/uploads\/2015\/01\/Now-1.jpg","type":"image\/jpeg"}],"author":"...","twitter_misc":{"Verfasst von":"...","Gesch\u00e4tzte Lesezeit":"2\u00a0Minuten"},"schema":{"@context":"https:\/\/schema.org","@graph":[{"@type":"Article","@id":"https:\/\/siemysli-ke.info\/de\/krakow-pamieta-o-swoich-artystach\/#article","isPartOf":{"@id":"https:\/\/siemysli-ke.info\/de\/krakow-pamieta-o-swoich-artystach\/"},"author":{"name":"...","@id":"https:\/\/siemysli-ke.info\/#\/schema\/person\/75326687448d6abf738b156f56385210"},"headline":"Krak\u00f3w pami\u0119ta o swoich artystach","datePublished":"2015-01-28T22:35:48+00:00","dateModified":"2015-01-28T22:39:29+00:00","mainEntityOfPage":{"@id":"https:\/\/siemysli-ke.info\/de\/krakow-pamieta-o-swoich-artystach\/"},"wordCount":382,"commentCount":1,"publisher":{"@id":"https:\/\/siemysli-ke.info\/#organization"},"image":{"@id":"https:\/\/siemysli-ke.info\/de\/krakow-pamieta-o-swoich-artystach\/#primaryimage"},"thumbnailUrl":"https:\/\/siemysli-ke.info\/wp-content\/uploads\/2015\/01\/Now-1.jpg","keywords":["Andrzej Starmach","Andrzej Szczepaniak","breaking","cerkiew w Bia\u0142ym Borze","Dobromi\u0142a B\u0142aszczyk","Galeria Starmach","Grupa Krakowska","headline","Jerzy Nowosielski","Krak\u00f3w","Kunstgewerbeschule - Krak\u00f3w","prace na papierze Jerzego Nowosielskiego","teatr lalek","ul. W\u0119gierska 5"],"articleSection":["Inne","Kultura"],"inLanguage":"de","potentialAction":[{"@type":"CommentAction","name":"Comment","target":["https:\/\/siemysli-ke.info\/de\/krakow-pamieta-o-swoich-artystach\/#respond"]}]},{"@type":"WebPage","@id":"https:\/\/siemysli-ke.info\/de\/krakow-pamieta-o-swoich-artystach\/","url":"https:\/\/siemysli-ke.info\/de\/krakow-pamieta-o-swoich-artystach\/","name":"Krak\u00f3w pami\u0119ta o swoich artystach - SI\u0118 MY\u015aLI","isPartOf":{"@id":"https:\/\/siemysli-ke.info\/de\/#website"},"primaryImageOfPage":{"@id":"https:\/\/siemysli-ke.info\/de\/krakow-pamieta-o-swoich-artystach\/#primaryimage"},"image":{"@id":"https:\/\/siemysli-ke.info\/de\/krakow-pamieta-o-swoich-artystach\/#primaryimage"},"thumbnailUrl":"https:\/\/siemysli-ke.info\/wp-content\/uploads\/2015\/01\/Now-1.jpg","datePublished":"2015-01-28T22:35:48+00:00","dateModified":"2015-01-28T22:39:29+00:00","breadcrumb":{"@id":"https:\/\/siemysli-ke.info\/de\/krakow-pamieta-o-swoich-artystach\/#breadcrumb"},"inLanguage":"de","potentialAction":[{"@type":"ReadAction","target":[["https:\/\/siemysli-ke.info\/de\/krakow-pamieta-o-swoich-artystach\/"]]}]},{"@type":"ImageObject","inLanguage":"de","@id":"https:\/\/siemysli-ke.info\/de\/krakow-pamieta-o-swoich-artystach\/#primaryimage","url":"https:\/\/siemysli-ke.info\/wp-content\/uploads\/2015\/01\/Now-1.jpg","contentUrl":"https:\/\/siemysli-ke.info\/wp-content\/uploads\/2015\/01\/Now-1.jpg","width":419,"height":587},{"@type":"BreadcrumbList","@id":"https:\/\/siemysli-ke.info\/de\/krakow-pamieta-o-swoich-artystach\/#breadcrumb","itemListElement":[{"@type":"ListItem","position":1,"name":"Home","item":"https:\/\/siemysli-ke.info\/de\/"},{"@type":"ListItem","position":2,"name":"Krak\u00f3w pami\u0119ta o swoich artystach"}]},{"@type":"WebSite","@id":"https:\/\/siemysli-ke.info\/de\/#website","url":"https:\/\/siemysli-ke.info\/de\/","name":"SI\u0118 MY\u015aLI","description":"","publisher":{"@id":"https:\/\/siemysli-ke.info\/de\/#organization"},"potentialAction":[{"@type":"SearchAction","target":{"@type":"EntryPoint","urlTemplate":"https:\/\/siemysli-ke.info\/de\/?s={search_term_string}"},"query-input":{"@type":"PropertyValueSpecification","valueRequired":true,"valueName":"search_term_string"}}],"inLanguage":"de"},{"@type":"Organization","@id":"https:\/\/siemysli-ke.info\/de\/#organization","name":"SI\u0118 MY\u015aLI","url":"https:\/\/siemysli-ke.info\/de\/","logo":{"@type":"ImageObject","inLanguage":"de","@id":"https:\/\/siemysli-ke.info\/de\/#\/schema\/logo\/image\/","url":"https:\/\/siemysli-ke.info\/wp-content\/uploads\/2025\/05\/99.png","contentUrl":"https:\/\/siemysli-ke.info\/wp-content\/uploads\/2025\/05\/99.png","width":270,"height":204,"caption":"SI\u0118 MY\u015aLI"},"image":{"@id":"https:\/\/siemysli-ke.info\/de\/#\/schema\/logo\/image\/"}},{"@type":"Person","@id":"https:\/\/siemysli-ke.info\/#\/schema\/person\/75326687448d6abf738b156f56385210","name":"...","image":{"@type":"ImageObject","inLanguage":"de","@id":"https:\/\/siemysli-ke.info\/de\/#\/schema\/person\/image\/","url":"https:\/\/secure.gravatar.com\/avatar\/33a3c2559155e1b4add65cf88cafda785aeb920f44b97c7055b07866ab5b13c2?s=96&d=mm&r=g","contentUrl":"https:\/\/secure.gravatar.com\/avatar\/33a3c2559155e1b4add65cf88cafda785aeb920f44b97c7055b07866ab5b13c2?s=96&d=mm&r=g","caption":"..."},"url":"https:\/\/siemysli-ke.info\/de\/author\/lele\/"}]}},"_links":{"self":[{"href":"https:\/\/siemysli-ke.info\/de\/wp-json\/wp\/v2\/posts\/14786","targetHints":{"allow":["GET"]}}],"collection":[{"href":"https:\/\/siemysli-ke.info\/de\/wp-json\/wp\/v2\/posts"}],"about":[{"href":"https:\/\/siemysli-ke.info\/de\/wp-json\/wp\/v2\/types\/post"}],"author":[{"embeddable":true,"href":"https:\/\/siemysli-ke.info\/de\/wp-json\/wp\/v2\/users\/3"}],"replies":[{"embeddable":true,"href":"https:\/\/siemysli-ke.info\/de\/wp-json\/wp\/v2\/comments?post=14786"}],"version-history":[{"count":0,"href":"https:\/\/siemysli-ke.info\/de\/wp-json\/wp\/v2\/posts\/14786\/revisions"}],"wp:featuredmedia":[{"embeddable":true,"href":"https:\/\/siemysli-ke.info\/de\/wp-json\/wp\/v2\/media\/14787"}],"wp:attachment":[{"href":"https:\/\/siemysli-ke.info\/de\/wp-json\/wp\/v2\/media?parent=14786"}],"wp:term":[{"taxonomy":"category","embeddable":true,"href":"https:\/\/siemysli-ke.info\/de\/wp-json\/wp\/v2\/categories?post=14786"},{"taxonomy":"post_tag","embeddable":true,"href":"https:\/\/siemysli-ke.info\/de\/wp-json\/wp\/v2\/tags?post=14786"}],"curies":[{"name":"wp","href":"https:\/\/api.w.org\/{rel}","templated":true}]}}