 {"id":14715,"date":"2015-01-22T19:09:59","date_gmt":"2015-01-22T18:09:59","guid":{"rendered":"http:\/\/www.siemysli.info.ke\/?p=14715"},"modified":"2015-01-22T22:11:28","modified_gmt":"2015-01-22T21:11:28","slug":"warszawa-druga-edycja-kongresona","status":"publish","type":"post","link":"https:\/\/siemysli-ke.info\/de\/warszawa-druga-edycja-kongresona\/","title":{"rendered":"Warszawa: DRUGA EDYCJA KONGRESONA"},"content":{"rendered":"<p style=\"color: #000000; text-align: justify;\"><a href=\"http:\/\/www.siemysli.info.ke\/wp-content\/uploads\/2015\/01\/11.jpg\" rel=\"lightbox[14715]\"><img decoding=\"async\" class=\"alignleft wp-image-14719 size-full\" src=\"http:\/\/www.siemysli.info.ke\/wp-content\/uploads\/2015\/01\/11.jpg\" alt=\"1\" width=\"228\" height=\"197\" \/><\/a>Federacja Anarchistyczna ma przyjemno\u015b\u0107 zaprosi\u0107 wszystkich na kolejne spotkanie w ramach Kongresona \u2013 og\u00f3lnopolskiego kongresu anarchistycznego, po raz drugi odbywaj\u0105cego si\u0119 w Warszawie.<\/p>\n<p style=\"color: #000000; text-align: justify;\">Wst\u0119pny termin to po\u0142owa maja (15-17.). Na konspekty czekamy do 1. marca (standardowy rozmiar konspektu to minimum 0,5 strony A4. Oczywi\u015bcie mog\u0105 by\u0107 tak\u017ce d\u0142u\u017csze teksty). Poniewa\u017c \u2013 jak w przypadku pierwszej edycji \u2013 formu\u0142a spotkania jest otwarta, czekamy r\u00f3wnie\u017c na wszelkie propozycje wyst\u0119p\u00f3w, manifest\u00f3w, performance&#8217;\u00f3w, warsztat\u00f3w oraz innych pomys\u0142\u00f3w na wyra\u017cenie w\u0142asnego zdania, krytyki systemu lub anarchistycznych idei.<\/p>\n<p style=\"color: #000000; text-align: justify;\">Chmur\u0105, w kt\u00f3rej nale\u017cy sie porusza\u0107, jest bezkompromisowy anarchizm \u2013 nie chcemy propozycji w rodzaju &#8211; z kim nale\u017cy wchodzi\u0107 w uk\u0142ady; nie chcemy politykowania (co najwy\u017cej z jego radykaln\u0105 krytyk\u0105) ani \u017cadnych romans\u00f3w z ideami o totalitarnym odchyleniu.<\/p>\n<p style=\"color: #000000; text-align: justify;\">Nades\u0142ane propozycje zostan\u0105 przedyskutowane oraz pogrupowane w odpowiednie bloki. Wyra\u017camy nadziej\u0119, i\u017c nasz\u0105 propozycj\u0105 zainteresuj\u0105 si\u0119 nie tylko aktywi\u015bci, ale r\u00f3wnie\u017c postronni dot\u0105d ludzie. S\u0142owem &#8211; zapraszamy wszystkich do wsp\u00f3\u0142pracy i pomocy.<\/p>\n<p style=\"color: #000000; text-align: center;\">Kontakt:\u00a0<a style=\"font-weight: bold; color: #990000;\" href=\"mailto:wfa@riseup.net\">wfa@riseup.net<\/a><br \/>\nW temacie maila prosimy wpisa\u0107: \u00a0\u201eKongresono\/propozycja\u201d<\/p>\n<p style=\"color: #000000; text-align: justify;\">O wszelkich decyzjach i postanowieniach b\u0119dziemy odt\u0105d informowa\u0107 w podobnych komunikatach oraz na ruszaj\u0105cej niebawem stronie Kongresona oraz WFA.<\/p>\n","protected":false},"excerpt":{"rendered":"<p>Federacja Anarchistyczna ma przyjemno\u015b\u0107 zaprosi\u0107 wszystkich na kolejne spotkanie w ramach Kongresona \u2013 og\u00f3lnopolskiego kongresu anarchistycznego, po raz drugi odbywaj\u0105cego<\/p>\n","protected":false},"author":1,"featured_media":14719,"comment_status":"open","ping_status":"open","sticky":false,"template":"","format":"standard","meta":{"colormag_page_layout":"default_layout","footnotes":""},"categories":[143,3],"tags":[1866,1865],"class_list":["post-14715","post","type-post","status-publish","format-standard","has-post-thumbnail","hentry","category-inne","category-kultura","tag-federacja-anarchistyczna","tag-kongresono-ii-edycja"],"yoast_head":"<!-- This site is optimized with the Yoast SEO plugin v25.1 - https:\/\/yoast.com\/wordpress\/plugins\/seo\/ -->\n<title>Warszawa: DRUGA EDYCJA KONGRESONA - SI\u0118 MY\u015aLI<\/title>\n<meta name=\"robots\" content=\"index, follow, max-snippet:-1, max-image-preview:large, max-video-preview:-1\" \/>\n<link rel=\"canonical\" href=\"https:\/\/siemysli-ke.info\/de\/warszawa-druga-edycja-kongresona\/\" \/>\n<meta property=\"og:locale\" content=\"de_DE\" \/>\n<meta property=\"og:type\" content=\"article\" \/>\n<meta property=\"og:title\" content=\"Warszawa: DRUGA EDYCJA KONGRESONA - SI\u0118 MY\u015aLI\" \/>\n<meta property=\"og:description\" content=\"Federacja Anarchistyczna ma przyjemno\u015b\u0107 zaprosi\u0107 wszystkich na kolejne spotkanie w ramach Kongresona \u2013 og\u00f3lnopolskiego kongresu anarchistycznego, po raz drugi odbywaj\u0105cego\" \/>\n<meta property=\"og:url\" content=\"https:\/\/siemysli-ke.info\/de\/warszawa-druga-edycja-kongresona\/\" \/>\n<meta property=\"og:site_name\" content=\"SI\u0118 MY\u015aLI\" \/>\n<meta property=\"article:published_time\" content=\"2015-01-22T18:09:59+00:00\" \/>\n<meta property=\"article:modified_time\" content=\"2015-01-22T21:11:28+00:00\" \/>\n<meta property=\"og:image\" content=\"https:\/\/siemysli-ke.info\/wp-content\/uploads\/2015\/01\/11.jpg\" \/>\n\t<meta property=\"og:image:width\" content=\"228\" \/>\n\t<meta property=\"og:image:height\" content=\"197\" \/>\n\t<meta property=\"og:image:type\" content=\"image\/jpeg\" \/>\n<meta name=\"author\" content=\"admin\" \/>\n<meta name=\"twitter:label1\" content=\"Verfasst von\" \/>\n\t<meta name=\"twitter:data1\" content=\"admin\" \/>\n\t<meta name=\"twitter:label2\" content=\"Gesch\u00e4tzte Lesezeit\" \/>\n\t<meta name=\"twitter:data2\" content=\"1\u00a0Minute\" \/>\n<script type=\"application\/ld+json\" class=\"yoast-schema-graph\">{\"@context\":\"https:\/\/schema.org\",\"@graph\":[{\"@type\":\"Article\",\"@id\":\"https:\/\/siemysli-ke.info\/de\/warszawa-druga-edycja-kongresona\/#article\",\"isPartOf\":{\"@id\":\"https:\/\/siemysli-ke.info\/de\/warszawa-druga-edycja-kongresona\/\"},\"author\":{\"name\":\"admin\",\"@id\":\"https:\/\/siemysli-ke.info\/#\/schema\/person\/048295918d7858e90e57d1a2c2b5da74\"},\"headline\":\"Warszawa: DRUGA EDYCJA KONGRESONA\",\"datePublished\":\"2015-01-22T18:09:59+00:00\",\"dateModified\":\"2015-01-22T21:11:28+00:00\",\"mainEntityOfPage\":{\"@id\":\"https:\/\/siemysli-ke.info\/de\/warszawa-druga-edycja-kongresona\/\"},\"wordCount\":215,\"commentCount\":0,\"publisher\":{\"@id\":\"https:\/\/siemysli-ke.info\/#organization\"},\"image\":{\"@id\":\"https:\/\/siemysli-ke.info\/de\/warszawa-druga-edycja-kongresona\/#primaryimage\"},\"thumbnailUrl\":\"https:\/\/siemysli-ke.info\/wp-content\/uploads\/2015\/01\/11.jpg\",\"keywords\":[\"Federacja Anarchistyczna\",\"Kongresono - II edycja\"],\"articleSection\":[\"Inne\",\"Kultura\"],\"inLanguage\":\"de\",\"potentialAction\":[{\"@type\":\"CommentAction\",\"name\":\"Comment\",\"target\":[\"https:\/\/siemysli-ke.info\/de\/warszawa-druga-edycja-kongresona\/#respond\"]}]},{\"@type\":\"WebPage\",\"@id\":\"https:\/\/siemysli-ke.info\/de\/warszawa-druga-edycja-kongresona\/\",\"url\":\"https:\/\/siemysli-ke.info\/de\/warszawa-druga-edycja-kongresona\/\",\"name\":\"Warszawa: DRUGA EDYCJA KONGRESONA - SI\u0118 MY\u015aLI\",\"isPartOf\":{\"@id\":\"https:\/\/siemysli-ke.info\/de\/#website\"},\"primaryImageOfPage\":{\"@id\":\"https:\/\/siemysli-ke.info\/de\/warszawa-druga-edycja-kongresona\/#primaryimage\"},\"image\":{\"@id\":\"https:\/\/siemysli-ke.info\/de\/warszawa-druga-edycja-kongresona\/#primaryimage\"},\"thumbnailUrl\":\"https:\/\/siemysli-ke.info\/wp-content\/uploads\/2015\/01\/11.jpg\",\"datePublished\":\"2015-01-22T18:09:59+00:00\",\"dateModified\":\"2015-01-22T21:11:28+00:00\",\"breadcrumb\":{\"@id\":\"https:\/\/siemysli-ke.info\/de\/warszawa-druga-edycja-kongresona\/#breadcrumb\"},\"inLanguage\":\"de\",\"potentialAction\":[{\"@type\":\"ReadAction\",\"target\":[[\"https:\/\/siemysli-ke.info\/de\/warszawa-druga-edycja-kongresona\/\"]]}]},{\"@type\":\"ImageObject\",\"inLanguage\":\"de\",\"@id\":\"https:\/\/siemysli-ke.info\/de\/warszawa-druga-edycja-kongresona\/#primaryimage\",\"url\":\"https:\/\/siemysli-ke.info\/wp-content\/uploads\/2015\/01\/11.jpg\",\"contentUrl\":\"https:\/\/siemysli-ke.info\/wp-content\/uploads\/2015\/01\/11.jpg\",\"width\":228,\"height\":197},{\"@type\":\"BreadcrumbList\",\"@id\":\"https:\/\/siemysli-ke.info\/de\/warszawa-druga-edycja-kongresona\/#breadcrumb\",\"itemListElement\":[{\"@type\":\"ListItem\",\"position\":1,\"name\":\"Home\",\"item\":\"https:\/\/siemysli-ke.info\/de\/\"},{\"@type\":\"ListItem\",\"position\":2,\"name\":\"Warszawa: DRUGA EDYCJA KONGRESONA\"}]},{\"@type\":\"WebSite\",\"@id\":\"https:\/\/siemysli-ke.info\/de\/#website\",\"url\":\"https:\/\/siemysli-ke.info\/de\/\",\"name\":\"SI\u0118 MY\u015aLI\",\"description\":\"\",\"publisher\":{\"@id\":\"https:\/\/siemysli-ke.info\/de\/#organization\"},\"potentialAction\":[{\"@type\":\"SearchAction\",\"target\":{\"@type\":\"EntryPoint\",\"urlTemplate\":\"https:\/\/siemysli-ke.info\/de\/?s={search_term_string}\"},\"query-input\":{\"@type\":\"PropertyValueSpecification\",\"valueRequired\":true,\"valueName\":\"search_term_string\"}}],\"inLanguage\":\"de\"},{\"@type\":\"Organization\",\"@id\":\"https:\/\/siemysli-ke.info\/de\/#organization\",\"name\":\"SI\u0118 MY\u015aLI\",\"url\":\"https:\/\/siemysli-ke.info\/de\/\",\"logo\":{\"@type\":\"ImageObject\",\"inLanguage\":\"de\",\"@id\":\"https:\/\/siemysli-ke.info\/de\/#\/schema\/logo\/image\/\",\"url\":\"https:\/\/siemysli-ke.info\/wp-content\/uploads\/2025\/05\/99.png\",\"contentUrl\":\"https:\/\/siemysli-ke.info\/wp-content\/uploads\/2025\/05\/99.png\",\"width\":270,\"height\":204,\"caption\":\"SI\u0118 MY\u015aLI\"},\"image\":{\"@id\":\"https:\/\/siemysli-ke.info\/de\/#\/schema\/logo\/image\/\"}},{\"@type\":\"Person\",\"@id\":\"https:\/\/siemysli-ke.info\/#\/schema\/person\/048295918d7858e90e57d1a2c2b5da74\",\"name\":\"admin\",\"image\":{\"@type\":\"ImageObject\",\"inLanguage\":\"de\",\"@id\":\"https:\/\/siemysli-ke.info\/de\/#\/schema\/person\/image\/\",\"url\":\"https:\/\/secure.gravatar.com\/avatar\/9acf729117e1cff813c07ba085b25a76702049ffb5efe3425388cd1a019577de?s=96&d=mm&r=g\",\"contentUrl\":\"https:\/\/secure.gravatar.com\/avatar\/9acf729117e1cff813c07ba085b25a76702049ffb5efe3425388cd1a019577de?s=96&d=mm&r=g\",\"caption\":\"admin\"},\"url\":\"https:\/\/siemysli-ke.info\/de\/author\/admin\/\"}]}<\/script>\n<!-- \/ Yoast SEO plugin. -->","yoast_head_json":{"title":"Warszawa: DRUGA EDYCJA KONGRESONA - SI\u0118 MY\u015aLI","robots":{"index":"index","follow":"follow","max-snippet":"max-snippet:-1","max-image-preview":"max-image-preview:large","max-video-preview":"max-video-preview:-1"},"canonical":"https:\/\/siemysli-ke.info\/de\/warszawa-druga-edycja-kongresona\/","og_locale":"de_DE","og_type":"article","og_title":"Warszawa: DRUGA EDYCJA KONGRESONA - SI\u0118 MY\u015aLI","og_description":"Federacja Anarchistyczna ma przyjemno\u015b\u0107 zaprosi\u0107 wszystkich na kolejne spotkanie w ramach Kongresona \u2013 og\u00f3lnopolskiego kongresu anarchistycznego, po raz drugi odbywaj\u0105cego","og_url":"https:\/\/siemysli-ke.info\/de\/warszawa-druga-edycja-kongresona\/","og_site_name":"SI\u0118 MY\u015aLI","article_published_time":"2015-01-22T18:09:59+00:00","article_modified_time":"2015-01-22T21:11:28+00:00","og_image":[{"width":228,"height":197,"url":"https:\/\/siemysli-ke.info\/wp-content\/uploads\/2015\/01\/11.jpg","type":"image\/jpeg"}],"author":"admin","twitter_misc":{"Verfasst von":"admin","Gesch\u00e4tzte Lesezeit":"1\u00a0Minute"},"schema":{"@context":"https:\/\/schema.org","@graph":[{"@type":"Article","@id":"https:\/\/siemysli-ke.info\/de\/warszawa-druga-edycja-kongresona\/#article","isPartOf":{"@id":"https:\/\/siemysli-ke.info\/de\/warszawa-druga-edycja-kongresona\/"},"author":{"name":"admin","@id":"https:\/\/siemysli-ke.info\/#\/schema\/person\/048295918d7858e90e57d1a2c2b5da74"},"headline":"Warszawa: DRUGA EDYCJA KONGRESONA","datePublished":"2015-01-22T18:09:59+00:00","dateModified":"2015-01-22T21:11:28+00:00","mainEntityOfPage":{"@id":"https:\/\/siemysli-ke.info\/de\/warszawa-druga-edycja-kongresona\/"},"wordCount":215,"commentCount":0,"publisher":{"@id":"https:\/\/siemysli-ke.info\/#organization"},"image":{"@id":"https:\/\/siemysli-ke.info\/de\/warszawa-druga-edycja-kongresona\/#primaryimage"},"thumbnailUrl":"https:\/\/siemysli-ke.info\/wp-content\/uploads\/2015\/01\/11.jpg","keywords":["Federacja Anarchistyczna","Kongresono - II edycja"],"articleSection":["Inne","Kultura"],"inLanguage":"de","potentialAction":[{"@type":"CommentAction","name":"Comment","target":["https:\/\/siemysli-ke.info\/de\/warszawa-druga-edycja-kongresona\/#respond"]}]},{"@type":"WebPage","@id":"https:\/\/siemysli-ke.info\/de\/warszawa-druga-edycja-kongresona\/","url":"https:\/\/siemysli-ke.info\/de\/warszawa-druga-edycja-kongresona\/","name":"Warszawa: DRUGA EDYCJA KONGRESONA - SI\u0118 MY\u015aLI","isPartOf":{"@id":"https:\/\/siemysli-ke.info\/de\/#website"},"primaryImageOfPage":{"@id":"https:\/\/siemysli-ke.info\/de\/warszawa-druga-edycja-kongresona\/#primaryimage"},"image":{"@id":"https:\/\/siemysli-ke.info\/de\/warszawa-druga-edycja-kongresona\/#primaryimage"},"thumbnailUrl":"https:\/\/siemysli-ke.info\/wp-content\/uploads\/2015\/01\/11.jpg","datePublished":"2015-01-22T18:09:59+00:00","dateModified":"2015-01-22T21:11:28+00:00","breadcrumb":{"@id":"https:\/\/siemysli-ke.info\/de\/warszawa-druga-edycja-kongresona\/#breadcrumb"},"inLanguage":"de","potentialAction":[{"@type":"ReadAction","target":[["https:\/\/siemysli-ke.info\/de\/warszawa-druga-edycja-kongresona\/"]]}]},{"@type":"ImageObject","inLanguage":"de","@id":"https:\/\/siemysli-ke.info\/de\/warszawa-druga-edycja-kongresona\/#primaryimage","url":"https:\/\/siemysli-ke.info\/wp-content\/uploads\/2015\/01\/11.jpg","contentUrl":"https:\/\/siemysli-ke.info\/wp-content\/uploads\/2015\/01\/11.jpg","width":228,"height":197},{"@type":"BreadcrumbList","@id":"https:\/\/siemysli-ke.info\/de\/warszawa-druga-edycja-kongresona\/#breadcrumb","itemListElement":[{"@type":"ListItem","position":1,"name":"Home","item":"https:\/\/siemysli-ke.info\/de\/"},{"@type":"ListItem","position":2,"name":"Warszawa: DRUGA EDYCJA KONGRESONA"}]},{"@type":"WebSite","@id":"https:\/\/siemysli-ke.info\/de\/#website","url":"https:\/\/siemysli-ke.info\/de\/","name":"SI\u0118 MY\u015aLI","description":"","publisher":{"@id":"https:\/\/siemysli-ke.info\/de\/#organization"},"potentialAction":[{"@type":"SearchAction","target":{"@type":"EntryPoint","urlTemplate":"https:\/\/siemysli-ke.info\/de\/?s={search_term_string}"},"query-input":{"@type":"PropertyValueSpecification","valueRequired":true,"valueName":"search_term_string"}}],"inLanguage":"de"},{"@type":"Organization","@id":"https:\/\/siemysli-ke.info\/de\/#organization","name":"SI\u0118 MY\u015aLI","url":"https:\/\/siemysli-ke.info\/de\/","logo":{"@type":"ImageObject","inLanguage":"de","@id":"https:\/\/siemysli-ke.info\/de\/#\/schema\/logo\/image\/","url":"https:\/\/siemysli-ke.info\/wp-content\/uploads\/2025\/05\/99.png","contentUrl":"https:\/\/siemysli-ke.info\/wp-content\/uploads\/2025\/05\/99.png","width":270,"height":204,"caption":"SI\u0118 MY\u015aLI"},"image":{"@id":"https:\/\/siemysli-ke.info\/de\/#\/schema\/logo\/image\/"}},{"@type":"Person","@id":"https:\/\/siemysli-ke.info\/#\/schema\/person\/048295918d7858e90e57d1a2c2b5da74","name":"admin","image":{"@type":"ImageObject","inLanguage":"de","@id":"https:\/\/siemysli-ke.info\/de\/#\/schema\/person\/image\/","url":"https:\/\/secure.gravatar.com\/avatar\/9acf729117e1cff813c07ba085b25a76702049ffb5efe3425388cd1a019577de?s=96&d=mm&r=g","contentUrl":"https:\/\/secure.gravatar.com\/avatar\/9acf729117e1cff813c07ba085b25a76702049ffb5efe3425388cd1a019577de?s=96&d=mm&r=g","caption":"admin"},"url":"https:\/\/siemysli-ke.info\/de\/author\/admin\/"}]}},"_links":{"self":[{"href":"https:\/\/siemysli-ke.info\/de\/wp-json\/wp\/v2\/posts\/14715","targetHints":{"allow":["GET"]}}],"collection":[{"href":"https:\/\/siemysli-ke.info\/de\/wp-json\/wp\/v2\/posts"}],"about":[{"href":"https:\/\/siemysli-ke.info\/de\/wp-json\/wp\/v2\/types\/post"}],"author":[{"embeddable":true,"href":"https:\/\/siemysli-ke.info\/de\/wp-json\/wp\/v2\/users\/1"}],"replies":[{"embeddable":true,"href":"https:\/\/siemysli-ke.info\/de\/wp-json\/wp\/v2\/comments?post=14715"}],"version-history":[{"count":0,"href":"https:\/\/siemysli-ke.info\/de\/wp-json\/wp\/v2\/posts\/14715\/revisions"}],"wp:featuredmedia":[{"embeddable":true,"href":"https:\/\/siemysli-ke.info\/de\/wp-json\/wp\/v2\/media\/14719"}],"wp:attachment":[{"href":"https:\/\/siemysli-ke.info\/de\/wp-json\/wp\/v2\/media?parent=14715"}],"wp:term":[{"taxonomy":"category","embeddable":true,"href":"https:\/\/siemysli-ke.info\/de\/wp-json\/wp\/v2\/categories?post=14715"},{"taxonomy":"post_tag","embeddable":true,"href":"https:\/\/siemysli-ke.info\/de\/wp-json\/wp\/v2\/tags?post=14715"}],"curies":[{"name":"wp","href":"https:\/\/api.w.org\/{rel}","templated":true}]}}