 {"id":14601,"date":"2015-01-09T15:15:35","date_gmt":"2015-01-09T14:15:35","guid":{"rendered":"http:\/\/www.siemysli.info.ke\/?p=14601"},"modified":"2015-01-09T16:58:07","modified_gmt":"2015-01-09T15:58:07","slug":"polska-postkolonia-nasza-historie-zawlaszczylo-imperium","status":"publish","type":"post","link":"https:\/\/siemysli-ke.info\/de\/polska-postkolonia-nasza-historie-zawlaszczylo-imperium\/","title":{"rendered":"Polska to postkolonia. Nasz\u0105 histori\u0119 zaw\u0142aszczy\u0142o imperium"},"content":{"rendered":"<p style=\"text-align: justify\"><a href=\"http:\/\/www.siemysli.info.ke\/wp-content\/uploads\/2015\/01\/polska_pilka.jpg\" rel=\"lightbox[14601]\"><img decoding=\"async\" class=\"alignleft size-medium wp-image-14602\" src=\"http:\/\/www.siemysli.info.ke\/wp-content\/uploads\/2015\/01\/polska_pilka-300x229.jpg\" alt=\"polska_pilka\" width=\"300\" height=\"229\" srcset=\"https:\/\/siemysli-ke.info\/wp-content\/uploads\/2015\/01\/polska_pilka-300x229.jpg 300w, https:\/\/siemysli-ke.info\/wp-content\/uploads\/2015\/01\/polska_pilka-100x75.jpg 100w, https:\/\/siemysli-ke.info\/wp-content\/uploads\/2015\/01\/polska_pilka.jpg 500w\" sizes=\"(max-width: 300px) 100vw, 300px\" \/><\/a>W \u015bwiecie ludzkim, w przeciwie\u0144stwie do Bo\u017cego, licz\u0105 si\u0119 przede wszystkim dwie rzeczy: si\u0142a i presti\u017c. Nar\u00f3d skolonizowany traci i si\u0142\u0119, i presti\u017c. Nar\u00f3d postkolonialny dostaje szans\u0119 na odbudow\u0119 swojej si\u0142y i presti\u017cu \u2013 m\u00f3wi PCh24.pl prof. Ewa Thompson, badacz m.in. zjawiska postkolonializmu w Europie \u015arodkowej.<\/p>\n<p style=\"text-align: justify\" align=\"left\">Czy III RP jest \u2013 jak twierdz\u0105 rz\u0105dz\u0105cy dzi\u015b politycy PO \u2013 najwi\u0119kszym sukcesem polskich elit od czas\u00f3w jagiello\u0144skich?<\/p>\n<p style=\"text-align: justify\" align=\"left\">Takie sformu\u0142owanie niczego nie wyja\u015bnia. M\u00f3wi\u0105c o \u201enajlepszej Polsce od czas\u00f3w jagiello\u0144skich\u201d wkraczamy w dziedzin\u0119 subiektywnych odczu\u0107. To jest zupe\u0142nie inna kategoria my\u015blowa. Z odczuciami trudno jest dyskutowa\u0107, bo nie spos\u00f3b jest dowie\u015b\u0107, \u017ce s\u0105 prawdziwe lub nieprawdziwe.<\/p>\n<p style=\"text-align: justify\" align=\"left\">Czym wi\u0119c jest obecnie Polska? Mo\u017ce kondominium, albo koloni\u0105 lub postkoloni\u0105?<\/p>\n<p style=\"text-align: justify\" align=\"left\">Nale\u017ca\u0142oby tu przywo\u0142a\u0107 s\u0142ownikowe definicje termin\u00f3w takich jak kolonia czy kondominium. Ot\u00f3\u017c aby kwalifikowa\u0107 si\u0119 do tych kategorii, nale\u017cy podpisa\u0107 odpowiednie umowy podda\u0144cze, kt\u00f3rych postkomunistyczna Polska nie podpisywa\u0142a. Nie mo\u017cna wi\u0119c o Polsce m\u00f3wi\u0107 jako o kolonii czy kondominium, chyba \u017ce w sensie przeno\u015bnym.<\/p>\n<p style=\"text-align: justify\" align=\"left\">Ale ta przeno\u015bnia jest nieco jaskrawa, i nie powinna by\u0107 nadu\u017cywana. Natomiast kategoria postkolonializmu \u2013 wzi\u0105wszy pod uwag\u0119 militarn\u0105 okupacj\u0119 sowieck\u0105 w latach 1945\u20131989 i spowodowane przez ni\u0105 straty gospodarcze, spo\u0142eczne i polityczne \u2013 jest jak najbardziej na miejscu. Polacy, na przestrzeni dw\u00f3ch pokole\u0144 rz\u0105dzeni przez wyznaczonych przez Moskw\u0119 namiestnik\u00f3w, \u017cyj\u0105cy w strachu sowieckiej militarnej interwencji, gdy si\u0119 wreszcie uwolnili od okupacyjnej armii, stali si\u0119 postkoloni\u0105\u2013\u2013ekonomiczn\u0105, polityczn\u0105, kulturow\u0105.<\/p>\n<p style=\"text-align: justify\" align=\"left\">Oczywi\u015bcie s\u0105 r\u00f3\u017cne postkolonie i r\u00f3\u017cni kolonizatorzy, dlatego Polska r\u00f3\u017cni si\u0119 kulturowo, ekonomicznie i politycznie od Algierii, Irlandii czy Indii.<\/p>\n<p style=\"text-align: justify\" align=\"left\">Francja, obchody 70-lecia desantu na Normandi\u0119. Prezydent Hollande wymieni\u0142 wszystkie narody, kt\u00f3re przyczyni\u0142y si\u0119 do zwyci\u0119stwa nad Niemcami w czasie II wojny \u015bwiatowej. O Polakach nawet si\u0119 nie zaj\u0105kn\u0105\u0142. Za to s\u0142owa uznania skierowa\u0142 pod adresem Armii Czerwonej. Dlaczego mo\u017cni tego \u015bwiata zn\u00f3w o nas zapomnieli?<\/p>\n<p style=\"text-align: justify\" align=\"left\">Historia i osi\u0105gni\u0119cia podbitego narodu zostaj\u0105 albo zapomniane, albo przypisane zwyci\u0119skiemu narodowi. Tak wi\u0119c niepami\u0119tanie o wk\u0142adzie Polak\u00f3w w zwyci\u0119sk\u0105 wojn\u0119 z Trzeci\u0105 Rzesz\u0105, przypisywanie Kopernikowi narodowo\u015bci niemieckiej za\u015b W\u0142odzimierzowi Spasowiczowi, Wac\u0142awowi Ni\u017cy\u0144skiemu czy Miko\u0142ajowi Przewalskiemu narodowo\u015bci rosyjskiej, to rutynowe nieprawdy, a g\u0142osiciel takich nieprawd mo\u017ce nawet nie zdaje sobie sprawy z tego, \u017ce m\u00f3wi nieprawd\u0119. Imperium bowiem \u201ezagarnia\u201d i uwa\u017ca za swoje osi\u0105gni\u0119cia dorobek lud\u00f3w kolonizowanych. Je\u017celi nar\u00f3d nie odzyska niezawis\u0142o\u015bci, korekta tego rodzaju fa\u0142szerstw staje si\u0119 praktycznie niemo\u017cliwa. Jak Polska mo\u017ce wr\u00f3ci\u0107 do niezawis\u0142o\u015bci? Korekta zale\u017cy od sukces\u00f3w rozwojowych by\u0142ej kolonii oraz od nat\u0119\u017cenia \u201eprywatnej inicjatywy\u201d obywateli, kt\u00f3rych te fa\u0142szerstwa powinny oburza\u0107 i kt\u00f3rzy powinni podejmowa\u0107 indywidualne wysi\u0142ki przeciwstawienia si\u0119 temu.<\/p>\n<p style=\"text-align: justify\" align=\"left\">Wbrew przekonaniom wielu Polak\u00f3w po prawej stronie politycznego spectrum, wzgl\u0119dnie niewiele mog\u0105 tu zrobi\u0107 polskie instytucje, jakkolwiek pisanie list\u00f3w do prasy i instytucji zagranicznych w wypadkach ra\u017c\u0105cego odbiegania od prawdy to oczywi\u015bcie elementarny obowi\u0105zek polskich konsul\u00f3w za granic\u0105. W spo\u0142ecze\u0144stwach demokratycznych jednak osi\u0105ga si\u0119 wi\u0119cej przez spontaniczne i liczne protesty prywatne ni\u017c przez zajmowanie oficjalnego stanowiska przez plac\u00f3wki dyplomatyczne. Na przyk\u0142ad w opisanym przez Pana przypadku Hollande\u2019a, listy protestacyjne obywateli francuskich pochodzenia polskiego lub Polak\u00f3w zamieszka\u0142ych we Francji odnios\u0142yby lepszy skutek, ni\u017c protest ambasady, kt\u00f3ry by\u0142by uznany za nietaktowne \u201eczepianie si\u0119\u201d.<\/p>\n<p style=\"text-align: justify\" align=\"left\">I tu trzeba stwierdzi\u0107, \u017ce Polak\u00f3w zdolnych, maj\u0119tnych i ch\u0119tnych do podejmowania tego rodzaju prywatnych inicjatyw wci\u0105\u017c jest za ma\u0142o. Po dziesi\u0119ciu pokoleniach mordowania tych najdzielniejszych i w sytuacji nies\u0142ychanego zubo\u017cenia spo\u0142ecze\u0144stwa, ludzie boj\u0105 si\u0119 wyst\u0105pi\u0107 z szeregu, boj\u0105 si\u0119 podj\u0105\u0107 ryzyko \u201epodk\u0142adania si\u0119\u201d w nieosobistej sprawie.<\/p>\n<p style=\"text-align: justify\" align=\"left\">Ale nie jest te\u017c bardzo \u017ale \u2013\u2013 Polak\u00f3w wci\u0105\u017c jest du\u017co, nie da\u0142o si\u0119 ich tak do ko\u0144ca wytrzebi\u0107, istniej\u0105 ludzie odwa\u017cni. W wielu wypadkach z satysfakcj\u0105 obserwuj\u0119 wyst\u0105pienia Polak\u00f3w na forum publicznym w r\u00f3\u017cnych cz\u0119\u015bciach \u015bwiata. Je\u017celi Polsce uda si\u0119 zachowa\u0107 niezawis\u0142o\u015b\u0107, wielkie fa\u0142szerstwa historii, takie jak np. wizja Europy maj\u0105ca swoje \u017ar\u00f3d\u0142o w Kongresie Wiede\u0144skim, zostan\u0105 skorygowane przez polskich i niepolskich historyk\u00f3w. Ale na to trzeba paru pokole\u0144 i sporo pieni\u0119dzy.<\/p>\n<p style=\"text-align: justify\" align=\"left\">Nale\u017cy r\u00f3wnie\u017c pami\u0119ta\u0107, \u017ce \u017cyjemy w spo\u0142ecze\u0144stwie ludzkim a nie Bo\u017cym. Na\u00a0civitas Dei\u00a0mamy nadziej\u0119, podczas gdy historia ludzkiego kr\u00f3lestwa jest wielkim strumieniem niesprawiedliwo\u015bci, z kt\u00f3rych tylko cz\u0119\u015b\u0107 zostanie nazwana po imieniu w narracji historycznej \u015bwiata. Nie da si\u0119 tego strumienia zawr\u00f3ci\u0107 o 180 stopni czy nawet nada\u0107 mu prawid\u0142owej nazwy, cho\u0107 naturalnie nale\u017cy robi\u0107, co jest w naszej mocy, by go nieco skorygowa\u0107. W kr\u00f3lestwie ludzkim mo\u017cemy liczy\u0107 g\u0142\u00f3wnie na to, co sami zrobimy, aby umniejszy\u0107 niesprawiedliwo\u015bci\u2014kt\u00f3re jednak b\u0119d\u0105 i pozostan\u0105.<\/p>\n<p style=\"text-align: justify\" align=\"left\">A polski dorobek, wk\u0142ad Polski w Europ\u0119 zosta\u0142y zapomniane?<\/p>\n<p style=\"text-align: justify\" align=\"left\">Tak, polska narracja zosta\u0142a w znacznej mierze przek\u0142amana w czasie rozbior\u00f3w, kt\u00f3re trwa\u0142y przez sze\u015b\u0107 pokole\u0144, a potem w okresie sowieckiej kolonizacji, kt\u00f3ra trwa\u0142a dwa pokolenia. Gdy si\u0119 jest skolonizowanym, traci si\u0119 g\u0142os.<\/p>\n<p style=\"text-align: justify\" align=\"left\">I tu dochodzimy do j\u0105dra problemu. W \u015bwiecie ludzkim \u2013 w przeciwie\u0144stwie do Bo\u017cego \u2013 licz\u0105 si\u0119 przede wszystkim dwie rzeczy: si\u0142a i presti\u017c. Nar\u00f3d skolonizowany traci i si\u0142\u0119, i presti\u017c. Nar\u00f3d postkolonialny dostaje szans\u0119 na odbudow\u0119 swojej si\u0142y i presti\u017cu. Nie dzieje si\u0119 to automatycznie\u2013\u2013to jest praca na kilka pokole\u0144. Pami\u0119taj\u0105c, \u017ce tak jest, nale\u017cy wi\u0119c anga\u017cowa\u0107 si\u0119 w ten proces nie \u0142udz\u0105c si\u0119, \u017ce wygramy na sto procent, cho\u0107 mo\u017cna o tym oczywi\u015bcie marzy\u0107.<\/p>\n<p style=\"text-align: justify\" align=\"left\">Narody postkolonialne, je\u017celi znajd\u0105 w sobie do\u015b\u0107 determinacji aby si\u0119 rozwija\u0107, musz\u0105 rosn\u0105\u0107 w si\u0142\u0119 ekonomiczn\u0105, demograficzn\u0105, kulturow\u0105. Nie po to, aby podbija\u0107 s\u0105siad\u00f3w czy forsowa\u0107 swoje interesy w krajach s\u0142abszych, ale po to, aby mie\u0107 mo\u017cno\u015b\u0107 obrony swoich obywateli, swoich granic i to\u017csamo\u015bci. W wypadku Polski, aby realizowa\u0107 te warto\u015bci, w imi\u0119 kt\u00f3rych tak wielu Polak\u00f3w i Polek \u017cy\u0142o i umiera\u0142o w ci\u0105gu ostatnich kilku stuleci. To jest elementarny obowi\u0105zek wobec tych, kt\u00f3rzy z\u0142o\u017cyli za te warto\u015bci ofiar\u0119 \u017cycia. Nie wype\u0142niamy tego obowi\u0105zku li tylko przez lamenty nad sytuacj\u0105 w polskiej polityce. Raczej nale\u017cy kreowa\u0107 \u015brodki, przy pomocy kt\u00f3rych mo\u017cna na t\u0119 sytuacj\u0119 wp\u0142ywa\u0107.<\/p>\n<p style=\"text-align: justify\" align=\"left\">Polska tymczasem zaniedbuje inwestycje w nauk\u0119. Jaki wielki ma to wp\u0142yw na promowanie dorobku polskiej kultury i historii za granic\u0105?<\/p>\n<p style=\"text-align: justify\" align=\"left\">Przypomina mi si\u0119 tu epizod z \u017cycia Jana Paw\u0142a II, zaraz po wybraniu go na papie\u017ca. Ot\u00f3\u017c gdy zleci\u0142 budow\u0119 p\u0142ywalni w Watykanie, niekt\u00f3rzy szemrali, \u017ce jest to niepotrzebny luksus nowego Ojca \u015bwi\u0119tego. Na co Wojty\u0142a odpowiedzia\u0142 tak: \u201eZbudowanie basenu kosztowa\u0107 b\u0119dzie o wiele mniej, ni\u017c zorganizowanie i op\u0142acenie nowego konklawe\u201d.<\/p>\n<p style=\"text-align: justify\" align=\"left\">Trzeba umie\u0107 rozr\u00f3\u017cni\u0107 pomi\u0119dzy luksusem dla luksusu, a tym, kt\u00f3ry zapobiega o wiele wi\u0119kszym wydatkom. Podobnie trzeba rosn\u0105\u0107 w si\u0142\u0119 nie dlatego, aby by\u0107 numerem jeden, ale dlatego, \u017ce b\u0119d\u0105c numerem jeden ma si\u0119 mo\u017cliwo\u015bci zrobienia wi\u0119cej dobrego. Zdaj\u0119 sobie spraw\u0119, \u017ce tu wkraczamy na grz\u0105ski teren odczu\u0107, ale poniewa\u017c prowadzimy dyskusj\u0119 w kr\u0119gu katolickim, zak\u0142adam, \u017ce od czasu do czasu mo\u017cna si\u0119 pos\u0142u\u017cy\u0107 terminem takim jak \u201edobro\u201d bez konieczno\u015bci definiowania go. Cz\u0142owiek maj\u0119tny mo\u017ce np. fundowa\u0107 stypendia dla niezamo\u017cnych uczni\u00f3w, zak\u0142ada\u0107 instytucje niezale\u017cne od pa\u0144stwa, finansowa\u0107 katolickie pismo czy inwestowa\u0107 w nauk\u0119. Tak wi\u0119c jestem zwolenniczk\u0105 has\u0142a \u201eBoga\u0107cie si\u0119!\u201d To prawda, \u017ce u\u017cywa\u0142 go Bucharin w okresie NEP-u, ale zupe\u0142nie inny sens tego has\u0142a znajdujemy w dystrybucjonizmie Chestertona.<\/p>\n<p style=\"text-align: justify\" align=\"left\">Odradza\u0142abym tu pedanteri\u0119, z kt\u00f3r\u0105 przeciwnicy kapitalizmu atakuj\u0105 tego rodzaju has\u0142a twierdz\u0105c, \u017ce to, co si\u0119 obecnie nazywa kapitalizmem, nie sprzyja duchowemu rozwojowi cz\u0142owieka. Nale\u017cy pami\u0119ta\u0107, \u017ce \u017cyjemy w kr\u00f3lestwie ziemskim a nie Bo\u017cym, i \u017ce musimy szuka\u0107 najkorzystniejszej metody pomno\u017cenia naszych talent\u00f3w w \u015bwiecie nas otaczaj\u0105cym, a nie w \u015bwiecie naszych marze\u0144. Wybrzydzaj\u0105c na wsp\u00f3\u0142czesny kapitalizm i zamykaj\u0105c si\u0119 w okopach \u015bw. Tr\u00f3jcy post\u0119powaliby\u015bmy jak ten s\u0142uga, kt\u00f3ry ukry\u0142 sw\u00f3j talent w ziemi, bo nie chcia\u0142 brudzi\u0107 sobie r\u0105k niepewnymi transakcjami. Indywidualne bogacenie si\u0119 wzmacnia polski presti\u017c zagranic\u0105.<\/p>\n<p style=\"text-align: justify\" align=\"left\">Co robi\u0107, by popularyzowa\u0107 polski dorobek kulturalny, by Chopin przesta\u0142 by\u0107 uwa\u017cany za francuskiego kompozytora?<\/p>\n<p style=\"text-align: justify\" align=\"left\">Rosn\u0105\u0107 w si\u0142\u0119! Mie\u0107 ambicj\u0119 bycia najlepszym w \u015bwiecie w swoim zawodzie. Mierzy\u0107 wysoko. Zach\u0119ca\u0107 swoje dzieci, aby mierzy\u0142y wysoko. Przygotowywa\u0107 je do roli przyw\u00f3dczej. Polacy maj\u0105 tendencj\u0119 do ust\u0119powania na krok przed zwyci\u0119stwem, w imi\u0119 b\u0142\u0119dnie pojmowanej chrze\u015bcija\u0144skiej pokory: nie chc\u0119 by\u0107 pierwszy, niech to pierwsze miejsce zajmie kto\u015b inny.<\/p>\n<p style=\"text-align: justify\" align=\"left\">Wielkie zmiany b\u0119d\u0105 mia\u0142y miejsce tylko wtedy, gdy Polska i Polacy zdob\u0119d\u0105 mi\u0119dzynarodowy presti\u017c za sukcesy w rozwoju gospodarczym, za wynalazczo\u015b\u0107, wytrwa\u0142o\u015b\u0107, dzie\u0142a artystyczne, kt\u00f3re przem\u00f3wi\u0105 do ka\u017cdego. Istnieje sprz\u0119\u017cenie zwrotne pomi\u0119dzy takimi osi\u0105gni\u0119ciami i statusem mi\u0119dzynarodowym Polski. Wiemy, \u017ce s\u0105 o\u015brodki w\u0142adzy i nacisku, kt\u00f3re wci\u0105\u017c widz\u0105 Polsk\u0119 jako b\u0119karta Traktatu Wersalskiego. Swoimi osi\u0105gni\u0119ciami anulujemy takie pogl\u0105dy. Wierz\u0119 w polsk\u0105 wol\u0119 zaistnienia.<\/p>\n<p style=\"text-align: justify\" align=\"left\">W Polsce my\u015bli si\u0119 kliszami zachodniego \u201epost\u0119pu\u201d. Je\u015bli wstydzimy si\u0119 naszych symboli i tradycji k\u0142ad\u0105c je na o\u0142tarzu zachwytu nad zachodni\u0105 \u201enowoczesno\u015bci\u0105\u201d, to jeste\u015bmy obecnie zdolni do tego, by promowa\u0107 oryginalno\u015b\u0107 i pi\u0119kno naszej kultury?<\/p>\n<p style=\"text-align: justify\" align=\"left\">T\u0142em Pana pytania jest przekonanie, \u017ce \u015bwiat powinien by\u0107 sprawiedliwy, czy raczej, \u017ce je\u017celi b\u0119dziemy g\u0142o\u015bno krzycze\u0107, to \u015bwiat nam jako\u015b nasze krzywdy wyr\u00f3wna. Ot\u00f3\u017c nie wyr\u00f3wna. Rachunku krzywd na tym \u015bwiecie nikt nam nie wyr\u00f3wna, trzeba tej prawdzie spojrze\u0107 w oczy i powstrzymywa\u0107 si\u0119 od odruchowego nieomal pokazywania, jak to Polak\u00f3w los \u017ale potraktowa\u0142. Zgoda. Trudno si\u0119 od tego powstrzyma\u0107. Ale trzeba si\u0119 przyzwyczai\u0107 do my\u015bli, \u017ce g\u0142o\u015bnie krzyczenie o tym, jaka dzieje si\u0119 nam niesprawiedliwo\u015b\u0107, w wi\u0119kszo\u015bci wypadk\u00f3w zostanie zignorowane. Produktywn\u0105 odpowiedzi\u0105 na niesprawiedliwo\u015b\u0107 jest robienie swego i osi\u0105ganie swego. G\u0142o\u015bna korekta fa\u0142szerstw jest jak najbardziej na miejscu \u2013 st\u0105d jestem na przyk\u0142ad pe\u0142na uznania dla p. Macieja \u015awirskiego i prowadzonej przez niego Reduty Dobrego Imienia. Ale eksponowanie kl\u0119sk \u2013 nawet je\u017celi s\u0105 to szlachetne kl\u0119ski, jak Powstanie Warszawskie \u2013 ma inny wyd\u017awi\u0119k w Polsce, a inny np. w Stanach Zjednoczonych, gdzie szlachetne kl\u0119ski si\u0119 nie licz\u0105. Nasi bohaterowie maj\u0105 formowa\u0107 nas i przez nas maj\u0105 by\u0107 doceniani; nie da si\u0119 na tym etapie znajomo\u015bci historii w Europie i \u015bwiecie podzieli\u0107 si\u0119 w pe\u0142ni ich bohaterstwem z innymi.<\/p>\n<p style=\"text-align: justify\" align=\"left\">W Polsce nawet wsp\u00f3\u0142czesnej mo\u017cna si\u0119 chwali\u0107 wieloma rzeczami, od wci\u0105\u017c niedocenianych i niereklamowanych osi\u0105gni\u0119\u0107 polskiego katolicyzmu, przez student\u00f3w z Politechniki Bia\u0142ostockiej, kt\u00f3rzy zbudowali nagrodzonego w mi\u0119dzynarodowym konkursie marsja\u0144skiego \u0142azika, po wyniki nastolatk\u00f3w w \u015bwiatowych rankingach zdolno\u015bci poznawczych. Mieszam tu kategorie \u015bwieckie i duchowne po to, aby podkre\u015bli\u0107, \u017ce w przeciwie\u0144stwie do tych drugich nikt w\u0142a\u015bciwie nie zajmuje si\u0119 rozg\u0142aszaniem w \u015bwiecie tych pierwszych. Na przyk\u0142ad pi\u0119kna i r\u00f3\u017cnorodno\u015bci polskich katolickich ko\u015bcio\u0142\u00f3w lub tego, w jaki spos\u00f3b s\u0105 w Polsce traktowani s\u0105 ci najmniejsi, najbardziej niepe\u0142nosprawni, dwudziestolatkowie wa\u017c\u0105cy pi\u0119tna\u015bcie kilo, ci, kt\u00f3rymi opiekuj\u0105 si\u0119 siostry zakonne w \u0141odzi, E\u0142ku czy Niegowie-Samarii. By\u0142am, widzia\u0142am, to s\u0105 rzeczy unikalne, w por\u00f3wnaniu np. z \u201emagazynowaniem\u201d czy wr\u0119cz eutanazj\u0105 niepe\u0142nosprawnych w Stanach Zjednoczonych.<\/p>\n<p style=\"text-align: justify\" align=\"left\">To, do jakiego stopnia dany kraj jest cywilizacyjnie zaawansowany, mierzy si\u0119 tym, jak s\u0105 w nim traktowani ci najs\u0142absi i najbardziej bezbronni. W takim rankingu Polska stan\u0119\u0142aby bardzo wysoko. To tylko jeden z wielu przyk\u0142ad\u00f3w, z kt\u00f3rych mo\u017cna by\u0107 prawdziwie dumnym. Ale gdzie s\u0105 \u015bwieccy, biskupi czy ksi\u0119\u017ca podaj\u0105cy takie rzeczy do \u015bwiatowej wiadomo\u015bci?<\/p>\n<p style=\"text-align: justify\" align=\"left\">\n<h3 class=\"autor\" style=\"color: #575859\"><b>prof. Ewa Thompson\u00a0<\/b><\/h3>\n<p align=\"left\">Rozmawia\u0142: Krzysztof G\u0119d\u0142ek<\/p>\n<p align=\"left\">Materia\u0142 ze strony PCH24.PL<\/p>\n<p style=\"text-align: right\" align=\"left\">\n<p>&nbsp;<\/p>\n","protected":false},"excerpt":{"rendered":"<p>W \u015bwiecie ludzkim, w przeciwie\u0144stwie do Bo\u017cego, licz\u0105 si\u0119 przede wszystkim dwie rzeczy: si\u0142a i presti\u017c. Nar\u00f3d skolonizowany traci i<\/p>\n","protected":false},"author":7,"featured_media":14602,"comment_status":"open","ping_status":"open","sticky":false,"template":"","format":"standard","meta":{"colormag_page_layout":"default_layout","footnotes":""},"categories":[3,81],"tags":[1743],"class_list":["post-14601","post","type-post","status-publish","format-standard","has-post-thumbnail","hentry","category-kultura","category-rzeczpospolita","tag-polska-to-postkolonia"],"yoast_head":"<!-- This site is optimized with the Yoast SEO plugin v25.1 - https:\/\/yoast.com\/wordpress\/plugins\/seo\/ -->\n<title>Polska to postkolonia. Nasz\u0105 histori\u0119 zaw\u0142aszczy\u0142o imperium - SI\u0118 MY\u015aLI<\/title>\n<meta name=\"robots\" content=\"index, follow, max-snippet:-1, max-image-preview:large, max-video-preview:-1\" \/>\n<link rel=\"canonical\" href=\"https:\/\/siemysli-ke.info\/de\/polska-postkolonia-nasza-historie-zawlaszczylo-imperium\/\" \/>\n<meta property=\"og:locale\" content=\"de_DE\" \/>\n<meta property=\"og:type\" content=\"article\" \/>\n<meta property=\"og:title\" content=\"Polska to postkolonia. Nasz\u0105 histori\u0119 zaw\u0142aszczy\u0142o imperium - SI\u0118 MY\u015aLI\" \/>\n<meta property=\"og:description\" content=\"W \u015bwiecie ludzkim, w przeciwie\u0144stwie do Bo\u017cego, licz\u0105 si\u0119 przede wszystkim dwie rzeczy: si\u0142a i presti\u017c. Nar\u00f3d skolonizowany traci i\" \/>\n<meta property=\"og:url\" content=\"https:\/\/siemysli-ke.info\/de\/polska-postkolonia-nasza-historie-zawlaszczylo-imperium\/\" \/>\n<meta property=\"og:site_name\" content=\"SI\u0118 MY\u015aLI\" \/>\n<meta property=\"article:published_time\" content=\"2015-01-09T14:15:35+00:00\" \/>\n<meta property=\"article:modified_time\" content=\"2015-01-09T15:58:07+00:00\" \/>\n<meta property=\"og:image\" content=\"https:\/\/siemysli-ke.info\/wp-content\/uploads\/2015\/01\/polska_pilka.jpg\" \/>\n\t<meta property=\"og:image:width\" content=\"500\" \/>\n\t<meta property=\"og:image:height\" content=\"383\" \/>\n\t<meta property=\"og:image:type\" content=\"image\/jpeg\" \/>\n<meta name=\"author\" content=\"Jaromir\" \/>\n<meta name=\"twitter:label1\" content=\"Verfasst von\" \/>\n\t<meta name=\"twitter:data1\" content=\"Jaromir\" \/>\n\t<meta name=\"twitter:label2\" content=\"Gesch\u00e4tzte Lesezeit\" \/>\n\t<meta name=\"twitter:data2\" content=\"11\u00a0Minuten\" \/>\n<script type=\"application\/ld+json\" class=\"yoast-schema-graph\">{\"@context\":\"https:\/\/schema.org\",\"@graph\":[{\"@type\":\"Article\",\"@id\":\"https:\/\/siemysli-ke.info\/de\/polska-postkolonia-nasza-historie-zawlaszczylo-imperium\/#article\",\"isPartOf\":{\"@id\":\"https:\/\/siemysli-ke.info\/de\/polska-postkolonia-nasza-historie-zawlaszczylo-imperium\/\"},\"author\":{\"name\":\"Jaromir\",\"@id\":\"https:\/\/siemysli-ke.info\/#\/schema\/person\/66d741fa745a44f2fe46d112bc6499f2\"},\"headline\":\"Polska to postkolonia. Nasz\u0105 histori\u0119 zaw\u0142aszczy\u0142o imperium\",\"datePublished\":\"2015-01-09T14:15:35+00:00\",\"dateModified\":\"2015-01-09T15:58:07+00:00\",\"mainEntityOfPage\":{\"@id\":\"https:\/\/siemysli-ke.info\/de\/polska-postkolonia-nasza-historie-zawlaszczylo-imperium\/\"},\"wordCount\":2117,\"commentCount\":0,\"publisher\":{\"@id\":\"https:\/\/siemysli-ke.info\/#organization\"},\"image\":{\"@id\":\"https:\/\/siemysli-ke.info\/de\/polska-postkolonia-nasza-historie-zawlaszczylo-imperium\/#primaryimage\"},\"thumbnailUrl\":\"https:\/\/siemysli-ke.info\/wp-content\/uploads\/2015\/01\/polska_pilka.jpg\",\"keywords\":[\"Polska to postkolonia\"],\"articleSection\":[\"Kultura\",\"Rzeczypospolita\"],\"inLanguage\":\"de\",\"potentialAction\":[{\"@type\":\"CommentAction\",\"name\":\"Comment\",\"target\":[\"https:\/\/siemysli-ke.info\/de\/polska-postkolonia-nasza-historie-zawlaszczylo-imperium\/#respond\"]}]},{\"@type\":\"WebPage\",\"@id\":\"https:\/\/siemysli-ke.info\/de\/polska-postkolonia-nasza-historie-zawlaszczylo-imperium\/\",\"url\":\"https:\/\/siemysli-ke.info\/de\/polska-postkolonia-nasza-historie-zawlaszczylo-imperium\/\",\"name\":\"Polska to postkolonia. Nasz\u0105 histori\u0119 zaw\u0142aszczy\u0142o imperium - SI\u0118 MY\u015aLI\",\"isPartOf\":{\"@id\":\"https:\/\/siemysli-ke.info\/de\/#website\"},\"primaryImageOfPage\":{\"@id\":\"https:\/\/siemysli-ke.info\/de\/polska-postkolonia-nasza-historie-zawlaszczylo-imperium\/#primaryimage\"},\"image\":{\"@id\":\"https:\/\/siemysli-ke.info\/de\/polska-postkolonia-nasza-historie-zawlaszczylo-imperium\/#primaryimage\"},\"thumbnailUrl\":\"https:\/\/siemysli-ke.info\/wp-content\/uploads\/2015\/01\/polska_pilka.jpg\",\"datePublished\":\"2015-01-09T14:15:35+00:00\",\"dateModified\":\"2015-01-09T15:58:07+00:00\",\"breadcrumb\":{\"@id\":\"https:\/\/siemysli-ke.info\/de\/polska-postkolonia-nasza-historie-zawlaszczylo-imperium\/#breadcrumb\"},\"inLanguage\":\"de\",\"potentialAction\":[{\"@type\":\"ReadAction\",\"target\":[[\"https:\/\/siemysli-ke.info\/de\/polska-postkolonia-nasza-historie-zawlaszczylo-imperium\/\"]]}]},{\"@type\":\"ImageObject\",\"inLanguage\":\"de\",\"@id\":\"https:\/\/siemysli-ke.info\/de\/polska-postkolonia-nasza-historie-zawlaszczylo-imperium\/#primaryimage\",\"url\":\"https:\/\/siemysli-ke.info\/wp-content\/uploads\/2015\/01\/polska_pilka.jpg\",\"contentUrl\":\"https:\/\/siemysli-ke.info\/wp-content\/uploads\/2015\/01\/polska_pilka.jpg\",\"width\":500,\"height\":383},{\"@type\":\"BreadcrumbList\",\"@id\":\"https:\/\/siemysli-ke.info\/de\/polska-postkolonia-nasza-historie-zawlaszczylo-imperium\/#breadcrumb\",\"itemListElement\":[{\"@type\":\"ListItem\",\"position\":1,\"name\":\"Home\",\"item\":\"https:\/\/siemysli-ke.info\/de\/\"},{\"@type\":\"ListItem\",\"position\":2,\"name\":\"Polska to postkolonia. Nasz\u0105 histori\u0119 zaw\u0142aszczy\u0142o imperium\"}]},{\"@type\":\"WebSite\",\"@id\":\"https:\/\/siemysli-ke.info\/de\/#website\",\"url\":\"https:\/\/siemysli-ke.info\/de\/\",\"name\":\"SI\u0118 MY\u015aLI\",\"description\":\"\",\"publisher\":{\"@id\":\"https:\/\/siemysli-ke.info\/de\/#organization\"},\"potentialAction\":[{\"@type\":\"SearchAction\",\"target\":{\"@type\":\"EntryPoint\",\"urlTemplate\":\"https:\/\/siemysli-ke.info\/de\/?s={search_term_string}\"},\"query-input\":{\"@type\":\"PropertyValueSpecification\",\"valueRequired\":true,\"valueName\":\"search_term_string\"}}],\"inLanguage\":\"de\"},{\"@type\":\"Organization\",\"@id\":\"https:\/\/siemysli-ke.info\/de\/#organization\",\"name\":\"SI\u0118 MY\u015aLI\",\"url\":\"https:\/\/siemysli-ke.info\/de\/\",\"logo\":{\"@type\":\"ImageObject\",\"inLanguage\":\"de\",\"@id\":\"https:\/\/siemysli-ke.info\/de\/#\/schema\/logo\/image\/\",\"url\":\"https:\/\/siemysli-ke.info\/wp-content\/uploads\/2025\/05\/99.png\",\"contentUrl\":\"https:\/\/siemysli-ke.info\/wp-content\/uploads\/2025\/05\/99.png\",\"width\":270,\"height\":204,\"caption\":\"SI\u0118 MY\u015aLI\"},\"image\":{\"@id\":\"https:\/\/siemysli-ke.info\/de\/#\/schema\/logo\/image\/\"}},{\"@type\":\"Person\",\"@id\":\"https:\/\/siemysli-ke.info\/#\/schema\/person\/66d741fa745a44f2fe46d112bc6499f2\",\"name\":\"Jaromir\",\"image\":{\"@type\":\"ImageObject\",\"inLanguage\":\"de\",\"@id\":\"https:\/\/siemysli-ke.info\/de\/#\/schema\/person\/image\/\",\"url\":\"https:\/\/secure.gravatar.com\/avatar\/fe881559e8ac8dda20293e9e8317d4678c6ad8f65f85a9ce5e1a87cee56b6198?s=96&d=mm&r=g\",\"contentUrl\":\"https:\/\/secure.gravatar.com\/avatar\/fe881559e8ac8dda20293e9e8317d4678c6ad8f65f85a9ce5e1a87cee56b6198?s=96&d=mm&r=g\",\"caption\":\"Jaromir\"},\"url\":\"https:\/\/siemysli-ke.info\/de\/author\/jaromir\/\"}]}<\/script>\n<!-- \/ Yoast SEO plugin. -->","yoast_head_json":{"title":"Polska to postkolonia. Nasz\u0105 histori\u0119 zaw\u0142aszczy\u0142o imperium - SI\u0118 MY\u015aLI","robots":{"index":"index","follow":"follow","max-snippet":"max-snippet:-1","max-image-preview":"max-image-preview:large","max-video-preview":"max-video-preview:-1"},"canonical":"https:\/\/siemysli-ke.info\/de\/polska-postkolonia-nasza-historie-zawlaszczylo-imperium\/","og_locale":"de_DE","og_type":"article","og_title":"Polska to postkolonia. Nasz\u0105 histori\u0119 zaw\u0142aszczy\u0142o imperium - SI\u0118 MY\u015aLI","og_description":"W \u015bwiecie ludzkim, w przeciwie\u0144stwie do Bo\u017cego, licz\u0105 si\u0119 przede wszystkim dwie rzeczy: si\u0142a i presti\u017c. Nar\u00f3d skolonizowany traci i","og_url":"https:\/\/siemysli-ke.info\/de\/polska-postkolonia-nasza-historie-zawlaszczylo-imperium\/","og_site_name":"SI\u0118 MY\u015aLI","article_published_time":"2015-01-09T14:15:35+00:00","article_modified_time":"2015-01-09T15:58:07+00:00","og_image":[{"width":500,"height":383,"url":"https:\/\/siemysli-ke.info\/wp-content\/uploads\/2015\/01\/polska_pilka.jpg","type":"image\/jpeg"}],"author":"Jaromir","twitter_misc":{"Verfasst von":"Jaromir","Gesch\u00e4tzte Lesezeit":"11\u00a0Minuten"},"schema":{"@context":"https:\/\/schema.org","@graph":[{"@type":"Article","@id":"https:\/\/siemysli-ke.info\/de\/polska-postkolonia-nasza-historie-zawlaszczylo-imperium\/#article","isPartOf":{"@id":"https:\/\/siemysli-ke.info\/de\/polska-postkolonia-nasza-historie-zawlaszczylo-imperium\/"},"author":{"name":"Jaromir","@id":"https:\/\/siemysli-ke.info\/#\/schema\/person\/66d741fa745a44f2fe46d112bc6499f2"},"headline":"Polska to postkolonia. Nasz\u0105 histori\u0119 zaw\u0142aszczy\u0142o imperium","datePublished":"2015-01-09T14:15:35+00:00","dateModified":"2015-01-09T15:58:07+00:00","mainEntityOfPage":{"@id":"https:\/\/siemysli-ke.info\/de\/polska-postkolonia-nasza-historie-zawlaszczylo-imperium\/"},"wordCount":2117,"commentCount":0,"publisher":{"@id":"https:\/\/siemysli-ke.info\/#organization"},"image":{"@id":"https:\/\/siemysli-ke.info\/de\/polska-postkolonia-nasza-historie-zawlaszczylo-imperium\/#primaryimage"},"thumbnailUrl":"https:\/\/siemysli-ke.info\/wp-content\/uploads\/2015\/01\/polska_pilka.jpg","keywords":["Polska to postkolonia"],"articleSection":["Kultura","Rzeczypospolita"],"inLanguage":"de","potentialAction":[{"@type":"CommentAction","name":"Comment","target":["https:\/\/siemysli-ke.info\/de\/polska-postkolonia-nasza-historie-zawlaszczylo-imperium\/#respond"]}]},{"@type":"WebPage","@id":"https:\/\/siemysli-ke.info\/de\/polska-postkolonia-nasza-historie-zawlaszczylo-imperium\/","url":"https:\/\/siemysli-ke.info\/de\/polska-postkolonia-nasza-historie-zawlaszczylo-imperium\/","name":"Polska to postkolonia. Nasz\u0105 histori\u0119 zaw\u0142aszczy\u0142o imperium - SI\u0118 MY\u015aLI","isPartOf":{"@id":"https:\/\/siemysli-ke.info\/de\/#website"},"primaryImageOfPage":{"@id":"https:\/\/siemysli-ke.info\/de\/polska-postkolonia-nasza-historie-zawlaszczylo-imperium\/#primaryimage"},"image":{"@id":"https:\/\/siemysli-ke.info\/de\/polska-postkolonia-nasza-historie-zawlaszczylo-imperium\/#primaryimage"},"thumbnailUrl":"https:\/\/siemysli-ke.info\/wp-content\/uploads\/2015\/01\/polska_pilka.jpg","datePublished":"2015-01-09T14:15:35+00:00","dateModified":"2015-01-09T15:58:07+00:00","breadcrumb":{"@id":"https:\/\/siemysli-ke.info\/de\/polska-postkolonia-nasza-historie-zawlaszczylo-imperium\/#breadcrumb"},"inLanguage":"de","potentialAction":[{"@type":"ReadAction","target":[["https:\/\/siemysli-ke.info\/de\/polska-postkolonia-nasza-historie-zawlaszczylo-imperium\/"]]}]},{"@type":"ImageObject","inLanguage":"de","@id":"https:\/\/siemysli-ke.info\/de\/polska-postkolonia-nasza-historie-zawlaszczylo-imperium\/#primaryimage","url":"https:\/\/siemysli-ke.info\/wp-content\/uploads\/2015\/01\/polska_pilka.jpg","contentUrl":"https:\/\/siemysli-ke.info\/wp-content\/uploads\/2015\/01\/polska_pilka.jpg","width":500,"height":383},{"@type":"BreadcrumbList","@id":"https:\/\/siemysli-ke.info\/de\/polska-postkolonia-nasza-historie-zawlaszczylo-imperium\/#breadcrumb","itemListElement":[{"@type":"ListItem","position":1,"name":"Home","item":"https:\/\/siemysli-ke.info\/de\/"},{"@type":"ListItem","position":2,"name":"Polska to postkolonia. Nasz\u0105 histori\u0119 zaw\u0142aszczy\u0142o imperium"}]},{"@type":"WebSite","@id":"https:\/\/siemysli-ke.info\/de\/#website","url":"https:\/\/siemysli-ke.info\/de\/","name":"SI\u0118 MY\u015aLI","description":"","publisher":{"@id":"https:\/\/siemysli-ke.info\/de\/#organization"},"potentialAction":[{"@type":"SearchAction","target":{"@type":"EntryPoint","urlTemplate":"https:\/\/siemysli-ke.info\/de\/?s={search_term_string}"},"query-input":{"@type":"PropertyValueSpecification","valueRequired":true,"valueName":"search_term_string"}}],"inLanguage":"de"},{"@type":"Organization","@id":"https:\/\/siemysli-ke.info\/de\/#organization","name":"SI\u0118 MY\u015aLI","url":"https:\/\/siemysli-ke.info\/de\/","logo":{"@type":"ImageObject","inLanguage":"de","@id":"https:\/\/siemysli-ke.info\/de\/#\/schema\/logo\/image\/","url":"https:\/\/siemysli-ke.info\/wp-content\/uploads\/2025\/05\/99.png","contentUrl":"https:\/\/siemysli-ke.info\/wp-content\/uploads\/2025\/05\/99.png","width":270,"height":204,"caption":"SI\u0118 MY\u015aLI"},"image":{"@id":"https:\/\/siemysli-ke.info\/de\/#\/schema\/logo\/image\/"}},{"@type":"Person","@id":"https:\/\/siemysli-ke.info\/#\/schema\/person\/66d741fa745a44f2fe46d112bc6499f2","name":"Jaromir","image":{"@type":"ImageObject","inLanguage":"de","@id":"https:\/\/siemysli-ke.info\/de\/#\/schema\/person\/image\/","url":"https:\/\/secure.gravatar.com\/avatar\/fe881559e8ac8dda20293e9e8317d4678c6ad8f65f85a9ce5e1a87cee56b6198?s=96&d=mm&r=g","contentUrl":"https:\/\/secure.gravatar.com\/avatar\/fe881559e8ac8dda20293e9e8317d4678c6ad8f65f85a9ce5e1a87cee56b6198?s=96&d=mm&r=g","caption":"Jaromir"},"url":"https:\/\/siemysli-ke.info\/de\/author\/jaromir\/"}]}},"_links":{"self":[{"href":"https:\/\/siemysli-ke.info\/de\/wp-json\/wp\/v2\/posts\/14601","targetHints":{"allow":["GET"]}}],"collection":[{"href":"https:\/\/siemysli-ke.info\/de\/wp-json\/wp\/v2\/posts"}],"about":[{"href":"https:\/\/siemysli-ke.info\/de\/wp-json\/wp\/v2\/types\/post"}],"author":[{"embeddable":true,"href":"https:\/\/siemysli-ke.info\/de\/wp-json\/wp\/v2\/users\/7"}],"replies":[{"embeddable":true,"href":"https:\/\/siemysli-ke.info\/de\/wp-json\/wp\/v2\/comments?post=14601"}],"version-history":[{"count":0,"href":"https:\/\/siemysli-ke.info\/de\/wp-json\/wp\/v2\/posts\/14601\/revisions"}],"wp:featuredmedia":[{"embeddable":true,"href":"https:\/\/siemysli-ke.info\/de\/wp-json\/wp\/v2\/media\/14602"}],"wp:attachment":[{"href":"https:\/\/siemysli-ke.info\/de\/wp-json\/wp\/v2\/media?parent=14601"}],"wp:term":[{"taxonomy":"category","embeddable":true,"href":"https:\/\/siemysli-ke.info\/de\/wp-json\/wp\/v2\/categories?post=14601"},{"taxonomy":"post_tag","embeddable":true,"href":"https:\/\/siemysli-ke.info\/de\/wp-json\/wp\/v2\/tags?post=14601"}],"curies":[{"name":"wp","href":"https:\/\/api.w.org\/{rel}","templated":true}]}}