 {"id":14301,"date":"2014-12-18T23:31:38","date_gmt":"2014-12-18T22:31:38","guid":{"rendered":"http:\/\/www.siemysli.info.ke\/?p=14301"},"modified":"2014-12-18T23:39:17","modified_gmt":"2014-12-18T22:39:17","slug":"3-lata-temu-zmarl-vaclav-havel","status":"publish","type":"post","link":"https:\/\/siemysli-ke.info\/de\/3-lata-temu-zmarl-vaclav-havel\/","title":{"rendered":"3 lata temu zmar\u0142 V\u00e1clav Havel"},"content":{"rendered":"<p><a href=\"http:\/\/www.siemysli.info.ke\/wp-content\/uploads\/2014\/12\/Hr\u00e1de\u010dek-srdce.jpg\" rel=\"lightbox[14301]\"><img decoding=\"async\" class=\"aligncenter size-medium wp-image-14302\" src=\"http:\/\/www.siemysli.info.ke\/wp-content\/uploads\/2014\/12\/Hr\u00e1de\u010dek-srdce-300x199.jpg\" alt=\"Hr\u00e1de\u010dek srdce\" width=\"300\" height=\"199\" srcset=\"https:\/\/siemysli-ke.info\/wp-content\/uploads\/2014\/12\/Hr\u00e1de\u010dek-srdce-300x199.jpg 300w, https:\/\/siemysli-ke.info\/wp-content\/uploads\/2014\/12\/Hr\u00e1de\u010dek-srdce.jpg 1000w\" sizes=\"(max-width: 300px) 100vw, 300px\" \/><\/a><\/p>\n<p style=\"text-align: center;\">Hr\u00e1de\u010dek &#8211; s\u0105 jeszcze prezydenci, kt\u00f3rych pami\u0119taj\u0105 dobrze tzw. zwykli ludzie&#8230;<\/p>\n","protected":false},"excerpt":{"rendered":"<p>Hr\u00e1de\u010dek &#8211; s\u0105 jeszcze prezydenci, kt\u00f3rych pami\u0119taj\u0105 dobrze tzw. zwykli ludzie&#8230;<\/p>\n","protected":false},"author":3,"featured_media":14302,"comment_status":"open","ping_status":"open","sticky":false,"template":"","format":"standard","meta":{"colormag_page_layout":"default_layout","footnotes":""},"categories":[7,3],"tags":[89,215,92,1458,1460,1459],"class_list":["post-14301","post","type-post","status-publish","format-standard","has-post-thumbnail","hentry","category-gospodarka","category-kultura","tag-breaking","tag-czechy","tag-headline","tag-hradecek","tag-prezydent-czech","tag-vaclav-havel"],"yoast_head":"<!-- This site is optimized with the Yoast SEO plugin v25.1 - https:\/\/yoast.com\/wordpress\/plugins\/seo\/ -->\n<title>3 lata temu zmar\u0142 V\u00e1clav Havel - SI\u0118 MY\u015aLI<\/title>\n<meta name=\"robots\" content=\"index, follow, max-snippet:-1, max-image-preview:large, max-video-preview:-1\" \/>\n<link rel=\"canonical\" href=\"https:\/\/siemysli-ke.info\/de\/3-lata-temu-zmarl-vaclav-havel\/\" \/>\n<meta property=\"og:locale\" content=\"de_DE\" \/>\n<meta property=\"og:type\" content=\"article\" \/>\n<meta property=\"og:title\" content=\"3 lata temu zmar\u0142 V\u00e1clav Havel - SI\u0118 MY\u015aLI\" \/>\n<meta property=\"og:description\" content=\"Hr\u00e1de\u010dek &#8211; s\u0105 jeszcze prezydenci, kt\u00f3rych pami\u0119taj\u0105 dobrze tzw. zwykli ludzie&#8230;\" \/>\n<meta property=\"og:url\" content=\"https:\/\/siemysli-ke.info\/de\/3-lata-temu-zmarl-vaclav-havel\/\" \/>\n<meta property=\"og:site_name\" content=\"SI\u0118 MY\u015aLI\" \/>\n<meta property=\"article:published_time\" content=\"2014-12-18T22:31:38+00:00\" \/>\n<meta property=\"article:modified_time\" content=\"2014-12-18T22:39:17+00:00\" \/>\n<meta property=\"og:image\" content=\"https:\/\/siemysli-ke.info\/wp-content\/uploads\/2014\/12\/Hr\u00e1de\u010dek-srdce.jpg\" \/>\n\t<meta property=\"og:image:width\" content=\"1000\" \/>\n\t<meta property=\"og:image:height\" content=\"666\" \/>\n\t<meta property=\"og:image:type\" content=\"image\/jpeg\" \/>\n<meta name=\"author\" content=\"...\" \/>\n<meta name=\"twitter:label1\" content=\"Verfasst von\" \/>\n\t<meta name=\"twitter:data1\" content=\"...\" \/>\n<script type=\"application\/ld+json\" class=\"yoast-schema-graph\">{\"@context\":\"https:\/\/schema.org\",\"@graph\":[{\"@type\":\"Article\",\"@id\":\"https:\/\/siemysli-ke.info\/de\/3-lata-temu-zmarl-vaclav-havel\/#article\",\"isPartOf\":{\"@id\":\"https:\/\/siemysli-ke.info\/de\/3-lata-temu-zmarl-vaclav-havel\/\"},\"author\":{\"name\":\"...\",\"@id\":\"https:\/\/siemysli-ke.info\/#\/schema\/person\/75326687448d6abf738b156f56385210\"},\"headline\":\"3 lata temu zmar\u0142 V\u00e1clav Havel\",\"datePublished\":\"2014-12-18T22:31:38+00:00\",\"dateModified\":\"2014-12-18T22:39:17+00:00\",\"mainEntityOfPage\":{\"@id\":\"https:\/\/siemysli-ke.info\/de\/3-lata-temu-zmarl-vaclav-havel\/\"},\"wordCount\":21,\"commentCount\":0,\"publisher\":{\"@id\":\"https:\/\/siemysli-ke.info\/#organization\"},\"image\":{\"@id\":\"https:\/\/siemysli-ke.info\/de\/3-lata-temu-zmarl-vaclav-havel\/#primaryimage\"},\"thumbnailUrl\":\"https:\/\/siemysli-ke.info\/wp-content\/uploads\/2014\/12\/Hr\u00e1de\u010dek-srdce.jpg\",\"keywords\":[\"breaking\",\"Czechy\",\"headline\",\"Hr\u00e1de\u010dek\",\"prezydent Czech\",\"V\u00e1clav Havel\"],\"articleSection\":[\"Gospodarka i polityka\",\"Kultura\"],\"inLanguage\":\"de\",\"potentialAction\":[{\"@type\":\"CommentAction\",\"name\":\"Comment\",\"target\":[\"https:\/\/siemysli-ke.info\/de\/3-lata-temu-zmarl-vaclav-havel\/#respond\"]}]},{\"@type\":\"WebPage\",\"@id\":\"https:\/\/siemysli-ke.info\/de\/3-lata-temu-zmarl-vaclav-havel\/\",\"url\":\"https:\/\/siemysli-ke.info\/de\/3-lata-temu-zmarl-vaclav-havel\/\",\"name\":\"3 lata temu zmar\u0142 V\u00e1clav Havel - SI\u0118 MY\u015aLI\",\"isPartOf\":{\"@id\":\"https:\/\/siemysli-ke.info\/de\/#website\"},\"primaryImageOfPage\":{\"@id\":\"https:\/\/siemysli-ke.info\/de\/3-lata-temu-zmarl-vaclav-havel\/#primaryimage\"},\"image\":{\"@id\":\"https:\/\/siemysli-ke.info\/de\/3-lata-temu-zmarl-vaclav-havel\/#primaryimage\"},\"thumbnailUrl\":\"https:\/\/siemysli-ke.info\/wp-content\/uploads\/2014\/12\/Hr\u00e1de\u010dek-srdce.jpg\",\"datePublished\":\"2014-12-18T22:31:38+00:00\",\"dateModified\":\"2014-12-18T22:39:17+00:00\",\"breadcrumb\":{\"@id\":\"https:\/\/siemysli-ke.info\/de\/3-lata-temu-zmarl-vaclav-havel\/#breadcrumb\"},\"inLanguage\":\"de\",\"potentialAction\":[{\"@type\":\"ReadAction\",\"target\":[[\"https:\/\/siemysli-ke.info\/de\/3-lata-temu-zmarl-vaclav-havel\/\"]]}]},{\"@type\":\"ImageObject\",\"inLanguage\":\"de\",\"@id\":\"https:\/\/siemysli-ke.info\/de\/3-lata-temu-zmarl-vaclav-havel\/#primaryimage\",\"url\":\"https:\/\/siemysli-ke.info\/wp-content\/uploads\/2014\/12\/Hr\u00e1de\u010dek-srdce.jpg\",\"contentUrl\":\"https:\/\/siemysli-ke.info\/wp-content\/uploads\/2014\/12\/Hr\u00e1de\u010dek-srdce.jpg\",\"width\":1000,\"height\":666},{\"@type\":\"BreadcrumbList\",\"@id\":\"https:\/\/siemysli-ke.info\/de\/3-lata-temu-zmarl-vaclav-havel\/#breadcrumb\",\"itemListElement\":[{\"@type\":\"ListItem\",\"position\":1,\"name\":\"Home\",\"item\":\"https:\/\/siemysli-ke.info\/de\/\"},{\"@type\":\"ListItem\",\"position\":2,\"name\":\"3 lata temu zmar\u0142 V\u00e1clav Havel\"}]},{\"@type\":\"WebSite\",\"@id\":\"https:\/\/siemysli-ke.info\/de\/#website\",\"url\":\"https:\/\/siemysli-ke.info\/de\/\",\"name\":\"SI\u0118 MY\u015aLI\",\"description\":\"\",\"publisher\":{\"@id\":\"https:\/\/siemysli-ke.info\/de\/#organization\"},\"potentialAction\":[{\"@type\":\"SearchAction\",\"target\":{\"@type\":\"EntryPoint\",\"urlTemplate\":\"https:\/\/siemysli-ke.info\/de\/?s={search_term_string}\"},\"query-input\":{\"@type\":\"PropertyValueSpecification\",\"valueRequired\":true,\"valueName\":\"search_term_string\"}}],\"inLanguage\":\"de\"},{\"@type\":\"Organization\",\"@id\":\"https:\/\/siemysli-ke.info\/de\/#organization\",\"name\":\"SI\u0118 MY\u015aLI\",\"url\":\"https:\/\/siemysli-ke.info\/de\/\",\"logo\":{\"@type\":\"ImageObject\",\"inLanguage\":\"de\",\"@id\":\"https:\/\/siemysli-ke.info\/de\/#\/schema\/logo\/image\/\",\"url\":\"https:\/\/siemysli-ke.info\/wp-content\/uploads\/2025\/05\/99.png\",\"contentUrl\":\"https:\/\/siemysli-ke.info\/wp-content\/uploads\/2025\/05\/99.png\",\"width\":270,\"height\":204,\"caption\":\"SI\u0118 MY\u015aLI\"},\"image\":{\"@id\":\"https:\/\/siemysli-ke.info\/de\/#\/schema\/logo\/image\/\"}},{\"@type\":\"Person\",\"@id\":\"https:\/\/siemysli-ke.info\/#\/schema\/person\/75326687448d6abf738b156f56385210\",\"name\":\"...\",\"image\":{\"@type\":\"ImageObject\",\"inLanguage\":\"de\",\"@id\":\"https:\/\/siemysli-ke.info\/de\/#\/schema\/person\/image\/\",\"url\":\"https:\/\/secure.gravatar.com\/avatar\/33a3c2559155e1b4add65cf88cafda785aeb920f44b97c7055b07866ab5b13c2?s=96&d=mm&r=g\",\"contentUrl\":\"https:\/\/secure.gravatar.com\/avatar\/33a3c2559155e1b4add65cf88cafda785aeb920f44b97c7055b07866ab5b13c2?s=96&d=mm&r=g\",\"caption\":\"...\"},\"url\":\"https:\/\/siemysli-ke.info\/de\/author\/lele\/\"}]}<\/script>\n<!-- \/ Yoast SEO plugin. -->","yoast_head_json":{"title":"3 lata temu zmar\u0142 V\u00e1clav Havel - SI\u0118 MY\u015aLI","robots":{"index":"index","follow":"follow","max-snippet":"max-snippet:-1","max-image-preview":"max-image-preview:large","max-video-preview":"max-video-preview:-1"},"canonical":"https:\/\/siemysli-ke.info\/de\/3-lata-temu-zmarl-vaclav-havel\/","og_locale":"de_DE","og_type":"article","og_title":"3 lata temu zmar\u0142 V\u00e1clav Havel - SI\u0118 MY\u015aLI","og_description":"Hr\u00e1de\u010dek &#8211; s\u0105 jeszcze prezydenci, kt\u00f3rych pami\u0119taj\u0105 dobrze tzw. zwykli ludzie&#8230;","og_url":"https:\/\/siemysli-ke.info\/de\/3-lata-temu-zmarl-vaclav-havel\/","og_site_name":"SI\u0118 MY\u015aLI","article_published_time":"2014-12-18T22:31:38+00:00","article_modified_time":"2014-12-18T22:39:17+00:00","og_image":[{"width":1000,"height":666,"url":"https:\/\/siemysli-ke.info\/wp-content\/uploads\/2014\/12\/Hr\u00e1de\u010dek-srdce.jpg","type":"image\/jpeg"}],"author":"...","twitter_misc":{"Verfasst von":"..."},"schema":{"@context":"https:\/\/schema.org","@graph":[{"@type":"Article","@id":"https:\/\/siemysli-ke.info\/de\/3-lata-temu-zmarl-vaclav-havel\/#article","isPartOf":{"@id":"https:\/\/siemysli-ke.info\/de\/3-lata-temu-zmarl-vaclav-havel\/"},"author":{"name":"...","@id":"https:\/\/siemysli-ke.info\/#\/schema\/person\/75326687448d6abf738b156f56385210"},"headline":"3 lata temu zmar\u0142 V\u00e1clav Havel","datePublished":"2014-12-18T22:31:38+00:00","dateModified":"2014-12-18T22:39:17+00:00","mainEntityOfPage":{"@id":"https:\/\/siemysli-ke.info\/de\/3-lata-temu-zmarl-vaclav-havel\/"},"wordCount":21,"commentCount":0,"publisher":{"@id":"https:\/\/siemysli-ke.info\/#organization"},"image":{"@id":"https:\/\/siemysli-ke.info\/de\/3-lata-temu-zmarl-vaclav-havel\/#primaryimage"},"thumbnailUrl":"https:\/\/siemysli-ke.info\/wp-content\/uploads\/2014\/12\/Hr\u00e1de\u010dek-srdce.jpg","keywords":["breaking","Czechy","headline","Hr\u00e1de\u010dek","prezydent Czech","V\u00e1clav Havel"],"articleSection":["Gospodarka i polityka","Kultura"],"inLanguage":"de","potentialAction":[{"@type":"CommentAction","name":"Comment","target":["https:\/\/siemysli-ke.info\/de\/3-lata-temu-zmarl-vaclav-havel\/#respond"]}]},{"@type":"WebPage","@id":"https:\/\/siemysli-ke.info\/de\/3-lata-temu-zmarl-vaclav-havel\/","url":"https:\/\/siemysli-ke.info\/de\/3-lata-temu-zmarl-vaclav-havel\/","name":"3 lata temu zmar\u0142 V\u00e1clav Havel - SI\u0118 MY\u015aLI","isPartOf":{"@id":"https:\/\/siemysli-ke.info\/de\/#website"},"primaryImageOfPage":{"@id":"https:\/\/siemysli-ke.info\/de\/3-lata-temu-zmarl-vaclav-havel\/#primaryimage"},"image":{"@id":"https:\/\/siemysli-ke.info\/de\/3-lata-temu-zmarl-vaclav-havel\/#primaryimage"},"thumbnailUrl":"https:\/\/siemysli-ke.info\/wp-content\/uploads\/2014\/12\/Hr\u00e1de\u010dek-srdce.jpg","datePublished":"2014-12-18T22:31:38+00:00","dateModified":"2014-12-18T22:39:17+00:00","breadcrumb":{"@id":"https:\/\/siemysli-ke.info\/de\/3-lata-temu-zmarl-vaclav-havel\/#breadcrumb"},"inLanguage":"de","potentialAction":[{"@type":"ReadAction","target":[["https:\/\/siemysli-ke.info\/de\/3-lata-temu-zmarl-vaclav-havel\/"]]}]},{"@type":"ImageObject","inLanguage":"de","@id":"https:\/\/siemysli-ke.info\/de\/3-lata-temu-zmarl-vaclav-havel\/#primaryimage","url":"https:\/\/siemysli-ke.info\/wp-content\/uploads\/2014\/12\/Hr\u00e1de\u010dek-srdce.jpg","contentUrl":"https:\/\/siemysli-ke.info\/wp-content\/uploads\/2014\/12\/Hr\u00e1de\u010dek-srdce.jpg","width":1000,"height":666},{"@type":"BreadcrumbList","@id":"https:\/\/siemysli-ke.info\/de\/3-lata-temu-zmarl-vaclav-havel\/#breadcrumb","itemListElement":[{"@type":"ListItem","position":1,"name":"Home","item":"https:\/\/siemysli-ke.info\/de\/"},{"@type":"ListItem","position":2,"name":"3 lata temu zmar\u0142 V\u00e1clav Havel"}]},{"@type":"WebSite","@id":"https:\/\/siemysli-ke.info\/de\/#website","url":"https:\/\/siemysli-ke.info\/de\/","name":"SI\u0118 MY\u015aLI","description":"","publisher":{"@id":"https:\/\/siemysli-ke.info\/de\/#organization"},"potentialAction":[{"@type":"SearchAction","target":{"@type":"EntryPoint","urlTemplate":"https:\/\/siemysli-ke.info\/de\/?s={search_term_string}"},"query-input":{"@type":"PropertyValueSpecification","valueRequired":true,"valueName":"search_term_string"}}],"inLanguage":"de"},{"@type":"Organization","@id":"https:\/\/siemysli-ke.info\/de\/#organization","name":"SI\u0118 MY\u015aLI","url":"https:\/\/siemysli-ke.info\/de\/","logo":{"@type":"ImageObject","inLanguage":"de","@id":"https:\/\/siemysli-ke.info\/de\/#\/schema\/logo\/image\/","url":"https:\/\/siemysli-ke.info\/wp-content\/uploads\/2025\/05\/99.png","contentUrl":"https:\/\/siemysli-ke.info\/wp-content\/uploads\/2025\/05\/99.png","width":270,"height":204,"caption":"SI\u0118 MY\u015aLI"},"image":{"@id":"https:\/\/siemysli-ke.info\/de\/#\/schema\/logo\/image\/"}},{"@type":"Person","@id":"https:\/\/siemysli-ke.info\/#\/schema\/person\/75326687448d6abf738b156f56385210","name":"...","image":{"@type":"ImageObject","inLanguage":"de","@id":"https:\/\/siemysli-ke.info\/de\/#\/schema\/person\/image\/","url":"https:\/\/secure.gravatar.com\/avatar\/33a3c2559155e1b4add65cf88cafda785aeb920f44b97c7055b07866ab5b13c2?s=96&d=mm&r=g","contentUrl":"https:\/\/secure.gravatar.com\/avatar\/33a3c2559155e1b4add65cf88cafda785aeb920f44b97c7055b07866ab5b13c2?s=96&d=mm&r=g","caption":"..."},"url":"https:\/\/siemysli-ke.info\/de\/author\/lele\/"}]}},"_links":{"self":[{"href":"https:\/\/siemysli-ke.info\/de\/wp-json\/wp\/v2\/posts\/14301","targetHints":{"allow":["GET"]}}],"collection":[{"href":"https:\/\/siemysli-ke.info\/de\/wp-json\/wp\/v2\/posts"}],"about":[{"href":"https:\/\/siemysli-ke.info\/de\/wp-json\/wp\/v2\/types\/post"}],"author":[{"embeddable":true,"href":"https:\/\/siemysli-ke.info\/de\/wp-json\/wp\/v2\/users\/3"}],"replies":[{"embeddable":true,"href":"https:\/\/siemysli-ke.info\/de\/wp-json\/wp\/v2\/comments?post=14301"}],"version-history":[{"count":0,"href":"https:\/\/siemysli-ke.info\/de\/wp-json\/wp\/v2\/posts\/14301\/revisions"}],"wp:featuredmedia":[{"embeddable":true,"href":"https:\/\/siemysli-ke.info\/de\/wp-json\/wp\/v2\/media\/14302"}],"wp:attachment":[{"href":"https:\/\/siemysli-ke.info\/de\/wp-json\/wp\/v2\/media?parent=14301"}],"wp:term":[{"taxonomy":"category","embeddable":true,"href":"https:\/\/siemysli-ke.info\/de\/wp-json\/wp\/v2\/categories?post=14301"},{"taxonomy":"post_tag","embeddable":true,"href":"https:\/\/siemysli-ke.info\/de\/wp-json\/wp\/v2\/tags?post=14301"}],"curies":[{"name":"wp","href":"https:\/\/api.w.org\/{rel}","templated":true}]}}