 {"id":14018,"date":"2014-11-18T21:11:20","date_gmt":"2014-11-18T20:11:20","guid":{"rendered":"http:\/\/www.siemysli.info.ke\/?p=14018"},"modified":"2014-12-06T15:07:41","modified_gmt":"2014-12-06T14:07:41","slug":"zapraszamy-goraco","status":"publish","type":"post","link":"https:\/\/siemysli-ke.info\/de\/zapraszamy-goraco\/","title":{"rendered":"Zapraszamy. I to gor\u0105co!"},"content":{"rendered":"<p><img decoding=\"async\" class=\"alignleft size-medium wp-image-14019\" src=\"http:\/\/www.siemysli.info.ke\/wp-content\/uploads\/2014\/11\/PLAKATOKOT-212x300.jpg\" alt=\"PLAKATOKOT\" width=\"212\" height=\"300\" srcset=\"https:\/\/siemysli-ke.info\/wp-content\/uploads\/2014\/11\/PLAKATOKOT-212x300.jpg 212w, https:\/\/siemysli-ke.info\/wp-content\/uploads\/2014\/11\/PLAKATOKOT.jpg 371w\" sizes=\"(max-width: 212px) 100vw, 212px\" \/><\/p>\n<p>&nbsp;<\/p>\n<p>&nbsp;<\/p>\n<p>&nbsp;<\/p>\n<p>&nbsp;<\/p>\n<p>&nbsp;<\/p>\n<p>&nbsp;<\/p>\n<p>&nbsp;<\/p>\n<p>&nbsp;<\/p>\n<p>&nbsp;<\/p>\n<p>&nbsp;<\/p>\n<p>&nbsp;<\/p>\n<p>&nbsp;<\/p>\n<p>&nbsp;<\/p>\n<p style=\"text-align: center;\"><a href=\"http:\/\/www.siemysli.info.ke\/wp-content\/uploads\/2014\/11\/PLAKATOKOT.jpg\" rel=\"lightbox[14018]\">Na zdj\u0119ciu Jacka Wa\u0142dowskiego \u2013 Andrzej Kot (z prawej) i Lech L. Przychodzki\u00a0<\/a><\/p>\n<p style=\"text-align: center;\"><a href=\"http:\/\/www.siemysli.info.ke\/wp-content\/uploads\/2014\/11\/Lech-i-Andrzej.jpeg\" rel=\"lightbox[14018]\"><img decoding=\"async\" class=\"aligncenter size-medium wp-image-14035\" src=\"http:\/\/www.siemysli.info.ke\/wp-content\/uploads\/2014\/11\/Lech-i-Andrzej-300x200.jpeg\" alt=\"Lech i Andrzej\" width=\"300\" height=\"200\" srcset=\"https:\/\/siemysli-ke.info\/wp-content\/uploads\/2014\/11\/Lech-i-Andrzej-300x200.jpeg 300w, https:\/\/siemysli-ke.info\/wp-content\/uploads\/2014\/11\/Lech-i-Andrzej.jpeg 640w\" sizes=\"(max-width: 300px) 100vw, 300px\" \/><\/a><\/p>\n","protected":false},"excerpt":{"rendered":"<p>&nbsp; &nbsp; &nbsp; &nbsp; &nbsp; &nbsp; &nbsp; &nbsp; &nbsp; &nbsp; &nbsp; &nbsp; &nbsp; Na zdj\u0119ciu Jacka Wa\u0142dowskiego \u2013 Andrzej Kot<\/p>\n","protected":false},"author":3,"featured_media":14019,"comment_status":"open","ping_status":"open","sticky":false,"template":"","format":"standard","meta":{"colormag_page_layout":"default_layout","footnotes":""},"categories":[3,81],"tags":[1293,89,1294,92,1371,304,728,1295,1296],"class_list":["post-14018","post","type-post","status-publish","format-standard","has-post-thumbnail","hentry","category-kultura","category-rzeczpospolita","tag-andrzej-kot","tag-breaking","tag-grafika","tag-headline","tag-jacek-j-waldowski","tag-lech-l-przychodzki","tag-lublin","tag-pstrokato","tag-wystawa"],"yoast_head":"<!-- This site is optimized with the Yoast SEO plugin v25.1 - https:\/\/yoast.com\/wordpress\/plugins\/seo\/ -->\n<title>Zapraszamy. I to gor\u0105co! - SI\u0118 MY\u015aLI<\/title>\n<meta name=\"robots\" content=\"index, follow, max-snippet:-1, max-image-preview:large, max-video-preview:-1\" \/>\n<link rel=\"canonical\" href=\"https:\/\/siemysli-ke.info\/de\/zapraszamy-goraco\/\" \/>\n<meta property=\"og:locale\" content=\"de_DE\" \/>\n<meta property=\"og:type\" content=\"article\" \/>\n<meta property=\"og:title\" content=\"Zapraszamy. I to gor\u0105co! - SI\u0118 MY\u015aLI\" \/>\n<meta property=\"og:description\" content=\"&nbsp; &nbsp; &nbsp; &nbsp; &nbsp; &nbsp; &nbsp; &nbsp; &nbsp; &nbsp; &nbsp; &nbsp; &nbsp; Na zdj\u0119ciu Jacka Wa\u0142dowskiego \u2013 Andrzej Kot\" \/>\n<meta property=\"og:url\" content=\"https:\/\/siemysli-ke.info\/de\/zapraszamy-goraco\/\" \/>\n<meta property=\"og:site_name\" content=\"SI\u0118 MY\u015aLI\" \/>\n<meta property=\"article:published_time\" content=\"2014-11-18T20:11:20+00:00\" \/>\n<meta property=\"article:modified_time\" content=\"2014-12-06T14:07:41+00:00\" \/>\n<meta property=\"og:image\" content=\"https:\/\/siemysli-ke.info\/wp-content\/uploads\/2014\/11\/PLAKATOKOT.jpg\" \/>\n\t<meta property=\"og:image:width\" content=\"371\" \/>\n\t<meta property=\"og:image:height\" content=\"525\" \/>\n\t<meta property=\"og:image:type\" content=\"image\/jpeg\" \/>\n<meta name=\"author\" content=\"...\" \/>\n<meta name=\"twitter:label1\" content=\"Verfasst von\" \/>\n\t<meta name=\"twitter:data1\" content=\"...\" \/>\n<script type=\"application\/ld+json\" class=\"yoast-schema-graph\">{\"@context\":\"https:\/\/schema.org\",\"@graph\":[{\"@type\":\"Article\",\"@id\":\"https:\/\/siemysli-ke.info\/de\/zapraszamy-goraco\/#article\",\"isPartOf\":{\"@id\":\"https:\/\/siemysli-ke.info\/de\/zapraszamy-goraco\/\"},\"author\":{\"name\":\"...\",\"@id\":\"https:\/\/siemysli-ke.info\/#\/schema\/person\/75326687448d6abf738b156f56385210\"},\"headline\":\"Zapraszamy. I to gor\u0105co!\",\"datePublished\":\"2014-11-18T20:11:20+00:00\",\"dateModified\":\"2014-12-06T14:07:41+00:00\",\"mainEntityOfPage\":{\"@id\":\"https:\/\/siemysli-ke.info\/de\/zapraszamy-goraco\/\"},\"wordCount\":32,\"commentCount\":0,\"publisher\":{\"@id\":\"https:\/\/siemysli-ke.info\/#organization\"},\"image\":{\"@id\":\"https:\/\/siemysli-ke.info\/de\/zapraszamy-goraco\/#primaryimage\"},\"thumbnailUrl\":\"https:\/\/siemysli-ke.info\/wp-content\/uploads\/2014\/11\/PLAKATOKOT.jpg\",\"keywords\":[\"Andrzej Kot\",\"breaking\",\"grafika\",\"headline\",\"Jacek J. Wa\u0142dowski\",\"Lech L. Przychodzki\",\"Lublin\",\"pstrokato\",\"wystawa\"],\"articleSection\":[\"Kultura\",\"Rzeczypospolita\"],\"inLanguage\":\"de\",\"potentialAction\":[{\"@type\":\"CommentAction\",\"name\":\"Comment\",\"target\":[\"https:\/\/siemysli-ke.info\/de\/zapraszamy-goraco\/#respond\"]}]},{\"@type\":\"WebPage\",\"@id\":\"https:\/\/siemysli-ke.info\/de\/zapraszamy-goraco\/\",\"url\":\"https:\/\/siemysli-ke.info\/de\/zapraszamy-goraco\/\",\"name\":\"Zapraszamy. I to gor\u0105co! - SI\u0118 MY\u015aLI\",\"isPartOf\":{\"@id\":\"https:\/\/siemysli-ke.info\/de\/#website\"},\"primaryImageOfPage\":{\"@id\":\"https:\/\/siemysli-ke.info\/de\/zapraszamy-goraco\/#primaryimage\"},\"image\":{\"@id\":\"https:\/\/siemysli-ke.info\/de\/zapraszamy-goraco\/#primaryimage\"},\"thumbnailUrl\":\"https:\/\/siemysli-ke.info\/wp-content\/uploads\/2014\/11\/PLAKATOKOT.jpg\",\"datePublished\":\"2014-11-18T20:11:20+00:00\",\"dateModified\":\"2014-12-06T14:07:41+00:00\",\"breadcrumb\":{\"@id\":\"https:\/\/siemysli-ke.info\/de\/zapraszamy-goraco\/#breadcrumb\"},\"inLanguage\":\"de\",\"potentialAction\":[{\"@type\":\"ReadAction\",\"target\":[[\"https:\/\/siemysli-ke.info\/de\/zapraszamy-goraco\/\"]]}]},{\"@type\":\"ImageObject\",\"inLanguage\":\"de\",\"@id\":\"https:\/\/siemysli-ke.info\/de\/zapraszamy-goraco\/#primaryimage\",\"url\":\"https:\/\/siemysli-ke.info\/wp-content\/uploads\/2014\/11\/PLAKATOKOT.jpg\",\"contentUrl\":\"https:\/\/siemysli-ke.info\/wp-content\/uploads\/2014\/11\/PLAKATOKOT.jpg\",\"width\":371,\"height\":525},{\"@type\":\"BreadcrumbList\",\"@id\":\"https:\/\/siemysli-ke.info\/de\/zapraszamy-goraco\/#breadcrumb\",\"itemListElement\":[{\"@type\":\"ListItem\",\"position\":1,\"name\":\"Home\",\"item\":\"https:\/\/siemysli-ke.info\/de\/\"},{\"@type\":\"ListItem\",\"position\":2,\"name\":\"Zapraszamy. I to gor\u0105co!\"}]},{\"@type\":\"WebSite\",\"@id\":\"https:\/\/siemysli-ke.info\/de\/#website\",\"url\":\"https:\/\/siemysli-ke.info\/de\/\",\"name\":\"SI\u0118 MY\u015aLI\",\"description\":\"\",\"publisher\":{\"@id\":\"https:\/\/siemysli-ke.info\/de\/#organization\"},\"potentialAction\":[{\"@type\":\"SearchAction\",\"target\":{\"@type\":\"EntryPoint\",\"urlTemplate\":\"https:\/\/siemysli-ke.info\/de\/?s={search_term_string}\"},\"query-input\":{\"@type\":\"PropertyValueSpecification\",\"valueRequired\":true,\"valueName\":\"search_term_string\"}}],\"inLanguage\":\"de\"},{\"@type\":\"Organization\",\"@id\":\"https:\/\/siemysli-ke.info\/de\/#organization\",\"name\":\"SI\u0118 MY\u015aLI\",\"url\":\"https:\/\/siemysli-ke.info\/de\/\",\"logo\":{\"@type\":\"ImageObject\",\"inLanguage\":\"de\",\"@id\":\"https:\/\/siemysli-ke.info\/de\/#\/schema\/logo\/image\/\",\"url\":\"https:\/\/siemysli-ke.info\/wp-content\/uploads\/2025\/05\/99.png\",\"contentUrl\":\"https:\/\/siemysli-ke.info\/wp-content\/uploads\/2025\/05\/99.png\",\"width\":270,\"height\":204,\"caption\":\"SI\u0118 MY\u015aLI\"},\"image\":{\"@id\":\"https:\/\/siemysli-ke.info\/de\/#\/schema\/logo\/image\/\"}},{\"@type\":\"Person\",\"@id\":\"https:\/\/siemysli-ke.info\/#\/schema\/person\/75326687448d6abf738b156f56385210\",\"name\":\"...\",\"image\":{\"@type\":\"ImageObject\",\"inLanguage\":\"de\",\"@id\":\"https:\/\/siemysli-ke.info\/de\/#\/schema\/person\/image\/\",\"url\":\"https:\/\/secure.gravatar.com\/avatar\/33a3c2559155e1b4add65cf88cafda785aeb920f44b97c7055b07866ab5b13c2?s=96&d=mm&r=g\",\"contentUrl\":\"https:\/\/secure.gravatar.com\/avatar\/33a3c2559155e1b4add65cf88cafda785aeb920f44b97c7055b07866ab5b13c2?s=96&d=mm&r=g\",\"caption\":\"...\"},\"url\":\"https:\/\/siemysli-ke.info\/de\/author\/lele\/\"}]}<\/script>\n<!-- \/ Yoast SEO plugin. -->","yoast_head_json":{"title":"Zapraszamy. I to gor\u0105co! - SI\u0118 MY\u015aLI","robots":{"index":"index","follow":"follow","max-snippet":"max-snippet:-1","max-image-preview":"max-image-preview:large","max-video-preview":"max-video-preview:-1"},"canonical":"https:\/\/siemysli-ke.info\/de\/zapraszamy-goraco\/","og_locale":"de_DE","og_type":"article","og_title":"Zapraszamy. I to gor\u0105co! - SI\u0118 MY\u015aLI","og_description":"&nbsp; &nbsp; &nbsp; &nbsp; &nbsp; &nbsp; &nbsp; &nbsp; &nbsp; &nbsp; &nbsp; &nbsp; &nbsp; Na zdj\u0119ciu Jacka Wa\u0142dowskiego \u2013 Andrzej Kot","og_url":"https:\/\/siemysli-ke.info\/de\/zapraszamy-goraco\/","og_site_name":"SI\u0118 MY\u015aLI","article_published_time":"2014-11-18T20:11:20+00:00","article_modified_time":"2014-12-06T14:07:41+00:00","og_image":[{"width":371,"height":525,"url":"https:\/\/siemysli-ke.info\/wp-content\/uploads\/2014\/11\/PLAKATOKOT.jpg","type":"image\/jpeg"}],"author":"...","twitter_misc":{"Verfasst von":"..."},"schema":{"@context":"https:\/\/schema.org","@graph":[{"@type":"Article","@id":"https:\/\/siemysli-ke.info\/de\/zapraszamy-goraco\/#article","isPartOf":{"@id":"https:\/\/siemysli-ke.info\/de\/zapraszamy-goraco\/"},"author":{"name":"...","@id":"https:\/\/siemysli-ke.info\/#\/schema\/person\/75326687448d6abf738b156f56385210"},"headline":"Zapraszamy. I to gor\u0105co!","datePublished":"2014-11-18T20:11:20+00:00","dateModified":"2014-12-06T14:07:41+00:00","mainEntityOfPage":{"@id":"https:\/\/siemysli-ke.info\/de\/zapraszamy-goraco\/"},"wordCount":32,"commentCount":0,"publisher":{"@id":"https:\/\/siemysli-ke.info\/#organization"},"image":{"@id":"https:\/\/siemysli-ke.info\/de\/zapraszamy-goraco\/#primaryimage"},"thumbnailUrl":"https:\/\/siemysli-ke.info\/wp-content\/uploads\/2014\/11\/PLAKATOKOT.jpg","keywords":["Andrzej Kot","breaking","grafika","headline","Jacek J. Wa\u0142dowski","Lech L. Przychodzki","Lublin","pstrokato","wystawa"],"articleSection":["Kultura","Rzeczypospolita"],"inLanguage":"de","potentialAction":[{"@type":"CommentAction","name":"Comment","target":["https:\/\/siemysli-ke.info\/de\/zapraszamy-goraco\/#respond"]}]},{"@type":"WebPage","@id":"https:\/\/siemysli-ke.info\/de\/zapraszamy-goraco\/","url":"https:\/\/siemysli-ke.info\/de\/zapraszamy-goraco\/","name":"Zapraszamy. I to gor\u0105co! - SI\u0118 MY\u015aLI","isPartOf":{"@id":"https:\/\/siemysli-ke.info\/de\/#website"},"primaryImageOfPage":{"@id":"https:\/\/siemysli-ke.info\/de\/zapraszamy-goraco\/#primaryimage"},"image":{"@id":"https:\/\/siemysli-ke.info\/de\/zapraszamy-goraco\/#primaryimage"},"thumbnailUrl":"https:\/\/siemysli-ke.info\/wp-content\/uploads\/2014\/11\/PLAKATOKOT.jpg","datePublished":"2014-11-18T20:11:20+00:00","dateModified":"2014-12-06T14:07:41+00:00","breadcrumb":{"@id":"https:\/\/siemysli-ke.info\/de\/zapraszamy-goraco\/#breadcrumb"},"inLanguage":"de","potentialAction":[{"@type":"ReadAction","target":[["https:\/\/siemysli-ke.info\/de\/zapraszamy-goraco\/"]]}]},{"@type":"ImageObject","inLanguage":"de","@id":"https:\/\/siemysli-ke.info\/de\/zapraszamy-goraco\/#primaryimage","url":"https:\/\/siemysli-ke.info\/wp-content\/uploads\/2014\/11\/PLAKATOKOT.jpg","contentUrl":"https:\/\/siemysli-ke.info\/wp-content\/uploads\/2014\/11\/PLAKATOKOT.jpg","width":371,"height":525},{"@type":"BreadcrumbList","@id":"https:\/\/siemysli-ke.info\/de\/zapraszamy-goraco\/#breadcrumb","itemListElement":[{"@type":"ListItem","position":1,"name":"Home","item":"https:\/\/siemysli-ke.info\/de\/"},{"@type":"ListItem","position":2,"name":"Zapraszamy. I to gor\u0105co!"}]},{"@type":"WebSite","@id":"https:\/\/siemysli-ke.info\/de\/#website","url":"https:\/\/siemysli-ke.info\/de\/","name":"SI\u0118 MY\u015aLI","description":"","publisher":{"@id":"https:\/\/siemysli-ke.info\/de\/#organization"},"potentialAction":[{"@type":"SearchAction","target":{"@type":"EntryPoint","urlTemplate":"https:\/\/siemysli-ke.info\/de\/?s={search_term_string}"},"query-input":{"@type":"PropertyValueSpecification","valueRequired":true,"valueName":"search_term_string"}}],"inLanguage":"de"},{"@type":"Organization","@id":"https:\/\/siemysli-ke.info\/de\/#organization","name":"SI\u0118 MY\u015aLI","url":"https:\/\/siemysli-ke.info\/de\/","logo":{"@type":"ImageObject","inLanguage":"de","@id":"https:\/\/siemysli-ke.info\/de\/#\/schema\/logo\/image\/","url":"https:\/\/siemysli-ke.info\/wp-content\/uploads\/2025\/05\/99.png","contentUrl":"https:\/\/siemysli-ke.info\/wp-content\/uploads\/2025\/05\/99.png","width":270,"height":204,"caption":"SI\u0118 MY\u015aLI"},"image":{"@id":"https:\/\/siemysli-ke.info\/de\/#\/schema\/logo\/image\/"}},{"@type":"Person","@id":"https:\/\/siemysli-ke.info\/#\/schema\/person\/75326687448d6abf738b156f56385210","name":"...","image":{"@type":"ImageObject","inLanguage":"de","@id":"https:\/\/siemysli-ke.info\/de\/#\/schema\/person\/image\/","url":"https:\/\/secure.gravatar.com\/avatar\/33a3c2559155e1b4add65cf88cafda785aeb920f44b97c7055b07866ab5b13c2?s=96&d=mm&r=g","contentUrl":"https:\/\/secure.gravatar.com\/avatar\/33a3c2559155e1b4add65cf88cafda785aeb920f44b97c7055b07866ab5b13c2?s=96&d=mm&r=g","caption":"..."},"url":"https:\/\/siemysli-ke.info\/de\/author\/lele\/"}]}},"_links":{"self":[{"href":"https:\/\/siemysli-ke.info\/de\/wp-json\/wp\/v2\/posts\/14018","targetHints":{"allow":["GET"]}}],"collection":[{"href":"https:\/\/siemysli-ke.info\/de\/wp-json\/wp\/v2\/posts"}],"about":[{"href":"https:\/\/siemysli-ke.info\/de\/wp-json\/wp\/v2\/types\/post"}],"author":[{"embeddable":true,"href":"https:\/\/siemysli-ke.info\/de\/wp-json\/wp\/v2\/users\/3"}],"replies":[{"embeddable":true,"href":"https:\/\/siemysli-ke.info\/de\/wp-json\/wp\/v2\/comments?post=14018"}],"version-history":[{"count":0,"href":"https:\/\/siemysli-ke.info\/de\/wp-json\/wp\/v2\/posts\/14018\/revisions"}],"wp:featuredmedia":[{"embeddable":true,"href":"https:\/\/siemysli-ke.info\/de\/wp-json\/wp\/v2\/media\/14019"}],"wp:attachment":[{"href":"https:\/\/siemysli-ke.info\/de\/wp-json\/wp\/v2\/media?parent=14018"}],"wp:term":[{"taxonomy":"category","embeddable":true,"href":"https:\/\/siemysli-ke.info\/de\/wp-json\/wp\/v2\/categories?post=14018"},{"taxonomy":"post_tag","embeddable":true,"href":"https:\/\/siemysli-ke.info\/de\/wp-json\/wp\/v2\/tags?post=14018"}],"curies":[{"name":"wp","href":"https:\/\/api.w.org\/{rel}","templated":true}]}}