 {"id":14008,"date":"2014-11-15T18:46:17","date_gmt":"2014-11-15T17:46:17","guid":{"rendered":"http:\/\/www.siemysli.info.ke\/?p=14008"},"modified":"2014-11-15T18:46:17","modified_gmt":"2014-11-15T17:46:17","slug":"wzglednosc-czasu-po-lubelsku","status":"publish","type":"post","link":"https:\/\/siemysli-ke.info\/de\/wzglednosc-czasu-po-lubelsku\/","title":{"rendered":"Wzgl\u0119dno\u015b\u0107 czasu po lubelsku"},"content":{"rendered":"<p style=\"text-align: justify;\"><a href=\"http:\/\/www.siemysli.info.ke\/wp-content\/uploads\/2014\/11\/100_6486.jpg\" rel=\"lightbox[14008]\"><img decoding=\"async\" class=\"alignleft size-medium wp-image-14009\" src=\"http:\/\/www.siemysli.info.ke\/wp-content\/uploads\/2014\/11\/100_6486-300x225.jpg\" alt=\"100_6486\" width=\"300\" height=\"225\" srcset=\"https:\/\/siemysli-ke.info\/wp-content\/uploads\/2014\/11\/100_6486-300x225.jpg 300w, https:\/\/siemysli-ke.info\/wp-content\/uploads\/2014\/11\/100_6486-1024x768.jpg 1024w, https:\/\/siemysli-ke.info\/wp-content\/uploads\/2014\/11\/100_6486-316x237.jpg 316w, https:\/\/siemysli-ke.info\/wp-content\/uploads\/2014\/11\/100_6486-100x75.jpg 100w\" sizes=\"(max-width: 300px) 100vw, 300px\" \/><\/a>Sp\u00f3\u0142ka <em>Lubelskie Dworce SA<\/em> w szczeg\u00f3lny spos\u00f3b podesz\u0142a do teorii Einsteina. Rozk\u0142ad jazdy zmieni\u0142 si\u0119 w dniu 1. listopada, ale NIE zmieni\u0142y si\u0119 plansze z godzinami kurs\u00f3w wewn\u0105trz budynku Dworca Autobusowego na Podzamczu. Je\u015bli kto\u015b usi\u0142owa\u0142 si\u0119 stamt\u0105d dowiedzie\u0107, kiedy 12. listopada ma odjecha\u0107 np. do Mielca, znale\u017a\u0107 m\u00f3g\u0142 autobus z godziny 14:20. Z kra\u0144c\u00f3w Lublina czy z kt\u00f3rego\u015b z pobliskichj miasteczek dociera\u0142 tedy na dworzec po to tylko, by w kasie biletowej us\u0142ysze\u0107, i\u017c &#8222;Takiego po\u0142\u0105czenia przecie\u017c nie ma!&#8220;. Jest inne, aktualne, ale <strong>tylko na rozk\u0142adzie zewn\u0119trznym, bezpo\u015brednio na peronie odjazdowym.<\/strong> Od pocz\u0105tku miesi\u0105ca autobus do Mielca kursuje o godz. 15:35. Mo\u017cna albo kl\u0105\u0107, albo uda\u0107 si\u0119 na d\u0142u\u017cszy spacer, szkoda tylko, \u017ce otoczenie dworca do przyjaznych nie nale\u017cy.<\/p>\n<p style=\"text-align: justify;\"><img decoding=\"async\" class=\"aligncenter size-medium wp-image-14010\" src=\"http:\/\/www.siemysli.info.ke\/wp-content\/uploads\/2014\/11\/100_6405-300x225.jpg\" alt=\"100_6405\" width=\"300\" height=\"225\" srcset=\"https:\/\/siemysli-ke.info\/wp-content\/uploads\/2014\/11\/100_6405-300x225.jpg 300w, https:\/\/siemysli-ke.info\/wp-content\/uploads\/2014\/11\/100_6405-1024x768.jpg 1024w\" sizes=\"(max-width: 300px) 100vw, 300px\" \/><\/p>\n<p style=\"text-align: justify;\"><a href=\"http:\/\/www.siemysli.info.ke\/wp-content\/uploads\/2014\/11\/100_6406.jpg\" rel=\"lightbox[14008]\"><img decoding=\"async\" class=\"aligncenter size-medium wp-image-14011\" src=\"http:\/\/www.siemysli.info.ke\/wp-content\/uploads\/2014\/11\/100_6406-225x300.jpg\" alt=\"100_6406\" width=\"225\" height=\"300\" srcset=\"https:\/\/siemysli-ke.info\/wp-content\/uploads\/2014\/11\/100_6406-225x300.jpg 225w, https:\/\/siemysli-ke.info\/wp-content\/uploads\/2014\/11\/100_6406-768x1024.jpg 768w, https:\/\/siemysli-ke.info\/wp-content\/uploads\/2014\/11\/100_6406.jpg 1932w\" sizes=\"(max-width: 225px) 100vw, 225px\" \/><\/a><\/p>\n<p style=\"text-align: justify;\">Patrz\u0105c na wszechobecne fotografie zadowolonych z siebie kandydat\u00f3w do samorz\u0105dowych w\u0142adz Ziemi Lubelskiej, trudno wr\u0119cz uwierzy\u0107, i\u017c w regionie cokolwiek mo\u017ce funkcjonowa\u0107 nie tak. Mo\u017ce &#8211; przede wszystkim ludzie.<\/p>\n<p style=\"text-align: right;\"><strong>Redakcja\u00a0<\/strong><\/p>\n","protected":false},"excerpt":{"rendered":"<p>Sp\u00f3\u0142ka Lubelskie Dworce SA w szczeg\u00f3lny spos\u00f3b podesz\u0142a do teorii Einsteina. Rozk\u0142ad jazdy zmieni\u0142 si\u0119 w dniu 1. listopada, ale<\/p>\n","protected":false},"author":3,"featured_media":14009,"comment_status":"open","ping_status":"open","sticky":false,"template":"","format":"standard","meta":{"colormag_page_layout":"default_layout","footnotes":""},"categories":[1,81],"tags":[89,92,728,1290,1288,1289,1029],"class_list":["post-14008","post","type-post","status-publish","format-standard","has-post-thumbnail","hentry","category-okiem","category-rzeczpospolita","tag-breaking","tag-headline","tag-lublin","tag-mielec","tag-podzamcze","tag-teoria-einsteina","tag-ziemia-lubelska"],"yoast_head":"<!-- This site is optimized with the Yoast SEO plugin v25.1 - https:\/\/yoast.com\/wordpress\/plugins\/seo\/ -->\n<title>Wzgl\u0119dno\u015b\u0107 czasu po lubelsku - SI\u0118 MY\u015aLI<\/title>\n<meta name=\"robots\" content=\"index, follow, max-snippet:-1, max-image-preview:large, max-video-preview:-1\" \/>\n<link rel=\"canonical\" href=\"https:\/\/siemysli-ke.info\/de\/wzglednosc-czasu-po-lubelsku\/\" \/>\n<meta property=\"og:locale\" content=\"de_DE\" \/>\n<meta property=\"og:type\" content=\"article\" \/>\n<meta property=\"og:title\" content=\"Wzgl\u0119dno\u015b\u0107 czasu po lubelsku - SI\u0118 MY\u015aLI\" \/>\n<meta property=\"og:description\" content=\"Sp\u00f3\u0142ka Lubelskie Dworce SA w szczeg\u00f3lny spos\u00f3b podesz\u0142a do teorii Einsteina. Rozk\u0142ad jazdy zmieni\u0142 si\u0119 w dniu 1. listopada, ale\" \/>\n<meta property=\"og:url\" content=\"https:\/\/siemysli-ke.info\/de\/wzglednosc-czasu-po-lubelsku\/\" \/>\n<meta property=\"og:site_name\" content=\"SI\u0118 MY\u015aLI\" \/>\n<meta property=\"article:published_time\" content=\"2014-11-15T17:46:17+00:00\" \/>\n<meta property=\"og:image\" content=\"https:\/\/siemysli-ke.info\/wp-content\/uploads\/2014\/11\/100_6486.jpg\" \/>\n\t<meta property=\"og:image:width\" content=\"2576\" \/>\n\t<meta property=\"og:image:height\" content=\"1932\" \/>\n\t<meta property=\"og:image:type\" content=\"image\/jpeg\" \/>\n<meta name=\"author\" content=\"...\" \/>\n<meta name=\"twitter:label1\" content=\"Verfasst von\" \/>\n\t<meta name=\"twitter:data1\" content=\"...\" \/>\n\t<meta name=\"twitter:label2\" content=\"Gesch\u00e4tzte Lesezeit\" \/>\n\t<meta name=\"twitter:data2\" content=\"1\u00a0Minute\" \/>\n<script type=\"application\/ld+json\" class=\"yoast-schema-graph\">{\"@context\":\"https:\/\/schema.org\",\"@graph\":[{\"@type\":\"Article\",\"@id\":\"https:\/\/siemysli-ke.info\/de\/wzglednosc-czasu-po-lubelsku\/#article\",\"isPartOf\":{\"@id\":\"https:\/\/siemysli-ke.info\/de\/wzglednosc-czasu-po-lubelsku\/\"},\"author\":{\"name\":\"...\",\"@id\":\"https:\/\/siemysli-ke.info\/#\/schema\/person\/75326687448d6abf738b156f56385210\"},\"headline\":\"Wzgl\u0119dno\u015b\u0107 czasu po lubelsku\",\"datePublished\":\"2014-11-15T17:46:17+00:00\",\"mainEntityOfPage\":{\"@id\":\"https:\/\/siemysli-ke.info\/de\/wzglednosc-czasu-po-lubelsku\/\"},\"wordCount\":184,\"commentCount\":0,\"publisher\":{\"@id\":\"https:\/\/siemysli-ke.info\/#organization\"},\"image\":{\"@id\":\"https:\/\/siemysli-ke.info\/de\/wzglednosc-czasu-po-lubelsku\/#primaryimage\"},\"thumbnailUrl\":\"https:\/\/siemysli-ke.info\/wp-content\/uploads\/2014\/11\/100_6486.jpg\",\"keywords\":[\"breaking\",\"headline\",\"Lublin\",\"Mielec\",\"Podzamcze\",\"teoria Einsteina\",\"Ziemia Lubelska\"],\"articleSection\":[\"Okiem satyryk\u00f3w\",\"Rzeczypospolita\"],\"inLanguage\":\"de\",\"potentialAction\":[{\"@type\":\"CommentAction\",\"name\":\"Comment\",\"target\":[\"https:\/\/siemysli-ke.info\/de\/wzglednosc-czasu-po-lubelsku\/#respond\"]}]},{\"@type\":\"WebPage\",\"@id\":\"https:\/\/siemysli-ke.info\/de\/wzglednosc-czasu-po-lubelsku\/\",\"url\":\"https:\/\/siemysli-ke.info\/de\/wzglednosc-czasu-po-lubelsku\/\",\"name\":\"Wzgl\u0119dno\u015b\u0107 czasu po lubelsku - SI\u0118 MY\u015aLI\",\"isPartOf\":{\"@id\":\"https:\/\/siemysli-ke.info\/de\/#website\"},\"primaryImageOfPage\":{\"@id\":\"https:\/\/siemysli-ke.info\/de\/wzglednosc-czasu-po-lubelsku\/#primaryimage\"},\"image\":{\"@id\":\"https:\/\/siemysli-ke.info\/de\/wzglednosc-czasu-po-lubelsku\/#primaryimage\"},\"thumbnailUrl\":\"https:\/\/siemysli-ke.info\/wp-content\/uploads\/2014\/11\/100_6486.jpg\",\"datePublished\":\"2014-11-15T17:46:17+00:00\",\"breadcrumb\":{\"@id\":\"https:\/\/siemysli-ke.info\/de\/wzglednosc-czasu-po-lubelsku\/#breadcrumb\"},\"inLanguage\":\"de\",\"potentialAction\":[{\"@type\":\"ReadAction\",\"target\":[[\"https:\/\/siemysli-ke.info\/de\/wzglednosc-czasu-po-lubelsku\/\"]]}]},{\"@type\":\"ImageObject\",\"inLanguage\":\"de\",\"@id\":\"https:\/\/siemysli-ke.info\/de\/wzglednosc-czasu-po-lubelsku\/#primaryimage\",\"url\":\"https:\/\/siemysli-ke.info\/wp-content\/uploads\/2014\/11\/100_6486.jpg\",\"contentUrl\":\"https:\/\/siemysli-ke.info\/wp-content\/uploads\/2014\/11\/100_6486.jpg\",\"width\":2576,\"height\":1932},{\"@type\":\"BreadcrumbList\",\"@id\":\"https:\/\/siemysli-ke.info\/de\/wzglednosc-czasu-po-lubelsku\/#breadcrumb\",\"itemListElement\":[{\"@type\":\"ListItem\",\"position\":1,\"name\":\"Home\",\"item\":\"https:\/\/siemysli-ke.info\/de\/\"},{\"@type\":\"ListItem\",\"position\":2,\"name\":\"Wzgl\u0119dno\u015b\u0107 czasu po lubelsku\"}]},{\"@type\":\"WebSite\",\"@id\":\"https:\/\/siemysli-ke.info\/de\/#website\",\"url\":\"https:\/\/siemysli-ke.info\/de\/\",\"name\":\"SI\u0118 MY\u015aLI\",\"description\":\"\",\"publisher\":{\"@id\":\"https:\/\/siemysli-ke.info\/de\/#organization\"},\"potentialAction\":[{\"@type\":\"SearchAction\",\"target\":{\"@type\":\"EntryPoint\",\"urlTemplate\":\"https:\/\/siemysli-ke.info\/de\/?s={search_term_string}\"},\"query-input\":{\"@type\":\"PropertyValueSpecification\",\"valueRequired\":true,\"valueName\":\"search_term_string\"}}],\"inLanguage\":\"de\"},{\"@type\":\"Organization\",\"@id\":\"https:\/\/siemysli-ke.info\/de\/#organization\",\"name\":\"SI\u0118 MY\u015aLI\",\"url\":\"https:\/\/siemysli-ke.info\/de\/\",\"logo\":{\"@type\":\"ImageObject\",\"inLanguage\":\"de\",\"@id\":\"https:\/\/siemysli-ke.info\/de\/#\/schema\/logo\/image\/\",\"url\":\"https:\/\/siemysli-ke.info\/wp-content\/uploads\/2025\/05\/99.png\",\"contentUrl\":\"https:\/\/siemysli-ke.info\/wp-content\/uploads\/2025\/05\/99.png\",\"width\":270,\"height\":204,\"caption\":\"SI\u0118 MY\u015aLI\"},\"image\":{\"@id\":\"https:\/\/siemysli-ke.info\/de\/#\/schema\/logo\/image\/\"}},{\"@type\":\"Person\",\"@id\":\"https:\/\/siemysli-ke.info\/#\/schema\/person\/75326687448d6abf738b156f56385210\",\"name\":\"...\",\"image\":{\"@type\":\"ImageObject\",\"inLanguage\":\"de\",\"@id\":\"https:\/\/siemysli-ke.info\/de\/#\/schema\/person\/image\/\",\"url\":\"https:\/\/secure.gravatar.com\/avatar\/33a3c2559155e1b4add65cf88cafda785aeb920f44b97c7055b07866ab5b13c2?s=96&d=mm&r=g\",\"contentUrl\":\"https:\/\/secure.gravatar.com\/avatar\/33a3c2559155e1b4add65cf88cafda785aeb920f44b97c7055b07866ab5b13c2?s=96&d=mm&r=g\",\"caption\":\"...\"},\"url\":\"https:\/\/siemysli-ke.info\/de\/author\/lele\/\"}]}<\/script>\n<!-- \/ Yoast SEO plugin. -->","yoast_head_json":{"title":"Wzgl\u0119dno\u015b\u0107 czasu po lubelsku - SI\u0118 MY\u015aLI","robots":{"index":"index","follow":"follow","max-snippet":"max-snippet:-1","max-image-preview":"max-image-preview:large","max-video-preview":"max-video-preview:-1"},"canonical":"https:\/\/siemysli-ke.info\/de\/wzglednosc-czasu-po-lubelsku\/","og_locale":"de_DE","og_type":"article","og_title":"Wzgl\u0119dno\u015b\u0107 czasu po lubelsku - SI\u0118 MY\u015aLI","og_description":"Sp\u00f3\u0142ka Lubelskie Dworce SA w szczeg\u00f3lny spos\u00f3b podesz\u0142a do teorii Einsteina. Rozk\u0142ad jazdy zmieni\u0142 si\u0119 w dniu 1. listopada, ale","og_url":"https:\/\/siemysli-ke.info\/de\/wzglednosc-czasu-po-lubelsku\/","og_site_name":"SI\u0118 MY\u015aLI","article_published_time":"2014-11-15T17:46:17+00:00","og_image":[{"width":2576,"height":1932,"url":"https:\/\/siemysli-ke.info\/wp-content\/uploads\/2014\/11\/100_6486.jpg","type":"image\/jpeg"}],"author":"...","twitter_misc":{"Verfasst von":"...","Gesch\u00e4tzte Lesezeit":"1\u00a0Minute"},"schema":{"@context":"https:\/\/schema.org","@graph":[{"@type":"Article","@id":"https:\/\/siemysli-ke.info\/de\/wzglednosc-czasu-po-lubelsku\/#article","isPartOf":{"@id":"https:\/\/siemysli-ke.info\/de\/wzglednosc-czasu-po-lubelsku\/"},"author":{"name":"...","@id":"https:\/\/siemysli-ke.info\/#\/schema\/person\/75326687448d6abf738b156f56385210"},"headline":"Wzgl\u0119dno\u015b\u0107 czasu po lubelsku","datePublished":"2014-11-15T17:46:17+00:00","mainEntityOfPage":{"@id":"https:\/\/siemysli-ke.info\/de\/wzglednosc-czasu-po-lubelsku\/"},"wordCount":184,"commentCount":0,"publisher":{"@id":"https:\/\/siemysli-ke.info\/#organization"},"image":{"@id":"https:\/\/siemysli-ke.info\/de\/wzglednosc-czasu-po-lubelsku\/#primaryimage"},"thumbnailUrl":"https:\/\/siemysli-ke.info\/wp-content\/uploads\/2014\/11\/100_6486.jpg","keywords":["breaking","headline","Lublin","Mielec","Podzamcze","teoria Einsteina","Ziemia Lubelska"],"articleSection":["Okiem satyryk\u00f3w","Rzeczypospolita"],"inLanguage":"de","potentialAction":[{"@type":"CommentAction","name":"Comment","target":["https:\/\/siemysli-ke.info\/de\/wzglednosc-czasu-po-lubelsku\/#respond"]}]},{"@type":"WebPage","@id":"https:\/\/siemysli-ke.info\/de\/wzglednosc-czasu-po-lubelsku\/","url":"https:\/\/siemysli-ke.info\/de\/wzglednosc-czasu-po-lubelsku\/","name":"Wzgl\u0119dno\u015b\u0107 czasu po lubelsku - SI\u0118 MY\u015aLI","isPartOf":{"@id":"https:\/\/siemysli-ke.info\/de\/#website"},"primaryImageOfPage":{"@id":"https:\/\/siemysli-ke.info\/de\/wzglednosc-czasu-po-lubelsku\/#primaryimage"},"image":{"@id":"https:\/\/siemysli-ke.info\/de\/wzglednosc-czasu-po-lubelsku\/#primaryimage"},"thumbnailUrl":"https:\/\/siemysli-ke.info\/wp-content\/uploads\/2014\/11\/100_6486.jpg","datePublished":"2014-11-15T17:46:17+00:00","breadcrumb":{"@id":"https:\/\/siemysli-ke.info\/de\/wzglednosc-czasu-po-lubelsku\/#breadcrumb"},"inLanguage":"de","potentialAction":[{"@type":"ReadAction","target":[["https:\/\/siemysli-ke.info\/de\/wzglednosc-czasu-po-lubelsku\/"]]}]},{"@type":"ImageObject","inLanguage":"de","@id":"https:\/\/siemysli-ke.info\/de\/wzglednosc-czasu-po-lubelsku\/#primaryimage","url":"https:\/\/siemysli-ke.info\/wp-content\/uploads\/2014\/11\/100_6486.jpg","contentUrl":"https:\/\/siemysli-ke.info\/wp-content\/uploads\/2014\/11\/100_6486.jpg","width":2576,"height":1932},{"@type":"BreadcrumbList","@id":"https:\/\/siemysli-ke.info\/de\/wzglednosc-czasu-po-lubelsku\/#breadcrumb","itemListElement":[{"@type":"ListItem","position":1,"name":"Home","item":"https:\/\/siemysli-ke.info\/de\/"},{"@type":"ListItem","position":2,"name":"Wzgl\u0119dno\u015b\u0107 czasu po lubelsku"}]},{"@type":"WebSite","@id":"https:\/\/siemysli-ke.info\/de\/#website","url":"https:\/\/siemysli-ke.info\/de\/","name":"SI\u0118 MY\u015aLI","description":"","publisher":{"@id":"https:\/\/siemysli-ke.info\/de\/#organization"},"potentialAction":[{"@type":"SearchAction","target":{"@type":"EntryPoint","urlTemplate":"https:\/\/siemysli-ke.info\/de\/?s={search_term_string}"},"query-input":{"@type":"PropertyValueSpecification","valueRequired":true,"valueName":"search_term_string"}}],"inLanguage":"de"},{"@type":"Organization","@id":"https:\/\/siemysli-ke.info\/de\/#organization","name":"SI\u0118 MY\u015aLI","url":"https:\/\/siemysli-ke.info\/de\/","logo":{"@type":"ImageObject","inLanguage":"de","@id":"https:\/\/siemysli-ke.info\/de\/#\/schema\/logo\/image\/","url":"https:\/\/siemysli-ke.info\/wp-content\/uploads\/2025\/05\/99.png","contentUrl":"https:\/\/siemysli-ke.info\/wp-content\/uploads\/2025\/05\/99.png","width":270,"height":204,"caption":"SI\u0118 MY\u015aLI"},"image":{"@id":"https:\/\/siemysli-ke.info\/de\/#\/schema\/logo\/image\/"}},{"@type":"Person","@id":"https:\/\/siemysli-ke.info\/#\/schema\/person\/75326687448d6abf738b156f56385210","name":"...","image":{"@type":"ImageObject","inLanguage":"de","@id":"https:\/\/siemysli-ke.info\/de\/#\/schema\/person\/image\/","url":"https:\/\/secure.gravatar.com\/avatar\/33a3c2559155e1b4add65cf88cafda785aeb920f44b97c7055b07866ab5b13c2?s=96&d=mm&r=g","contentUrl":"https:\/\/secure.gravatar.com\/avatar\/33a3c2559155e1b4add65cf88cafda785aeb920f44b97c7055b07866ab5b13c2?s=96&d=mm&r=g","caption":"..."},"url":"https:\/\/siemysli-ke.info\/de\/author\/lele\/"}]}},"_links":{"self":[{"href":"https:\/\/siemysli-ke.info\/de\/wp-json\/wp\/v2\/posts\/14008","targetHints":{"allow":["GET"]}}],"collection":[{"href":"https:\/\/siemysli-ke.info\/de\/wp-json\/wp\/v2\/posts"}],"about":[{"href":"https:\/\/siemysli-ke.info\/de\/wp-json\/wp\/v2\/types\/post"}],"author":[{"embeddable":true,"href":"https:\/\/siemysli-ke.info\/de\/wp-json\/wp\/v2\/users\/3"}],"replies":[{"embeddable":true,"href":"https:\/\/siemysli-ke.info\/de\/wp-json\/wp\/v2\/comments?post=14008"}],"version-history":[{"count":0,"href":"https:\/\/siemysli-ke.info\/de\/wp-json\/wp\/v2\/posts\/14008\/revisions"}],"wp:featuredmedia":[{"embeddable":true,"href":"https:\/\/siemysli-ke.info\/de\/wp-json\/wp\/v2\/media\/14009"}],"wp:attachment":[{"href":"https:\/\/siemysli-ke.info\/de\/wp-json\/wp\/v2\/media?parent=14008"}],"wp:term":[{"taxonomy":"category","embeddable":true,"href":"https:\/\/siemysli-ke.info\/de\/wp-json\/wp\/v2\/categories?post=14008"},{"taxonomy":"post_tag","embeddable":true,"href":"https:\/\/siemysli-ke.info\/de\/wp-json\/wp\/v2\/tags?post=14008"}],"curies":[{"name":"wp","href":"https:\/\/api.w.org\/{rel}","templated":true}]}}