 {"id":13997,"date":"2014-11-14T11:43:18","date_gmt":"2014-11-14T10:43:18","guid":{"rendered":"http:\/\/www.siemysli.info.ke\/?p=13997"},"modified":"2014-11-15T18:25:27","modified_gmt":"2014-11-15T17:25:27","slug":"nacjonalisci-uderzyli-w-czuly-punkt-systemu","status":"publish","type":"post","link":"https:\/\/siemysli-ke.info\/de\/nacjonalisci-uderzyli-w-czuly-punkt-systemu\/","title":{"rendered":"NACJONALI\u015aCI UDERZYLI W CZU\u0141Y PUNKT SYSTEMU!"},"content":{"rendered":"<p style=\"text-align: justify;\"><a href=\"http:\/\/www.siemysli.info.ke\/wp-content\/uploads\/2014\/11\/Max_Headroom_broadcast_signal_intrusion.jpg\" rel=\"lightbox[13997]\"><img decoding=\"async\" class=\"alignleft size-medium wp-image-13998\" src=\"http:\/\/www.siemysli.info.ke\/wp-content\/uploads\/2014\/11\/Max_Headroom_broadcast_signal_intrusion-300x202.jpg\" alt=\"Max_Headroom_broadcast_signal_intrusion\" width=\"300\" height=\"202\" srcset=\"https:\/\/siemysli-ke.info\/wp-content\/uploads\/2014\/11\/Max_Headroom_broadcast_signal_intrusion-300x202.jpg 300w, https:\/\/siemysli-ke.info\/wp-content\/uploads\/2014\/11\/Max_Headroom_broadcast_signal_intrusion.jpg 446w\" sizes=\"(max-width: 300px) 100vw, 300px\" \/><\/a>To chyba ostatnie miejsce do promowania nacjonalizmu, rasizmu i \u015brodowisk narodowych &#8211; lecz id\u0105c z duchem pluralizmu, penetruj\u0105c pras\u0119, nie spos\u00f3b nie przedstawi\u0107 bardzo nowatorskiej akcji, kt\u00f3r\u0105 przeprowadzili nasi oponenci-narodowcy z drugiej strony barykady. Zacz\u0119\u0142o si\u0119 od zesz\u0142orocznych notorycznych przerywa\u0144 wyk\u0142ad\u00f3w postaci z polskiego \u015bwiecznika, takich jak Michnik czy Zygmunt Bauman, kt\u00f3rego wyk\u0142ad na Uniwersytecie Wroc\u0142awskim zak\u0142\u00f3ci\u0142 tamtejszy NOP. &#8222;Gazeta Wyborcza&#8220; i propaganda medialna dosta\u0142y wtedy bia\u0142ej gor\u0105czki a s\u0142u\u017cby przeprowadzi\u0142y aresztowania. Prof. Bauman w m\u0142odo\u015bci utrwala\u0142 czynem ludowy \u0142ad, zapisuj\u0105c si\u0119 do komunistycznego korpusu bezpiecze\u0144stwa i jest cz\u0142owiekiem, kt\u00f3ry prawdopodobnie ma na r\u0119kach krew polskich patriot\u00f3w. Je\u015bli nikt nie narazi\u0142 jego nietykalno\u015bci cielesnej, to wed\u0142ug mnie taki protest mie\u015bci si\u0119 w granicach swob\u00f3d obywatelskich i mo\u017aliwo\u015bci wyra\u017cania swoich opinii. Co starsi pewnie pami\u0119taj\u0105 lata 90. i wyk\u0142ady, kt\u00f3re po miastach wyg\u0142asza\u0142 Boles\u0142aw Tejkowski z Polskiej Wsp\u00f3lnoty Narodowej. Gdzie\u015b w \u0142\u00f3dzkiem (Pabianice?) kilkudziesi\u0119ciu ch\u0142opak\u00f3w z Antify by\u0142o jedynymi s\u0142uchaczami jego programu. \u00d3w starszy pan z kilkoma &#8222;dworzanami&#8220; zmuszony zosta\u0142 do zabarykadowania si\u0119 w sk\u0142adziku do czasu przybycia ratunku. Jak wida\u0107 werbalny protest nie jest pomys\u0142em nacjonalist\u00f3w, kt\u00f3rzy skrz\u0119tnie powielaj\u0105 sprawdzone wzorce i patenty anarchist\u00f3w.<\/p>\n<p style=\"text-align: justify;\">Ostatnie dni przynios\u0142y jeszcze ciekawsz\u0105 akcj\u0119 bezpo\u015bredni\u0105, wykonan\u0105 przez m\u0142odzie\u017c z MW i NOP, uderzaj\u0105c\u0105 w emerytowanych kat\u00f3w z UB, kt\u00f3rzy ws\u0142awili si\u0119 szczeg\u00f3ln\u0105 gorliwo\u015bci\u0105 w unicestwianiu podziemia narodowego z NSZ i AK, ju\u017c po zako\u0144czeniu II wojny \u015bwiatowej.<br \/>\nW rocznic\u0119 morderstwa ma\u0142\u017ce\u0144stwa \u017bubryd\u00f3w &#8211; Antoniego, ps. \u201eZuch\u201d, kt\u00f3ry dzia\u0142a\u0142 w Narodowych Si\u0142ach Zbrojnych na terenach Podkarpacia oraz jego \u017cony, Janiny, b\u0119d\u0105cej wtedy w 8. miesi\u0105cu ci\u0105\u017cy, M\u0142odzie\u017c Wszechpolska postanowi\u0142a w niecodzienny spos\u00f3b przypomnie\u0107 o zbrodni.<br \/>\nNa warszawskiej Saskiej K\u0119pie odwiedzili zab\u00f3jc\u0119 \u017bubryd\u00f3w. Zab\u00f3jstwa dokona\u0142 Jerzy Vaulin vel Wolen (by\u0142y wsp\u00f3\u0142pracownik UB, ps. \u201eMewa\u201d, \u201eMoskit\u201d, a potem &#8211; do 1968 r. &#8211; \u00a0SB). \u00a0Sam zainteresowany nie chcia\u0142 rozmawia\u0107 i zamkn\u0105\u0142 Wszechpolakom drzwi przed nosami &#8211; o zbrodniczej przesz\u0142o\u015bci Vaulina zostali za to poinformowani jego s\u0105siedzi, kt\u00f3rzy otrzymali szereg ulotek z informacjami o dzia\u0142aniach NSZ, w tym ma\u0142\u017ce\u0144stwa \u017bubryd\u00f3w. W 2001 roku Iwona Bart\u00f3lewska nakr\u0119ci\u0142a film dokumentaln,y po\u015bwi\u0119cony losom \u017bubryd\u00f3w, lecz jego wy\u015bwietlenie w telewizji zosta\u0142o zablokowane przez Vaulina pod zarzutem wykorzystania \u201eutworu literackiego\u201d w postaci listu.<br \/>\nB\u0142ogi spok\u00f3j na weso\u0142ej, odpowiednio wysokiej emeryturze, zburzono kolejnemu oprawcy, tym razem we Wroc\u0142awiu. Dzia\u0142acze Narodowego Odrodzenia Polski postanowili odwiedzi\u0107 Henryka W., ps. \u201eR\u0105czka\u201d, kt\u00f3ry by\u0142 oskar\u017cony o zn\u0119canie si\u0119 nad wi\u0119\u017aniami w 1945 roku, a tak\u017ce czynnie zwalcza\u0142 \u017bo\u0142nierzy Niez\u0142omnych.<br \/>\n\u201eR\u0105czka\u201d jest m.in. odpowiedzialny za \u015bmier\u0107 ks. Pacewicza. Pod koniec marca 1945 roku wraz ze swoimi kompanami po\u0107wiartowa\u0142 cia\u0142o ksi\u0119dza Wac\u0142awa Pacewicza, kt\u00f3ry od 11. marca by\u0142 przetrzymywany w bydgoskiej siedzibie UB. Wed\u0142ug Konstantego Kielicha, pracownika UB, kawa\u0142ki cia\u0142a zosta\u0142y umieszczone w worku, a nast\u0119pnie wyrzucone do Brdy.<br \/>\n\u201eWizyta\u201d dzia\u0142aczy NOP przebieg\u0142a spokojnie. Jak czytamy w relacji, \u201eR\u0105czka\u201d pocz\u0105tkowo przekonywa\u0142, \u017ce jest niewinny, a gdy przyjecha\u0142a wezwana przez niego policja, odpar\u0142: \u201eKto si\u0119 mn\u0105 interesuje, d\u0142ugo nie \u017cyje\u201d.<br \/>\n93-letni Henryk W., ps. \u201eR\u0105czka\u201d, zosta\u0142 w 2013 roku skazany przez S\u0105d Rejonowy w Bydgoszczy na cztery lata wi\u0119zienia. Prokuratura \u017c\u0105da\u0142a dla niego sze\u015bciu lat wi\u0119zienia, obrona natomiast ca\u0142kowitego uniewinnienia. Wyrok wi\u0119zienia nie jest jednak prawomocny.<br \/>\nOkr\u0105g\u0142y St\u00f3\u0142 i porozumienia, jakiego dokona\u0142a druga &#8222;Solidarno\u015b\u0107&#8220; z komunistami, roztoczy\u0142y parasol ochronny nad by\u0142ymi katami i zbrodniarzami czas\u00f3w stalinowskich. Przez lata schorowane ofiary, dostaj\u0105ce n\u0119dzne kilkuset-z\u0142otowe renty, musia\u0142y spotyka\u0107 na ulicy rozbawionych, zamo\u017cnych i kwitn\u0105cych staruszk\u00f3w &#8211; by\u0142ych oprawc\u00f3w i zbrodniarzy z UB. Do dzi\u015b niczego w tej sprawie realnie nie zrobiono i jedynie nieub\u0142agany czas jest w stanie zmie\u015b\u0107 te kanalie z ziemskiego pado\u0142u.<br \/>\nNa \u0142amach prasy lewicowej ju\u017c nie raz przetoczy\u0142a si\u0119 dyskusja nad wzrostem zainteresowania ruchami nacjonalistycznymi w Polsce. M\u0142odzie\u017cowa moda posz\u0142a w prawo i w chwili obecnej jest to sta\u0142y trend. Je\u015bli tylko skrajna prawica daje mozliwo\u015b\u0107 wykrzyczenia swej frustracji wobec obecnej zgnilizny, jak\u0105 prezentuje w\u0142adza w Polsce, to na efekty nie trzeba by\u0142o d\u0142ugo czeka\u0107.<br \/>\nPodam na zako\u0144czenie dwie sytuacje, jakie mia\u0142y miejsce ostatnimi dniami, za\u015b wyci\u0105gni\u0119cie wniosk\u00f3w zostawi\u0119 czytelnikom.<br \/>\n\u201eDeutsche Welle\u201d publikuje rozmow\u0119 z polskim socjologiem, jednym z za\u0142o\u017cycieli &#8222;Nigdy Wi\u0119cej&#8220; &#8211; oficjalnej organizacji, bior\u0105cej datki od pa\u0144stwa i organ\u00f3w UE organizacji antyfaszystowskiej, Rafa\u0142em Pankowskim, kt\u00f3r\u0105 zamie\u015bci\u0142 \u201eSpiegel Online\u201d. Pankowski m\u00f3wi, \u017ce Marsz Niepodleg\u0142o\u015bci to inicjatywa, kt\u00f3ra zosta\u0142a zdominowana przez ruchy \u201eradykalno-nacjonalistyczne\u201d. Socjolog powiada wr\u0119cz: \u201eto nie ma nic wsp\u00f3lnego ze \u015bwi\u0119tem, to jest ha\u0144ba\u201d, zapominaj\u0105c, i\u017c w marszu bra\u0142y udzia\u0142 ca\u0142e rodziny, ktore w przeciwie\u0144stwie do procenta chuligan\u00f3w, chcia\u0142y uczci\u0107 \u015awi\u0119to Niepodleg\u0142o\u015bci w spos\u00f3b godny i podnios\u0142y. Szczytem bezczelno\u015bci jest zestawienie ze sob\u0105 dw\u00f3ch hase\u0142: \u201eB\u00f3g, Honor, Ojczyzna\u201d oraz \u201ePolska dla Polak\u00f3w\u201d. O obu tych has\u0142ach Pankowski m\u00f3wi, \u017ce s\u0105 \u201etypowe i rasistowskie\u201d oraz maj\u0105 \u201ewyklucza\u0107 mniejszo\u015bci narodowe, uznawane za wrog\u00f3w narodu\u201d. Ostatecznym akcentem jest\u2026 atak na Jaros\u0142awa Kaczy\u0144skiego. Bo, wed\u0142ug Pankowskiego, w Polsce nie ma rozr\u00f3\u017cnienia mi\u0119dzy konserwatystami a skrajn\u0105 prawic\u0105, a wielu jego polityk\u00f3w uczestniczy\u0142o w marszu \u2013 zupe\u0142nie, jakby to samo w sobie by\u0142o deklaracj\u0105 przynale\u017cno\u015bci do piewc\u00f3w \u201efaszyzmu\u201d. To g\u0142os koncesjowanego &#8222;antyfaszysty&#8220;, lubiacego kaw\u0119 u prezydenta lub granty za donosy na polskich kiboli, wywieszaj\u0105cych r\u00f3\u017cne zakazane tre\u015bci na p\u0142otach stadion\u00f3w, dzi\u0119ki czemu FARE wraz z UEFA \u0142upi\u0105 kluby drako\u0144skimi karami.<\/p>\n<p style=\"text-align: justify;\">Druga sytuacja to r\u00f3wnie\u017c antyfaszyzm, lecz w wydaniu oddolnym.<br \/>\nW przeddzie\u0144 Nocy Kryszta\u0142owej i Mi\u0119dzynarodowego Dnia Walki z Faszyzmem i Antysemityzmem (8. listopada) odby\u0142a si\u0119 demonstracja \u201dRazem przeciwko nacjonalizmowi\u201d. W czasie przem\u00f3wienia, otwieraj\u0105cego demonstracj\u0119, zwr\u00f3cono uwag\u0119 na fakt, \u017ce obecnie w Polsce panuj\u0105 podobne nastroje, a skrajna prawica ro\u015bnie w si\u0142\u0119 i pr\u00f3buje forsowa\u0107 podobne rozwi\u0105zania w stosunku do ka\u017cdego, kto nie pasuje do ich wizji polsko\u015bci. Zanim zebrani ruszyli, obok bramy UW pojawi\u0142a si\u0119 grupka zwolennik\u00f3w ZSRR i MW. Gdy grupa antyfaszyst\u00f3w podesz\u0142a do KMP (Komunistyczna M\u0142odzie\u017c Polski) i poprosi\u0142a o schowanie flag, m.in. z wizerunkiem Stalina oraz odej\u015bcie z miejsca demonstracji, dosz\u0142o do awantury. Wkroczy\u0142a policja, kt\u00f3ra dokona\u0142a aresztowania kilku antyfaszyst\u00f3w. Na pl. Trzech Krzy\u017cy obok Ministerstwa Gospodarki przemawiali przedstawiciele ruch\u00f3w zwi\u0105zkowych i lokatorskich. Zwracali oni uwag\u0119 na fakt, i\u017c w naszym kraju rz\u0105d wydaje wi\u0119cej pieni\u0119dzy na budow\u0119 obiekt\u00f3w takich jak Stadion Narodowy, podczas gdy wielu ludzi \u017cyje w ub\u00f3stwie, jest wyrzucanych na bruk czy nie ma dost\u0119pu do podstawowych \u015bwiadcze\u0144 opieki zdrowotnej. Wspomniano r\u00f3wnie\u017c o destruktywnej roli nacjonalizmu w solidarno\u015bci mi\u0119dzyludzkiej i walce o prawa ka\u017cdego cz\u0142owieka, bez wzgl\u0119du na pochodzenie, kolor sk\u00f3ry, wyznanie czy orientacj\u0119 seksualn\u0105. W trakcie wyst\u0105pie\u0144 kilka os\u00f3b z\u0142o\u017cy\u0142o kwiaty pod pomnikiem Armii Krajowej i Polskiego Pa\u0144stwa Podziemnego, oddaj\u0105c tym samym ho\u0142d poleg\u0142ym w czasie II wojny \u015bwiatowej w walce o wolno\u015b\u0107 dla wszystkich Polak\u00f3w.<\/p>\n<p style=\"text-align: justify;\">\nProsty przekaz:<br \/>\nalbo nasz krzyk jest rozmieniany na drobne, po drodze kompromituj\u0105c szczytny cel i wolno\u015bciow\u0105 ide\u0119 albo jeste\u015bmy rozs\u0105dni &#8211; radykalni w swoim przekazie &#8211; uderzaj\u0105c celnie w j\u0105dro systemu!<\/p>\n<p style=\"text-align: justify;\">Wyb\u00f3r nale\u017cy do ka\u017cdego z nas.<\/p>\n<p style=\"text-align: right;\"><strong>Roman Boryczko <\/strong><\/p>\n<p style=\"text-align: right;\">2014<\/p>\n","protected":false},"excerpt":{"rendered":"<p>To chyba ostatnie miejsce do promowania nacjonalizmu, rasizmu i \u015brodowisk narodowych &#8211; lecz id\u0105c z duchem pluralizmu, penetruj\u0105c pras\u0119, nie<\/p>\n","protected":false},"author":7,"featured_media":13999,"comment_status":"open","ping_status":"open","sticky":false,"template":"","format":"standard","meta":{"colormag_page_layout":"default_layout","footnotes":""},"categories":[7,81],"tags":[1285,1287,1286,1284],"class_list":["post-13997","post","type-post","status-publish","format-standard","has-post-thumbnail","hentry","category-gospodarka","category-rzeczpospolita","tag-antyfaszyzm","tag-mw","tag-nop","tag-ub"],"yoast_head":"<!-- This site is optimized with the Yoast SEO plugin v25.1 - https:\/\/yoast.com\/wordpress\/plugins\/seo\/ -->\n<title>NACJONALI\u015aCI UDERZYLI W CZU\u0141Y PUNKT SYSTEMU! - SI\u0118 MY\u015aLI<\/title>\n<meta name=\"robots\" content=\"index, follow, max-snippet:-1, max-image-preview:large, max-video-preview:-1\" \/>\n<link rel=\"canonical\" href=\"https:\/\/siemysli-ke.info\/de\/nacjonalisci-uderzyli-w-czuly-punkt-systemu\/\" \/>\n<meta property=\"og:locale\" content=\"de_DE\" \/>\n<meta property=\"og:type\" content=\"article\" \/>\n<meta property=\"og:title\" content=\"NACJONALI\u015aCI UDERZYLI W CZU\u0141Y PUNKT SYSTEMU! - SI\u0118 MY\u015aLI\" \/>\n<meta property=\"og:description\" content=\"To chyba ostatnie miejsce do promowania nacjonalizmu, rasizmu i \u015brodowisk narodowych &#8211; lecz id\u0105c z duchem pluralizmu, penetruj\u0105c pras\u0119, nie\" \/>\n<meta property=\"og:url\" content=\"https:\/\/siemysli-ke.info\/de\/nacjonalisci-uderzyli-w-czuly-punkt-systemu\/\" \/>\n<meta property=\"og:site_name\" content=\"SI\u0118 MY\u015aLI\" \/>\n<meta property=\"article:published_time\" content=\"2014-11-14T10:43:18+00:00\" \/>\n<meta property=\"article:modified_time\" content=\"2014-11-15T17:25:27+00:00\" \/>\n<meta property=\"og:image\" content=\"https:\/\/siemysli-ke.info\/wp-content\/uploads\/2014\/11\/max-8659.jpg\" \/>\n\t<meta property=\"og:image:width\" content=\"1280\" \/>\n\t<meta property=\"og:image:height\" content=\"720\" \/>\n\t<meta property=\"og:image:type\" content=\"image\/jpeg\" \/>\n<meta name=\"author\" content=\"Jaromir\" \/>\n<meta name=\"twitter:label1\" content=\"Verfasst von\" \/>\n\t<meta name=\"twitter:data1\" content=\"Jaromir\" \/>\n\t<meta name=\"twitter:label2\" content=\"Gesch\u00e4tzte Lesezeit\" \/>\n\t<meta name=\"twitter:data2\" content=\"7\u00a0Minuten\" \/>\n<script type=\"application\/ld+json\" class=\"yoast-schema-graph\">{\"@context\":\"https:\/\/schema.org\",\"@graph\":[{\"@type\":\"Article\",\"@id\":\"https:\/\/siemysli-ke.info\/de\/nacjonalisci-uderzyli-w-czuly-punkt-systemu\/#article\",\"isPartOf\":{\"@id\":\"https:\/\/siemysli-ke.info\/de\/nacjonalisci-uderzyli-w-czuly-punkt-systemu\/\"},\"author\":{\"name\":\"Jaromir\",\"@id\":\"https:\/\/siemysli-ke.info\/#\/schema\/person\/66d741fa745a44f2fe46d112bc6499f2\"},\"headline\":\"NACJONALI\u015aCI UDERZYLI W CZU\u0141Y PUNKT SYSTEMU!\",\"datePublished\":\"2014-11-14T10:43:18+00:00\",\"dateModified\":\"2014-11-15T17:25:27+00:00\",\"mainEntityOfPage\":{\"@id\":\"https:\/\/siemysli-ke.info\/de\/nacjonalisci-uderzyli-w-czuly-punkt-systemu\/\"},\"wordCount\":1371,\"commentCount\":6,\"publisher\":{\"@id\":\"https:\/\/siemysli-ke.info\/#organization\"},\"image\":{\"@id\":\"https:\/\/siemysli-ke.info\/de\/nacjonalisci-uderzyli-w-czuly-punkt-systemu\/#primaryimage\"},\"thumbnailUrl\":\"https:\/\/siemysli-ke.info\/wp-content\/uploads\/2014\/11\/max-8659.jpg\",\"keywords\":[\"antyfaszyzm\",\"MW\",\"NOP\",\"UB\"],\"articleSection\":[\"Gospodarka i polityka\",\"Rzeczypospolita\"],\"inLanguage\":\"de\",\"potentialAction\":[{\"@type\":\"CommentAction\",\"name\":\"Comment\",\"target\":[\"https:\/\/siemysli-ke.info\/de\/nacjonalisci-uderzyli-w-czuly-punkt-systemu\/#respond\"]}]},{\"@type\":\"WebPage\",\"@id\":\"https:\/\/siemysli-ke.info\/de\/nacjonalisci-uderzyli-w-czuly-punkt-systemu\/\",\"url\":\"https:\/\/siemysli-ke.info\/de\/nacjonalisci-uderzyli-w-czuly-punkt-systemu\/\",\"name\":\"NACJONALI\u015aCI UDERZYLI W CZU\u0141Y PUNKT SYSTEMU! - SI\u0118 MY\u015aLI\",\"isPartOf\":{\"@id\":\"https:\/\/siemysli-ke.info\/de\/#website\"},\"primaryImageOfPage\":{\"@id\":\"https:\/\/siemysli-ke.info\/de\/nacjonalisci-uderzyli-w-czuly-punkt-systemu\/#primaryimage\"},\"image\":{\"@id\":\"https:\/\/siemysli-ke.info\/de\/nacjonalisci-uderzyli-w-czuly-punkt-systemu\/#primaryimage\"},\"thumbnailUrl\":\"https:\/\/siemysli-ke.info\/wp-content\/uploads\/2014\/11\/max-8659.jpg\",\"datePublished\":\"2014-11-14T10:43:18+00:00\",\"dateModified\":\"2014-11-15T17:25:27+00:00\",\"breadcrumb\":{\"@id\":\"https:\/\/siemysli-ke.info\/de\/nacjonalisci-uderzyli-w-czuly-punkt-systemu\/#breadcrumb\"},\"inLanguage\":\"de\",\"potentialAction\":[{\"@type\":\"ReadAction\",\"target\":[[\"https:\/\/siemysli-ke.info\/de\/nacjonalisci-uderzyli-w-czuly-punkt-systemu\/\"]]}]},{\"@type\":\"ImageObject\",\"inLanguage\":\"de\",\"@id\":\"https:\/\/siemysli-ke.info\/de\/nacjonalisci-uderzyli-w-czuly-punkt-systemu\/#primaryimage\",\"url\":\"https:\/\/siemysli-ke.info\/wp-content\/uploads\/2014\/11\/max-8659.jpg\",\"contentUrl\":\"https:\/\/siemysli-ke.info\/wp-content\/uploads\/2014\/11\/max-8659.jpg\",\"width\":1280,\"height\":720},{\"@type\":\"BreadcrumbList\",\"@id\":\"https:\/\/siemysli-ke.info\/de\/nacjonalisci-uderzyli-w-czuly-punkt-systemu\/#breadcrumb\",\"itemListElement\":[{\"@type\":\"ListItem\",\"position\":1,\"name\":\"Home\",\"item\":\"https:\/\/siemysli-ke.info\/de\/\"},{\"@type\":\"ListItem\",\"position\":2,\"name\":\"NACJONALI\u015aCI UDERZYLI W CZU\u0141Y PUNKT SYSTEMU!\"}]},{\"@type\":\"WebSite\",\"@id\":\"https:\/\/siemysli-ke.info\/de\/#website\",\"url\":\"https:\/\/siemysli-ke.info\/de\/\",\"name\":\"SI\u0118 MY\u015aLI\",\"description\":\"\",\"publisher\":{\"@id\":\"https:\/\/siemysli-ke.info\/de\/#organization\"},\"potentialAction\":[{\"@type\":\"SearchAction\",\"target\":{\"@type\":\"EntryPoint\",\"urlTemplate\":\"https:\/\/siemysli-ke.info\/de\/?s={search_term_string}\"},\"query-input\":{\"@type\":\"PropertyValueSpecification\",\"valueRequired\":true,\"valueName\":\"search_term_string\"}}],\"inLanguage\":\"de\"},{\"@type\":\"Organization\",\"@id\":\"https:\/\/siemysli-ke.info\/de\/#organization\",\"name\":\"SI\u0118 MY\u015aLI\",\"url\":\"https:\/\/siemysli-ke.info\/de\/\",\"logo\":{\"@type\":\"ImageObject\",\"inLanguage\":\"de\",\"@id\":\"https:\/\/siemysli-ke.info\/de\/#\/schema\/logo\/image\/\",\"url\":\"https:\/\/siemysli-ke.info\/wp-content\/uploads\/2025\/05\/99.png\",\"contentUrl\":\"https:\/\/siemysli-ke.info\/wp-content\/uploads\/2025\/05\/99.png\",\"width\":270,\"height\":204,\"caption\":\"SI\u0118 MY\u015aLI\"},\"image\":{\"@id\":\"https:\/\/siemysli-ke.info\/de\/#\/schema\/logo\/image\/\"}},{\"@type\":\"Person\",\"@id\":\"https:\/\/siemysli-ke.info\/#\/schema\/person\/66d741fa745a44f2fe46d112bc6499f2\",\"name\":\"Jaromir\",\"image\":{\"@type\":\"ImageObject\",\"inLanguage\":\"de\",\"@id\":\"https:\/\/siemysli-ke.info\/de\/#\/schema\/person\/image\/\",\"url\":\"https:\/\/secure.gravatar.com\/avatar\/fe881559e8ac8dda20293e9e8317d4678c6ad8f65f85a9ce5e1a87cee56b6198?s=96&d=mm&r=g\",\"contentUrl\":\"https:\/\/secure.gravatar.com\/avatar\/fe881559e8ac8dda20293e9e8317d4678c6ad8f65f85a9ce5e1a87cee56b6198?s=96&d=mm&r=g\",\"caption\":\"Jaromir\"},\"url\":\"https:\/\/siemysli-ke.info\/de\/author\/jaromir\/\"}]}<\/script>\n<!-- \/ Yoast SEO plugin. -->","yoast_head_json":{"title":"NACJONALI\u015aCI UDERZYLI W CZU\u0141Y PUNKT SYSTEMU! - SI\u0118 MY\u015aLI","robots":{"index":"index","follow":"follow","max-snippet":"max-snippet:-1","max-image-preview":"max-image-preview:large","max-video-preview":"max-video-preview:-1"},"canonical":"https:\/\/siemysli-ke.info\/de\/nacjonalisci-uderzyli-w-czuly-punkt-systemu\/","og_locale":"de_DE","og_type":"article","og_title":"NACJONALI\u015aCI UDERZYLI W CZU\u0141Y PUNKT SYSTEMU! - SI\u0118 MY\u015aLI","og_description":"To chyba ostatnie miejsce do promowania nacjonalizmu, rasizmu i \u015brodowisk narodowych &#8211; lecz id\u0105c z duchem pluralizmu, penetruj\u0105c pras\u0119, nie","og_url":"https:\/\/siemysli-ke.info\/de\/nacjonalisci-uderzyli-w-czuly-punkt-systemu\/","og_site_name":"SI\u0118 MY\u015aLI","article_published_time":"2014-11-14T10:43:18+00:00","article_modified_time":"2014-11-15T17:25:27+00:00","og_image":[{"width":1280,"height":720,"url":"https:\/\/siemysli-ke.info\/wp-content\/uploads\/2014\/11\/max-8659.jpg","type":"image\/jpeg"}],"author":"Jaromir","twitter_misc":{"Verfasst von":"Jaromir","Gesch\u00e4tzte Lesezeit":"7\u00a0Minuten"},"schema":{"@context":"https:\/\/schema.org","@graph":[{"@type":"Article","@id":"https:\/\/siemysli-ke.info\/de\/nacjonalisci-uderzyli-w-czuly-punkt-systemu\/#article","isPartOf":{"@id":"https:\/\/siemysli-ke.info\/de\/nacjonalisci-uderzyli-w-czuly-punkt-systemu\/"},"author":{"name":"Jaromir","@id":"https:\/\/siemysli-ke.info\/#\/schema\/person\/66d741fa745a44f2fe46d112bc6499f2"},"headline":"NACJONALI\u015aCI UDERZYLI W CZU\u0141Y PUNKT SYSTEMU!","datePublished":"2014-11-14T10:43:18+00:00","dateModified":"2014-11-15T17:25:27+00:00","mainEntityOfPage":{"@id":"https:\/\/siemysli-ke.info\/de\/nacjonalisci-uderzyli-w-czuly-punkt-systemu\/"},"wordCount":1371,"commentCount":6,"publisher":{"@id":"https:\/\/siemysli-ke.info\/#organization"},"image":{"@id":"https:\/\/siemysli-ke.info\/de\/nacjonalisci-uderzyli-w-czuly-punkt-systemu\/#primaryimage"},"thumbnailUrl":"https:\/\/siemysli-ke.info\/wp-content\/uploads\/2014\/11\/max-8659.jpg","keywords":["antyfaszyzm","MW","NOP","UB"],"articleSection":["Gospodarka i polityka","Rzeczypospolita"],"inLanguage":"de","potentialAction":[{"@type":"CommentAction","name":"Comment","target":["https:\/\/siemysli-ke.info\/de\/nacjonalisci-uderzyli-w-czuly-punkt-systemu\/#respond"]}]},{"@type":"WebPage","@id":"https:\/\/siemysli-ke.info\/de\/nacjonalisci-uderzyli-w-czuly-punkt-systemu\/","url":"https:\/\/siemysli-ke.info\/de\/nacjonalisci-uderzyli-w-czuly-punkt-systemu\/","name":"NACJONALI\u015aCI UDERZYLI W CZU\u0141Y PUNKT SYSTEMU! - SI\u0118 MY\u015aLI","isPartOf":{"@id":"https:\/\/siemysli-ke.info\/de\/#website"},"primaryImageOfPage":{"@id":"https:\/\/siemysli-ke.info\/de\/nacjonalisci-uderzyli-w-czuly-punkt-systemu\/#primaryimage"},"image":{"@id":"https:\/\/siemysli-ke.info\/de\/nacjonalisci-uderzyli-w-czuly-punkt-systemu\/#primaryimage"},"thumbnailUrl":"https:\/\/siemysli-ke.info\/wp-content\/uploads\/2014\/11\/max-8659.jpg","datePublished":"2014-11-14T10:43:18+00:00","dateModified":"2014-11-15T17:25:27+00:00","breadcrumb":{"@id":"https:\/\/siemysli-ke.info\/de\/nacjonalisci-uderzyli-w-czuly-punkt-systemu\/#breadcrumb"},"inLanguage":"de","potentialAction":[{"@type":"ReadAction","target":[["https:\/\/siemysli-ke.info\/de\/nacjonalisci-uderzyli-w-czuly-punkt-systemu\/"]]}]},{"@type":"ImageObject","inLanguage":"de","@id":"https:\/\/siemysli-ke.info\/de\/nacjonalisci-uderzyli-w-czuly-punkt-systemu\/#primaryimage","url":"https:\/\/siemysli-ke.info\/wp-content\/uploads\/2014\/11\/max-8659.jpg","contentUrl":"https:\/\/siemysli-ke.info\/wp-content\/uploads\/2014\/11\/max-8659.jpg","width":1280,"height":720},{"@type":"BreadcrumbList","@id":"https:\/\/siemysli-ke.info\/de\/nacjonalisci-uderzyli-w-czuly-punkt-systemu\/#breadcrumb","itemListElement":[{"@type":"ListItem","position":1,"name":"Home","item":"https:\/\/siemysli-ke.info\/de\/"},{"@type":"ListItem","position":2,"name":"NACJONALI\u015aCI UDERZYLI W CZU\u0141Y PUNKT SYSTEMU!"}]},{"@type":"WebSite","@id":"https:\/\/siemysli-ke.info\/de\/#website","url":"https:\/\/siemysli-ke.info\/de\/","name":"SI\u0118 MY\u015aLI","description":"","publisher":{"@id":"https:\/\/siemysli-ke.info\/de\/#organization"},"potentialAction":[{"@type":"SearchAction","target":{"@type":"EntryPoint","urlTemplate":"https:\/\/siemysli-ke.info\/de\/?s={search_term_string}"},"query-input":{"@type":"PropertyValueSpecification","valueRequired":true,"valueName":"search_term_string"}}],"inLanguage":"de"},{"@type":"Organization","@id":"https:\/\/siemysli-ke.info\/de\/#organization","name":"SI\u0118 MY\u015aLI","url":"https:\/\/siemysli-ke.info\/de\/","logo":{"@type":"ImageObject","inLanguage":"de","@id":"https:\/\/siemysli-ke.info\/de\/#\/schema\/logo\/image\/","url":"https:\/\/siemysli-ke.info\/wp-content\/uploads\/2025\/05\/99.png","contentUrl":"https:\/\/siemysli-ke.info\/wp-content\/uploads\/2025\/05\/99.png","width":270,"height":204,"caption":"SI\u0118 MY\u015aLI"},"image":{"@id":"https:\/\/siemysli-ke.info\/de\/#\/schema\/logo\/image\/"}},{"@type":"Person","@id":"https:\/\/siemysli-ke.info\/#\/schema\/person\/66d741fa745a44f2fe46d112bc6499f2","name":"Jaromir","image":{"@type":"ImageObject","inLanguage":"de","@id":"https:\/\/siemysli-ke.info\/de\/#\/schema\/person\/image\/","url":"https:\/\/secure.gravatar.com\/avatar\/fe881559e8ac8dda20293e9e8317d4678c6ad8f65f85a9ce5e1a87cee56b6198?s=96&d=mm&r=g","contentUrl":"https:\/\/secure.gravatar.com\/avatar\/fe881559e8ac8dda20293e9e8317d4678c6ad8f65f85a9ce5e1a87cee56b6198?s=96&d=mm&r=g","caption":"Jaromir"},"url":"https:\/\/siemysli-ke.info\/de\/author\/jaromir\/"}]}},"_links":{"self":[{"href":"https:\/\/siemysli-ke.info\/de\/wp-json\/wp\/v2\/posts\/13997","targetHints":{"allow":["GET"]}}],"collection":[{"href":"https:\/\/siemysli-ke.info\/de\/wp-json\/wp\/v2\/posts"}],"about":[{"href":"https:\/\/siemysli-ke.info\/de\/wp-json\/wp\/v2\/types\/post"}],"author":[{"embeddable":true,"href":"https:\/\/siemysli-ke.info\/de\/wp-json\/wp\/v2\/users\/7"}],"replies":[{"embeddable":true,"href":"https:\/\/siemysli-ke.info\/de\/wp-json\/wp\/v2\/comments?post=13997"}],"version-history":[{"count":0,"href":"https:\/\/siemysli-ke.info\/de\/wp-json\/wp\/v2\/posts\/13997\/revisions"}],"wp:featuredmedia":[{"embeddable":true,"href":"https:\/\/siemysli-ke.info\/de\/wp-json\/wp\/v2\/media\/13999"}],"wp:attachment":[{"href":"https:\/\/siemysli-ke.info\/de\/wp-json\/wp\/v2\/media?parent=13997"}],"wp:term":[{"taxonomy":"category","embeddable":true,"href":"https:\/\/siemysli-ke.info\/de\/wp-json\/wp\/v2\/categories?post=13997"},{"taxonomy":"post_tag","embeddable":true,"href":"https:\/\/siemysli-ke.info\/de\/wp-json\/wp\/v2\/tags?post=13997"}],"curies":[{"name":"wp","href":"https:\/\/api.w.org\/{rel}","templated":true}]}}