 {"id":13951,"date":"2014-11-06T13:31:13","date_gmt":"2014-11-06T12:31:13","guid":{"rendered":"http:\/\/www.siemysli.info.ke\/?p=13951"},"modified":"2014-11-06T13:38:38","modified_gmt":"2014-11-06T12:38:38","slug":"karnawal-dykty-albo-wybory","status":"publish","type":"post","link":"https:\/\/siemysli-ke.info\/de\/karnawal-dykty-albo-wybory\/","title":{"rendered":"Karnawa\u0142 dykty albo wybory"},"content":{"rendered":"<p style=\"text-align: justify;\"><a href=\"http:\/\/www.siemysli.info.ke\/wp-content\/uploads\/2014\/11\/19.jpg\" rel=\"lightbox[13951]\"><img decoding=\"async\" class=\"alignleft size-medium wp-image-13952\" src=\"http:\/\/www.siemysli.info.ke\/wp-content\/uploads\/2014\/11\/19-300x225.jpg\" alt=\"19\" width=\"300\" height=\"225\" srcset=\"https:\/\/siemysli-ke.info\/wp-content\/uploads\/2014\/11\/19-300x225.jpg 300w, https:\/\/siemysli-ke.info\/wp-content\/uploads\/2014\/11\/19-316x237.jpg 316w, https:\/\/siemysli-ke.info\/wp-content\/uploads\/2014\/11\/19-100x75.jpg 100w, https:\/\/siemysli-ke.info\/wp-content\/uploads\/2014\/11\/19.jpg 1024w\" sizes=\"(max-width: 300px) 100vw, 300px\" \/><\/a>Nie mamy tym razem zamiaru anarchistycznym wzorcem namawia\u0107 do bojkotu wybor\u00f3w. Wszak i bez tego jest to zadanie skazane na sukces \u2013 bez w\u0105tpienia Polska zajmie czo\u0142owe, je\u015bli nie pierwsze miejsce w Europie pod wzgl\u0119dem absencji wyborczej, dor\u00f3wnuj\u0105c w tym jedynie terenom po\u0142udniowo-wschodniej Ukrainy podczas ostatniej elekcji! Fakt ten nie zawstydzi jednak polskiej klasy politycznej, <strong>kt\u00f3ra w zgodny spos\u00f3b ignoruje oczywisty ju\u017c fakt, \u017ce jej legitymacja spo\u0142eczna jest nik\u0142a i wi\u0119cej ni\u017c w\u0105tpliwa.<\/strong><\/p>\n<p style=\"text-align: justify;\">Nie ma te\u017c sensu zajmowa\u0107 si\u0119 programami \u2013 i tak nie maj\u0105 wiele wsp\u00f3lnego z rzeczywisto\u015bci\u0105, cho\u0107 wedle nich &#8211; pobo\u017cnych \u017cycze\u0144 i obiecanek nigdy do\u015b\u0107! Jednak dla zasady przyjrzyjmy si\u0119, kto kandyduje na takiego np. prezydenta Cz\u0119stochowy Na wst\u0119pie ujawni\u0119 niedyskretnie moje osobiste preferencje wyborcze: oto\u017c chcia\u0142bym, by g\u0142osz\u0105cymi redystrybucj\u0119 i opiek\u0119 spo\u0142eczn\u0105, by zapewni\u0107 minimalny rynek na swoje produkty. Kt\u00f3\u017c bowiem b\u0119dzie chodzi\u0142 w owych, sprzedawanych przez Kokota butach? W mie\u015bcie, gdzie furor\u0119 robi\u0105 sklepy typu \u201eWszystko po 2,50\u201d a tak\u017ce te z rzeczami u\u017cywanymi..? Likwidacja \u201esocjalu\u201d obrot\u00f3w mu nie zwi\u0119kszy. Nast\u0119pny kandydat to Tomasz Jask\u00f3\u0142a. Popiera go cz\u0119stochowski Ruch Wolno\u015bci, z kt\u00f3rym zwi\u0105zani s\u0105 m.in. cz\u0142onkowie Stowarzyszenia Republikanie, Kongresu Nowej Prawicy, Polski Razem Jaros\u0142awa Gowina, Ruchu Narodowego, reprezentanci Klubu Najwy\u017cszego Czasu, Klubu Frondy, Godzin dla Polski, Zmielonych.pl Paw\u0142a Kukiza, Ruchu na Rzecz JOW &#8211; jednomandatowych okr\u0119g\u00f3w wyborczych, czyli kandydat \u201ebis\u201d i jak wy\u017cej. Jego jedyn\u0105 broni\u0105 s\u0105 bajki o nowoczesnych technologiach, dzi\u0119ki kt\u00f3rym zbuduje pod Jasn\u0105 G\u00f3r\u0105 Dolin\u0119 Krzemow\u0105 (nie m\u00f3wi, za co). No, niez\u0142y odjazd. Balcerowicz ju\u017c tak\u0105 Dolin\u0119 obiecywa\u0142 w Wa\u0142brzychu&#8230;<\/p>\n<p style=\"text-align: justify;\">Andrzej Szewi\u0144ski \u2013 PO. Na szcz\u0119\u015bcie jego szanse s\u0105 nik\u0142e a poparcie znikome. Wida\u0107, i\u017c partia rz\u0105dz\u0105ca nie ma w mie\u015bcie wielkiego uznania.<\/p>\n<p style=\"text-align: justify;\">Artur Warzocha &#8211; PiS. To samo dotyczy i tego kandydata &#8211; raczej nie poszaleje&#8230;:) Ca\u0142kiem s\u0142usznie: obie partie s\u0105 siebie warte i wsp\u00f3lnie ponosz\u0105 odpowiedzialno\u015b\u0107 za cyrk, w jakim \u017cyjemy. W interesie wszystkich ludzi, \u017cyj\u0105cych w tym RP jest minimalizowanie wp\u0142yw\u00f3w tych koterii politycznych.<\/p>\n<p style=\"text-align: justify;\">Marcin Maranda, kt\u00f3ry wedle sonda\u017cy cieszy si\u0119 sporym poparciem, mog\u0105cym zagrozi\u0107 Matyjaszczykowi, reprezentuje tak naprawd\u0119 po-Wronie towarzystwo. Wrona, co to przynajmniej charakteryzowa\u0142 si\u0119 pragmatyzmem i dzi\u0119ki d\u0142ugotrwa\u0142o\u015bci swych rz\u0105d\u00f3w, wykazuj\u0105cych si\u0119 ju\u017c pewn\u0105 \u201epatriarchaln\u0105\u201d dba\u0142o\u015bci\u0105 o miasto, m\u00f3g\u0142by z pewno\u015bci\u0105 pe\u0142ni\u0107 t\u0119 funkcj\u0119 z powodzeniem w Austrii, we Francji czy innym w miar\u0119 zamo\u017cnym kraju. <strong>Odwo\u0142ano go nie tyle z powodu osobistych wad, ile za ca\u0142okszta\u0142t ostatnich 25 lat, z kt\u00f3rym by\u0142 kojarzony. Nie tyle te\u017c za swoje winy, ile za og\u00f3ln\u0105 sytuacj\u0119 w kraju.<\/strong> Ca\u0142kiem s\u0142usznie to, co mo\u017ce by\u0107 dobre przy spokojnych i zamo\u017cnych czasach dla statecznych mieszczan, nie nadaje si\u0119 do sytuacji, kiedy to mieszka\u0144cy ubo\u017cej\u0105. Tak wi\u0119c ewentualne zwyci\u0119stwo Marandy b\u0119dzie raczej \u015bwiadectwem tego, i\u017c ludzie maj\u0105 do\u015b\u0107 Matyjaszczyka &#8211; jak mieli do\u015b\u0107 Wrony, \u017ce g\u0142osuj\u0105 (polskim zwyczajem) przede wszystkim <strong>przeciw<\/strong> &#8211; a nie <strong>za<\/strong>. Co da wymiana miejsc na tej karuzeli? Ano niewiele &#8211; wymian\u0119 pracownik\u00f3w samorz\u0105dowych, w d\u0142u\u017cszej za\u015b perspektywie zmian\u0119 firm obs\u0142uguj\u0105cych, miast krewnych i powinowatych kr\u00f3lika itd&#8230; Powr\u00f3t starego.<\/p>\n<p style=\"text-align: justify;\">Krzysztofa Matyjaszczyka wynios\u0142a do w\u0142adzy specyficzna, dominuj\u0105ca w Cz\u0119stochowie niech\u0119\u0107 dla dominuj\u0105cych si\u0142 politycznych I ju\u017c nie tylko rozczarowanie &#8211; ale silna frustracja z powodu sytuacji ekonomicznej. Jakie osi\u0105gni\u0119cia ma nowy prezydent? <strong>Na jednym polu oczywiste \u2013 w propagandzie!!! Darmowa gazetka, gdzie wypisuj\u0105 peany na cze\u015b\u0107 jego rz\u0105d\u00f3w, wr\u0119cz urzeka swym o\u015blim zapatrzeniem w \u015bwietlane rz\u0105dy! Rzadko si\u0119 czyta tak nachaln\u0105 propagand\u0119. Poza tym nic.<\/strong> Mo\u017cna wr\u0119cz odnie\u015b\u0107 wra\u017cenie, \u017ce Matyjaszczyk panicznie boi si\u0119 jakiejkolwiek decyzji. Miasto jest rozkopane \u2013 niekt\u00f3re ulice s\u0105 przebudowywane po raz kt\u00f3ry\u015b z rz\u0119du. Jednak w cyklu inwestycyjnym jest to wi\u0119kszo\u015bci zas\u0142uga jego poprzednika. Brak wizji, co zrobi\u0107 z alejami (gdy\u017c komu\u015b mo\u017cna by si\u0119 narazi\u0107), z komunikacj\u0105. Kpina z bud\u017cetu partycypacyjnego, pono\u0107 realizowanego przez miasto. Program \u00f3w jest robiony \u201ena odknaj\u201d, ze \u015bmiesznie niskim bud\u017cetem i na niereprezentatywnych \u015brodowiskach. W spos\u00f3b, jaki kompromituje ca\u0142kiem interesuj\u0105c\u0105 ide\u0119. Tak przy okazji &#8211; odsy\u0142amy w\u0142odarzy miasta do lektury na temat bud\u017cetu partycypacyjnego naszego nie\u017cyj\u0105cego ju\u017c kolegi Rafa\u0142a G\u00f3rskiego: \u00a0 <a href=\"http:\/\/otworzksiazke.pl\/images\/ksiazki\/bez_panstwa\/bez_panstwa.pdf\">http:\/\/otworzksiazke.pl\/images\/ksiazki\/bez_panstwa\/bez_panstwa.pdf<\/a><\/p>\n<p style=\"text-align: justify;\">Pomimo deklarowanej lewicowo\u015bci, opieka spo\u0142eczna niczym nie r\u00f3\u017cni si\u0119 od poprzednik\u00f3w. Nas\u0119pi\u0142a jedynie wymienia synekur w wydziale i tyle. Wszak ka\u017cda w\u0142adza musi nagradza\u0107 swoich zausznik\u00f3w. Mo\u017ce nawet obecna jest bardziej represyjna i neoliberalna w duchu. Ot, np. jako \u017ce Cz\u0119stochowa przoduje w ilo\u015bci gapowicz\u00f3w MPK, do tej pory sprzedawano owe \u201ed\u0142ugi\u201d na rynku. Dane gapowicz\u00f3w s\u0105 teraz podawane na policj\u0119, oni sami \u015bcigani i s\u0105dzeni. <strong>Je\u015bli lewicowo\u015b\u0107 w <\/strong><strong>mniemaniu SLD polega na penalizacji wszystkich wykrocze\u0144 &#8211; to gratuluj\u0119 takiego rozumienia lewicowo\u015bci.<\/strong> O innych zarzutach: korupcji itd. nie warto tu pisa\u0107. Robi\u0105 to bowiem z powodzeniem inni kandydaci do koryta.<\/p>\n<p style=\"text-align: justify;\">Kolejny kandydat to Armand Ryfi\u0144ski, szerzej znany jako pose\u0142 Palikotowej partii. Jako \u017ce jego szanse s\u0105 tak\u017ce nie za wielkie, mog\u0142yby jedynie zagwarantowa\u0107, \u017ce by\u0142oby w Cz\u0119stochowie weselej, gdyby zosta\u0142 wybrany. Jego domniemana lewicowo\u015b\u0107 jest te\u017c co najmniej w\u0105tpliwa. Rzut oka na program Ryfi\u0144skiego wystarczy\u0142, by natkn\u0105\u0107 si\u0119 na bzdur\u0119 o stwarzaniu warunk\u00f3w dla przedsi\u0119biorc\u00f3w &#8211; wszak w tym kraju niczego innego nie robiono od 25 lat &#8211; i krytyk\u0119 zbyt du\u017cych wydatk\u00f3w na opiek\u0105 socjaln\u0105 dotychczasowych rz\u0105dz\u0105cych! Pose\u0142 Armand twierdzi (pozornie s\u0142usznie i zgodnie z neoliberalnym duchem), \u017ce trzeba tworzy\u0107 warunki do przedsi\u0119biorczo\u015bci. Tak jak wszyscy inni &#8211; z ka\u017cdej kanapowej partyjki &#8211; obiecuje \u015bci\u0105gn\u0105\u0107 pod Jasn\u0105 G\u00f3r\u0119 owych mistycznych inwestor\u00f3w, kt\u00f3rych wszyscy od lat \u015bci\u0105gaj\u0105 i wci\u0105\u017c \u015bci\u0105gn\u0105\u0107 nie mog\u0105. Jak wida\u0107 owa \u201elewicowo\u015b\u0107\u201d &#8211; to jedynie liberalizm obyczajowy i nic wi\u0119cej.<\/p>\n<p style=\"text-align: justify;\"><img decoding=\"async\" class=\"aligncenter size-medium wp-image-13953\" src=\"http:\/\/www.siemysli.info.ke\/wp-content\/uploads\/2014\/11\/14-300x225.jpg\" alt=\"14\" width=\"300\" height=\"225\" srcset=\"https:\/\/siemysli-ke.info\/wp-content\/uploads\/2014\/11\/14-300x225.jpg 300w, https:\/\/siemysli-ke.info\/wp-content\/uploads\/2014\/11\/14.jpg 1024w\" sizes=\"(max-width: 300px) 100vw, 300px\" \/><\/p>\n<p style=\"text-align: justify;\">Co tedy nale\u017ca\u0142oby uczyni\u0107? Stworzy\u0107 i odbudowa\u0107 szeroki sektor komunalny, wszystko to bowiem dzi\u015b jest teoretycznie wolnorynkowe (ze szkod\u0105 dla pracownik\u00f3w), a i kto wie, czy w konsekwencji dzia\u0142alno\u015b\u0107 komunalnych przedsi\u0119biorstw nie okaza\u0142a by si\u0119 ta\u0144sza \u2013 ziele\u0144, oczyszczanie miasta&#8230; W my\u015bl jaki\u015b europejskich wytycznych czy dyrektyw Ratusz Cz\u0119stochowy inspiruje dzi\u015b powstawanie sp\u00f3\u0142dzielni socjalnych. Jednak realnie to kolejna strefa patologii, gdzie zarabiaj\u0105 wy\u0142\u0105cznie ci, kt\u00f3rzy je zak\u0142adaj\u0105, a s\u0105 powi\u0105zani z pracownikami opieki spo\u0142ecznej. Ci za\u015b, co s\u0105 w nich prawdziwymi robotnikami, odpracowuj\u0105c np. nieop\u0142acony czynsz, egzystuj\u0105 tam wr\u0119cz na zasadach p\u00f3\u0142-niewolniczych. To patologia, z jak\u0105 nale\u017ca\u0142oby walczy\u0107, jednak alternatywa, jak\u0105 si\u0119 tym ludziom proponuje (eksmisja) &#8211; jest jeszcze gorsza!<\/p>\n<p style=\"text-align: justify;\">Nas\u0167\u0119pna rzecz miastu konieczna, to bezp\u0142atny transport. Cz\u0119stochowa jest biedna \u2013 nie tylko dlatego, i\u017c tylko wtedy b\u0119dzie si\u0119 op\u0142aca\u0142a rezygnacja z w\u0142asnego samochodu, czyli w mie\u015bcie zmniejsz\u0105 si\u0119 lub przestan\u0105 (poza drogami krajowymi) istnie\u0107 korki, ale i z powod\u00f3w spo\u0142ecznych. P\u0142ace i dochody s\u0105 \u015bmiesznie niskie; wci\u0105\u017c ro\u015bnie liczba ludzi biednych i niezamo\u017cnych; koszty komunikacji to spory wydatek (a i ta minimalna praca staje si\u0119 dobrem luksusowym). Oczywi\u015bcie, nale\u017ca\u0142o by podnie\u015b\u0107 p\u0142ace (ale to akurat jest poza kompetencjami samorz\u0105du), tym niemniej p\u00f3ki to na razie nie nast\u0119puje, darmowa komunikacja to konkretny spos\u00f3b na popraw\u0119 warunk\u00f3w \u017cycia najubo\u017cszych &#8211; i nie tylko ich.<\/p>\n<p style=\"text-align: justify;\">Opieka spo\u0142eczna to niechciane dziecko miejskich samorz\u0105d\u00f3w, kt\u00f3re dla w\u0142adz miasta ma jedynie t\u0119 warto\u015b\u0107, \u017ce dostarcza sporo synekur dla krewnych, pociotk\u00f3w i powinowatych. Jej dzia\u0142alno\u015b\u0107 powinna ulec ca\u0142kowitej przemianie. <strong>Od 25 lat panuje w tej dziedzinie specyficzna spychologia: miasto p\u0142aci ro\u017cnym fundacjom i organizacjom dobroczynnym, by to one dzia\u0142a\u0142y i nie przejmuje si\u0119 ju\u017c dalej problemem. <\/strong>Dlatego te\u017c, pomimo sporych wydatk\u00f3w, pe\u0142no g\u0142odnych i bezdomnych. Problem nie maleje a ro\u015bnie!!! W\u0142adze miasta powinny same zaj\u0105\u0107 si\u0119 rozwi\u0105zaniem owych problem\u00f3w i wzi\u0105\u0107 wreszcie za nie odpowiedzialno\u015b\u0107. Powinna wreszcie zosta\u0107 otwarta darmowa (\u015bwiecka) kuchnia socjalna. Do tej pory pieni\u0105dze miasta finansuj\u0105 dzia\u0142alno\u015b\u0107 instytucji charytatywnych. Wydaje si\u0119, i\u017c nie s\u0105 to najbardziej efektywnie u\u017cytkowane pieni\u0105dze. To samo dotyczy noclegowni \u2013 tak\u017ce tu jest wiele patologii. Miasto powinno preferowa\u0107 przedsi\u0119biorstwa komunalne i sp\u00f3\u0142dzielnie socjalne &#8211; bowiem tzw. wolny rynek zawsze b\u0119dzie promowa\u0142 te firmy, kt\u00f3rych koszty s\u0105 niskie, bo oszcz\u0119dzaj\u0105 na zarobkach i formach zatrudnienia pracownik\u00f3w. Potrzebny jest te\u017c program taniego budownictwa komunalnego. Pomimo tego, \u017ce Cz\u0119stochowa dos\u0142ownie wymiera, i\u017c coraz wi\u0119cej jest pustych mieszka\u0144, \u017ce ceny wynajmu s\u0105 nawet zno\u015bne, \u017ce pe\u0142no jest ofert sprzeda\u017cy &#8211; to koszty eksploatacji (czynsz to spora kwota, na jak\u0105 nie sta\u0107 m\u0142odych ludzi) do\u0142uj\u0105 ruch w tej bran\u017cy. Istnieje wszak mo\u017cliwo\u015b\u0107, by budowa\u0107 tanio, ekologicznie, w oparciu o takie kierunki w budownictwie jak domy pasywne energetycznie, domy autonomiczne czy budownictwo alternatywne i naturalne. To w\u0142a\u015bnie mog\u0142oby obni\u017cy\u0107 koszty \u017cycia mieszka\u0144c\u00f3w, czyli na pocz\u0105tek spowodowa\u0107, by mniej ludzi decydowa\u0142o si\u0119 na emigracj\u0119 spod Jasnej G\u00f3ry. Oczywi\u015bcie jest wiele innych spraw \u2013 zwi\u0105zanych z infrastruktur\u0105, terenami zielonymi, itd&#8230; jednak s\u0105 to tematy w obecnych warunkach drugo- i trzeciorz\u0119dne. <strong>Powinno si\u0119 realnie a nie fasadowo rozwija\u0107 bud\u017cet partycypacyjny i demokracj\u0119 uczestnicz\u0105c\u0105 tak, by powsta\u0142y oddolne mechanizmy kontroli spo\u0142ecznej nad funkcjonowaniem w\u0142adz samorz\u0105dowych.<\/strong> Czego, jak dot\u0105d, upartyjnione po uszy samorz\u0105dy boj\u0105 si\u0119, niczym ognia. Albo \u015bwi\u0119conej wody&#8230;<\/p>\n<p style=\"text-align: justify;\">To, co potrzebne Cz\u0119stochowie (jak te\u017c innym polskim miastom, szczeg\u00f3lnie tym prowincjonalnym), to konsekwentna polityka pro-spo\u0142eczna, socjalna i lewicowa w rozumieniu jak najbardziej klasycznym, kt\u00f3rej nale\u017ca\u0142oby si\u0119 dzi\u015b uczy\u0107 w krajach Ameryki \u0141aci\u0144skiej, od pewnego czasu do\u015b\u0107 skutecznie niweluj\u0105cych bied\u0119 i cierpienie spo\u0142eczne. C\u00f3\u017c, na to jednak nadzieje s\u0105 nik\u0142e.<\/p>\n<p style=\"text-align: justify;\">Skoro wi\u0119c mi\u0119dzy kandydatami (nie tylko w Cz\u0119stochowie, <strong>wsz\u0119dzie<\/strong> w RP) nie mo\u017cna dostrzec zasadniczej r\u00f3\u017cnicy, to po co wybiera\u0107???<\/p>\n<p><strong>\u00a0<\/strong><\/p>\n<p style=\"text-align: right;\"><strong>Artur Kielasiak<\/strong><\/p>\n","protected":false},"excerpt":{"rendered":"<p>Nie mamy tym razem zamiaru anarchistycznym wzorcem namawia\u0107 do bojkotu wybor\u00f3w. Wszak i bez tego jest to zadanie skazane na<\/p>\n","protected":false},"author":3,"featured_media":13952,"comment_status":"open","ping_status":"open","sticky":false,"template":"","format":"standard","meta":{"colormag_page_layout":"default_layout","footnotes":""},"categories":[7,81],"tags":[256,89,1264,1263,1268,92,1269,1267,729,1266,1265,452],"class_list":["post-13951","post","type-post","status-publish","format-standard","has-post-thumbnail","hentry","category-gospodarka","category-rzeczpospolita","tag-artur-kielasiak","tag-breaking","tag-budzet-partycypacyjny","tag-czestochowa","tag-dolina-krzemowa","tag-headline","tag-httpotworzksiazke-plimagesksiazkibez_panstwabez_panstwa-pdf","tag-jasna-gora","tag-leszek-balcerowicz","tag-mityczni-inwestorzy","tag-rafal-gorski","tag-walbrzych"],"yoast_head":"<!-- This site is optimized with the Yoast SEO plugin v25.1 - https:\/\/yoast.com\/wordpress\/plugins\/seo\/ -->\n<title>Karnawa\u0142 dykty albo wybory - SI\u0118 MY\u015aLI<\/title>\n<meta name=\"robots\" content=\"index, follow, max-snippet:-1, max-image-preview:large, max-video-preview:-1\" \/>\n<link rel=\"canonical\" href=\"https:\/\/siemysli-ke.info\/de\/karnawal-dykty-albo-wybory\/\" \/>\n<meta property=\"og:locale\" content=\"de_DE\" \/>\n<meta property=\"og:type\" content=\"article\" \/>\n<meta property=\"og:title\" content=\"Karnawa\u0142 dykty albo wybory - SI\u0118 MY\u015aLI\" \/>\n<meta property=\"og:description\" content=\"Nie mamy tym razem zamiaru anarchistycznym wzorcem namawia\u0107 do bojkotu wybor\u00f3w. Wszak i bez tego jest to zadanie skazane na\" \/>\n<meta property=\"og:url\" content=\"https:\/\/siemysli-ke.info\/de\/karnawal-dykty-albo-wybory\/\" \/>\n<meta property=\"og:site_name\" content=\"SI\u0118 MY\u015aLI\" \/>\n<meta property=\"article:published_time\" content=\"2014-11-06T12:31:13+00:00\" \/>\n<meta property=\"article:modified_time\" content=\"2014-11-06T12:38:38+00:00\" \/>\n<meta property=\"og:image\" content=\"https:\/\/siemysli-ke.info\/wp-content\/uploads\/2014\/11\/19.jpg\" \/>\n\t<meta property=\"og:image:width\" content=\"1024\" \/>\n\t<meta property=\"og:image:height\" content=\"768\" \/>\n\t<meta property=\"og:image:type\" content=\"image\/jpeg\" \/>\n<meta name=\"author\" content=\"...\" \/>\n<meta name=\"twitter:label1\" content=\"Verfasst von\" \/>\n\t<meta name=\"twitter:data1\" content=\"...\" \/>\n\t<meta name=\"twitter:label2\" content=\"Gesch\u00e4tzte Lesezeit\" \/>\n\t<meta name=\"twitter:data2\" content=\"9\u00a0Minuten\" \/>\n<script type=\"application\/ld+json\" class=\"yoast-schema-graph\">{\"@context\":\"https:\/\/schema.org\",\"@graph\":[{\"@type\":\"Article\",\"@id\":\"https:\/\/siemysli-ke.info\/de\/karnawal-dykty-albo-wybory\/#article\",\"isPartOf\":{\"@id\":\"https:\/\/siemysli-ke.info\/de\/karnawal-dykty-albo-wybory\/\"},\"author\":{\"name\":\"...\",\"@id\":\"https:\/\/siemysli-ke.info\/#\/schema\/person\/75326687448d6abf738b156f56385210\"},\"headline\":\"Karnawa\u0142 dykty albo wybory\",\"datePublished\":\"2014-11-06T12:31:13+00:00\",\"dateModified\":\"2014-11-06T12:38:38+00:00\",\"mainEntityOfPage\":{\"@id\":\"https:\/\/siemysli-ke.info\/de\/karnawal-dykty-albo-wybory\/\"},\"wordCount\":1771,\"commentCount\":0,\"publisher\":{\"@id\":\"https:\/\/siemysli-ke.info\/#organization\"},\"image\":{\"@id\":\"https:\/\/siemysli-ke.info\/de\/karnawal-dykty-albo-wybory\/#primaryimage\"},\"thumbnailUrl\":\"https:\/\/siemysli-ke.info\/wp-content\/uploads\/2014\/11\/19.jpg\",\"keywords\":[\"Artur Kielasiak\",\"breaking\",\"bud\u017cet partycypacyjny\",\"Cz\u0119stochowa\",\"Dolina Krzemowa\",\"headline\",\"http:\/\/otworzksiazke.pl\/images\/ksiazki\/bez_panstwa\/bez_panstwa.pdf\",\"Jasna G\u00f3ra\",\"Leszek Balcerowicz\",\"mityczni inwestorzy\",\"Rafa\u0142 G\u00f3rski\",\"Wa\u0142brzych\"],\"articleSection\":[\"Gospodarka i polityka\",\"Rzeczypospolita\"],\"inLanguage\":\"de\",\"potentialAction\":[{\"@type\":\"CommentAction\",\"name\":\"Comment\",\"target\":[\"https:\/\/siemysli-ke.info\/de\/karnawal-dykty-albo-wybory\/#respond\"]}]},{\"@type\":\"WebPage\",\"@id\":\"https:\/\/siemysli-ke.info\/de\/karnawal-dykty-albo-wybory\/\",\"url\":\"https:\/\/siemysli-ke.info\/de\/karnawal-dykty-albo-wybory\/\",\"name\":\"Karnawa\u0142 dykty albo wybory - SI\u0118 MY\u015aLI\",\"isPartOf\":{\"@id\":\"https:\/\/siemysli-ke.info\/de\/#website\"},\"primaryImageOfPage\":{\"@id\":\"https:\/\/siemysli-ke.info\/de\/karnawal-dykty-albo-wybory\/#primaryimage\"},\"image\":{\"@id\":\"https:\/\/siemysli-ke.info\/de\/karnawal-dykty-albo-wybory\/#primaryimage\"},\"thumbnailUrl\":\"https:\/\/siemysli-ke.info\/wp-content\/uploads\/2014\/11\/19.jpg\",\"datePublished\":\"2014-11-06T12:31:13+00:00\",\"dateModified\":\"2014-11-06T12:38:38+00:00\",\"breadcrumb\":{\"@id\":\"https:\/\/siemysli-ke.info\/de\/karnawal-dykty-albo-wybory\/#breadcrumb\"},\"inLanguage\":\"de\",\"potentialAction\":[{\"@type\":\"ReadAction\",\"target\":[[\"https:\/\/siemysli-ke.info\/de\/karnawal-dykty-albo-wybory\/\"]]}]},{\"@type\":\"ImageObject\",\"inLanguage\":\"de\",\"@id\":\"https:\/\/siemysli-ke.info\/de\/karnawal-dykty-albo-wybory\/#primaryimage\",\"url\":\"https:\/\/siemysli-ke.info\/wp-content\/uploads\/2014\/11\/19.jpg\",\"contentUrl\":\"https:\/\/siemysli-ke.info\/wp-content\/uploads\/2014\/11\/19.jpg\",\"width\":1024,\"height\":768},{\"@type\":\"BreadcrumbList\",\"@id\":\"https:\/\/siemysli-ke.info\/de\/karnawal-dykty-albo-wybory\/#breadcrumb\",\"itemListElement\":[{\"@type\":\"ListItem\",\"position\":1,\"name\":\"Home\",\"item\":\"https:\/\/siemysli-ke.info\/de\/\"},{\"@type\":\"ListItem\",\"position\":2,\"name\":\"Karnawa\u0142 dykty albo wybory\"}]},{\"@type\":\"WebSite\",\"@id\":\"https:\/\/siemysli-ke.info\/de\/#website\",\"url\":\"https:\/\/siemysli-ke.info\/de\/\",\"name\":\"SI\u0118 MY\u015aLI\",\"description\":\"\",\"publisher\":{\"@id\":\"https:\/\/siemysli-ke.info\/de\/#organization\"},\"potentialAction\":[{\"@type\":\"SearchAction\",\"target\":{\"@type\":\"EntryPoint\",\"urlTemplate\":\"https:\/\/siemysli-ke.info\/de\/?s={search_term_string}\"},\"query-input\":{\"@type\":\"PropertyValueSpecification\",\"valueRequired\":true,\"valueName\":\"search_term_string\"}}],\"inLanguage\":\"de\"},{\"@type\":\"Organization\",\"@id\":\"https:\/\/siemysli-ke.info\/de\/#organization\",\"name\":\"SI\u0118 MY\u015aLI\",\"url\":\"https:\/\/siemysli-ke.info\/de\/\",\"logo\":{\"@type\":\"ImageObject\",\"inLanguage\":\"de\",\"@id\":\"https:\/\/siemysli-ke.info\/de\/#\/schema\/logo\/image\/\",\"url\":\"https:\/\/siemysli-ke.info\/wp-content\/uploads\/2025\/05\/99.png\",\"contentUrl\":\"https:\/\/siemysli-ke.info\/wp-content\/uploads\/2025\/05\/99.png\",\"width\":270,\"height\":204,\"caption\":\"SI\u0118 MY\u015aLI\"},\"image\":{\"@id\":\"https:\/\/siemysli-ke.info\/de\/#\/schema\/logo\/image\/\"}},{\"@type\":\"Person\",\"@id\":\"https:\/\/siemysli-ke.info\/#\/schema\/person\/75326687448d6abf738b156f56385210\",\"name\":\"...\",\"image\":{\"@type\":\"ImageObject\",\"inLanguage\":\"de\",\"@id\":\"https:\/\/siemysli-ke.info\/de\/#\/schema\/person\/image\/\",\"url\":\"https:\/\/secure.gravatar.com\/avatar\/33a3c2559155e1b4add65cf88cafda785aeb920f44b97c7055b07866ab5b13c2?s=96&d=mm&r=g\",\"contentUrl\":\"https:\/\/secure.gravatar.com\/avatar\/33a3c2559155e1b4add65cf88cafda785aeb920f44b97c7055b07866ab5b13c2?s=96&d=mm&r=g\",\"caption\":\"...\"},\"url\":\"https:\/\/siemysli-ke.info\/de\/author\/lele\/\"}]}<\/script>\n<!-- \/ Yoast SEO plugin. -->","yoast_head_json":{"title":"Karnawa\u0142 dykty albo wybory - SI\u0118 MY\u015aLI","robots":{"index":"index","follow":"follow","max-snippet":"max-snippet:-1","max-image-preview":"max-image-preview:large","max-video-preview":"max-video-preview:-1"},"canonical":"https:\/\/siemysli-ke.info\/de\/karnawal-dykty-albo-wybory\/","og_locale":"de_DE","og_type":"article","og_title":"Karnawa\u0142 dykty albo wybory - SI\u0118 MY\u015aLI","og_description":"Nie mamy tym razem zamiaru anarchistycznym wzorcem namawia\u0107 do bojkotu wybor\u00f3w. Wszak i bez tego jest to zadanie skazane na","og_url":"https:\/\/siemysli-ke.info\/de\/karnawal-dykty-albo-wybory\/","og_site_name":"SI\u0118 MY\u015aLI","article_published_time":"2014-11-06T12:31:13+00:00","article_modified_time":"2014-11-06T12:38:38+00:00","og_image":[{"width":1024,"height":768,"url":"https:\/\/siemysli-ke.info\/wp-content\/uploads\/2014\/11\/19.jpg","type":"image\/jpeg"}],"author":"...","twitter_misc":{"Verfasst von":"...","Gesch\u00e4tzte Lesezeit":"9\u00a0Minuten"},"schema":{"@context":"https:\/\/schema.org","@graph":[{"@type":"Article","@id":"https:\/\/siemysli-ke.info\/de\/karnawal-dykty-albo-wybory\/#article","isPartOf":{"@id":"https:\/\/siemysli-ke.info\/de\/karnawal-dykty-albo-wybory\/"},"author":{"name":"...","@id":"https:\/\/siemysli-ke.info\/#\/schema\/person\/75326687448d6abf738b156f56385210"},"headline":"Karnawa\u0142 dykty albo wybory","datePublished":"2014-11-06T12:31:13+00:00","dateModified":"2014-11-06T12:38:38+00:00","mainEntityOfPage":{"@id":"https:\/\/siemysli-ke.info\/de\/karnawal-dykty-albo-wybory\/"},"wordCount":1771,"commentCount":0,"publisher":{"@id":"https:\/\/siemysli-ke.info\/#organization"},"image":{"@id":"https:\/\/siemysli-ke.info\/de\/karnawal-dykty-albo-wybory\/#primaryimage"},"thumbnailUrl":"https:\/\/siemysli-ke.info\/wp-content\/uploads\/2014\/11\/19.jpg","keywords":["Artur Kielasiak","breaking","bud\u017cet partycypacyjny","Cz\u0119stochowa","Dolina Krzemowa","headline","http:\/\/otworzksiazke.pl\/images\/ksiazki\/bez_panstwa\/bez_panstwa.pdf","Jasna G\u00f3ra","Leszek Balcerowicz","mityczni inwestorzy","Rafa\u0142 G\u00f3rski","Wa\u0142brzych"],"articleSection":["Gospodarka i polityka","Rzeczypospolita"],"inLanguage":"de","potentialAction":[{"@type":"CommentAction","name":"Comment","target":["https:\/\/siemysli-ke.info\/de\/karnawal-dykty-albo-wybory\/#respond"]}]},{"@type":"WebPage","@id":"https:\/\/siemysli-ke.info\/de\/karnawal-dykty-albo-wybory\/","url":"https:\/\/siemysli-ke.info\/de\/karnawal-dykty-albo-wybory\/","name":"Karnawa\u0142 dykty albo wybory - SI\u0118 MY\u015aLI","isPartOf":{"@id":"https:\/\/siemysli-ke.info\/de\/#website"},"primaryImageOfPage":{"@id":"https:\/\/siemysli-ke.info\/de\/karnawal-dykty-albo-wybory\/#primaryimage"},"image":{"@id":"https:\/\/siemysli-ke.info\/de\/karnawal-dykty-albo-wybory\/#primaryimage"},"thumbnailUrl":"https:\/\/siemysli-ke.info\/wp-content\/uploads\/2014\/11\/19.jpg","datePublished":"2014-11-06T12:31:13+00:00","dateModified":"2014-11-06T12:38:38+00:00","breadcrumb":{"@id":"https:\/\/siemysli-ke.info\/de\/karnawal-dykty-albo-wybory\/#breadcrumb"},"inLanguage":"de","potentialAction":[{"@type":"ReadAction","target":[["https:\/\/siemysli-ke.info\/de\/karnawal-dykty-albo-wybory\/"]]}]},{"@type":"ImageObject","inLanguage":"de","@id":"https:\/\/siemysli-ke.info\/de\/karnawal-dykty-albo-wybory\/#primaryimage","url":"https:\/\/siemysli-ke.info\/wp-content\/uploads\/2014\/11\/19.jpg","contentUrl":"https:\/\/siemysli-ke.info\/wp-content\/uploads\/2014\/11\/19.jpg","width":1024,"height":768},{"@type":"BreadcrumbList","@id":"https:\/\/siemysli-ke.info\/de\/karnawal-dykty-albo-wybory\/#breadcrumb","itemListElement":[{"@type":"ListItem","position":1,"name":"Home","item":"https:\/\/siemysli-ke.info\/de\/"},{"@type":"ListItem","position":2,"name":"Karnawa\u0142 dykty albo wybory"}]},{"@type":"WebSite","@id":"https:\/\/siemysli-ke.info\/de\/#website","url":"https:\/\/siemysli-ke.info\/de\/","name":"SI\u0118 MY\u015aLI","description":"","publisher":{"@id":"https:\/\/siemysli-ke.info\/de\/#organization"},"potentialAction":[{"@type":"SearchAction","target":{"@type":"EntryPoint","urlTemplate":"https:\/\/siemysli-ke.info\/de\/?s={search_term_string}"},"query-input":{"@type":"PropertyValueSpecification","valueRequired":true,"valueName":"search_term_string"}}],"inLanguage":"de"},{"@type":"Organization","@id":"https:\/\/siemysli-ke.info\/de\/#organization","name":"SI\u0118 MY\u015aLI","url":"https:\/\/siemysli-ke.info\/de\/","logo":{"@type":"ImageObject","inLanguage":"de","@id":"https:\/\/siemysli-ke.info\/de\/#\/schema\/logo\/image\/","url":"https:\/\/siemysli-ke.info\/wp-content\/uploads\/2025\/05\/99.png","contentUrl":"https:\/\/siemysli-ke.info\/wp-content\/uploads\/2025\/05\/99.png","width":270,"height":204,"caption":"SI\u0118 MY\u015aLI"},"image":{"@id":"https:\/\/siemysli-ke.info\/de\/#\/schema\/logo\/image\/"}},{"@type":"Person","@id":"https:\/\/siemysli-ke.info\/#\/schema\/person\/75326687448d6abf738b156f56385210","name":"...","image":{"@type":"ImageObject","inLanguage":"de","@id":"https:\/\/siemysli-ke.info\/de\/#\/schema\/person\/image\/","url":"https:\/\/secure.gravatar.com\/avatar\/33a3c2559155e1b4add65cf88cafda785aeb920f44b97c7055b07866ab5b13c2?s=96&d=mm&r=g","contentUrl":"https:\/\/secure.gravatar.com\/avatar\/33a3c2559155e1b4add65cf88cafda785aeb920f44b97c7055b07866ab5b13c2?s=96&d=mm&r=g","caption":"..."},"url":"https:\/\/siemysli-ke.info\/de\/author\/lele\/"}]}},"_links":{"self":[{"href":"https:\/\/siemysli-ke.info\/de\/wp-json\/wp\/v2\/posts\/13951","targetHints":{"allow":["GET"]}}],"collection":[{"href":"https:\/\/siemysli-ke.info\/de\/wp-json\/wp\/v2\/posts"}],"about":[{"href":"https:\/\/siemysli-ke.info\/de\/wp-json\/wp\/v2\/types\/post"}],"author":[{"embeddable":true,"href":"https:\/\/siemysli-ke.info\/de\/wp-json\/wp\/v2\/users\/3"}],"replies":[{"embeddable":true,"href":"https:\/\/siemysli-ke.info\/de\/wp-json\/wp\/v2\/comments?post=13951"}],"version-history":[{"count":0,"href":"https:\/\/siemysli-ke.info\/de\/wp-json\/wp\/v2\/posts\/13951\/revisions"}],"wp:featuredmedia":[{"embeddable":true,"href":"https:\/\/siemysli-ke.info\/de\/wp-json\/wp\/v2\/media\/13952"}],"wp:attachment":[{"href":"https:\/\/siemysli-ke.info\/de\/wp-json\/wp\/v2\/media?parent=13951"}],"wp:term":[{"taxonomy":"category","embeddable":true,"href":"https:\/\/siemysli-ke.info\/de\/wp-json\/wp\/v2\/categories?post=13951"},{"taxonomy":"post_tag","embeddable":true,"href":"https:\/\/siemysli-ke.info\/de\/wp-json\/wp\/v2\/tags?post=13951"}],"curies":[{"name":"wp","href":"https:\/\/api.w.org\/{rel}","templated":true}]}}