 {"id":13793,"date":"2014-10-05T11:41:54","date_gmt":"2014-10-05T09:41:54","guid":{"rendered":"http:\/\/www.siemysli.info.ke\/?p=13793"},"modified":"2014-10-05T16:46:42","modified_gmt":"2014-10-05T14:46:42","slug":"ile-czlowieka-w-czlowieku","status":"publish","type":"post","link":"https:\/\/siemysli-ke.info\/de\/ile-czlowieka-w-czlowieku\/","title":{"rendered":"ILE CZ\u0141OWIEKA W CZ\u0141OWIEKU?"},"content":{"rendered":"<p style=\"text-align: justify\"><a href=\"http:\/\/www.siemysli.info.ke\/wp-content\/uploads\/2014\/10\/127498315_3_644x461_daewoo-lanos-15-sedan-niezawodnypewniak-pierwszy-wlasciciel-daewoo_rev001.jpg\" rel=\"lightbox[13793]\"><img decoding=\"async\" class=\"alignleft size-medium wp-image-13794\" src=\"http:\/\/www.siemysli.info.ke\/wp-content\/uploads\/2014\/10\/127498315_3_644x461_daewoo-lanos-15-sedan-niezawodnypewniak-pierwszy-wlasciciel-daewoo_rev001-300x224.jpg\" alt=\"127498315_3_644x461_daewoo-lanos-15-sedan-niezawodnypewniak-pierwszy-wlasciciel-daewoo_rev001\" width=\"300\" height=\"224\" srcset=\"https:\/\/siemysli-ke.info\/wp-content\/uploads\/2014\/10\/127498315_3_644x461_daewoo-lanos-15-sedan-niezawodnypewniak-pierwszy-wlasciciel-daewoo_rev001-300x224.jpg 300w, https:\/\/siemysli-ke.info\/wp-content\/uploads\/2014\/10\/127498315_3_644x461_daewoo-lanos-15-sedan-niezawodnypewniak-pierwszy-wlasciciel-daewoo_rev001-316x237.jpg 316w, https:\/\/siemysli-ke.info\/wp-content\/uploads\/2014\/10\/127498315_3_644x461_daewoo-lanos-15-sedan-niezawodnypewniak-pierwszy-wlasciciel-daewoo_rev001-100x75.jpg 100w, https:\/\/siemysli-ke.info\/wp-content\/uploads\/2014\/10\/127498315_3_644x461_daewoo-lanos-15-sedan-niezawodnypewniak-pierwszy-wlasciciel-daewoo_rev001.jpg 615w\" sizes=\"(max-width: 300px) 100vw, 300px\" \/><\/a>Ka\u017cdy z nas ma w \u017cyciu tak\u0105 sytuacj\u0119 kiedy\u00a0potrzebuje pomocy drugiego cz\u0142owieka. Wszystko zale\u017cy od czynnika kulturowego, gdy pewne zachowania mamy wpojone od dziecka, lecz gdy spo\u0142ecze\u0144stwo bombarduje nachalna propaganda promocji &#8222;wy\u015bcigu szczur\u00f3w &#8222;, wtedy o pomoc rodaka ze \u015bwiec\u0105 szukac. Tak ka\u017cdy sobie, lecz gdy przychodzi bieda Polacy biadol\u0105 i pomstuj\u0105 do nieba jaki to pod\u0142y nar\u00f3d mieszka na tej ziemi nad Wis\u0142\u0105&#8230;<br \/>\nTe wakacje o wymarzonej pogodzie sp\u0119dza\u0142em w okolicach Gorzowa, czyli lasy i woda. Niestety rejon Polski sk\u0105d pochodz\u0119, do finansowej elity nie nale\u017cy,wi\u0119c i jego mieszka\u0144cy poruszaj\u0105 si\u0119 autami &#8222;z epoki&#8220;:) Cud kooperacji nieboszczki FSO z jej du\u017cym sko\u015bnookim bratem -Daewoo Lanos! Auto bardzo sprawne, lecz ciasne i z biegiem lat jak wychodzi podatne na niespodzianki. Powr\u00f3t do centralnej Polski przypad\u0142 mojej rodzinie akurat na poranek mglisty, d\u017cd\u017cysty i deszczowy. Pierwsze ponad sto kilometr\u00f3w w kierunku Poznania pokonali\u015bmy w miar\u0119 sprawnie, ale czujne ucho kierowcy wychwyci\u0142o niepokoj\u0105ce stuki dochodz\u0105ce gdzie\u015b w okolicy przedniego zawieszenia. Doje\u017cd\u017caj\u0105c na pozna\u0144sk\u0105 obwodnic\u0119 \u00a0stuki nie\u015bmia\u0142e i ledwie s\u0142yszalne przerodzi\u0142y si\u0119 w regularne walenie. Lanos, \u017cona dziecko i niespe\u0142na \u00f3sma rano na zegarze. Do tego przedmie\u015bcia pozna\u0144skiej metropolii. Zatrzymali\u015bmy si\u0119 na stacjii benzynowej ,lecz szef nas zla\u0142-tak zwyczajnie po polsku. Jad\u0105c dalej z dusz\u0105 na ramieniu pojawi\u0142 si\u0119 kolejny k\u0142opot- na ka\u017cdych \u015bwiat\u0142ach w\u0142acza\u0142 si\u0119 na kokpicie &#8222;check&#8220; silnika i auto gas\u0142o i&#8230;nie hamowa\u0142o hamulcem bo ten potrzebuje wspomagania z silnika -zosta\u0142 tylko hamulec r\u0119czny. Stres siegn\u0105\u0142 zenitu bo do celu bagatela 230km a my jeste\u015bmy w czarnej dupie!. Jednak dobre Anio\u0142y nad nami czuwa\u0142y!. Mijaj\u0105c kolejne skrzy\u017cowanie na zielonym swietle bez zatrzymywania, po prawej stronie w oddali ukaza\u0142 nam si\u0119 szyld reklamuj\u0105cy napraw\u0119 aut ci\u0119\u017carowych .Bingo! Szybko skr\u0119camy i z dusz\u0105 na ramieniu id\u0119 do str\u00f3\u017c\u00f3wki, miejsca jakby rodem przeniesionego z PRLu. Pani podnosz\u0105ca szlaban, gdy uslysza\u0142a, \u017ce jestesmy z drogi, \u017ce dziecko, \u017ce pada i k\u0142opot ogromny \u017cywo zainteresowa\u0142a si\u0119 naszym problemem. Podzwoni\u0142a tu i tam i okaza\u0142o si\u0119, \u017ce w\u0142a\u015bnie przyszli mechanicy. Podjecha\u0142em z rodzink\u0105 na warsztat, wok\u00f3\u0142 tiry, dw\u00f3ch ch\u0142opak\u00f3w poprosi\u0142o bym wjecha\u0142 na &#8222;kana\u0142&#8220; przystosowany dla ci\u0119\u017car\u00f3wek, wi\u0119c przy innym rozstawie osi to ju\u017c by\u0142o karko\u0142omne. Wzbudzili\u015bmy niema\u0142\u0105 sensacj\u0119 i zaj\u0119to si\u0119 nami jak go\u015bcmi specjalnymi. Rozsypany przegub zosta\u0142 napr\u0119dce reananimowany i \u017cyczliwo\u015bc jaka mnie tam spotka\u0142a od ch\u0142opak\u00f3w z Poznania porazi\u0142a moj\u0105 rodzin\u0119 do tego stopnia \u017ce wspominamy ten fakt do dzi\u015b. Uratowanie ty\u0142ka kosztowa\u0142o nas 20z\u0142 na piwo i w drog\u0119!. Z ca\u0142ym szacunkiem mo\u017ce dla nich by\u0142a to normalno\u015bc ,ale dla mnie co\u015b nie z tej ziemi!<br \/>\nNa co dzie\u0144 otacza mnie nieufno\u015bc s\u0105siad\u00f3w, postawa roszczeniowa pa\u0144 z przedszkola czy innych urz\u0119d\u00f3w a w pracy chamstwo ,donosy i podk\u0142adanie sobie &#8222;kopyta&#8220;.<br \/>\nOdwyk\u0142em od normalnych ludzkich zachowa\u0144!<br \/>\nMusimy wierzyc w ludzi ,choc to coraz trudniejsze bo tyle cz\u0142owieka w cz\u0142owieku ile zosta\u0142o w nas serca i dobroci dla tego w potrzebie!<br \/>\nZ dedykacj\u0105 dla bezimiennych ch\u0142opak\u00f3w z pozna\u0144skiego warsztatu<br \/>\nRoman Boryczko Pa\u017adziernik 2014<\/p>\n<p style=\"text-align: justify\">\n","protected":false},"excerpt":{"rendered":"<p>Ka\u017cdy z nas ma w \u017cyciu tak\u0105 sytuacj\u0119 kiedy\u00a0potrzebuje pomocy drugiego cz\u0142owieka. Wszystko zale\u017cy od czynnika kulturowego, gdy pewne zachowania<\/p>\n","protected":false},"author":7,"featured_media":13794,"comment_status":"open","ping_status":"open","sticky":false,"template":"","format":"standard","meta":{"colormag_page_layout":"default_layout","footnotes":""},"categories":[81],"tags":[1213],"class_list":["post-13793","post","type-post","status-publish","format-standard","has-post-thumbnail","hentry","category-rzeczpospolita","tag-wakacje"],"yoast_head":"<!-- This site is optimized with the Yoast SEO plugin v25.1 - https:\/\/yoast.com\/wordpress\/plugins\/seo\/ -->\n<title>ILE CZ\u0141OWIEKA W CZ\u0141OWIEKU? - SI\u0118 MY\u015aLI<\/title>\n<meta name=\"robots\" content=\"index, follow, max-snippet:-1, max-image-preview:large, max-video-preview:-1\" \/>\n<link rel=\"canonical\" href=\"https:\/\/siemysli-ke.info\/de\/ile-czlowieka-w-czlowieku\/\" \/>\n<meta property=\"og:locale\" content=\"de_DE\" \/>\n<meta property=\"og:type\" content=\"article\" \/>\n<meta property=\"og:title\" content=\"ILE CZ\u0141OWIEKA W CZ\u0141OWIEKU? - SI\u0118 MY\u015aLI\" \/>\n<meta property=\"og:description\" content=\"Ka\u017cdy z nas ma w \u017cyciu tak\u0105 sytuacj\u0119 kiedy\u00a0potrzebuje pomocy drugiego cz\u0142owieka. Wszystko zale\u017cy od czynnika kulturowego, gdy pewne zachowania\" \/>\n<meta property=\"og:url\" content=\"https:\/\/siemysli-ke.info\/de\/ile-czlowieka-w-czlowieku\/\" \/>\n<meta property=\"og:site_name\" content=\"SI\u0118 MY\u015aLI\" \/>\n<meta property=\"article:published_time\" content=\"2014-10-05T09:41:54+00:00\" \/>\n<meta property=\"article:modified_time\" content=\"2014-10-05T14:46:42+00:00\" \/>\n<meta property=\"og:image\" content=\"https:\/\/siemysli-ke.info\/wp-content\/uploads\/2014\/10\/127498315_3_644x461_daewoo-lanos-15-sedan-niezawodnypewniak-pierwszy-wlasciciel-daewoo_rev001.jpg\" \/>\n\t<meta property=\"og:image:width\" content=\"615\" \/>\n\t<meta property=\"og:image:height\" content=\"461\" \/>\n\t<meta property=\"og:image:type\" content=\"image\/jpeg\" \/>\n<meta name=\"author\" content=\"Jaromir\" \/>\n<meta name=\"twitter:label1\" content=\"Verfasst von\" \/>\n\t<meta name=\"twitter:data1\" content=\"Jaromir\" \/>\n\t<meta name=\"twitter:label2\" content=\"Gesch\u00e4tzte Lesezeit\" \/>\n\t<meta name=\"twitter:data2\" content=\"3\u00a0Minuten\" \/>\n<script type=\"application\/ld+json\" class=\"yoast-schema-graph\">{\"@context\":\"https:\/\/schema.org\",\"@graph\":[{\"@type\":\"Article\",\"@id\":\"https:\/\/siemysli-ke.info\/de\/ile-czlowieka-w-czlowieku\/#article\",\"isPartOf\":{\"@id\":\"https:\/\/siemysli-ke.info\/de\/ile-czlowieka-w-czlowieku\/\"},\"author\":{\"name\":\"Jaromir\",\"@id\":\"https:\/\/siemysli-ke.info\/#\/schema\/person\/66d741fa745a44f2fe46d112bc6499f2\"},\"headline\":\"ILE CZ\u0141OWIEKA W CZ\u0141OWIEKU?\",\"datePublished\":\"2014-10-05T09:41:54+00:00\",\"dateModified\":\"2014-10-05T14:46:42+00:00\",\"mainEntityOfPage\":{\"@id\":\"https:\/\/siemysli-ke.info\/de\/ile-czlowieka-w-czlowieku\/\"},\"wordCount\":588,\"commentCount\":0,\"publisher\":{\"@id\":\"https:\/\/siemysli-ke.info\/#organization\"},\"image\":{\"@id\":\"https:\/\/siemysli-ke.info\/de\/ile-czlowieka-w-czlowieku\/#primaryimage\"},\"thumbnailUrl\":\"https:\/\/siemysli-ke.info\/wp-content\/uploads\/2014\/10\/127498315_3_644x461_daewoo-lanos-15-sedan-niezawodnypewniak-pierwszy-wlasciciel-daewoo_rev001.jpg\",\"keywords\":[\"wakacje\"],\"articleSection\":[\"Rzeczypospolita\"],\"inLanguage\":\"de\",\"potentialAction\":[{\"@type\":\"CommentAction\",\"name\":\"Comment\",\"target\":[\"https:\/\/siemysli-ke.info\/de\/ile-czlowieka-w-czlowieku\/#respond\"]}]},{\"@type\":\"WebPage\",\"@id\":\"https:\/\/siemysli-ke.info\/de\/ile-czlowieka-w-czlowieku\/\",\"url\":\"https:\/\/siemysli-ke.info\/de\/ile-czlowieka-w-czlowieku\/\",\"name\":\"ILE CZ\u0141OWIEKA W CZ\u0141OWIEKU? - SI\u0118 MY\u015aLI\",\"isPartOf\":{\"@id\":\"https:\/\/siemysli-ke.info\/de\/#website\"},\"primaryImageOfPage\":{\"@id\":\"https:\/\/siemysli-ke.info\/de\/ile-czlowieka-w-czlowieku\/#primaryimage\"},\"image\":{\"@id\":\"https:\/\/siemysli-ke.info\/de\/ile-czlowieka-w-czlowieku\/#primaryimage\"},\"thumbnailUrl\":\"https:\/\/siemysli-ke.info\/wp-content\/uploads\/2014\/10\/127498315_3_644x461_daewoo-lanos-15-sedan-niezawodnypewniak-pierwszy-wlasciciel-daewoo_rev001.jpg\",\"datePublished\":\"2014-10-05T09:41:54+00:00\",\"dateModified\":\"2014-10-05T14:46:42+00:00\",\"breadcrumb\":{\"@id\":\"https:\/\/siemysli-ke.info\/de\/ile-czlowieka-w-czlowieku\/#breadcrumb\"},\"inLanguage\":\"de\",\"potentialAction\":[{\"@type\":\"ReadAction\",\"target\":[[\"https:\/\/siemysli-ke.info\/de\/ile-czlowieka-w-czlowieku\/\"]]}]},{\"@type\":\"ImageObject\",\"inLanguage\":\"de\",\"@id\":\"https:\/\/siemysli-ke.info\/de\/ile-czlowieka-w-czlowieku\/#primaryimage\",\"url\":\"https:\/\/siemysli-ke.info\/wp-content\/uploads\/2014\/10\/127498315_3_644x461_daewoo-lanos-15-sedan-niezawodnypewniak-pierwszy-wlasciciel-daewoo_rev001.jpg\",\"contentUrl\":\"https:\/\/siemysli-ke.info\/wp-content\/uploads\/2014\/10\/127498315_3_644x461_daewoo-lanos-15-sedan-niezawodnypewniak-pierwszy-wlasciciel-daewoo_rev001.jpg\",\"width\":615,\"height\":461},{\"@type\":\"BreadcrumbList\",\"@id\":\"https:\/\/siemysli-ke.info\/de\/ile-czlowieka-w-czlowieku\/#breadcrumb\",\"itemListElement\":[{\"@type\":\"ListItem\",\"position\":1,\"name\":\"Home\",\"item\":\"https:\/\/siemysli-ke.info\/de\/\"},{\"@type\":\"ListItem\",\"position\":2,\"name\":\"ILE CZ\u0141OWIEKA W CZ\u0141OWIEKU?\"}]},{\"@type\":\"WebSite\",\"@id\":\"https:\/\/siemysli-ke.info\/de\/#website\",\"url\":\"https:\/\/siemysli-ke.info\/de\/\",\"name\":\"SI\u0118 MY\u015aLI\",\"description\":\"\",\"publisher\":{\"@id\":\"https:\/\/siemysli-ke.info\/de\/#organization\"},\"potentialAction\":[{\"@type\":\"SearchAction\",\"target\":{\"@type\":\"EntryPoint\",\"urlTemplate\":\"https:\/\/siemysli-ke.info\/de\/?s={search_term_string}\"},\"query-input\":{\"@type\":\"PropertyValueSpecification\",\"valueRequired\":true,\"valueName\":\"search_term_string\"}}],\"inLanguage\":\"de\"},{\"@type\":\"Organization\",\"@id\":\"https:\/\/siemysli-ke.info\/de\/#organization\",\"name\":\"SI\u0118 MY\u015aLI\",\"url\":\"https:\/\/siemysli-ke.info\/de\/\",\"logo\":{\"@type\":\"ImageObject\",\"inLanguage\":\"de\",\"@id\":\"https:\/\/siemysli-ke.info\/de\/#\/schema\/logo\/image\/\",\"url\":\"https:\/\/siemysli-ke.info\/wp-content\/uploads\/2025\/05\/99.png\",\"contentUrl\":\"https:\/\/siemysli-ke.info\/wp-content\/uploads\/2025\/05\/99.png\",\"width\":270,\"height\":204,\"caption\":\"SI\u0118 MY\u015aLI\"},\"image\":{\"@id\":\"https:\/\/siemysli-ke.info\/de\/#\/schema\/logo\/image\/\"}},{\"@type\":\"Person\",\"@id\":\"https:\/\/siemysli-ke.info\/#\/schema\/person\/66d741fa745a44f2fe46d112bc6499f2\",\"name\":\"Jaromir\",\"image\":{\"@type\":\"ImageObject\",\"inLanguage\":\"de\",\"@id\":\"https:\/\/siemysli-ke.info\/de\/#\/schema\/person\/image\/\",\"url\":\"https:\/\/secure.gravatar.com\/avatar\/fe881559e8ac8dda20293e9e8317d4678c6ad8f65f85a9ce5e1a87cee56b6198?s=96&d=mm&r=g\",\"contentUrl\":\"https:\/\/secure.gravatar.com\/avatar\/fe881559e8ac8dda20293e9e8317d4678c6ad8f65f85a9ce5e1a87cee56b6198?s=96&d=mm&r=g\",\"caption\":\"Jaromir\"},\"url\":\"https:\/\/siemysli-ke.info\/de\/author\/jaromir\/\"}]}<\/script>\n<!-- \/ Yoast SEO plugin. -->","yoast_head_json":{"title":"ILE CZ\u0141OWIEKA W CZ\u0141OWIEKU? - SI\u0118 MY\u015aLI","robots":{"index":"index","follow":"follow","max-snippet":"max-snippet:-1","max-image-preview":"max-image-preview:large","max-video-preview":"max-video-preview:-1"},"canonical":"https:\/\/siemysli-ke.info\/de\/ile-czlowieka-w-czlowieku\/","og_locale":"de_DE","og_type":"article","og_title":"ILE CZ\u0141OWIEKA W CZ\u0141OWIEKU? - SI\u0118 MY\u015aLI","og_description":"Ka\u017cdy z nas ma w \u017cyciu tak\u0105 sytuacj\u0119 kiedy\u00a0potrzebuje pomocy drugiego cz\u0142owieka. Wszystko zale\u017cy od czynnika kulturowego, gdy pewne zachowania","og_url":"https:\/\/siemysli-ke.info\/de\/ile-czlowieka-w-czlowieku\/","og_site_name":"SI\u0118 MY\u015aLI","article_published_time":"2014-10-05T09:41:54+00:00","article_modified_time":"2014-10-05T14:46:42+00:00","og_image":[{"width":615,"height":461,"url":"https:\/\/siemysli-ke.info\/wp-content\/uploads\/2014\/10\/127498315_3_644x461_daewoo-lanos-15-sedan-niezawodnypewniak-pierwszy-wlasciciel-daewoo_rev001.jpg","type":"image\/jpeg"}],"author":"Jaromir","twitter_misc":{"Verfasst von":"Jaromir","Gesch\u00e4tzte Lesezeit":"3\u00a0Minuten"},"schema":{"@context":"https:\/\/schema.org","@graph":[{"@type":"Article","@id":"https:\/\/siemysli-ke.info\/de\/ile-czlowieka-w-czlowieku\/#article","isPartOf":{"@id":"https:\/\/siemysli-ke.info\/de\/ile-czlowieka-w-czlowieku\/"},"author":{"name":"Jaromir","@id":"https:\/\/siemysli-ke.info\/#\/schema\/person\/66d741fa745a44f2fe46d112bc6499f2"},"headline":"ILE CZ\u0141OWIEKA W CZ\u0141OWIEKU?","datePublished":"2014-10-05T09:41:54+00:00","dateModified":"2014-10-05T14:46:42+00:00","mainEntityOfPage":{"@id":"https:\/\/siemysli-ke.info\/de\/ile-czlowieka-w-czlowieku\/"},"wordCount":588,"commentCount":0,"publisher":{"@id":"https:\/\/siemysli-ke.info\/#organization"},"image":{"@id":"https:\/\/siemysli-ke.info\/de\/ile-czlowieka-w-czlowieku\/#primaryimage"},"thumbnailUrl":"https:\/\/siemysli-ke.info\/wp-content\/uploads\/2014\/10\/127498315_3_644x461_daewoo-lanos-15-sedan-niezawodnypewniak-pierwszy-wlasciciel-daewoo_rev001.jpg","keywords":["wakacje"],"articleSection":["Rzeczypospolita"],"inLanguage":"de","potentialAction":[{"@type":"CommentAction","name":"Comment","target":["https:\/\/siemysli-ke.info\/de\/ile-czlowieka-w-czlowieku\/#respond"]}]},{"@type":"WebPage","@id":"https:\/\/siemysli-ke.info\/de\/ile-czlowieka-w-czlowieku\/","url":"https:\/\/siemysli-ke.info\/de\/ile-czlowieka-w-czlowieku\/","name":"ILE CZ\u0141OWIEKA W CZ\u0141OWIEKU? - SI\u0118 MY\u015aLI","isPartOf":{"@id":"https:\/\/siemysli-ke.info\/de\/#website"},"primaryImageOfPage":{"@id":"https:\/\/siemysli-ke.info\/de\/ile-czlowieka-w-czlowieku\/#primaryimage"},"image":{"@id":"https:\/\/siemysli-ke.info\/de\/ile-czlowieka-w-czlowieku\/#primaryimage"},"thumbnailUrl":"https:\/\/siemysli-ke.info\/wp-content\/uploads\/2014\/10\/127498315_3_644x461_daewoo-lanos-15-sedan-niezawodnypewniak-pierwszy-wlasciciel-daewoo_rev001.jpg","datePublished":"2014-10-05T09:41:54+00:00","dateModified":"2014-10-05T14:46:42+00:00","breadcrumb":{"@id":"https:\/\/siemysli-ke.info\/de\/ile-czlowieka-w-czlowieku\/#breadcrumb"},"inLanguage":"de","potentialAction":[{"@type":"ReadAction","target":[["https:\/\/siemysli-ke.info\/de\/ile-czlowieka-w-czlowieku\/"]]}]},{"@type":"ImageObject","inLanguage":"de","@id":"https:\/\/siemysli-ke.info\/de\/ile-czlowieka-w-czlowieku\/#primaryimage","url":"https:\/\/siemysli-ke.info\/wp-content\/uploads\/2014\/10\/127498315_3_644x461_daewoo-lanos-15-sedan-niezawodnypewniak-pierwszy-wlasciciel-daewoo_rev001.jpg","contentUrl":"https:\/\/siemysli-ke.info\/wp-content\/uploads\/2014\/10\/127498315_3_644x461_daewoo-lanos-15-sedan-niezawodnypewniak-pierwszy-wlasciciel-daewoo_rev001.jpg","width":615,"height":461},{"@type":"BreadcrumbList","@id":"https:\/\/siemysli-ke.info\/de\/ile-czlowieka-w-czlowieku\/#breadcrumb","itemListElement":[{"@type":"ListItem","position":1,"name":"Home","item":"https:\/\/siemysli-ke.info\/de\/"},{"@type":"ListItem","position":2,"name":"ILE CZ\u0141OWIEKA W CZ\u0141OWIEKU?"}]},{"@type":"WebSite","@id":"https:\/\/siemysli-ke.info\/de\/#website","url":"https:\/\/siemysli-ke.info\/de\/","name":"SI\u0118 MY\u015aLI","description":"","publisher":{"@id":"https:\/\/siemysli-ke.info\/de\/#organization"},"potentialAction":[{"@type":"SearchAction","target":{"@type":"EntryPoint","urlTemplate":"https:\/\/siemysli-ke.info\/de\/?s={search_term_string}"},"query-input":{"@type":"PropertyValueSpecification","valueRequired":true,"valueName":"search_term_string"}}],"inLanguage":"de"},{"@type":"Organization","@id":"https:\/\/siemysli-ke.info\/de\/#organization","name":"SI\u0118 MY\u015aLI","url":"https:\/\/siemysli-ke.info\/de\/","logo":{"@type":"ImageObject","inLanguage":"de","@id":"https:\/\/siemysli-ke.info\/de\/#\/schema\/logo\/image\/","url":"https:\/\/siemysli-ke.info\/wp-content\/uploads\/2025\/05\/99.png","contentUrl":"https:\/\/siemysli-ke.info\/wp-content\/uploads\/2025\/05\/99.png","width":270,"height":204,"caption":"SI\u0118 MY\u015aLI"},"image":{"@id":"https:\/\/siemysli-ke.info\/de\/#\/schema\/logo\/image\/"}},{"@type":"Person","@id":"https:\/\/siemysli-ke.info\/#\/schema\/person\/66d741fa745a44f2fe46d112bc6499f2","name":"Jaromir","image":{"@type":"ImageObject","inLanguage":"de","@id":"https:\/\/siemysli-ke.info\/de\/#\/schema\/person\/image\/","url":"https:\/\/secure.gravatar.com\/avatar\/fe881559e8ac8dda20293e9e8317d4678c6ad8f65f85a9ce5e1a87cee56b6198?s=96&d=mm&r=g","contentUrl":"https:\/\/secure.gravatar.com\/avatar\/fe881559e8ac8dda20293e9e8317d4678c6ad8f65f85a9ce5e1a87cee56b6198?s=96&d=mm&r=g","caption":"Jaromir"},"url":"https:\/\/siemysli-ke.info\/de\/author\/jaromir\/"}]}},"_links":{"self":[{"href":"https:\/\/siemysli-ke.info\/de\/wp-json\/wp\/v2\/posts\/13793","targetHints":{"allow":["GET"]}}],"collection":[{"href":"https:\/\/siemysli-ke.info\/de\/wp-json\/wp\/v2\/posts"}],"about":[{"href":"https:\/\/siemysli-ke.info\/de\/wp-json\/wp\/v2\/types\/post"}],"author":[{"embeddable":true,"href":"https:\/\/siemysli-ke.info\/de\/wp-json\/wp\/v2\/users\/7"}],"replies":[{"embeddable":true,"href":"https:\/\/siemysli-ke.info\/de\/wp-json\/wp\/v2\/comments?post=13793"}],"version-history":[{"count":0,"href":"https:\/\/siemysli-ke.info\/de\/wp-json\/wp\/v2\/posts\/13793\/revisions"}],"wp:featuredmedia":[{"embeddable":true,"href":"https:\/\/siemysli-ke.info\/de\/wp-json\/wp\/v2\/media\/13794"}],"wp:attachment":[{"href":"https:\/\/siemysli-ke.info\/de\/wp-json\/wp\/v2\/media?parent=13793"}],"wp:term":[{"taxonomy":"category","embeddable":true,"href":"https:\/\/siemysli-ke.info\/de\/wp-json\/wp\/v2\/categories?post=13793"},{"taxonomy":"post_tag","embeddable":true,"href":"https:\/\/siemysli-ke.info\/de\/wp-json\/wp\/v2\/tags?post=13793"}],"curies":[{"name":"wp","href":"https:\/\/api.w.org\/{rel}","templated":true}]}}