 {"id":13784,"date":"2014-10-03T10:36:55","date_gmt":"2014-10-03T08:36:55","guid":{"rendered":"http:\/\/www.siemysli.info.ke\/?p=13784"},"modified":"2014-10-03T13:06:34","modified_gmt":"2014-10-03T11:06:34","slug":"sie-dzieje","status":"publish","type":"post","link":"https:\/\/siemysli-ke.info\/de\/sie-dzieje\/","title":{"rendered":"Si\u0119 dzieje&#8230;"},"content":{"rendered":"<p style=\"text-align: justify\"><a href=\"http:\/\/www.siemysli.info.ke\/wp-content\/uploads\/2014\/10\/Medieval-Jesters2.jpg\" rel=\"lightbox[13784]\"><img decoding=\"async\" class=\"alignleft size-medium wp-image-13785\" src=\"http:\/\/www.siemysli.info.ke\/wp-content\/uploads\/2014\/10\/Medieval-Jesters2-300x199.jpg\" alt=\"Medieval-Jesters2\" width=\"300\" height=\"199\" srcset=\"https:\/\/siemysli-ke.info\/wp-content\/uploads\/2014\/10\/Medieval-Jesters2-300x199.jpg 300w, https:\/\/siemysli-ke.info\/wp-content\/uploads\/2014\/10\/Medieval-Jesters2.jpg 500w\" sizes=\"(max-width: 300px) 100vw, 300px\" \/><\/a>Przed ambasad\u0105 Ukrainy w Warszawie odby\u0142 si\u0119 prorosyjski wiec, w kt\u00f3rym uczestniczy\u0142o oko\u0142o dwudziestu os\u00f3b. W tym kilkunastu nastolatk\u00f3w, nie\u015bwiadomych w czym bior\u0105 udzia\u0142, przywiezionych przez organizator\u00f3w z warszawskiej Woli , aby stworzyli &#8222;t\u0142um&#8220;. Jak widac s\u0105 pieni\u0105dze na rozbudzanie \u201es\u0142owia\u0144skiego ducha\u201d w narodzie lecz na razie efemrydy musz\u0105 sw\u00f3j t\u0142um op\u0142acac i traktowac jako staczy z godzinow\u0105 stawk\u0105. S\u0142awomir Zakrzewski i Jacek M\u0119drzycki w emocjonalnym antynatowskim przem\u00f3wieniu t\u0142umaczyli si\u0119 za polityk\u00f3w rosyjskich, m.in. \u017byrinowskiego, kt\u00f3rego wypowiedzi rzekomo s\u0105 w Polsce \u017ale rozumiane. S\u0142awomir Zakrzewski z kolei skupi\u0142 si\u0119 na krytyce Ko\u015bcio\u0142a katolickiego i prasy katolickiej, kt\u00f3ra wed\u0142ug niego nie wykazuje si\u0119 mi\u0142o\u015bci\u0105 bratersk\u0105 w stosunku do Rosji, wyra\u017ca\u0142 r\u00f3wnie\u017c ubolewanie, \u017ce \u201ePolska nie ma swojego Putina\u201d ani nawet polityka zbli\u017conego do wielko\u015bci wodza Rosji. Obaj okre\u015blili wydarzenia na Ukrainie, jako \u201efaszystowsk\u0105 rewolucj\u0119 banderowsk\u0105\u201d sponsorowan\u0105 przez Syjonist\u00f3w ,Mason\u00f3w i finansjer\u0119 z USA.W wiecu uczestniczyli tak\u017ce reprezentanci czasopisma My\u015bl Polska, Obozu Wielkiej Polski,USOPA\u0141, oraz Partii S\u0142owia\u0144skiej.Kilka os\u00f3b na krzy\u017c reprezentowa\u0142o ka\u017cdy z osobna kilka odcieni brunatnego folkloru. Reprezentanci tej ostatniej w rozmowie z pras\u0105 stwierdzili, \u017ce Ukrai\u0144cy nie s\u0105 narodem s\u0142owia\u0144skim i dlatego sprzeciwiaj\u0105 si\u0119 ich wspieraniu. \u2013&#8220; Nie interesuje mnie Polska, interesuj\u0105 mnie S\u0142owianie&#8220; \u2013 m\u00f3wi\u0142 jeden z uczestnik\u00f3w protestu rozdaj\u0105cy tygodnik &#8222;My\u015bl polska&#8220;. Kilkunastu po\u017cytecznych idiot\u00f3w mimo \u017ce pokazywanych w rosyjskich mediach w\u0119wn\u0105trz spo\u0142ecze\u0144stwa erupcji nie czyni a i z racji liczebno\u015bci nie mo\u017ce stac si\u0119 forpoczt\u0105 \u201ezielonych ludzik\u00f3w\u201d ,czyli proputinowskich wyzwolicieli. Rz\u0105d Polski w obliczu narastaj\u0105cego kryzysu ,korupcji i braku koncepcji na ci\u0105gni\u0119cie tego bajzlu dalej jedyne co potrafi\u0142 wymy\u015blic to emigracj\u0119 zarobkow\u0105 do Brukseli co bardziej prominentnych dzia\u0142aczy .Pasterz z\u0142odziei ,aferzyst\u00f3w i drobnych kr\u0119taczy opuszcza swoj\u0105 ferajne i b\u0119dzie teraz szefem wszystkich szef\u00f3w w UE. \u201eS\u0142u\u0144ce Peru\u201d b\u0119dzie Przewodniczacym Rady Europejskiej a budownicza \u201ezielonej wyspy\u201d Elzbieta Bie\u0144kowska jako komisarz do spraw rynku wewn\u0119trznego b\u0119dzie uszcz\u0119\u015bliwia\u0142a europejskich nierob\u00f3w na wiecznym socjalu a kraj platformiane platfusy zostawiaj\u0105 w rekach nieudolnej prowincjonalnej lekarki. &#8222;Polactwo&#8220; pogodzone! POPISiory nawet podaj\u0105 sobie d\u0142onie a w samorz\u0105dach brataja si\u0119 ju\u017c wszyscy ze wszystkimi byle zdala od ludzkich oczu. Premierzyca ,prowincjonalna lekarka mimo swoich smole\u0144skich zas\u0142ug -jak twierdzi\u0142a sama przekopa\u0142a ca\u0142y teren w poszukiwaniu szcz\u0105tk\u00f3w widocznych sukces\u00f3w na sejmowej niwie nie posiada. By\u0142a klakierem i rozpieprzy\u0142a NFZet ,ale czy te sukcesy wystarcz\u0105 by przej\u0105c ster partii i rz\u0105du?Tak wystarczy\u0142y w Polsce najwa\u017cniejszym przymiotem polityka jest spolegliwosc a nie kreatywnosc i walka o interesy spo\u0142eczne. Tak jest na ka\u017cdym kroku i tego ucz\u0105 Polak\u00f3w ju\u017c w przedszkolach-byc Polakiem ,to byc niewolnikiem! Na Ukrainie rozejm a w rzeczywisto\u015bci Putin dalej realizuje wcze\u015bniej za\u0142o\u017cone cele. UE jest bezsilna a Niemcy oglosi\u0142y \u017ce Angela Merkel tak skutecznie ich rozbroila \u017ce nie s\u0105 w stanie uczestniczyc wraz z Polsk\u0105 w szpicy obronnej wymierzonej w Rosj\u0119 i Van Rompuy ju\u017c rozwa\u017ca zniesienie niekt\u00f3rych sankcji byleby tylko przed zim\u0105 w niemieckich domach pop\u0142yn\u0105\u0142 gaz. Na polskich forach dyskusyjnych w temacie ukrai\u0144skim bryluj\u0105 op\u0142acani lub po\u017cyteczni idioci wychwalaj\u0105cy Putina. Komentarze te nie pochodz\u0105 od os\u00f3b maj\u0105cych sentyment do ZSRR, a od m\u0142odych ludzi z od\u0142amu polskiej prawicy kt\u00f3rzy sami juz nie wiedz\u0105 czy podpalac rosyjska ambasade -patrz wydarzenia 11 Listopada 2013 czy wychwalac s\u0142owia\u0144sk\u0105 brac?. Oficjalnie te \u015brodowiska przekonuj\u0105, \u017ce W\u0142adimir Putin, pompowany poparciem przez prawos\u0142awnych pop\u00f3w jest gwarantem walki ze \u201ezgni\u0142ym liberalizmem\u201d zachodu. Te sygnaly sa odbierane w polskich \u015brodowiskach narodowych czy faszystowskich entuzjastycznie. Jak jednak zracjonalizowa\u0107 poparcie dla Rosjan, skoro nie ma w Polsce rosyjskoj\u0119zycznej mniejszo\u015bci \u00a0kt\u00f3r\u0105 Putin m\u00f3g\u0142by bronic? Mo\u017ce w\u0142a\u015bnie wyzwoleniem Polski od \u201eliberalizmu, \u017cydostwa wspieranego swego czasu przez farbowanego niby prawicowa Lecha Kaczy\u0144skiego, &#8222;pedalskiej\u2019 Unii\u201d czy tak modnego ostatnio kazirodztwa a w krajach starej Unii turystyki zoofilskiej? Czy uratowanie Polak\u00f3w przed anglosaskim libertynizmem nie jest od dawna celem zapatrzonych jak w obrazek W\u0142adimira Putina przebranych w brunatne mundurki polskich faszyst\u00f3w? Czy nie po to za\u015blepieni nienawi\u015bci\u0105 m\u0142odzi ludzie s\u0105 cynicznie prowadzeni przez sfrustrowanych profesor\u00f3w-konserwatyst\u00f3w i polityk\u00f3w pokroju Korwina Mikke ,kt\u00f3ry w\u0142asnie brata si\u0119 w Parlamencie Europejskim z francuskim Frontem Narodowym a w polskiej polityce nikt ich powa\u017cnie nie traktuje? Czy w ko\u0144cu wcale nie wykluczona III wojna \u015bwiatowa i okupacja Polski przez Sowiet\u00f3w nie b\u0119dzie wymaga\u0142a namiestnik\u00f3w Kremla w Polsce? Mo\u017ce nie przez przypadek komunistyczny genera\u0142 Wojciech Jaruzelski by\u0142 tak lubiany w pewnych \u015brodowiskach po prawej stronie?<\/p>\n<p style=\"text-align: justify\">Kluczem do zrozumienia zaprzedania duszy Putinowi przez cz\u0119\u015b\u0107 polskiej prawicy nie jest tylko nienawi\u015b\u0107 do demokracji, pluralizmu czy wolno\u015bci s\u0142owa. Oczywi\u015bcie masturbuj\u0105cy si\u0119 w\u0142asnymi intelektualnymi wypocinami na niszowych portalach pryszczaci ch\u0142opcy bawi\u0105cy si\u0119 w falangist\u00f3w s\u0105 na tyle pogubieni i zakompleksieni, \u017ce szukaj\u0105 silnej r\u0119ki jakiego\u015b wodza.<br \/>\nTaki sadomasochizm&#8230;<br \/>\nRoman Boryczko Pa\u017adziernik 2014<\/p>\n","protected":false},"excerpt":{"rendered":"<p>Przed ambasad\u0105 Ukrainy w Warszawie odby\u0142 si\u0119 prorosyjski wiec, w kt\u00f3rym uczestniczy\u0142o oko\u0142o dwudziestu os\u00f3b. W tym kilkunastu nastolatk\u00f3w, nie\u015bwiadomych<\/p>\n","protected":false},"author":7,"featured_media":13785,"comment_status":"open","ping_status":"open","sticky":false,"template":"","format":"standard","meta":{"colormag_page_layout":"default_layout","footnotes":""},"categories":[81],"tags":[203],"class_list":["post-13784","post","type-post","status-publish","format-standard","has-post-thumbnail","hentry","category-rzeczpospolita","tag-polska"],"yoast_head":"<!-- This site is optimized with the Yoast SEO plugin v25.1 - https:\/\/yoast.com\/wordpress\/plugins\/seo\/ -->\n<title>Si\u0119 dzieje... - SI\u0118 MY\u015aLI<\/title>\n<meta name=\"robots\" content=\"index, follow, max-snippet:-1, max-image-preview:large, max-video-preview:-1\" \/>\n<link rel=\"canonical\" href=\"https:\/\/siemysli-ke.info\/de\/sie-dzieje\/\" \/>\n<meta property=\"og:locale\" content=\"de_DE\" \/>\n<meta property=\"og:type\" content=\"article\" \/>\n<meta property=\"og:title\" content=\"Si\u0119 dzieje... - SI\u0118 MY\u015aLI\" \/>\n<meta property=\"og:description\" content=\"Przed ambasad\u0105 Ukrainy w Warszawie odby\u0142 si\u0119 prorosyjski wiec, w kt\u00f3rym uczestniczy\u0142o oko\u0142o dwudziestu os\u00f3b. W tym kilkunastu nastolatk\u00f3w, nie\u015bwiadomych\" \/>\n<meta property=\"og:url\" content=\"https:\/\/siemysli-ke.info\/de\/sie-dzieje\/\" \/>\n<meta property=\"og:site_name\" content=\"SI\u0118 MY\u015aLI\" \/>\n<meta property=\"article:published_time\" content=\"2014-10-03T08:36:55+00:00\" \/>\n<meta property=\"article:modified_time\" content=\"2014-10-03T11:06:34+00:00\" \/>\n<meta property=\"og:image\" content=\"https:\/\/siemysli-ke.info\/wp-content\/uploads\/2014\/10\/Medieval-Jesters2.jpg\" \/>\n\t<meta property=\"og:image:width\" content=\"500\" \/>\n\t<meta property=\"og:image:height\" content=\"332\" \/>\n\t<meta property=\"og:image:type\" content=\"image\/jpeg\" \/>\n<meta name=\"author\" content=\"Jaromir\" \/>\n<meta name=\"twitter:label1\" content=\"Verfasst von\" \/>\n\t<meta name=\"twitter:data1\" content=\"Jaromir\" \/>\n\t<meta name=\"twitter:label2\" content=\"Gesch\u00e4tzte Lesezeit\" \/>\n\t<meta name=\"twitter:data2\" content=\"4\u00a0Minuten\" \/>\n<script type=\"application\/ld+json\" class=\"yoast-schema-graph\">{\"@context\":\"https:\/\/schema.org\",\"@graph\":[{\"@type\":\"Article\",\"@id\":\"https:\/\/siemysli-ke.info\/de\/sie-dzieje\/#article\",\"isPartOf\":{\"@id\":\"https:\/\/siemysli-ke.info\/de\/sie-dzieje\/\"},\"author\":{\"name\":\"Jaromir\",\"@id\":\"https:\/\/siemysli-ke.info\/#\/schema\/person\/66d741fa745a44f2fe46d112bc6499f2\"},\"headline\":\"Si\u0119 dzieje&#8230;\",\"datePublished\":\"2014-10-03T08:36:55+00:00\",\"dateModified\":\"2014-10-03T11:06:34+00:00\",\"mainEntityOfPage\":{\"@id\":\"https:\/\/siemysli-ke.info\/de\/sie-dzieje\/\"},\"wordCount\":900,\"commentCount\":0,\"publisher\":{\"@id\":\"https:\/\/siemysli-ke.info\/#organization\"},\"image\":{\"@id\":\"https:\/\/siemysli-ke.info\/de\/sie-dzieje\/#primaryimage\"},\"thumbnailUrl\":\"https:\/\/siemysli-ke.info\/wp-content\/uploads\/2014\/10\/Medieval-Jesters2.jpg\",\"keywords\":[\"Polska\"],\"articleSection\":[\"Rzeczypospolita\"],\"inLanguage\":\"de\",\"potentialAction\":[{\"@type\":\"CommentAction\",\"name\":\"Comment\",\"target\":[\"https:\/\/siemysli-ke.info\/de\/sie-dzieje\/#respond\"]}]},{\"@type\":\"WebPage\",\"@id\":\"https:\/\/siemysli-ke.info\/de\/sie-dzieje\/\",\"url\":\"https:\/\/siemysli-ke.info\/de\/sie-dzieje\/\",\"name\":\"Si\u0119 dzieje... - SI\u0118 MY\u015aLI\",\"isPartOf\":{\"@id\":\"https:\/\/siemysli-ke.info\/de\/#website\"},\"primaryImageOfPage\":{\"@id\":\"https:\/\/siemysli-ke.info\/de\/sie-dzieje\/#primaryimage\"},\"image\":{\"@id\":\"https:\/\/siemysli-ke.info\/de\/sie-dzieje\/#primaryimage\"},\"thumbnailUrl\":\"https:\/\/siemysli-ke.info\/wp-content\/uploads\/2014\/10\/Medieval-Jesters2.jpg\",\"datePublished\":\"2014-10-03T08:36:55+00:00\",\"dateModified\":\"2014-10-03T11:06:34+00:00\",\"breadcrumb\":{\"@id\":\"https:\/\/siemysli-ke.info\/de\/sie-dzieje\/#breadcrumb\"},\"inLanguage\":\"de\",\"potentialAction\":[{\"@type\":\"ReadAction\",\"target\":[[\"https:\/\/siemysli-ke.info\/de\/sie-dzieje\/\"]]}]},{\"@type\":\"ImageObject\",\"inLanguage\":\"de\",\"@id\":\"https:\/\/siemysli-ke.info\/de\/sie-dzieje\/#primaryimage\",\"url\":\"https:\/\/siemysli-ke.info\/wp-content\/uploads\/2014\/10\/Medieval-Jesters2.jpg\",\"contentUrl\":\"https:\/\/siemysli-ke.info\/wp-content\/uploads\/2014\/10\/Medieval-Jesters2.jpg\",\"width\":500,\"height\":332},{\"@type\":\"BreadcrumbList\",\"@id\":\"https:\/\/siemysli-ke.info\/de\/sie-dzieje\/#breadcrumb\",\"itemListElement\":[{\"@type\":\"ListItem\",\"position\":1,\"name\":\"Home\",\"item\":\"https:\/\/siemysli-ke.info\/de\/\"},{\"@type\":\"ListItem\",\"position\":2,\"name\":\"Si\u0119 dzieje&#8230;\"}]},{\"@type\":\"WebSite\",\"@id\":\"https:\/\/siemysli-ke.info\/de\/#website\",\"url\":\"https:\/\/siemysli-ke.info\/de\/\",\"name\":\"SI\u0118 MY\u015aLI\",\"description\":\"\",\"publisher\":{\"@id\":\"https:\/\/siemysli-ke.info\/de\/#organization\"},\"potentialAction\":[{\"@type\":\"SearchAction\",\"target\":{\"@type\":\"EntryPoint\",\"urlTemplate\":\"https:\/\/siemysli-ke.info\/de\/?s={search_term_string}\"},\"query-input\":{\"@type\":\"PropertyValueSpecification\",\"valueRequired\":true,\"valueName\":\"search_term_string\"}}],\"inLanguage\":\"de\"},{\"@type\":\"Organization\",\"@id\":\"https:\/\/siemysli-ke.info\/de\/#organization\",\"name\":\"SI\u0118 MY\u015aLI\",\"url\":\"https:\/\/siemysli-ke.info\/de\/\",\"logo\":{\"@type\":\"ImageObject\",\"inLanguage\":\"de\",\"@id\":\"https:\/\/siemysli-ke.info\/de\/#\/schema\/logo\/image\/\",\"url\":\"https:\/\/siemysli-ke.info\/wp-content\/uploads\/2025\/05\/99.png\",\"contentUrl\":\"https:\/\/siemysli-ke.info\/wp-content\/uploads\/2025\/05\/99.png\",\"width\":270,\"height\":204,\"caption\":\"SI\u0118 MY\u015aLI\"},\"image\":{\"@id\":\"https:\/\/siemysli-ke.info\/de\/#\/schema\/logo\/image\/\"}},{\"@type\":\"Person\",\"@id\":\"https:\/\/siemysli-ke.info\/#\/schema\/person\/66d741fa745a44f2fe46d112bc6499f2\",\"name\":\"Jaromir\",\"image\":{\"@type\":\"ImageObject\",\"inLanguage\":\"de\",\"@id\":\"https:\/\/siemysli-ke.info\/de\/#\/schema\/person\/image\/\",\"url\":\"https:\/\/secure.gravatar.com\/avatar\/fe881559e8ac8dda20293e9e8317d4678c6ad8f65f85a9ce5e1a87cee56b6198?s=96&d=mm&r=g\",\"contentUrl\":\"https:\/\/secure.gravatar.com\/avatar\/fe881559e8ac8dda20293e9e8317d4678c6ad8f65f85a9ce5e1a87cee56b6198?s=96&d=mm&r=g\",\"caption\":\"Jaromir\"},\"url\":\"https:\/\/siemysli-ke.info\/de\/author\/jaromir\/\"}]}<\/script>\n<!-- \/ Yoast SEO plugin. -->","yoast_head_json":{"title":"Si\u0119 dzieje... - SI\u0118 MY\u015aLI","robots":{"index":"index","follow":"follow","max-snippet":"max-snippet:-1","max-image-preview":"max-image-preview:large","max-video-preview":"max-video-preview:-1"},"canonical":"https:\/\/siemysli-ke.info\/de\/sie-dzieje\/","og_locale":"de_DE","og_type":"article","og_title":"Si\u0119 dzieje... - SI\u0118 MY\u015aLI","og_description":"Przed ambasad\u0105 Ukrainy w Warszawie odby\u0142 si\u0119 prorosyjski wiec, w kt\u00f3rym uczestniczy\u0142o oko\u0142o dwudziestu os\u00f3b. W tym kilkunastu nastolatk\u00f3w, nie\u015bwiadomych","og_url":"https:\/\/siemysli-ke.info\/de\/sie-dzieje\/","og_site_name":"SI\u0118 MY\u015aLI","article_published_time":"2014-10-03T08:36:55+00:00","article_modified_time":"2014-10-03T11:06:34+00:00","og_image":[{"width":500,"height":332,"url":"https:\/\/siemysli-ke.info\/wp-content\/uploads\/2014\/10\/Medieval-Jesters2.jpg","type":"image\/jpeg"}],"author":"Jaromir","twitter_misc":{"Verfasst von":"Jaromir","Gesch\u00e4tzte Lesezeit":"4\u00a0Minuten"},"schema":{"@context":"https:\/\/schema.org","@graph":[{"@type":"Article","@id":"https:\/\/siemysli-ke.info\/de\/sie-dzieje\/#article","isPartOf":{"@id":"https:\/\/siemysli-ke.info\/de\/sie-dzieje\/"},"author":{"name":"Jaromir","@id":"https:\/\/siemysli-ke.info\/#\/schema\/person\/66d741fa745a44f2fe46d112bc6499f2"},"headline":"Si\u0119 dzieje&#8230;","datePublished":"2014-10-03T08:36:55+00:00","dateModified":"2014-10-03T11:06:34+00:00","mainEntityOfPage":{"@id":"https:\/\/siemysli-ke.info\/de\/sie-dzieje\/"},"wordCount":900,"commentCount":0,"publisher":{"@id":"https:\/\/siemysli-ke.info\/#organization"},"image":{"@id":"https:\/\/siemysli-ke.info\/de\/sie-dzieje\/#primaryimage"},"thumbnailUrl":"https:\/\/siemysli-ke.info\/wp-content\/uploads\/2014\/10\/Medieval-Jesters2.jpg","keywords":["Polska"],"articleSection":["Rzeczypospolita"],"inLanguage":"de","potentialAction":[{"@type":"CommentAction","name":"Comment","target":["https:\/\/siemysli-ke.info\/de\/sie-dzieje\/#respond"]}]},{"@type":"WebPage","@id":"https:\/\/siemysli-ke.info\/de\/sie-dzieje\/","url":"https:\/\/siemysli-ke.info\/de\/sie-dzieje\/","name":"Si\u0119 dzieje... - SI\u0118 MY\u015aLI","isPartOf":{"@id":"https:\/\/siemysli-ke.info\/de\/#website"},"primaryImageOfPage":{"@id":"https:\/\/siemysli-ke.info\/de\/sie-dzieje\/#primaryimage"},"image":{"@id":"https:\/\/siemysli-ke.info\/de\/sie-dzieje\/#primaryimage"},"thumbnailUrl":"https:\/\/siemysli-ke.info\/wp-content\/uploads\/2014\/10\/Medieval-Jesters2.jpg","datePublished":"2014-10-03T08:36:55+00:00","dateModified":"2014-10-03T11:06:34+00:00","breadcrumb":{"@id":"https:\/\/siemysli-ke.info\/de\/sie-dzieje\/#breadcrumb"},"inLanguage":"de","potentialAction":[{"@type":"ReadAction","target":[["https:\/\/siemysli-ke.info\/de\/sie-dzieje\/"]]}]},{"@type":"ImageObject","inLanguage":"de","@id":"https:\/\/siemysli-ke.info\/de\/sie-dzieje\/#primaryimage","url":"https:\/\/siemysli-ke.info\/wp-content\/uploads\/2014\/10\/Medieval-Jesters2.jpg","contentUrl":"https:\/\/siemysli-ke.info\/wp-content\/uploads\/2014\/10\/Medieval-Jesters2.jpg","width":500,"height":332},{"@type":"BreadcrumbList","@id":"https:\/\/siemysli-ke.info\/de\/sie-dzieje\/#breadcrumb","itemListElement":[{"@type":"ListItem","position":1,"name":"Home","item":"https:\/\/siemysli-ke.info\/de\/"},{"@type":"ListItem","position":2,"name":"Si\u0119 dzieje&#8230;"}]},{"@type":"WebSite","@id":"https:\/\/siemysli-ke.info\/de\/#website","url":"https:\/\/siemysli-ke.info\/de\/","name":"SI\u0118 MY\u015aLI","description":"","publisher":{"@id":"https:\/\/siemysli-ke.info\/de\/#organization"},"potentialAction":[{"@type":"SearchAction","target":{"@type":"EntryPoint","urlTemplate":"https:\/\/siemysli-ke.info\/de\/?s={search_term_string}"},"query-input":{"@type":"PropertyValueSpecification","valueRequired":true,"valueName":"search_term_string"}}],"inLanguage":"de"},{"@type":"Organization","@id":"https:\/\/siemysli-ke.info\/de\/#organization","name":"SI\u0118 MY\u015aLI","url":"https:\/\/siemysli-ke.info\/de\/","logo":{"@type":"ImageObject","inLanguage":"de","@id":"https:\/\/siemysli-ke.info\/de\/#\/schema\/logo\/image\/","url":"https:\/\/siemysli-ke.info\/wp-content\/uploads\/2025\/05\/99.png","contentUrl":"https:\/\/siemysli-ke.info\/wp-content\/uploads\/2025\/05\/99.png","width":270,"height":204,"caption":"SI\u0118 MY\u015aLI"},"image":{"@id":"https:\/\/siemysli-ke.info\/de\/#\/schema\/logo\/image\/"}},{"@type":"Person","@id":"https:\/\/siemysli-ke.info\/#\/schema\/person\/66d741fa745a44f2fe46d112bc6499f2","name":"Jaromir","image":{"@type":"ImageObject","inLanguage":"de","@id":"https:\/\/siemysli-ke.info\/de\/#\/schema\/person\/image\/","url":"https:\/\/secure.gravatar.com\/avatar\/fe881559e8ac8dda20293e9e8317d4678c6ad8f65f85a9ce5e1a87cee56b6198?s=96&d=mm&r=g","contentUrl":"https:\/\/secure.gravatar.com\/avatar\/fe881559e8ac8dda20293e9e8317d4678c6ad8f65f85a9ce5e1a87cee56b6198?s=96&d=mm&r=g","caption":"Jaromir"},"url":"https:\/\/siemysli-ke.info\/de\/author\/jaromir\/"}]}},"_links":{"self":[{"href":"https:\/\/siemysli-ke.info\/de\/wp-json\/wp\/v2\/posts\/13784","targetHints":{"allow":["GET"]}}],"collection":[{"href":"https:\/\/siemysli-ke.info\/de\/wp-json\/wp\/v2\/posts"}],"about":[{"href":"https:\/\/siemysli-ke.info\/de\/wp-json\/wp\/v2\/types\/post"}],"author":[{"embeddable":true,"href":"https:\/\/siemysli-ke.info\/de\/wp-json\/wp\/v2\/users\/7"}],"replies":[{"embeddable":true,"href":"https:\/\/siemysli-ke.info\/de\/wp-json\/wp\/v2\/comments?post=13784"}],"version-history":[{"count":0,"href":"https:\/\/siemysli-ke.info\/de\/wp-json\/wp\/v2\/posts\/13784\/revisions"}],"wp:featuredmedia":[{"embeddable":true,"href":"https:\/\/siemysli-ke.info\/de\/wp-json\/wp\/v2\/media\/13785"}],"wp:attachment":[{"href":"https:\/\/siemysli-ke.info\/de\/wp-json\/wp\/v2\/media?parent=13784"}],"wp:term":[{"taxonomy":"category","embeddable":true,"href":"https:\/\/siemysli-ke.info\/de\/wp-json\/wp\/v2\/categories?post=13784"},{"taxonomy":"post_tag","embeddable":true,"href":"https:\/\/siemysli-ke.info\/de\/wp-json\/wp\/v2\/tags?post=13784"}],"curies":[{"name":"wp","href":"https:\/\/api.w.org\/{rel}","templated":true}]}}