 {"id":13562,"date":"2014-07-18T21:43:51","date_gmt":"2014-07-18T19:43:51","guid":{"rendered":"http:\/\/www.siemysli.info.ke\/?p=13562"},"modified":"2014-07-18T22:06:56","modified_gmt":"2014-07-18T20:06:56","slug":"smiertelny-lot","status":"publish","type":"post","link":"https:\/\/siemysli-ke.info\/de\/smiertelny-lot\/","title":{"rendered":"\u015aMIERTELNY LOT"},"content":{"rendered":"<p style=\"text-align: justify\"><a href=\"http:\/\/www.siemysli.info.ke\/wp-content\/uploads\/2014\/07\/epa_malaysia_boeing600.jpeg\" rel=\"lightbox[13562]\"><img decoding=\"async\" class=\"alignleft size-medium wp-image-13563\" src=\"http:\/\/www.siemysli.info.ke\/wp-content\/uploads\/2014\/07\/epa_malaysia_boeing600-300x200.jpeg\" alt=\"epa_malaysia_boeing600\" width=\"300\" height=\"200\" srcset=\"https:\/\/siemysli-ke.info\/wp-content\/uploads\/2014\/07\/epa_malaysia_boeing600-300x200.jpeg 300w, https:\/\/siemysli-ke.info\/wp-content\/uploads\/2014\/07\/epa_malaysia_boeing600.jpeg 600w\" sizes=\"(max-width: 300px) 100vw, 300px\" \/><\/a>Media ju\u017c od dw\u00f3ch dni bombarduj\u0105 nas propaganda dotycz\u0105ca wypadku lotniczego do kt\u00f3rego dosz\u0142o na terenach wschodniej Ukrainy dotkni\u0119tych wojn\u0105 domow\u0105.<\/p>\n<p style=\"text-align: justify\">Wszyscy Polscy dy\u017curni eksperci do spraw awiacji i system\u00f3w rakietowych namaszczeni przez komercyjne media po katastrofie polskiego samolotu prezydenckiego TU 154 dzi\u015b bryluj\u0105 od rana do nocy. Jak z kapelusza Ukrai\u0144skie s\u0142u\u017cby specjalne wyj\u0119\u0142y rozmow\u0119 dywersant\u00f3w rosyjskich z wysokim stopniem wojskowym z GRU dotycz\u0105c\u0105 jakoby przeprowadzonego przez separatyst\u00f3w omy\u0142kowego zestrzelenia celu. To jeszcze nic nie przes\u0105dza.!Druga sprawa to fakt \u017ce na terenach po\u0142udniowo wschodniej Ukrainy przy granicy z Rosj\u0105 wojska Ukrai\u0144skie ponosz\u0105 ci\u0119\u017ckie straty i chwilowe sukcesy ko\u0144cz\u0105 si\u0119 obecnie tym \u017ce rozdzielono ju\u017c g\u0142\u00f3wne si\u0142y ukrai\u0144skich wojsk walcz\u0105cych w okr\u0105\u017ceniu w rejonie pasa granicy pa\u0144stwowej w po\u0142udniowym i po\u0142udniowo-wschodnim rejonie Donieckiej Republiki Ludowej na dwie cze\u015bci oddzielaj\u0105c z nich 72 brygad\u0119 zmotoryzowan\u0105 wojsk desantowych od 24 i 79 brygady oraz batalionu gwardii narodowej. 72 brygada zosta\u0142a podzielona ma mniejsze grupy walcz\u0105ce w odosobnieniu bez mo\u017cliwo\u015bci wsparcia i bez uzupe\u0142nianych zapas\u00f3w broni, amunicji i \u017cywno\u015bci. Coraz wi\u0119cej \u017co\u0142nierzy ukrai\u0144skich przechodzi przez granic\u0119 ratuj\u0105c \u017cycie po stronie rosyjskiej. By nie epatowac w mediach pora\u017ckami ukrai\u0144skiej junty wspieranej przez zach\u00f3d i USA oraz uzbrojonej i szkolonej dzi\u0119ki prywatnym najemnikom , dzi\u015b wszystkie serwisy informacyjne dosta\u0142y hot newsa w postaci tragicznego losu jaki spotka\u0142 niczemu nie winnych cywili z malezyjskiego samolotu Boeing 777.Obszar nad kt\u00f3rym lecia\u0142 malezyjski samolot jest stref\u0105 zamkni\u0119t\u0105 dla przelotu samolot\u00f3w cywilnych z powodu prowadzonych tam dzia\u0142a\u0144 militarnych. Sam ukrai\u0144ski rz\u0105d oficjalnie zamkn\u0105\u0142 przestrze\u0144 powietrzn\u0105 nad Donieck\u0105 i \u0141uga\u0144sk\u0105 Republik\u0105 Ludow\u0105 od dniu 8 lipca br. co zosta\u0142o mocno zasygnalizowane po tym gdy ukrai\u0144ski samolot wojskowy Su-25 zbombardowa\u0142 miejscowo\u015b\u0107 \u015anie\u017cnoje gdzie zgin\u0119\u0142o 11 cywili. Wtedy to powo\u0142uj\u0105c si\u0119 na fakt zamkni\u0119cia przestrzeni powietrznej w tym obszarze ukrai\u0144skie w\u0142adze oskar\u017cy\u0142y Rosjan o prowokacj\u0119 polegaj\u0105c\u0105 na zbombardowaniu przez ich lotnictwo miejscowo\u015bci \u015anie\u017cnoje. K\u0142amstwo wysz\u0142o na jaw po tym gdy zestrzelono jeden z samolot\u00f3w jakie w tym czasie w okolicach \u015anie\u017cnoje wykonywa\u0142y misje bojowe. Tym samolotem by\u0142 Su-25 nale\u017c\u0105cy do ukrai\u0144skich si\u0142 zbrojnych. W dniu 15 lipca po tym gdy separaty\u015bci otaczaj\u0105cy lotniska w \u0141uga\u0144sku i w Doniecku zniszczyli systemy kontroli lot\u00f3w, przestrze\u0144 wschodniej cz\u0119\u015bci Ukrainy uniemo\u017cliwia poruszanie si\u0119 tam samolot\u00f3w, szczeg\u00f3lnie cywilnych. Ot\u00f3\u017c wcze\u015bniejsze loty rejsowe samolot\u00f3w Unii Europejskiej MH-17 jakie odbywa\u0142y si\u0119 w tym rejonie kierowane by\u0142y torem, kt\u00f3ry omija\u0142 w bezpiecznej odleg\u0142o\u015bci obszar tocz\u0105cych si\u0119 walk ,wi\u0119c pozostaje zadac sobie pytanie czy przewo\u017anikowi zale\u017ca\u0142o na zyskach i z premedytacj\u0105 wys\u0142a\u0142 cywilny samolot w rejon otwartego konfliktu zbrojnego i za \u015bmierc tych ludzi ponosi pe\u0142n\u0105 odpowiedzialno\u015bc bo dzisiejsze t\u0142umaczenia w mediach tylko Malezyjczyk\u00f3w kompromituj\u0105. A czy by\u0142 to zamach ,prowokacja lub omy\u0142kowe zestrzelenie w rejonie obj\u0119tym wojn\u0105 z u\u017cyciem ci\u0119\u017ckiego sprz\u0119tu ,lotnictwa ,wyrzutni rakietowych i zestaw\u00f3w przeciwlotniczych ta kwestia schodzi na plan dalszy i b\u0119dzie badana przez niezale\u017cne komisje. Pojawi\u0142y si\u0119 te\u017c rozmaite teorie spiskowe. Jedna z nich zak\u0142ada, \u017ce zestrzelenia dokonali Ukrai\u0144cy, kt\u00f3rzy planowali ukartowa\u0107 zamach na Putina. Samolot prezydenta Federacji Rosyjskiej -czterosilnikowy I\u0141 96 przelatywa\u0142 kilkana\u015bcie minut wcze\u015bniej r\u00f3wnoleg\u0142ym korytarzem powietrznym. Putin wraca\u0142 ze swojego objazdu Ameryki Po\u0142udniowej .Drugim w\u0105tkiem jest operacja pod fa\u0142szyw\u0105 flag\u0105 ,czyli zdarzenie brutalne medialnie a mog\u0105ce odnie\u015bc p\u00f3\u017aniejsze konsekwencje militarne lub odwetowe. Prawie jedn\u0105 trzeci\u0105 pasa\u017cer\u00f3w malezyjskiego boeinga stanowili badacze, pracownicy s\u0142u\u017cby zdrowia i dzia\u0142acze. Wszyscy byli specjalistami od HIV\/AIDS &#8211; pisz\u0105 dzienniki &#8222;The Australian&#8220; i &#8222;Sydney Morning Herald&#8220; i jest to nast\u0119pna teoria spiskowa dotycz\u0105ca celowo\u015bci zamachu na ten w\u0142a\u015bnie lot .<\/p>\n<div id=\"bxWideoSrodtekst\" class=\"bx bx_srodtekst\"><a style=\"color: #4689a9\" name=\"wideo\"><\/a><\/div>\n<p style=\"text-align: justify\">Ta ogromna tragedia poch\u0142on\u0119\u0142a setki istnie\u0144 wpl\u0105tanych w globaln\u0105 geopolityk\u0119 .<\/p>\n<p style=\"text-align: justify\">Ma\u0142y pionek na szachownicy by\u0107 mo\u017ce ma poruszyc lawin\u0119 otwartego konfliktu zbrojnego ?<\/p>\n<p style=\"text-align: justify\">Pami\u0119ci cywilnych \u00a0ofiar tej tragedii . 189 Holendr\u00f3w, 29 Australijczyk\u00f3w, 27 Malezyjczyk\u00f3w, 12 Indonezyjczyk\u00f3w, 9 Brytyjczyk\u00f3w, 4 Niemc\u00f3w, 4 Belg\u00f3w, 3 Filipi\u0144czyk\u00f3w i Kanadyjczyk, 1 Nowozelandzczyk za\u015b narodowo\u015b\u0107 pozosta\u0142ych 4 pasa\u017cer\u00f3w nie jest jeszcze znana. Wszystkich 15 cz\u0142onk\u00f3w za\u0142ogi by\u0142o Malezyjczykami.<\/p>\n<p style=\"text-align: justify\">.<\/p>\n","protected":false},"excerpt":{"rendered":"<p>Media ju\u017c od dw\u00f3ch dni bombarduj\u0105 nas propaganda dotycz\u0105ca wypadku lotniczego do kt\u00f3rego dosz\u0142o na terenach wschodniej Ukrainy dotkni\u0119tych wojn\u0105<\/p>\n","protected":false},"author":7,"featured_media":13563,"comment_status":"open","ping_status":"open","sticky":false,"template":"","format":"standard","meta":{"colormag_page_layout":"default_layout","footnotes":""},"categories":[6],"tags":[1151,708],"class_list":["post-13562","post","type-post","status-publish","format-standard","has-post-thumbnail","hentry","category-ue","tag-katastrofa-malezyjskiego-samolotu","tag-ukraina"],"yoast_head":"<!-- This site is optimized with the Yoast SEO plugin v25.1 - https:\/\/yoast.com\/wordpress\/plugins\/seo\/ -->\n<title>\u015aMIERTELNY LOT - SI\u0118 MY\u015aLI<\/title>\n<meta name=\"robots\" content=\"index, follow, max-snippet:-1, max-image-preview:large, max-video-preview:-1\" \/>\n<link rel=\"canonical\" href=\"https:\/\/siemysli-ke.info\/de\/smiertelny-lot\/\" \/>\n<meta property=\"og:locale\" content=\"de_DE\" \/>\n<meta property=\"og:type\" content=\"article\" \/>\n<meta property=\"og:title\" content=\"\u015aMIERTELNY LOT - SI\u0118 MY\u015aLI\" \/>\n<meta property=\"og:description\" content=\"Media ju\u017c od dw\u00f3ch dni bombarduj\u0105 nas propaganda dotycz\u0105ca wypadku lotniczego do kt\u00f3rego dosz\u0142o na terenach wschodniej Ukrainy dotkni\u0119tych wojn\u0105\" \/>\n<meta property=\"og:url\" content=\"https:\/\/siemysli-ke.info\/de\/smiertelny-lot\/\" \/>\n<meta property=\"og:site_name\" content=\"SI\u0118 MY\u015aLI\" \/>\n<meta property=\"article:published_time\" content=\"2014-07-18T19:43:51+00:00\" \/>\n<meta property=\"article:modified_time\" content=\"2014-07-18T20:06:56+00:00\" \/>\n<meta property=\"og:image\" content=\"https:\/\/siemysli-ke.info\/wp-content\/uploads\/2014\/07\/epa_malaysia_boeing600.jpeg\" \/>\n\t<meta property=\"og:image:width\" content=\"600\" \/>\n\t<meta property=\"og:image:height\" content=\"400\" \/>\n\t<meta property=\"og:image:type\" content=\"image\/jpeg\" \/>\n<meta name=\"author\" content=\"Jaromir\" \/>\n<meta name=\"twitter:label1\" content=\"Verfasst von\" \/>\n\t<meta name=\"twitter:data1\" content=\"Jaromir\" \/>\n\t<meta name=\"twitter:label2\" content=\"Gesch\u00e4tzte Lesezeit\" \/>\n\t<meta name=\"twitter:data2\" content=\"4\u00a0Minuten\" \/>\n<script type=\"application\/ld+json\" class=\"yoast-schema-graph\">{\"@context\":\"https:\/\/schema.org\",\"@graph\":[{\"@type\":\"Article\",\"@id\":\"https:\/\/siemysli-ke.info\/de\/smiertelny-lot\/#article\",\"isPartOf\":{\"@id\":\"https:\/\/siemysli-ke.info\/de\/smiertelny-lot\/\"},\"author\":{\"name\":\"Jaromir\",\"@id\":\"https:\/\/siemysli-ke.info\/#\/schema\/person\/66d741fa745a44f2fe46d112bc6499f2\"},\"headline\":\"\u015aMIERTELNY LOT\",\"datePublished\":\"2014-07-18T19:43:51+00:00\",\"dateModified\":\"2014-07-18T20:06:56+00:00\",\"mainEntityOfPage\":{\"@id\":\"https:\/\/siemysli-ke.info\/de\/smiertelny-lot\/\"},\"wordCount\":757,\"commentCount\":0,\"publisher\":{\"@id\":\"https:\/\/siemysli-ke.info\/#organization\"},\"image\":{\"@id\":\"https:\/\/siemysli-ke.info\/de\/smiertelny-lot\/#primaryimage\"},\"thumbnailUrl\":\"https:\/\/siemysli-ke.info\/wp-content\/uploads\/2014\/07\/epa_malaysia_boeing600.jpeg\",\"keywords\":[\"katastrofa malezyjskiego samolotu\",\"Ukraina\"],\"articleSection\":[\"Unia Europejska\"],\"inLanguage\":\"de\",\"potentialAction\":[{\"@type\":\"CommentAction\",\"name\":\"Comment\",\"target\":[\"https:\/\/siemysli-ke.info\/de\/smiertelny-lot\/#respond\"]}]},{\"@type\":\"WebPage\",\"@id\":\"https:\/\/siemysli-ke.info\/de\/smiertelny-lot\/\",\"url\":\"https:\/\/siemysli-ke.info\/de\/smiertelny-lot\/\",\"name\":\"\u015aMIERTELNY LOT - SI\u0118 MY\u015aLI\",\"isPartOf\":{\"@id\":\"https:\/\/siemysli-ke.info\/de\/#website\"},\"primaryImageOfPage\":{\"@id\":\"https:\/\/siemysli-ke.info\/de\/smiertelny-lot\/#primaryimage\"},\"image\":{\"@id\":\"https:\/\/siemysli-ke.info\/de\/smiertelny-lot\/#primaryimage\"},\"thumbnailUrl\":\"https:\/\/siemysli-ke.info\/wp-content\/uploads\/2014\/07\/epa_malaysia_boeing600.jpeg\",\"datePublished\":\"2014-07-18T19:43:51+00:00\",\"dateModified\":\"2014-07-18T20:06:56+00:00\",\"breadcrumb\":{\"@id\":\"https:\/\/siemysli-ke.info\/de\/smiertelny-lot\/#breadcrumb\"},\"inLanguage\":\"de\",\"potentialAction\":[{\"@type\":\"ReadAction\",\"target\":[[\"https:\/\/siemysli-ke.info\/de\/smiertelny-lot\/\"]]}]},{\"@type\":\"ImageObject\",\"inLanguage\":\"de\",\"@id\":\"https:\/\/siemysli-ke.info\/de\/smiertelny-lot\/#primaryimage\",\"url\":\"https:\/\/siemysli-ke.info\/wp-content\/uploads\/2014\/07\/epa_malaysia_boeing600.jpeg\",\"contentUrl\":\"https:\/\/siemysli-ke.info\/wp-content\/uploads\/2014\/07\/epa_malaysia_boeing600.jpeg\",\"width\":600,\"height\":400},{\"@type\":\"BreadcrumbList\",\"@id\":\"https:\/\/siemysli-ke.info\/de\/smiertelny-lot\/#breadcrumb\",\"itemListElement\":[{\"@type\":\"ListItem\",\"position\":1,\"name\":\"Home\",\"item\":\"https:\/\/siemysli-ke.info\/de\/\"},{\"@type\":\"ListItem\",\"position\":2,\"name\":\"\u015aMIERTELNY LOT\"}]},{\"@type\":\"WebSite\",\"@id\":\"https:\/\/siemysli-ke.info\/de\/#website\",\"url\":\"https:\/\/siemysli-ke.info\/de\/\",\"name\":\"SI\u0118 MY\u015aLI\",\"description\":\"\",\"publisher\":{\"@id\":\"https:\/\/siemysli-ke.info\/de\/#organization\"},\"potentialAction\":[{\"@type\":\"SearchAction\",\"target\":{\"@type\":\"EntryPoint\",\"urlTemplate\":\"https:\/\/siemysli-ke.info\/de\/?s={search_term_string}\"},\"query-input\":{\"@type\":\"PropertyValueSpecification\",\"valueRequired\":true,\"valueName\":\"search_term_string\"}}],\"inLanguage\":\"de\"},{\"@type\":\"Organization\",\"@id\":\"https:\/\/siemysli-ke.info\/de\/#organization\",\"name\":\"SI\u0118 MY\u015aLI\",\"url\":\"https:\/\/siemysli-ke.info\/de\/\",\"logo\":{\"@type\":\"ImageObject\",\"inLanguage\":\"de\",\"@id\":\"https:\/\/siemysli-ke.info\/de\/#\/schema\/logo\/image\/\",\"url\":\"https:\/\/siemysli-ke.info\/wp-content\/uploads\/2025\/05\/99.png\",\"contentUrl\":\"https:\/\/siemysli-ke.info\/wp-content\/uploads\/2025\/05\/99.png\",\"width\":270,\"height\":204,\"caption\":\"SI\u0118 MY\u015aLI\"},\"image\":{\"@id\":\"https:\/\/siemysli-ke.info\/de\/#\/schema\/logo\/image\/\"}},{\"@type\":\"Person\",\"@id\":\"https:\/\/siemysli-ke.info\/#\/schema\/person\/66d741fa745a44f2fe46d112bc6499f2\",\"name\":\"Jaromir\",\"image\":{\"@type\":\"ImageObject\",\"inLanguage\":\"de\",\"@id\":\"https:\/\/siemysli-ke.info\/de\/#\/schema\/person\/image\/\",\"url\":\"https:\/\/secure.gravatar.com\/avatar\/fe881559e8ac8dda20293e9e8317d4678c6ad8f65f85a9ce5e1a87cee56b6198?s=96&d=mm&r=g\",\"contentUrl\":\"https:\/\/secure.gravatar.com\/avatar\/fe881559e8ac8dda20293e9e8317d4678c6ad8f65f85a9ce5e1a87cee56b6198?s=96&d=mm&r=g\",\"caption\":\"Jaromir\"},\"url\":\"https:\/\/siemysli-ke.info\/de\/author\/jaromir\/\"}]}<\/script>\n<!-- \/ Yoast SEO plugin. -->","yoast_head_json":{"title":"\u015aMIERTELNY LOT - SI\u0118 MY\u015aLI","robots":{"index":"index","follow":"follow","max-snippet":"max-snippet:-1","max-image-preview":"max-image-preview:large","max-video-preview":"max-video-preview:-1"},"canonical":"https:\/\/siemysli-ke.info\/de\/smiertelny-lot\/","og_locale":"de_DE","og_type":"article","og_title":"\u015aMIERTELNY LOT - SI\u0118 MY\u015aLI","og_description":"Media ju\u017c od dw\u00f3ch dni bombarduj\u0105 nas propaganda dotycz\u0105ca wypadku lotniczego do kt\u00f3rego dosz\u0142o na terenach wschodniej Ukrainy dotkni\u0119tych wojn\u0105","og_url":"https:\/\/siemysli-ke.info\/de\/smiertelny-lot\/","og_site_name":"SI\u0118 MY\u015aLI","article_published_time":"2014-07-18T19:43:51+00:00","article_modified_time":"2014-07-18T20:06:56+00:00","og_image":[{"width":600,"height":400,"url":"https:\/\/siemysli-ke.info\/wp-content\/uploads\/2014\/07\/epa_malaysia_boeing600.jpeg","type":"image\/jpeg"}],"author":"Jaromir","twitter_misc":{"Verfasst von":"Jaromir","Gesch\u00e4tzte Lesezeit":"4\u00a0Minuten"},"schema":{"@context":"https:\/\/schema.org","@graph":[{"@type":"Article","@id":"https:\/\/siemysli-ke.info\/de\/smiertelny-lot\/#article","isPartOf":{"@id":"https:\/\/siemysli-ke.info\/de\/smiertelny-lot\/"},"author":{"name":"Jaromir","@id":"https:\/\/siemysli-ke.info\/#\/schema\/person\/66d741fa745a44f2fe46d112bc6499f2"},"headline":"\u015aMIERTELNY LOT","datePublished":"2014-07-18T19:43:51+00:00","dateModified":"2014-07-18T20:06:56+00:00","mainEntityOfPage":{"@id":"https:\/\/siemysli-ke.info\/de\/smiertelny-lot\/"},"wordCount":757,"commentCount":0,"publisher":{"@id":"https:\/\/siemysli-ke.info\/#organization"},"image":{"@id":"https:\/\/siemysli-ke.info\/de\/smiertelny-lot\/#primaryimage"},"thumbnailUrl":"https:\/\/siemysli-ke.info\/wp-content\/uploads\/2014\/07\/epa_malaysia_boeing600.jpeg","keywords":["katastrofa malezyjskiego samolotu","Ukraina"],"articleSection":["Unia Europejska"],"inLanguage":"de","potentialAction":[{"@type":"CommentAction","name":"Comment","target":["https:\/\/siemysli-ke.info\/de\/smiertelny-lot\/#respond"]}]},{"@type":"WebPage","@id":"https:\/\/siemysli-ke.info\/de\/smiertelny-lot\/","url":"https:\/\/siemysli-ke.info\/de\/smiertelny-lot\/","name":"\u015aMIERTELNY LOT - SI\u0118 MY\u015aLI","isPartOf":{"@id":"https:\/\/siemysli-ke.info\/de\/#website"},"primaryImageOfPage":{"@id":"https:\/\/siemysli-ke.info\/de\/smiertelny-lot\/#primaryimage"},"image":{"@id":"https:\/\/siemysli-ke.info\/de\/smiertelny-lot\/#primaryimage"},"thumbnailUrl":"https:\/\/siemysli-ke.info\/wp-content\/uploads\/2014\/07\/epa_malaysia_boeing600.jpeg","datePublished":"2014-07-18T19:43:51+00:00","dateModified":"2014-07-18T20:06:56+00:00","breadcrumb":{"@id":"https:\/\/siemysli-ke.info\/de\/smiertelny-lot\/#breadcrumb"},"inLanguage":"de","potentialAction":[{"@type":"ReadAction","target":[["https:\/\/siemysli-ke.info\/de\/smiertelny-lot\/"]]}]},{"@type":"ImageObject","inLanguage":"de","@id":"https:\/\/siemysli-ke.info\/de\/smiertelny-lot\/#primaryimage","url":"https:\/\/siemysli-ke.info\/wp-content\/uploads\/2014\/07\/epa_malaysia_boeing600.jpeg","contentUrl":"https:\/\/siemysli-ke.info\/wp-content\/uploads\/2014\/07\/epa_malaysia_boeing600.jpeg","width":600,"height":400},{"@type":"BreadcrumbList","@id":"https:\/\/siemysli-ke.info\/de\/smiertelny-lot\/#breadcrumb","itemListElement":[{"@type":"ListItem","position":1,"name":"Home","item":"https:\/\/siemysli-ke.info\/de\/"},{"@type":"ListItem","position":2,"name":"\u015aMIERTELNY LOT"}]},{"@type":"WebSite","@id":"https:\/\/siemysli-ke.info\/de\/#website","url":"https:\/\/siemysli-ke.info\/de\/","name":"SI\u0118 MY\u015aLI","description":"","publisher":{"@id":"https:\/\/siemysli-ke.info\/de\/#organization"},"potentialAction":[{"@type":"SearchAction","target":{"@type":"EntryPoint","urlTemplate":"https:\/\/siemysli-ke.info\/de\/?s={search_term_string}"},"query-input":{"@type":"PropertyValueSpecification","valueRequired":true,"valueName":"search_term_string"}}],"inLanguage":"de"},{"@type":"Organization","@id":"https:\/\/siemysli-ke.info\/de\/#organization","name":"SI\u0118 MY\u015aLI","url":"https:\/\/siemysli-ke.info\/de\/","logo":{"@type":"ImageObject","inLanguage":"de","@id":"https:\/\/siemysli-ke.info\/de\/#\/schema\/logo\/image\/","url":"https:\/\/siemysli-ke.info\/wp-content\/uploads\/2025\/05\/99.png","contentUrl":"https:\/\/siemysli-ke.info\/wp-content\/uploads\/2025\/05\/99.png","width":270,"height":204,"caption":"SI\u0118 MY\u015aLI"},"image":{"@id":"https:\/\/siemysli-ke.info\/de\/#\/schema\/logo\/image\/"}},{"@type":"Person","@id":"https:\/\/siemysli-ke.info\/#\/schema\/person\/66d741fa745a44f2fe46d112bc6499f2","name":"Jaromir","image":{"@type":"ImageObject","inLanguage":"de","@id":"https:\/\/siemysli-ke.info\/de\/#\/schema\/person\/image\/","url":"https:\/\/secure.gravatar.com\/avatar\/fe881559e8ac8dda20293e9e8317d4678c6ad8f65f85a9ce5e1a87cee56b6198?s=96&d=mm&r=g","contentUrl":"https:\/\/secure.gravatar.com\/avatar\/fe881559e8ac8dda20293e9e8317d4678c6ad8f65f85a9ce5e1a87cee56b6198?s=96&d=mm&r=g","caption":"Jaromir"},"url":"https:\/\/siemysli-ke.info\/de\/author\/jaromir\/"}]}},"_links":{"self":[{"href":"https:\/\/siemysli-ke.info\/de\/wp-json\/wp\/v2\/posts\/13562","targetHints":{"allow":["GET"]}}],"collection":[{"href":"https:\/\/siemysli-ke.info\/de\/wp-json\/wp\/v2\/posts"}],"about":[{"href":"https:\/\/siemysli-ke.info\/de\/wp-json\/wp\/v2\/types\/post"}],"author":[{"embeddable":true,"href":"https:\/\/siemysli-ke.info\/de\/wp-json\/wp\/v2\/users\/7"}],"replies":[{"embeddable":true,"href":"https:\/\/siemysli-ke.info\/de\/wp-json\/wp\/v2\/comments?post=13562"}],"version-history":[{"count":0,"href":"https:\/\/siemysli-ke.info\/de\/wp-json\/wp\/v2\/posts\/13562\/revisions"}],"wp:featuredmedia":[{"embeddable":true,"href":"https:\/\/siemysli-ke.info\/de\/wp-json\/wp\/v2\/media\/13563"}],"wp:attachment":[{"href":"https:\/\/siemysli-ke.info\/de\/wp-json\/wp\/v2\/media?parent=13562"}],"wp:term":[{"taxonomy":"category","embeddable":true,"href":"https:\/\/siemysli-ke.info\/de\/wp-json\/wp\/v2\/categories?post=13562"},{"taxonomy":"post_tag","embeddable":true,"href":"https:\/\/siemysli-ke.info\/de\/wp-json\/wp\/v2\/tags?post=13562"}],"curies":[{"name":"wp","href":"https:\/\/api.w.org\/{rel}","templated":true}]}}