 {"id":13275,"date":"2014-04-30T21:14:01","date_gmt":"2014-04-30T19:14:01","guid":{"rendered":"http:\/\/www.siemysli.info.ke\/?p=13275"},"modified":"2014-05-02T20:41:19","modified_gmt":"2014-05-02T18:41:19","slug":"1-maj-politycy-swietuja-za-nas","status":"publish","type":"post","link":"https:\/\/siemysli-ke.info\/de\/1-maj-politycy-swietuja-za-nas\/","title":{"rendered":"1. MAJA &#8211; POLITYCY \u015aWI\u0118TUJ\u0104 ZA NAS"},"content":{"rendered":"<p style=\"text-align: justify;\"><a href=\"http:\/\/www.siemysli.info.ke\/wp-content\/uploads\/2014\/04\/138526.png\" rel=\"lightbox[13275]\"><img decoding=\"async\" class=\"size-medium wp-image-13276 alignleft\" alt=\"138526\" src=\"http:\/\/www.siemysli.info.ke\/wp-content\/uploads\/2014\/04\/138526-200x300.png\" width=\"200\" height=\"300\" srcset=\"https:\/\/siemysli-ke.info\/wp-content\/uploads\/2014\/04\/138526-200x300.png 200w, https:\/\/siemysli-ke.info\/wp-content\/uploads\/2014\/04\/138526.png 300w\" sizes=\"(max-width: 200px) 100vw, 200px\" \/><\/a>Dziwne to \u015aWI\u0118TO na czas i okoliczno\u015bci, w kt\u00f3rych si\u0119 znale\u017ali\u015bmy w Polsce!<\/p>\n<p style=\"text-align: justify;\">W dobie post\u0119pu i automatyzacji cz\u0142owiek pracy z za\u0142o\u017cenia powinien siedzie\u0107 cicho jak mysz pod miot\u0142\u0105, bo jako niewygodny koszt kolejnego etapu produkcji &#8211; zawsze pada ofiar\u0105 redukcji i oszcz\u0119dno\u015bci. Pracodawcy, koncerny, korporacje, politycy triumfuj\u0105!<\/p>\n<p style=\"text-align: justify;\">1. maja pracownicy z nieprzymuszonej woli zapisuj\u0105 si\u0119 na nadgodziny, pozbawiaj\u0105c siebie mo\u017cliwo\u015bci celebrowania dnia wolnego i Naszego \u015awi\u0119ta!<\/p>\n<p style=\"text-align: justify;\">To dla mnie policzek w twarz, ale tak w\u0142a\u015bnie si\u0119 dzieje.<\/p>\n<p style=\"text-align: justify;\">Gdy nie ma \u015bwiadomo\u015bci klasowej, dumy i ch\u0119ci walki, a dominuj\u0105c\u0105 cech\u0105 uczestnika klasy pracuj\u0105cej jest &#8222;elastyczno\u015b\u0107&#8220; i uginanie karku &#8211; perspektywa zmian oddala si\u0119 bezpowrotnie&#8230;<\/p>\n<p style=\"text-align: justify;\">Wychylmy kieliszek na tej naszej polskiej stypie&#8230;<\/p>\n<p style=\"text-align: justify;\">10 lecie Polski w Unii Europejskiej. Politycy z prawa i z lewa przekrzykuj\u0105 si\u0119, kto co i za jak\u0105 cen\u0119 zrobi\u0142 dla Polski. Zgodnie grzmi\u0105 &#8211; Polska si\u0119 rozwija, pi\u0119knieje, korzysta z funduszy unijnych, buduje drogi i autostrady, mosty i szko\u0142y.<\/p>\n<p style=\"text-align: justify;\">M\u0142odzi Polacy mog\u0105 wybiera\u0107, gdzie chc\u0105 \u017cyc i pracowac i&#8230; wybieraj\u0105 &#8211; emigracj\u0119!!!<\/p>\n<p style=\"text-align: justify;\">Dlaczego? -przecie\u017c jest tak pi\u0119knie i zasobnie w ukochanym piastowskim kraju!<\/p>\n<p style=\"text-align: justify;\">14-procentowe \u00a0bezrobocie, ca\u0142e regiony dotkni\u0119te wyludnieniem, masowa sprzeda\u017c europejskim rolnikom polskiej ziemi, likwidacja wielu ga\u0142\u0119zi polskiej gospodarki (rybo\u0142\u00f3wstwo, przemys\u0142 ci\u0119\u017cki, stocznie a teraz wizja zamkni\u0119cia kopal\u0144). Tworzy si\u0119 przepisy, kt\u00f3re u\u015bmiercaj\u0105 polskie dobra narodowe, by bogacili si\u0119 i rozwijali inni. Polska to kraj montowni i magazyn\u00f3w. Tania si\u0142a robocza i ma\u0142o roszczeniowy przeciwnik dla wielkiego biznesu. Pracuje w pocie czo\u0142a i &#8230; umiera, nie doczekawszy si\u0119 pomocy w szpitalnych kolejkach do specjalist\u00f3w.<\/p>\n<p style=\"text-align: justify;\">Czy jeste\u015bmy bogatsi?<\/p>\n<p style=\"text-align: justify;\">Mamy kilkunastoletnie samochody, z cofni\u0119tymi licznikami, sprowadzane z Niemiec.<\/p>\n<p style=\"text-align: justify;\">Mamy hiper- i supermarkety, w kt\u00f3rych kupujemy ska\u017cone chemi\u0105 produkty.<\/p>\n<p style=\"text-align: justify;\">Gdy zad\u0142u\u017camy si\u0119 w parabankach i chwil\u00f3wkach, wyje\u017cd\u017camy na zagraniczne wycieczki, by potem pozosta\u0142\u0105 cz\u0119\u015b\u0107 roku po\u015bc\u0107ic.<\/p>\n<p style=\"text-align: justify;\">Ile punkt\u00f3w widzenia, tyle opinii&#8230;<\/p>\n<p style=\"text-align: justify;\">Wychylmy kieliszek na tej naszej polskiej stypie&#8230;<\/p>\n<p style=\"text-align: justify;\">Niech si\u0119 \u015bwi\u0119ci 1. maja!!!<\/p>\n<p style=\"text-align: right;\">Maj 2014<\/p>\n<p style=\"text-align: right;\"><strong>Roman Boryczko<\/strong><\/p>\n","protected":false},"excerpt":{"rendered":"<p>Dziwne to \u015aWI\u0118TO na czas i okoliczno\u015bci, w kt\u00f3rych si\u0119 znale\u017ali\u015bmy w Polsce! W dobie post\u0119pu i automatyzacji cz\u0142owiek pracy<\/p>\n","protected":false},"author":7,"featured_media":13276,"comment_status":"open","ping_status":"open","sticky":false,"template":"","format":"standard","meta":{"colormag_page_layout":"default_layout","footnotes":""},"categories":[7,81,6],"tags":[1014,89,92,1016,1015],"class_list":["post-13275","post","type-post","status-publish","format-standard","has-post-thumbnail","hentry","category-gospodarka","category-rzeczpospolita","category-ue","tag-1-maja","tag-breaking","tag-headline","tag-perspektywa-zmian","tag-swieto-pracy"],"yoast_head":"<!-- This site is optimized with the Yoast SEO plugin v25.1 - https:\/\/yoast.com\/wordpress\/plugins\/seo\/ -->\n<title>1. MAJA - POLITYCY \u015aWI\u0118TUJ\u0104 ZA NAS - SI\u0118 MY\u015aLI<\/title>\n<meta name=\"robots\" content=\"index, follow, max-snippet:-1, max-image-preview:large, max-video-preview:-1\" \/>\n<link rel=\"canonical\" href=\"https:\/\/siemysli-ke.info\/de\/1-maj-politycy-swietuja-za-nas\/\" \/>\n<meta property=\"og:locale\" content=\"de_DE\" \/>\n<meta property=\"og:type\" content=\"article\" \/>\n<meta property=\"og:title\" content=\"1. MAJA - POLITYCY \u015aWI\u0118TUJ\u0104 ZA NAS - SI\u0118 MY\u015aLI\" \/>\n<meta property=\"og:description\" content=\"Dziwne to \u015aWI\u0118TO na czas i okoliczno\u015bci, w kt\u00f3rych si\u0119 znale\u017ali\u015bmy w Polsce! W dobie post\u0119pu i automatyzacji cz\u0142owiek pracy\" \/>\n<meta property=\"og:url\" content=\"https:\/\/siemysli-ke.info\/de\/1-maj-politycy-swietuja-za-nas\/\" \/>\n<meta property=\"og:site_name\" content=\"SI\u0118 MY\u015aLI\" \/>\n<meta property=\"article:published_time\" content=\"2014-04-30T19:14:01+00:00\" \/>\n<meta property=\"article:modified_time\" content=\"2014-05-02T18:41:19+00:00\" \/>\n<meta property=\"og:image\" content=\"https:\/\/siemysli-ke.info\/wp-content\/uploads\/2014\/04\/138526.png\" \/>\n\t<meta property=\"og:image:width\" content=\"300\" \/>\n\t<meta property=\"og:image:height\" content=\"450\" \/>\n\t<meta property=\"og:image:type\" content=\"image\/png\" \/>\n<meta name=\"author\" content=\"Jaromir\" \/>\n<meta name=\"twitter:label1\" content=\"Verfasst von\" \/>\n\t<meta name=\"twitter:data1\" content=\"Jaromir\" \/>\n\t<meta name=\"twitter:label2\" content=\"Gesch\u00e4tzte Lesezeit\" \/>\n\t<meta name=\"twitter:data2\" content=\"2\u00a0Minuten\" \/>\n<script type=\"application\/ld+json\" class=\"yoast-schema-graph\">{\"@context\":\"https:\/\/schema.org\",\"@graph\":[{\"@type\":\"Article\",\"@id\":\"https:\/\/siemysli-ke.info\/de\/1-maj-politycy-swietuja-za-nas\/#article\",\"isPartOf\":{\"@id\":\"https:\/\/siemysli-ke.info\/de\/1-maj-politycy-swietuja-za-nas\/\"},\"author\":{\"name\":\"Jaromir\",\"@id\":\"https:\/\/siemysli-ke.info\/#\/schema\/person\/66d741fa745a44f2fe46d112bc6499f2\"},\"headline\":\"1. MAJA &#8211; POLITYCY \u015aWI\u0118TUJ\u0104 ZA NAS\",\"datePublished\":\"2014-04-30T19:14:01+00:00\",\"dateModified\":\"2014-05-02T18:41:19+00:00\",\"mainEntityOfPage\":{\"@id\":\"https:\/\/siemysli-ke.info\/de\/1-maj-politycy-swietuja-za-nas\/\"},\"wordCount\":361,\"commentCount\":0,\"publisher\":{\"@id\":\"https:\/\/siemysli-ke.info\/#organization\"},\"image\":{\"@id\":\"https:\/\/siemysli-ke.info\/de\/1-maj-politycy-swietuja-za-nas\/#primaryimage\"},\"thumbnailUrl\":\"https:\/\/siemysli-ke.info\/wp-content\/uploads\/2014\/04\/138526.png\",\"keywords\":[\"1 maja\",\"breaking\",\"headline\",\"perspektywa zmian\",\"\u015awi\u0119to Pracy\"],\"articleSection\":[\"Gospodarka i polityka\",\"Rzeczypospolita\",\"Unia Europejska\"],\"inLanguage\":\"de\",\"potentialAction\":[{\"@type\":\"CommentAction\",\"name\":\"Comment\",\"target\":[\"https:\/\/siemysli-ke.info\/de\/1-maj-politycy-swietuja-za-nas\/#respond\"]}]},{\"@type\":\"WebPage\",\"@id\":\"https:\/\/siemysli-ke.info\/de\/1-maj-politycy-swietuja-za-nas\/\",\"url\":\"https:\/\/siemysli-ke.info\/de\/1-maj-politycy-swietuja-za-nas\/\",\"name\":\"1. MAJA - POLITYCY \u015aWI\u0118TUJ\u0104 ZA NAS - SI\u0118 MY\u015aLI\",\"isPartOf\":{\"@id\":\"https:\/\/siemysli-ke.info\/de\/#website\"},\"primaryImageOfPage\":{\"@id\":\"https:\/\/siemysli-ke.info\/de\/1-maj-politycy-swietuja-za-nas\/#primaryimage\"},\"image\":{\"@id\":\"https:\/\/siemysli-ke.info\/de\/1-maj-politycy-swietuja-za-nas\/#primaryimage\"},\"thumbnailUrl\":\"https:\/\/siemysli-ke.info\/wp-content\/uploads\/2014\/04\/138526.png\",\"datePublished\":\"2014-04-30T19:14:01+00:00\",\"dateModified\":\"2014-05-02T18:41:19+00:00\",\"breadcrumb\":{\"@id\":\"https:\/\/siemysli-ke.info\/de\/1-maj-politycy-swietuja-za-nas\/#breadcrumb\"},\"inLanguage\":\"de\",\"potentialAction\":[{\"@type\":\"ReadAction\",\"target\":[[\"https:\/\/siemysli-ke.info\/de\/1-maj-politycy-swietuja-za-nas\/\"]]}]},{\"@type\":\"ImageObject\",\"inLanguage\":\"de\",\"@id\":\"https:\/\/siemysli-ke.info\/de\/1-maj-politycy-swietuja-za-nas\/#primaryimage\",\"url\":\"https:\/\/siemysli-ke.info\/wp-content\/uploads\/2014\/04\/138526.png\",\"contentUrl\":\"https:\/\/siemysli-ke.info\/wp-content\/uploads\/2014\/04\/138526.png\",\"width\":300,\"height\":450},{\"@type\":\"BreadcrumbList\",\"@id\":\"https:\/\/siemysli-ke.info\/de\/1-maj-politycy-swietuja-za-nas\/#breadcrumb\",\"itemListElement\":[{\"@type\":\"ListItem\",\"position\":1,\"name\":\"Home\",\"item\":\"https:\/\/siemysli-ke.info\/de\/\"},{\"@type\":\"ListItem\",\"position\":2,\"name\":\"1. MAJA &#8211; POLITYCY \u015aWI\u0118TUJ\u0104 ZA NAS\"}]},{\"@type\":\"WebSite\",\"@id\":\"https:\/\/siemysli-ke.info\/de\/#website\",\"url\":\"https:\/\/siemysli-ke.info\/de\/\",\"name\":\"SI\u0118 MY\u015aLI\",\"description\":\"\",\"publisher\":{\"@id\":\"https:\/\/siemysli-ke.info\/de\/#organization\"},\"potentialAction\":[{\"@type\":\"SearchAction\",\"target\":{\"@type\":\"EntryPoint\",\"urlTemplate\":\"https:\/\/siemysli-ke.info\/de\/?s={search_term_string}\"},\"query-input\":{\"@type\":\"PropertyValueSpecification\",\"valueRequired\":true,\"valueName\":\"search_term_string\"}}],\"inLanguage\":\"de\"},{\"@type\":\"Organization\",\"@id\":\"https:\/\/siemysli-ke.info\/de\/#organization\",\"name\":\"SI\u0118 MY\u015aLI\",\"url\":\"https:\/\/siemysli-ke.info\/de\/\",\"logo\":{\"@type\":\"ImageObject\",\"inLanguage\":\"de\",\"@id\":\"https:\/\/siemysli-ke.info\/de\/#\/schema\/logo\/image\/\",\"url\":\"https:\/\/siemysli-ke.info\/wp-content\/uploads\/2025\/05\/99.png\",\"contentUrl\":\"https:\/\/siemysli-ke.info\/wp-content\/uploads\/2025\/05\/99.png\",\"width\":270,\"height\":204,\"caption\":\"SI\u0118 MY\u015aLI\"},\"image\":{\"@id\":\"https:\/\/siemysli-ke.info\/de\/#\/schema\/logo\/image\/\"}},{\"@type\":\"Person\",\"@id\":\"https:\/\/siemysli-ke.info\/#\/schema\/person\/66d741fa745a44f2fe46d112bc6499f2\",\"name\":\"Jaromir\",\"image\":{\"@type\":\"ImageObject\",\"inLanguage\":\"de\",\"@id\":\"https:\/\/siemysli-ke.info\/de\/#\/schema\/person\/image\/\",\"url\":\"https:\/\/secure.gravatar.com\/avatar\/fe881559e8ac8dda20293e9e8317d4678c6ad8f65f85a9ce5e1a87cee56b6198?s=96&d=mm&r=g\",\"contentUrl\":\"https:\/\/secure.gravatar.com\/avatar\/fe881559e8ac8dda20293e9e8317d4678c6ad8f65f85a9ce5e1a87cee56b6198?s=96&d=mm&r=g\",\"caption\":\"Jaromir\"},\"url\":\"https:\/\/siemysli-ke.info\/de\/author\/jaromir\/\"}]}<\/script>\n<!-- \/ Yoast SEO plugin. -->","yoast_head_json":{"title":"1. MAJA - POLITYCY \u015aWI\u0118TUJ\u0104 ZA NAS - SI\u0118 MY\u015aLI","robots":{"index":"index","follow":"follow","max-snippet":"max-snippet:-1","max-image-preview":"max-image-preview:large","max-video-preview":"max-video-preview:-1"},"canonical":"https:\/\/siemysli-ke.info\/de\/1-maj-politycy-swietuja-za-nas\/","og_locale":"de_DE","og_type":"article","og_title":"1. MAJA - POLITYCY \u015aWI\u0118TUJ\u0104 ZA NAS - SI\u0118 MY\u015aLI","og_description":"Dziwne to \u015aWI\u0118TO na czas i okoliczno\u015bci, w kt\u00f3rych si\u0119 znale\u017ali\u015bmy w Polsce! W dobie post\u0119pu i automatyzacji cz\u0142owiek pracy","og_url":"https:\/\/siemysli-ke.info\/de\/1-maj-politycy-swietuja-za-nas\/","og_site_name":"SI\u0118 MY\u015aLI","article_published_time":"2014-04-30T19:14:01+00:00","article_modified_time":"2014-05-02T18:41:19+00:00","og_image":[{"width":300,"height":450,"url":"https:\/\/siemysli-ke.info\/wp-content\/uploads\/2014\/04\/138526.png","type":"image\/png"}],"author":"Jaromir","twitter_misc":{"Verfasst von":"Jaromir","Gesch\u00e4tzte Lesezeit":"2\u00a0Minuten"},"schema":{"@context":"https:\/\/schema.org","@graph":[{"@type":"Article","@id":"https:\/\/siemysli-ke.info\/de\/1-maj-politycy-swietuja-za-nas\/#article","isPartOf":{"@id":"https:\/\/siemysli-ke.info\/de\/1-maj-politycy-swietuja-za-nas\/"},"author":{"name":"Jaromir","@id":"https:\/\/siemysli-ke.info\/#\/schema\/person\/66d741fa745a44f2fe46d112bc6499f2"},"headline":"1. MAJA &#8211; POLITYCY \u015aWI\u0118TUJ\u0104 ZA NAS","datePublished":"2014-04-30T19:14:01+00:00","dateModified":"2014-05-02T18:41:19+00:00","mainEntityOfPage":{"@id":"https:\/\/siemysli-ke.info\/de\/1-maj-politycy-swietuja-za-nas\/"},"wordCount":361,"commentCount":0,"publisher":{"@id":"https:\/\/siemysli-ke.info\/#organization"},"image":{"@id":"https:\/\/siemysli-ke.info\/de\/1-maj-politycy-swietuja-za-nas\/#primaryimage"},"thumbnailUrl":"https:\/\/siemysli-ke.info\/wp-content\/uploads\/2014\/04\/138526.png","keywords":["1 maja","breaking","headline","perspektywa zmian","\u015awi\u0119to Pracy"],"articleSection":["Gospodarka i polityka","Rzeczypospolita","Unia Europejska"],"inLanguage":"de","potentialAction":[{"@type":"CommentAction","name":"Comment","target":["https:\/\/siemysli-ke.info\/de\/1-maj-politycy-swietuja-za-nas\/#respond"]}]},{"@type":"WebPage","@id":"https:\/\/siemysli-ke.info\/de\/1-maj-politycy-swietuja-za-nas\/","url":"https:\/\/siemysli-ke.info\/de\/1-maj-politycy-swietuja-za-nas\/","name":"1. MAJA - POLITYCY \u015aWI\u0118TUJ\u0104 ZA NAS - SI\u0118 MY\u015aLI","isPartOf":{"@id":"https:\/\/siemysli-ke.info\/de\/#website"},"primaryImageOfPage":{"@id":"https:\/\/siemysli-ke.info\/de\/1-maj-politycy-swietuja-za-nas\/#primaryimage"},"image":{"@id":"https:\/\/siemysli-ke.info\/de\/1-maj-politycy-swietuja-za-nas\/#primaryimage"},"thumbnailUrl":"https:\/\/siemysli-ke.info\/wp-content\/uploads\/2014\/04\/138526.png","datePublished":"2014-04-30T19:14:01+00:00","dateModified":"2014-05-02T18:41:19+00:00","breadcrumb":{"@id":"https:\/\/siemysli-ke.info\/de\/1-maj-politycy-swietuja-za-nas\/#breadcrumb"},"inLanguage":"de","potentialAction":[{"@type":"ReadAction","target":[["https:\/\/siemysli-ke.info\/de\/1-maj-politycy-swietuja-za-nas\/"]]}]},{"@type":"ImageObject","inLanguage":"de","@id":"https:\/\/siemysli-ke.info\/de\/1-maj-politycy-swietuja-za-nas\/#primaryimage","url":"https:\/\/siemysli-ke.info\/wp-content\/uploads\/2014\/04\/138526.png","contentUrl":"https:\/\/siemysli-ke.info\/wp-content\/uploads\/2014\/04\/138526.png","width":300,"height":450},{"@type":"BreadcrumbList","@id":"https:\/\/siemysli-ke.info\/de\/1-maj-politycy-swietuja-za-nas\/#breadcrumb","itemListElement":[{"@type":"ListItem","position":1,"name":"Home","item":"https:\/\/siemysli-ke.info\/de\/"},{"@type":"ListItem","position":2,"name":"1. MAJA &#8211; POLITYCY \u015aWI\u0118TUJ\u0104 ZA NAS"}]},{"@type":"WebSite","@id":"https:\/\/siemysli-ke.info\/de\/#website","url":"https:\/\/siemysli-ke.info\/de\/","name":"SI\u0118 MY\u015aLI","description":"","publisher":{"@id":"https:\/\/siemysli-ke.info\/de\/#organization"},"potentialAction":[{"@type":"SearchAction","target":{"@type":"EntryPoint","urlTemplate":"https:\/\/siemysli-ke.info\/de\/?s={search_term_string}"},"query-input":{"@type":"PropertyValueSpecification","valueRequired":true,"valueName":"search_term_string"}}],"inLanguage":"de"},{"@type":"Organization","@id":"https:\/\/siemysli-ke.info\/de\/#organization","name":"SI\u0118 MY\u015aLI","url":"https:\/\/siemysli-ke.info\/de\/","logo":{"@type":"ImageObject","inLanguage":"de","@id":"https:\/\/siemysli-ke.info\/de\/#\/schema\/logo\/image\/","url":"https:\/\/siemysli-ke.info\/wp-content\/uploads\/2025\/05\/99.png","contentUrl":"https:\/\/siemysli-ke.info\/wp-content\/uploads\/2025\/05\/99.png","width":270,"height":204,"caption":"SI\u0118 MY\u015aLI"},"image":{"@id":"https:\/\/siemysli-ke.info\/de\/#\/schema\/logo\/image\/"}},{"@type":"Person","@id":"https:\/\/siemysli-ke.info\/#\/schema\/person\/66d741fa745a44f2fe46d112bc6499f2","name":"Jaromir","image":{"@type":"ImageObject","inLanguage":"de","@id":"https:\/\/siemysli-ke.info\/de\/#\/schema\/person\/image\/","url":"https:\/\/secure.gravatar.com\/avatar\/fe881559e8ac8dda20293e9e8317d4678c6ad8f65f85a9ce5e1a87cee56b6198?s=96&d=mm&r=g","contentUrl":"https:\/\/secure.gravatar.com\/avatar\/fe881559e8ac8dda20293e9e8317d4678c6ad8f65f85a9ce5e1a87cee56b6198?s=96&d=mm&r=g","caption":"Jaromir"},"url":"https:\/\/siemysli-ke.info\/de\/author\/jaromir\/"}]}},"_links":{"self":[{"href":"https:\/\/siemysli-ke.info\/de\/wp-json\/wp\/v2\/posts\/13275","targetHints":{"allow":["GET"]}}],"collection":[{"href":"https:\/\/siemysli-ke.info\/de\/wp-json\/wp\/v2\/posts"}],"about":[{"href":"https:\/\/siemysli-ke.info\/de\/wp-json\/wp\/v2\/types\/post"}],"author":[{"embeddable":true,"href":"https:\/\/siemysli-ke.info\/de\/wp-json\/wp\/v2\/users\/7"}],"replies":[{"embeddable":true,"href":"https:\/\/siemysli-ke.info\/de\/wp-json\/wp\/v2\/comments?post=13275"}],"version-history":[{"count":0,"href":"https:\/\/siemysli-ke.info\/de\/wp-json\/wp\/v2\/posts\/13275\/revisions"}],"wp:featuredmedia":[{"embeddable":true,"href":"https:\/\/siemysli-ke.info\/de\/wp-json\/wp\/v2\/media\/13276"}],"wp:attachment":[{"href":"https:\/\/siemysli-ke.info\/de\/wp-json\/wp\/v2\/media?parent=13275"}],"wp:term":[{"taxonomy":"category","embeddable":true,"href":"https:\/\/siemysli-ke.info\/de\/wp-json\/wp\/v2\/categories?post=13275"},{"taxonomy":"post_tag","embeddable":true,"href":"https:\/\/siemysli-ke.info\/de\/wp-json\/wp\/v2\/tags?post=13275"}],"curies":[{"name":"wp","href":"https:\/\/api.w.org\/{rel}","templated":true}]}}