 {"id":13196,"date":"2014-04-15T12:11:00","date_gmt":"2014-04-15T10:11:00","guid":{"rendered":"http:\/\/www.siemysli.info.ke\/?p=13196"},"modified":"2014-04-15T12:11:00","modified_gmt":"2014-04-15T10:11:00","slug":"swiat-oczami-dziecka","status":"publish","type":"post","link":"https:\/\/siemysli-ke.info\/de\/swiat-oczami-dziecka\/","title":{"rendered":"\u015awiat oczami dziecka"},"content":{"rendered":"<p style=\"text-align: justify\"><a href=\"http:\/\/www.siemysli.info.ke\/wp-content\/uploads\/2014\/04\/images.jpg\" rel=\"lightbox[13196]\"><img decoding=\"async\" class=\"size-full wp-image-13197 alignleft\" alt=\"images\" src=\"http:\/\/www.siemysli.info.ke\/wp-content\/uploads\/2014\/04\/images.jpg\" width=\"283\" height=\"178\" \/><\/a>Gdy patrzymy na \u015bwiat okiem dziecka wszystko od razu staje si\u0119 oczywiste. Dziecko nie potrafi k\u0142amac ,chyba \u017ce go tego nauczymy. Dziecko nie wie co to s\u0105 knowania ,konfabulacja ,mataczenie w imi\u0119 wy\u017cszych cel\u00f3w ,czy w interesie spo\u0142ecznym. Dziecko nie zawi\u0105zuje sojuszy czy spisk\u00f3w by zniszczyc nieprzyjaciela. Umys\u0142 dziecka podpowiada \u017ce gdy kto\u015b jest nieprzyjacielem samemu trzeba stawic mu czo\u0142a a je\u015bli czego\u015b nie rozumie prosi o podpowied\u017a rodzic\u00f3w. Gdy rodzice s\u0105 zaj\u0119ci dziecko si\u0119ga po telewizj\u0119 i informacje tam zawarte. Dziecko nie maj\u0105c wiedzy historycznej i odpowiedniego kontekstu przyjmuje podawane informacje jako pewnik. Dziecko nie wie \u017ce przekaz jest tak podany by nie rodzi\u0142 p\u00f3\u017aniejszych przemy\u015ble\u0144. Nawet komentarze ekspert\u00f3w w danej dziedzinie s\u0105 dziwnie jednomy\u015blne. Czy\u017cby nagle wszystko sta\u0142o si\u0119 tak oczywiste a \u015bwiat sta\u0142 si\u0119 czarno bia\u0142y?Oczami dziecka w\u0142a\u015bnie tak to wygl\u0105da. Ju\u017c od ma\u0142ego dzieci szukaj\u0105 wzorc\u00f3w. Bohaterowie ameryka\u0144skich kresk\u00f3wek dostarczaj\u0105 im pe\u0142n\u0105 gam\u0119 postaw i pozytywnych i negatywnych z kt\u00f3rymi mog\u0105 si\u0119 uto\u017csamiac. \u015awiat oczami dziecka jest r\u00f3wnie\u017c tak u\u0142o\u017cony. Niezale\u017cnie gdzie si\u0119 urodzimy media zawsze kszta\u0142tuj\u0105 obraz z\u0142ego i dobrego. \u015awiat arabski nienawidzi rozwi\u0105z\u0142o\u015bci i technologicznego post\u0119pu jako dzie\u0142a szatana. Amerykanie nienawidz\u0105 Komunist\u00f3w za ideologi\u0119 uderzaj\u0105c\u0105 w kapita\u0142 i w\u0142asno\u015bc prywatn\u0105. USA pogardza muzu\u0142amanami za to \u017ce s\u0105 fanatykami krocz\u0105cymi wed\u0142ug swojej religii a nie zasad narzuconych przez \u201eWielkiego Brata\u201d.Azjaci od tysi\u0105cleci buduj\u0105cy swoj\u0105 pot\u0119g\u0119 r\u00f3wnie\u017c nie ciesz\u0105 si\u0119 powa\u017caniem si\u0142 post\u0119powych finansjery. Europejczycy kochaj\u0105 USA za&#8230;chyba za wszystko. Europa boi si\u0119 Azji ,Rosji i Bliskiego Wschodu. Rosja ze swoj\u0105 imperialn\u0105 dum\u0105 Car\u00f3w i mordercz\u0105 ideologi\u0105 Komunizmu chc\u0119 odbudowac sw\u0105 pot\u0119g\u0119 wi\u0119c konkuruje i z finansjer\u0105 (Chiny ,USA ,UE) i jednocze\u015bnie rozgrywa globaln\u0105 partie szach\u00f3w maj\u0105c\u0105 na celu panowanie nad \u015bwiatem. Dziecko ogl\u0105da \u015bwiat i formowane jest do dalszego \u017cycia przez edukacj\u0119 ,podstawowe obowi\u0105zki obywatela i s\u0142u\u017cb\u0119 wojskow\u0105 w imi\u0119 \u201einteresu narodowego\u201d.Wsz\u0119dzie tak samo! Rz\u0105dy ,wielkie pieni\u0105dze ,interesy i walka o wp\u0142ywy. W tle lokalne konflikty,czystki etniczne czy regularne wojny. Porz\u0105dek \u015bwiata \u015bwiata zosta\u0142 obecnie zachwiany. Pewna stabilizacja i zawieszenie broni trwaj\u0105ce lata i sprzyjaj\u0105ce rozwojowi gospodarczemu po globalnym kryzysie i krachu gie\u0142dy w USA run\u0119\u0142y jak domki z kart. Arabska Wiosna i upadki dyktatur .\u015amierc Chaveza i destabilizacja Wenezueli. Ci\u0105gle pogr\u0105\u017cona w wojnie domowej Libia i &#8230;Ukraina. Wsz\u0119dzie te samo scenariusze. Dziecko ogl\u0105da migawki z telewizyjnych wiadomo\u015bci. \u0179li dyktatorzy gn\u0119bi\u0105 nar\u00f3d. Dobra opozycja wpierana przez USA chce wolno\u015bci! Chce \u017cyc tak jak \u017cyj\u0105 nowocze\u015bni ,cywilizowani ludzie! Rozruchy na ulicach. Ofiary ,determinacja i heroizm. Twarz rebelianta utrwalona na odbitce -symbol rewolucji. Obalenie w\u0142adzy ,lud w ko\u0144cu wolny i szcz\u0119\u015bliwy! Wi\u0119cej ju\u017c media nie interesuj\u0105 si\u0119 tym tematem. Ale kiedy\u015b gdy dziecko doro\u015bnie dowie si\u0119 \u017ce krwawe protesty wcale nie doprowadzi\u0142y do szcz\u0119\u015bcia. \u017be nie nasta\u0142a demokracja i wolno\u015bc s\u0142owa i powszechny dobrobyt. Ludzie chcieli wolnosci a stali si\u0119 pionkami na globalnej mapie wp\u0142yw\u00f3w korporacji i \u015bwiatowych pot\u0119g.<\/p>\n<p style=\"text-align: justify\">\u015awiat doros\u0142ego dziecka nie u\u017cywaj\u0105cego do przyswajania informacji rozumu ,jedynie ufaj\u0105cemu dziennikarzowi i jego uczciwo\u015bci obywateli wysy\u0142a go wprost do przedszkola. Je\u015bli z lenistwa czy g\u0142upoty nie potrafimy interpretowac fakt\u00f3w to ka\u017cdego dnia zbli\u017camy si\u0119 do usankcjonowania globalnej eksterminacji jednostek zb\u0119dnych i globalnego niewolnictwa. Ziemia nie jest w stanie dac szcz\u0119\u015bcia i bogactwa 6 miliardom ludzi. Ju\u017c od wielu lat globali\u015bci my\u015bl\u0105 jak u\u0142o\u017cyc wszystko na nowo&#8230;<\/p>\n<p style=\"text-align: justify\">Lewicowy be\u0142kot&#8230;?<\/p>\n<p style=\"text-align: justify\">Wystarczy w\u0142\u0105czyc wiadomo\u015bci co tydzie\u0144 przesuwamy si\u0119 o kilka krok\u00f3w w tym kierunku<\/p>\n<p style=\"text-align: justify\">Kwiecie\u0144 2014 Roman Boryczko<\/p>\n<p style=\"text-align: justify\">\n","protected":false},"excerpt":{"rendered":"<p>Gdy patrzymy na \u015bwiat okiem dziecka wszystko od razu staje si\u0119 oczywiste. Dziecko nie potrafi k\u0142amac ,chyba \u017ce go tego<\/p>\n","protected":false},"author":7,"featured_media":13197,"comment_status":"open","ping_status":"open","sticky":false,"template":"","format":"standard","meta":{"colormag_page_layout":"default_layout","footnotes":""},"categories":[143],"tags":[974],"class_list":["post-13196","post","type-post","status-publish","format-standard","has-post-thumbnail","hentry","category-inne","tag-oczami-dziecka"],"yoast_head":"<!-- This site is optimized with the Yoast SEO plugin v25.1 - https:\/\/yoast.com\/wordpress\/plugins\/seo\/ -->\n<title>\u015awiat oczami dziecka - SI\u0118 MY\u015aLI<\/title>\n<meta name=\"robots\" content=\"index, follow, max-snippet:-1, max-image-preview:large, max-video-preview:-1\" \/>\n<link rel=\"canonical\" href=\"https:\/\/siemysli-ke.info\/de\/swiat-oczami-dziecka\/\" \/>\n<meta property=\"og:locale\" content=\"de_DE\" \/>\n<meta property=\"og:type\" content=\"article\" \/>\n<meta property=\"og:title\" content=\"\u015awiat oczami dziecka - SI\u0118 MY\u015aLI\" \/>\n<meta property=\"og:description\" content=\"Gdy patrzymy na \u015bwiat okiem dziecka wszystko od razu staje si\u0119 oczywiste. Dziecko nie potrafi k\u0142amac ,chyba \u017ce go tego\" \/>\n<meta property=\"og:url\" content=\"https:\/\/siemysli-ke.info\/de\/swiat-oczami-dziecka\/\" \/>\n<meta property=\"og:site_name\" content=\"SI\u0118 MY\u015aLI\" \/>\n<meta property=\"article:published_time\" content=\"2014-04-15T10:11:00+00:00\" \/>\n<meta property=\"og:image\" content=\"https:\/\/siemysli-ke.info\/wp-content\/uploads\/2014\/04\/images.jpg\" \/>\n\t<meta property=\"og:image:width\" content=\"283\" \/>\n\t<meta property=\"og:image:height\" content=\"178\" \/>\n\t<meta property=\"og:image:type\" content=\"image\/jpeg\" \/>\n<meta name=\"author\" content=\"Jaromir\" \/>\n<meta name=\"twitter:label1\" content=\"Verfasst von\" \/>\n\t<meta name=\"twitter:data1\" content=\"Jaromir\" \/>\n\t<meta name=\"twitter:label2\" content=\"Gesch\u00e4tzte Lesezeit\" \/>\n\t<meta name=\"twitter:data2\" content=\"3\u00a0Minuten\" \/>\n<script type=\"application\/ld+json\" class=\"yoast-schema-graph\">{\"@context\":\"https:\/\/schema.org\",\"@graph\":[{\"@type\":\"Article\",\"@id\":\"https:\/\/siemysli-ke.info\/de\/swiat-oczami-dziecka\/#article\",\"isPartOf\":{\"@id\":\"https:\/\/siemysli-ke.info\/de\/swiat-oczami-dziecka\/\"},\"author\":{\"name\":\"Jaromir\",\"@id\":\"https:\/\/siemysli-ke.info\/#\/schema\/person\/66d741fa745a44f2fe46d112bc6499f2\"},\"headline\":\"\u015awiat oczami dziecka\",\"datePublished\":\"2014-04-15T10:11:00+00:00\",\"mainEntityOfPage\":{\"@id\":\"https:\/\/siemysli-ke.info\/de\/swiat-oczami-dziecka\/\"},\"wordCount\":669,\"commentCount\":0,\"publisher\":{\"@id\":\"https:\/\/siemysli-ke.info\/#organization\"},\"image\":{\"@id\":\"https:\/\/siemysli-ke.info\/de\/swiat-oczami-dziecka\/#primaryimage\"},\"thumbnailUrl\":\"https:\/\/siemysli-ke.info\/wp-content\/uploads\/2014\/04\/images.jpg\",\"keywords\":[\"oczami dziecka\"],\"articleSection\":[\"Inne\"],\"inLanguage\":\"de\",\"potentialAction\":[{\"@type\":\"CommentAction\",\"name\":\"Comment\",\"target\":[\"https:\/\/siemysli-ke.info\/de\/swiat-oczami-dziecka\/#respond\"]}]},{\"@type\":\"WebPage\",\"@id\":\"https:\/\/siemysli-ke.info\/de\/swiat-oczami-dziecka\/\",\"url\":\"https:\/\/siemysli-ke.info\/de\/swiat-oczami-dziecka\/\",\"name\":\"\u015awiat oczami dziecka - SI\u0118 MY\u015aLI\",\"isPartOf\":{\"@id\":\"https:\/\/siemysli-ke.info\/de\/#website\"},\"primaryImageOfPage\":{\"@id\":\"https:\/\/siemysli-ke.info\/de\/swiat-oczami-dziecka\/#primaryimage\"},\"image\":{\"@id\":\"https:\/\/siemysli-ke.info\/de\/swiat-oczami-dziecka\/#primaryimage\"},\"thumbnailUrl\":\"https:\/\/siemysli-ke.info\/wp-content\/uploads\/2014\/04\/images.jpg\",\"datePublished\":\"2014-04-15T10:11:00+00:00\",\"breadcrumb\":{\"@id\":\"https:\/\/siemysli-ke.info\/de\/swiat-oczami-dziecka\/#breadcrumb\"},\"inLanguage\":\"de\",\"potentialAction\":[{\"@type\":\"ReadAction\",\"target\":[[\"https:\/\/siemysli-ke.info\/de\/swiat-oczami-dziecka\/\"]]}]},{\"@type\":\"ImageObject\",\"inLanguage\":\"de\",\"@id\":\"https:\/\/siemysli-ke.info\/de\/swiat-oczami-dziecka\/#primaryimage\",\"url\":\"https:\/\/siemysli-ke.info\/wp-content\/uploads\/2014\/04\/images.jpg\",\"contentUrl\":\"https:\/\/siemysli-ke.info\/wp-content\/uploads\/2014\/04\/images.jpg\",\"width\":283,\"height\":178},{\"@type\":\"BreadcrumbList\",\"@id\":\"https:\/\/siemysli-ke.info\/de\/swiat-oczami-dziecka\/#breadcrumb\",\"itemListElement\":[{\"@type\":\"ListItem\",\"position\":1,\"name\":\"Home\",\"item\":\"https:\/\/siemysli-ke.info\/de\/\"},{\"@type\":\"ListItem\",\"position\":2,\"name\":\"\u015awiat oczami dziecka\"}]},{\"@type\":\"WebSite\",\"@id\":\"https:\/\/siemysli-ke.info\/de\/#website\",\"url\":\"https:\/\/siemysli-ke.info\/de\/\",\"name\":\"SI\u0118 MY\u015aLI\",\"description\":\"\",\"publisher\":{\"@id\":\"https:\/\/siemysli-ke.info\/de\/#organization\"},\"potentialAction\":[{\"@type\":\"SearchAction\",\"target\":{\"@type\":\"EntryPoint\",\"urlTemplate\":\"https:\/\/siemysli-ke.info\/de\/?s={search_term_string}\"},\"query-input\":{\"@type\":\"PropertyValueSpecification\",\"valueRequired\":true,\"valueName\":\"search_term_string\"}}],\"inLanguage\":\"de\"},{\"@type\":\"Organization\",\"@id\":\"https:\/\/siemysli-ke.info\/de\/#organization\",\"name\":\"SI\u0118 MY\u015aLI\",\"url\":\"https:\/\/siemysli-ke.info\/de\/\",\"logo\":{\"@type\":\"ImageObject\",\"inLanguage\":\"de\",\"@id\":\"https:\/\/siemysli-ke.info\/de\/#\/schema\/logo\/image\/\",\"url\":\"https:\/\/siemysli-ke.info\/wp-content\/uploads\/2025\/05\/99.png\",\"contentUrl\":\"https:\/\/siemysli-ke.info\/wp-content\/uploads\/2025\/05\/99.png\",\"width\":270,\"height\":204,\"caption\":\"SI\u0118 MY\u015aLI\"},\"image\":{\"@id\":\"https:\/\/siemysli-ke.info\/de\/#\/schema\/logo\/image\/\"}},{\"@type\":\"Person\",\"@id\":\"https:\/\/siemysli-ke.info\/#\/schema\/person\/66d741fa745a44f2fe46d112bc6499f2\",\"name\":\"Jaromir\",\"image\":{\"@type\":\"ImageObject\",\"inLanguage\":\"de\",\"@id\":\"https:\/\/siemysli-ke.info\/de\/#\/schema\/person\/image\/\",\"url\":\"https:\/\/secure.gravatar.com\/avatar\/fe881559e8ac8dda20293e9e8317d4678c6ad8f65f85a9ce5e1a87cee56b6198?s=96&d=mm&r=g\",\"contentUrl\":\"https:\/\/secure.gravatar.com\/avatar\/fe881559e8ac8dda20293e9e8317d4678c6ad8f65f85a9ce5e1a87cee56b6198?s=96&d=mm&r=g\",\"caption\":\"Jaromir\"},\"url\":\"https:\/\/siemysli-ke.info\/de\/author\/jaromir\/\"}]}<\/script>\n<!-- \/ Yoast SEO plugin. -->","yoast_head_json":{"title":"\u015awiat oczami dziecka - SI\u0118 MY\u015aLI","robots":{"index":"index","follow":"follow","max-snippet":"max-snippet:-1","max-image-preview":"max-image-preview:large","max-video-preview":"max-video-preview:-1"},"canonical":"https:\/\/siemysli-ke.info\/de\/swiat-oczami-dziecka\/","og_locale":"de_DE","og_type":"article","og_title":"\u015awiat oczami dziecka - SI\u0118 MY\u015aLI","og_description":"Gdy patrzymy na \u015bwiat okiem dziecka wszystko od razu staje si\u0119 oczywiste. Dziecko nie potrafi k\u0142amac ,chyba \u017ce go tego","og_url":"https:\/\/siemysli-ke.info\/de\/swiat-oczami-dziecka\/","og_site_name":"SI\u0118 MY\u015aLI","article_published_time":"2014-04-15T10:11:00+00:00","og_image":[{"width":283,"height":178,"url":"https:\/\/siemysli-ke.info\/wp-content\/uploads\/2014\/04\/images.jpg","type":"image\/jpeg"}],"author":"Jaromir","twitter_misc":{"Verfasst von":"Jaromir","Gesch\u00e4tzte Lesezeit":"3\u00a0Minuten"},"schema":{"@context":"https:\/\/schema.org","@graph":[{"@type":"Article","@id":"https:\/\/siemysli-ke.info\/de\/swiat-oczami-dziecka\/#article","isPartOf":{"@id":"https:\/\/siemysli-ke.info\/de\/swiat-oczami-dziecka\/"},"author":{"name":"Jaromir","@id":"https:\/\/siemysli-ke.info\/#\/schema\/person\/66d741fa745a44f2fe46d112bc6499f2"},"headline":"\u015awiat oczami dziecka","datePublished":"2014-04-15T10:11:00+00:00","mainEntityOfPage":{"@id":"https:\/\/siemysli-ke.info\/de\/swiat-oczami-dziecka\/"},"wordCount":669,"commentCount":0,"publisher":{"@id":"https:\/\/siemysli-ke.info\/#organization"},"image":{"@id":"https:\/\/siemysli-ke.info\/de\/swiat-oczami-dziecka\/#primaryimage"},"thumbnailUrl":"https:\/\/siemysli-ke.info\/wp-content\/uploads\/2014\/04\/images.jpg","keywords":["oczami dziecka"],"articleSection":["Inne"],"inLanguage":"de","potentialAction":[{"@type":"CommentAction","name":"Comment","target":["https:\/\/siemysli-ke.info\/de\/swiat-oczami-dziecka\/#respond"]}]},{"@type":"WebPage","@id":"https:\/\/siemysli-ke.info\/de\/swiat-oczami-dziecka\/","url":"https:\/\/siemysli-ke.info\/de\/swiat-oczami-dziecka\/","name":"\u015awiat oczami dziecka - SI\u0118 MY\u015aLI","isPartOf":{"@id":"https:\/\/siemysli-ke.info\/de\/#website"},"primaryImageOfPage":{"@id":"https:\/\/siemysli-ke.info\/de\/swiat-oczami-dziecka\/#primaryimage"},"image":{"@id":"https:\/\/siemysli-ke.info\/de\/swiat-oczami-dziecka\/#primaryimage"},"thumbnailUrl":"https:\/\/siemysli-ke.info\/wp-content\/uploads\/2014\/04\/images.jpg","datePublished":"2014-04-15T10:11:00+00:00","breadcrumb":{"@id":"https:\/\/siemysli-ke.info\/de\/swiat-oczami-dziecka\/#breadcrumb"},"inLanguage":"de","potentialAction":[{"@type":"ReadAction","target":[["https:\/\/siemysli-ke.info\/de\/swiat-oczami-dziecka\/"]]}]},{"@type":"ImageObject","inLanguage":"de","@id":"https:\/\/siemysli-ke.info\/de\/swiat-oczami-dziecka\/#primaryimage","url":"https:\/\/siemysli-ke.info\/wp-content\/uploads\/2014\/04\/images.jpg","contentUrl":"https:\/\/siemysli-ke.info\/wp-content\/uploads\/2014\/04\/images.jpg","width":283,"height":178},{"@type":"BreadcrumbList","@id":"https:\/\/siemysli-ke.info\/de\/swiat-oczami-dziecka\/#breadcrumb","itemListElement":[{"@type":"ListItem","position":1,"name":"Home","item":"https:\/\/siemysli-ke.info\/de\/"},{"@type":"ListItem","position":2,"name":"\u015awiat oczami dziecka"}]},{"@type":"WebSite","@id":"https:\/\/siemysli-ke.info\/de\/#website","url":"https:\/\/siemysli-ke.info\/de\/","name":"SI\u0118 MY\u015aLI","description":"","publisher":{"@id":"https:\/\/siemysli-ke.info\/de\/#organization"},"potentialAction":[{"@type":"SearchAction","target":{"@type":"EntryPoint","urlTemplate":"https:\/\/siemysli-ke.info\/de\/?s={search_term_string}"},"query-input":{"@type":"PropertyValueSpecification","valueRequired":true,"valueName":"search_term_string"}}],"inLanguage":"de"},{"@type":"Organization","@id":"https:\/\/siemysli-ke.info\/de\/#organization","name":"SI\u0118 MY\u015aLI","url":"https:\/\/siemysli-ke.info\/de\/","logo":{"@type":"ImageObject","inLanguage":"de","@id":"https:\/\/siemysli-ke.info\/de\/#\/schema\/logo\/image\/","url":"https:\/\/siemysli-ke.info\/wp-content\/uploads\/2025\/05\/99.png","contentUrl":"https:\/\/siemysli-ke.info\/wp-content\/uploads\/2025\/05\/99.png","width":270,"height":204,"caption":"SI\u0118 MY\u015aLI"},"image":{"@id":"https:\/\/siemysli-ke.info\/de\/#\/schema\/logo\/image\/"}},{"@type":"Person","@id":"https:\/\/siemysli-ke.info\/#\/schema\/person\/66d741fa745a44f2fe46d112bc6499f2","name":"Jaromir","image":{"@type":"ImageObject","inLanguage":"de","@id":"https:\/\/siemysli-ke.info\/de\/#\/schema\/person\/image\/","url":"https:\/\/secure.gravatar.com\/avatar\/fe881559e8ac8dda20293e9e8317d4678c6ad8f65f85a9ce5e1a87cee56b6198?s=96&d=mm&r=g","contentUrl":"https:\/\/secure.gravatar.com\/avatar\/fe881559e8ac8dda20293e9e8317d4678c6ad8f65f85a9ce5e1a87cee56b6198?s=96&d=mm&r=g","caption":"Jaromir"},"url":"https:\/\/siemysli-ke.info\/de\/author\/jaromir\/"}]}},"_links":{"self":[{"href":"https:\/\/siemysli-ke.info\/de\/wp-json\/wp\/v2\/posts\/13196","targetHints":{"allow":["GET"]}}],"collection":[{"href":"https:\/\/siemysli-ke.info\/de\/wp-json\/wp\/v2\/posts"}],"about":[{"href":"https:\/\/siemysli-ke.info\/de\/wp-json\/wp\/v2\/types\/post"}],"author":[{"embeddable":true,"href":"https:\/\/siemysli-ke.info\/de\/wp-json\/wp\/v2\/users\/7"}],"replies":[{"embeddable":true,"href":"https:\/\/siemysli-ke.info\/de\/wp-json\/wp\/v2\/comments?post=13196"}],"version-history":[{"count":0,"href":"https:\/\/siemysli-ke.info\/de\/wp-json\/wp\/v2\/posts\/13196\/revisions"}],"wp:featuredmedia":[{"embeddable":true,"href":"https:\/\/siemysli-ke.info\/de\/wp-json\/wp\/v2\/media\/13197"}],"wp:attachment":[{"href":"https:\/\/siemysli-ke.info\/de\/wp-json\/wp\/v2\/media?parent=13196"}],"wp:term":[{"taxonomy":"category","embeddable":true,"href":"https:\/\/siemysli-ke.info\/de\/wp-json\/wp\/v2\/categories?post=13196"},{"taxonomy":"post_tag","embeddable":true,"href":"https:\/\/siemysli-ke.info\/de\/wp-json\/wp\/v2\/tags?post=13196"}],"curies":[{"name":"wp","href":"https:\/\/api.w.org\/{rel}","templated":true}]}}