 {"id":13176,"date":"2014-04-12T21:52:31","date_gmt":"2014-04-12T19:52:31","guid":{"rendered":"http:\/\/www.siemysli.info.ke\/?p=13176"},"modified":"2014-04-14T23:56:33","modified_gmt":"2014-04-14T21:56:33","slug":"polska-walczaca-z-homotecza","status":"publish","type":"post","link":"https:\/\/siemysli-ke.info\/de\/polska-walczaca-z-homotecza\/","title":{"rendered":"\u201ePolska Walcz\u0105ca\u201d z &#8230;homo-t\u0119cz\u0105"},"content":{"rendered":"<p style=\"text-align: justify;\"><a href=\"http:\/\/www.siemysli.info.ke\/wp-content\/uploads\/2014\/04\/images-12.jpg\" rel=\"lightbox[13176]\"><img decoding=\"async\" class=\"size-full wp-image-13177 alignleft\" alt=\"images (12)\" src=\"http:\/\/www.siemysli.info.ke\/wp-content\/uploads\/2014\/04\/images-12.jpg\" width=\"273\" height=\"184\" \/><\/a>Nadchodz\u0105 wybory do Europarlamentu, tote\u017c ka\u017cde ugrupowanie, nawet to marginalne, potrzebuje medialnego rozg\u0142osu. Niewa\u017cne, jak ci\u0119 obsmaruj\u0105 media, wa\u017cne, \u017ce w og\u00f3le&#8230; Dzi\u015b ca\u0142e kierownictwo Ruchu Narodowego wraz z kilkoma \u201d \u017co\u0142nierzami wykl\u0119tymi\u201d stan\u0119\u0142o na ostatniej reducie, splecione w narodowym u\u015bcisku. Miasto Warszawa na placu Zbawiciela zn\u00f3w stawia s\u0142ynn\u0105 \u201et\u0119cz\u0119 niezgody\u201d. Instalacja Julity W\u00f3jcik po spaleniu jej przez uczestnik\u00f3w Marszu Niepodleg\u0142o\u015bci 11. listopada &#8211; ma wr\u00f3ci\u0107 na pl. Zbawiciela 1. maja. Na warsztatach s\u0105 przygotowywane kwiaty, kt\u00f3re b\u0119d\u0105 przyczepione do stalowej konstrukcji. T\u0119cza nie podoba si\u0119 grupce zwolennik\u00f3w ruchu narodowego, kt\u00f3rzy ju\u017c w pi\u0105tek zapowiadali blokady i demonstracje. W rozmowie z reporterami <em>Superstacji<\/em> Robert Winnicki, jeden z lider\u00f3w narodowc\u00f3w, m\u00f3wi\u0142, i\u017c t\u0119cza powinna by\u0107 bia\u0142o-czerwona, a nie \u201epedalska\u201d. Wt\u00f3rowa\u0142 mu Krzysztof Bosak, inny dzia\u0142acz ugrupowania. W po\u0142udnie &#8211; podczas stawiania konstrukcji &#8211; dosz\u0142o do medialnie widowiskowych zatrzyma\u0144. Nie zabrak\u0142o skandowania hase\u0142 i symboliki narodowego m\u0119cze\u0144stwa. Narodowy krzyczeli: \u00a0\u201eZakaz peda\u0142owania!\u201d, \u201eNie t\u0119czowa, nie czerwona, tylko Polska narodowa\u201d, \u201eOle, ole, to my &#8211; katole\u201d. Dobrze, \u017ce nasi rodzimi narodowcy opr\u00f3cz kibolskiego sp\u0119du na 11. listopada nie potrafi\u0105 zmobilizowa\u0107 og\u0142upia\u0142ej gawiedzi do oddania im w\u0142adzy, jak obecnie na W\u0119grzech <em>Jobbik<\/em>, bo mieliby\u015bmy Kore\u0119 P\u00f3\u0142nocn\u0105 czy inny Iran Chomeiniego. Narodowe milicje, stra\u017cnicy Maryi Dziewicy, tropiciele homo-lewak\u00f3w. W og\u00f3le dziwi\u0119 si\u0119 tej narodowej, m\u0119skiej paczce. Maj\u0105 wsp\u00f3lne zboczenie &#8211; podniecaj\u0105 ich prace artystyczne. Jako katolicy swe obiekty westchnie\u0144 powinni skierowac raczej w kierunku roznegli\u017cowanej warszawskiej Syrenki &#8211; co za zdzira! A tu jednak przypu\u015bcili atak na homo-t\u0119cz\u0119 &#8211; obiekt falliczny w fazie spoczynku&#8230; Wszak takich obiekt\u00f3w w Warszawie mo\u017cna znale\u017a\u0107 wi\u0119cej, d\u0142ugie czerwone, rozgrzane autobusy czy monumentalna i strzelista &#8211; tym razem we wzwodzie &#8211; bry\u0142a Pa\u0142acu Kultury i Nauki (im. J\u00f3zefa Stalina). Ehhh&#8230; te perwersyjne, narodowe zboki!!!<\/p>\n<p style=\"text-align: right;\">Kwiecie\u0144 2014<\/p>\n<p style=\"text-align: right;\"><strong>Roman Boryczko<\/strong><\/p>\n<p style=\"text-align: justify;\">\n","protected":false},"excerpt":{"rendered":"<p>Nadchodz\u0105 wybory do Europarlamentu, tote\u017c ka\u017cde ugrupowanie, nawet to marginalne, potrzebuje medialnego rozg\u0142osu. Niewa\u017cne, jak ci\u0119 obsmaruj\u0105 media, wa\u017cne, \u017ce<\/p>\n","protected":false},"author":7,"featured_media":13177,"comment_status":"open","ping_status":"open","sticky":false,"template":"","format":"standard","meta":{"colormag_page_layout":"default_layout","footnotes":""},"categories":[3,81],"tags":[965,967,966],"class_list":["post-13176","post","type-post","status-publish","format-standard","has-post-thumbnail","hentry","category-kultura","category-rzeczpospolita","tag-homotecza","tag-narodowcy-aresztowani","tag-tecza-na-placu-zbawiciela"],"yoast_head":"<!-- This site is optimized with the Yoast SEO plugin v25.1 - https:\/\/yoast.com\/wordpress\/plugins\/seo\/ -->\n<title>\u201ePolska Walcz\u0105ca\u201d z ...homo-t\u0119cz\u0105 - SI\u0118 MY\u015aLI<\/title>\n<meta name=\"robots\" content=\"index, follow, max-snippet:-1, max-image-preview:large, max-video-preview:-1\" \/>\n<link rel=\"canonical\" href=\"https:\/\/siemysli-ke.info\/de\/polska-walczaca-z-homotecza\/\" \/>\n<meta property=\"og:locale\" content=\"de_DE\" \/>\n<meta property=\"og:type\" content=\"article\" \/>\n<meta property=\"og:title\" content=\"\u201ePolska Walcz\u0105ca\u201d z ...homo-t\u0119cz\u0105 - SI\u0118 MY\u015aLI\" \/>\n<meta property=\"og:description\" content=\"Nadchodz\u0105 wybory do Europarlamentu, tote\u017c ka\u017cde ugrupowanie, nawet to marginalne, potrzebuje medialnego rozg\u0142osu. Niewa\u017cne, jak ci\u0119 obsmaruj\u0105 media, wa\u017cne, \u017ce\" \/>\n<meta property=\"og:url\" content=\"https:\/\/siemysli-ke.info\/de\/polska-walczaca-z-homotecza\/\" \/>\n<meta property=\"og:site_name\" content=\"SI\u0118 MY\u015aLI\" \/>\n<meta property=\"article:published_time\" content=\"2014-04-12T19:52:31+00:00\" \/>\n<meta property=\"article:modified_time\" content=\"2014-04-14T21:56:33+00:00\" \/>\n<meta property=\"og:image\" content=\"https:\/\/siemysli-ke.info\/wp-content\/uploads\/2014\/04\/images-12.jpg\" \/>\n\t<meta property=\"og:image:width\" content=\"273\" \/>\n\t<meta property=\"og:image:height\" content=\"184\" \/>\n\t<meta property=\"og:image:type\" content=\"image\/jpeg\" \/>\n<meta name=\"author\" content=\"Jaromir\" \/>\n<meta name=\"twitter:label1\" content=\"Verfasst von\" \/>\n\t<meta name=\"twitter:data1\" content=\"Jaromir\" \/>\n\t<meta name=\"twitter:label2\" content=\"Gesch\u00e4tzte Lesezeit\" \/>\n\t<meta name=\"twitter:data2\" content=\"2\u00a0Minuten\" \/>\n<script type=\"application\/ld+json\" class=\"yoast-schema-graph\">{\"@context\":\"https:\/\/schema.org\",\"@graph\":[{\"@type\":\"Article\",\"@id\":\"https:\/\/siemysli-ke.info\/de\/polska-walczaca-z-homotecza\/#article\",\"isPartOf\":{\"@id\":\"https:\/\/siemysli-ke.info\/de\/polska-walczaca-z-homotecza\/\"},\"author\":{\"name\":\"Jaromir\",\"@id\":\"https:\/\/siemysli-ke.info\/#\/schema\/person\/66d741fa745a44f2fe46d112bc6499f2\"},\"headline\":\"\u201ePolska Walcz\u0105ca\u201d z &#8230;homo-t\u0119cz\u0105\",\"datePublished\":\"2014-04-12T19:52:31+00:00\",\"dateModified\":\"2014-04-14T21:56:33+00:00\",\"mainEntityOfPage\":{\"@id\":\"https:\/\/siemysli-ke.info\/de\/polska-walczaca-z-homotecza\/\"},\"wordCount\":349,\"commentCount\":0,\"publisher\":{\"@id\":\"https:\/\/siemysli-ke.info\/#organization\"},\"image\":{\"@id\":\"https:\/\/siemysli-ke.info\/de\/polska-walczaca-z-homotecza\/#primaryimage\"},\"thumbnailUrl\":\"https:\/\/siemysli-ke.info\/wp-content\/uploads\/2014\/04\/images-12.jpg\",\"keywords\":[\"Homot\u0119cza\",\"narodowcy aresztowani\",\"T\u0119cza na Placu Zbawiciela\"],\"articleSection\":[\"Kultura\",\"Rzeczypospolita\"],\"inLanguage\":\"de\",\"potentialAction\":[{\"@type\":\"CommentAction\",\"name\":\"Comment\",\"target\":[\"https:\/\/siemysli-ke.info\/de\/polska-walczaca-z-homotecza\/#respond\"]}]},{\"@type\":\"WebPage\",\"@id\":\"https:\/\/siemysli-ke.info\/de\/polska-walczaca-z-homotecza\/\",\"url\":\"https:\/\/siemysli-ke.info\/de\/polska-walczaca-z-homotecza\/\",\"name\":\"\u201ePolska Walcz\u0105ca\u201d z ...homo-t\u0119cz\u0105 - SI\u0118 MY\u015aLI\",\"isPartOf\":{\"@id\":\"https:\/\/siemysli-ke.info\/de\/#website\"},\"primaryImageOfPage\":{\"@id\":\"https:\/\/siemysli-ke.info\/de\/polska-walczaca-z-homotecza\/#primaryimage\"},\"image\":{\"@id\":\"https:\/\/siemysli-ke.info\/de\/polska-walczaca-z-homotecza\/#primaryimage\"},\"thumbnailUrl\":\"https:\/\/siemysli-ke.info\/wp-content\/uploads\/2014\/04\/images-12.jpg\",\"datePublished\":\"2014-04-12T19:52:31+00:00\",\"dateModified\":\"2014-04-14T21:56:33+00:00\",\"breadcrumb\":{\"@id\":\"https:\/\/siemysli-ke.info\/de\/polska-walczaca-z-homotecza\/#breadcrumb\"},\"inLanguage\":\"de\",\"potentialAction\":[{\"@type\":\"ReadAction\",\"target\":[[\"https:\/\/siemysli-ke.info\/de\/polska-walczaca-z-homotecza\/\"]]}]},{\"@type\":\"ImageObject\",\"inLanguage\":\"de\",\"@id\":\"https:\/\/siemysli-ke.info\/de\/polska-walczaca-z-homotecza\/#primaryimage\",\"url\":\"https:\/\/siemysli-ke.info\/wp-content\/uploads\/2014\/04\/images-12.jpg\",\"contentUrl\":\"https:\/\/siemysli-ke.info\/wp-content\/uploads\/2014\/04\/images-12.jpg\",\"width\":273,\"height\":184},{\"@type\":\"BreadcrumbList\",\"@id\":\"https:\/\/siemysli-ke.info\/de\/polska-walczaca-z-homotecza\/#breadcrumb\",\"itemListElement\":[{\"@type\":\"ListItem\",\"position\":1,\"name\":\"Home\",\"item\":\"https:\/\/siemysli-ke.info\/de\/\"},{\"@type\":\"ListItem\",\"position\":2,\"name\":\"\u201ePolska Walcz\u0105ca\u201d z &#8230;homo-t\u0119cz\u0105\"}]},{\"@type\":\"WebSite\",\"@id\":\"https:\/\/siemysli-ke.info\/de\/#website\",\"url\":\"https:\/\/siemysli-ke.info\/de\/\",\"name\":\"SI\u0118 MY\u015aLI\",\"description\":\"\",\"publisher\":{\"@id\":\"https:\/\/siemysli-ke.info\/de\/#organization\"},\"potentialAction\":[{\"@type\":\"SearchAction\",\"target\":{\"@type\":\"EntryPoint\",\"urlTemplate\":\"https:\/\/siemysli-ke.info\/de\/?s={search_term_string}\"},\"query-input\":{\"@type\":\"PropertyValueSpecification\",\"valueRequired\":true,\"valueName\":\"search_term_string\"}}],\"inLanguage\":\"de\"},{\"@type\":\"Organization\",\"@id\":\"https:\/\/siemysli-ke.info\/de\/#organization\",\"name\":\"SI\u0118 MY\u015aLI\",\"url\":\"https:\/\/siemysli-ke.info\/de\/\",\"logo\":{\"@type\":\"ImageObject\",\"inLanguage\":\"de\",\"@id\":\"https:\/\/siemysli-ke.info\/de\/#\/schema\/logo\/image\/\",\"url\":\"https:\/\/siemysli-ke.info\/wp-content\/uploads\/2025\/05\/99.png\",\"contentUrl\":\"https:\/\/siemysli-ke.info\/wp-content\/uploads\/2025\/05\/99.png\",\"width\":270,\"height\":204,\"caption\":\"SI\u0118 MY\u015aLI\"},\"image\":{\"@id\":\"https:\/\/siemysli-ke.info\/de\/#\/schema\/logo\/image\/\"}},{\"@type\":\"Person\",\"@id\":\"https:\/\/siemysli-ke.info\/#\/schema\/person\/66d741fa745a44f2fe46d112bc6499f2\",\"name\":\"Jaromir\",\"image\":{\"@type\":\"ImageObject\",\"inLanguage\":\"de\",\"@id\":\"https:\/\/siemysli-ke.info\/de\/#\/schema\/person\/image\/\",\"url\":\"https:\/\/secure.gravatar.com\/avatar\/fe881559e8ac8dda20293e9e8317d4678c6ad8f65f85a9ce5e1a87cee56b6198?s=96&d=mm&r=g\",\"contentUrl\":\"https:\/\/secure.gravatar.com\/avatar\/fe881559e8ac8dda20293e9e8317d4678c6ad8f65f85a9ce5e1a87cee56b6198?s=96&d=mm&r=g\",\"caption\":\"Jaromir\"},\"url\":\"https:\/\/siemysli-ke.info\/de\/author\/jaromir\/\"}]}<\/script>\n<!-- \/ Yoast SEO plugin. -->","yoast_head_json":{"title":"\u201ePolska Walcz\u0105ca\u201d z ...homo-t\u0119cz\u0105 - SI\u0118 MY\u015aLI","robots":{"index":"index","follow":"follow","max-snippet":"max-snippet:-1","max-image-preview":"max-image-preview:large","max-video-preview":"max-video-preview:-1"},"canonical":"https:\/\/siemysli-ke.info\/de\/polska-walczaca-z-homotecza\/","og_locale":"de_DE","og_type":"article","og_title":"\u201ePolska Walcz\u0105ca\u201d z ...homo-t\u0119cz\u0105 - SI\u0118 MY\u015aLI","og_description":"Nadchodz\u0105 wybory do Europarlamentu, tote\u017c ka\u017cde ugrupowanie, nawet to marginalne, potrzebuje medialnego rozg\u0142osu. Niewa\u017cne, jak ci\u0119 obsmaruj\u0105 media, wa\u017cne, \u017ce","og_url":"https:\/\/siemysli-ke.info\/de\/polska-walczaca-z-homotecza\/","og_site_name":"SI\u0118 MY\u015aLI","article_published_time":"2014-04-12T19:52:31+00:00","article_modified_time":"2014-04-14T21:56:33+00:00","og_image":[{"width":273,"height":184,"url":"https:\/\/siemysli-ke.info\/wp-content\/uploads\/2014\/04\/images-12.jpg","type":"image\/jpeg"}],"author":"Jaromir","twitter_misc":{"Verfasst von":"Jaromir","Gesch\u00e4tzte Lesezeit":"2\u00a0Minuten"},"schema":{"@context":"https:\/\/schema.org","@graph":[{"@type":"Article","@id":"https:\/\/siemysli-ke.info\/de\/polska-walczaca-z-homotecza\/#article","isPartOf":{"@id":"https:\/\/siemysli-ke.info\/de\/polska-walczaca-z-homotecza\/"},"author":{"name":"Jaromir","@id":"https:\/\/siemysli-ke.info\/#\/schema\/person\/66d741fa745a44f2fe46d112bc6499f2"},"headline":"\u201ePolska Walcz\u0105ca\u201d z &#8230;homo-t\u0119cz\u0105","datePublished":"2014-04-12T19:52:31+00:00","dateModified":"2014-04-14T21:56:33+00:00","mainEntityOfPage":{"@id":"https:\/\/siemysli-ke.info\/de\/polska-walczaca-z-homotecza\/"},"wordCount":349,"commentCount":0,"publisher":{"@id":"https:\/\/siemysli-ke.info\/#organization"},"image":{"@id":"https:\/\/siemysli-ke.info\/de\/polska-walczaca-z-homotecza\/#primaryimage"},"thumbnailUrl":"https:\/\/siemysli-ke.info\/wp-content\/uploads\/2014\/04\/images-12.jpg","keywords":["Homot\u0119cza","narodowcy aresztowani","T\u0119cza na Placu Zbawiciela"],"articleSection":["Kultura","Rzeczypospolita"],"inLanguage":"de","potentialAction":[{"@type":"CommentAction","name":"Comment","target":["https:\/\/siemysli-ke.info\/de\/polska-walczaca-z-homotecza\/#respond"]}]},{"@type":"WebPage","@id":"https:\/\/siemysli-ke.info\/de\/polska-walczaca-z-homotecza\/","url":"https:\/\/siemysli-ke.info\/de\/polska-walczaca-z-homotecza\/","name":"\u201ePolska Walcz\u0105ca\u201d z ...homo-t\u0119cz\u0105 - SI\u0118 MY\u015aLI","isPartOf":{"@id":"https:\/\/siemysli-ke.info\/de\/#website"},"primaryImageOfPage":{"@id":"https:\/\/siemysli-ke.info\/de\/polska-walczaca-z-homotecza\/#primaryimage"},"image":{"@id":"https:\/\/siemysli-ke.info\/de\/polska-walczaca-z-homotecza\/#primaryimage"},"thumbnailUrl":"https:\/\/siemysli-ke.info\/wp-content\/uploads\/2014\/04\/images-12.jpg","datePublished":"2014-04-12T19:52:31+00:00","dateModified":"2014-04-14T21:56:33+00:00","breadcrumb":{"@id":"https:\/\/siemysli-ke.info\/de\/polska-walczaca-z-homotecza\/#breadcrumb"},"inLanguage":"de","potentialAction":[{"@type":"ReadAction","target":[["https:\/\/siemysli-ke.info\/de\/polska-walczaca-z-homotecza\/"]]}]},{"@type":"ImageObject","inLanguage":"de","@id":"https:\/\/siemysli-ke.info\/de\/polska-walczaca-z-homotecza\/#primaryimage","url":"https:\/\/siemysli-ke.info\/wp-content\/uploads\/2014\/04\/images-12.jpg","contentUrl":"https:\/\/siemysli-ke.info\/wp-content\/uploads\/2014\/04\/images-12.jpg","width":273,"height":184},{"@type":"BreadcrumbList","@id":"https:\/\/siemysli-ke.info\/de\/polska-walczaca-z-homotecza\/#breadcrumb","itemListElement":[{"@type":"ListItem","position":1,"name":"Home","item":"https:\/\/siemysli-ke.info\/de\/"},{"@type":"ListItem","position":2,"name":"\u201ePolska Walcz\u0105ca\u201d z &#8230;homo-t\u0119cz\u0105"}]},{"@type":"WebSite","@id":"https:\/\/siemysli-ke.info\/de\/#website","url":"https:\/\/siemysli-ke.info\/de\/","name":"SI\u0118 MY\u015aLI","description":"","publisher":{"@id":"https:\/\/siemysli-ke.info\/de\/#organization"},"potentialAction":[{"@type":"SearchAction","target":{"@type":"EntryPoint","urlTemplate":"https:\/\/siemysli-ke.info\/de\/?s={search_term_string}"},"query-input":{"@type":"PropertyValueSpecification","valueRequired":true,"valueName":"search_term_string"}}],"inLanguage":"de"},{"@type":"Organization","@id":"https:\/\/siemysli-ke.info\/de\/#organization","name":"SI\u0118 MY\u015aLI","url":"https:\/\/siemysli-ke.info\/de\/","logo":{"@type":"ImageObject","inLanguage":"de","@id":"https:\/\/siemysli-ke.info\/de\/#\/schema\/logo\/image\/","url":"https:\/\/siemysli-ke.info\/wp-content\/uploads\/2025\/05\/99.png","contentUrl":"https:\/\/siemysli-ke.info\/wp-content\/uploads\/2025\/05\/99.png","width":270,"height":204,"caption":"SI\u0118 MY\u015aLI"},"image":{"@id":"https:\/\/siemysli-ke.info\/de\/#\/schema\/logo\/image\/"}},{"@type":"Person","@id":"https:\/\/siemysli-ke.info\/#\/schema\/person\/66d741fa745a44f2fe46d112bc6499f2","name":"Jaromir","image":{"@type":"ImageObject","inLanguage":"de","@id":"https:\/\/siemysli-ke.info\/de\/#\/schema\/person\/image\/","url":"https:\/\/secure.gravatar.com\/avatar\/fe881559e8ac8dda20293e9e8317d4678c6ad8f65f85a9ce5e1a87cee56b6198?s=96&d=mm&r=g","contentUrl":"https:\/\/secure.gravatar.com\/avatar\/fe881559e8ac8dda20293e9e8317d4678c6ad8f65f85a9ce5e1a87cee56b6198?s=96&d=mm&r=g","caption":"Jaromir"},"url":"https:\/\/siemysli-ke.info\/de\/author\/jaromir\/"}]}},"_links":{"self":[{"href":"https:\/\/siemysli-ke.info\/de\/wp-json\/wp\/v2\/posts\/13176","targetHints":{"allow":["GET"]}}],"collection":[{"href":"https:\/\/siemysli-ke.info\/de\/wp-json\/wp\/v2\/posts"}],"about":[{"href":"https:\/\/siemysli-ke.info\/de\/wp-json\/wp\/v2\/types\/post"}],"author":[{"embeddable":true,"href":"https:\/\/siemysli-ke.info\/de\/wp-json\/wp\/v2\/users\/7"}],"replies":[{"embeddable":true,"href":"https:\/\/siemysli-ke.info\/de\/wp-json\/wp\/v2\/comments?post=13176"}],"version-history":[{"count":0,"href":"https:\/\/siemysli-ke.info\/de\/wp-json\/wp\/v2\/posts\/13176\/revisions"}],"wp:featuredmedia":[{"embeddable":true,"href":"https:\/\/siemysli-ke.info\/de\/wp-json\/wp\/v2\/media\/13177"}],"wp:attachment":[{"href":"https:\/\/siemysli-ke.info\/de\/wp-json\/wp\/v2\/media?parent=13176"}],"wp:term":[{"taxonomy":"category","embeddable":true,"href":"https:\/\/siemysli-ke.info\/de\/wp-json\/wp\/v2\/categories?post=13176"},{"taxonomy":"post_tag","embeddable":true,"href":"https:\/\/siemysli-ke.info\/de\/wp-json\/wp\/v2\/tags?post=13176"}],"curies":[{"name":"wp","href":"https:\/\/api.w.org\/{rel}","templated":true}]}}