 {"id":13091,"date":"2014-03-24T11:16:01","date_gmt":"2014-03-24T10:16:01","guid":{"rendered":"http:\/\/www.siemysli.info.ke\/?p=13091"},"modified":"2014-04-01T22:52:53","modified_gmt":"2014-04-01T20:52:53","slug":"patriotyzm-konca-cywilizacji","status":"publish","type":"post","link":"https:\/\/siemysli-ke.info\/de\/patriotyzm-konca-cywilizacji\/","title":{"rendered":"Patriotyzm &#8222;ko\u0144ca cywilizacji&#8220;"},"content":{"rendered":"<p style=\"text-align: justify;\"><a href=\"http:\/\/www.siemysli.info.ke\/wp-content\/uploads\/2014\/03\/pobrane1.jpg\" rel=\"lightbox[13091]\"><img decoding=\"async\" class=\"size-full wp-image-13092 alignleft\" alt=\"pobrane\" src=\"http:\/\/www.siemysli.info.ke\/wp-content\/uploads\/2014\/03\/pobrane1.jpg\" width=\"276\" height=\"183\" \/><\/a>Premier Tusk wieszczy, \u017ce czas odrzuci\u0107 utyskiwanie na jakie\u015b ma\u0142ostkowe problemy kraju &#8211; typu s\u0142u\u017cbya zdrowia w stanie agonii, obowi\u0105zku szkolnego sze\u015bciolatk\u00f3w czy protestu opiekun\u00f3w dzieci niepe\u0142nosprawnych &#8211; czas na narodow\u0105 mobilizacj\u0119! Wojna!!! Podobno czasy s\u0105 takie, i\u017c ka\u017cdy Polak powinien si\u0119 okre\u015bli\u0107 czy bez wahania ruszy na Front Wschodni na rozkaz naszego czekoladowego sojusznika z dalekiego kraju czy okre\u015blony mianem dezertera, anarchisty i wywrotowca sko\u0144czy jako kupa mi\u0119sa, trafiony kul\u0105, wystrzelon\u0105 z bezza\u0142ogowego drona, czy mo\u017ce padnie ofiar\u0105 seryjnego samob\u00f3jcy. Dzi\u015b \u201epatriotyczna Polska kibolska\u201d, walcz\u0105ca z coraz wymy\u015blniejszymi zakazami, nak\u0142adanymi przez rz\u0105d PO i Tuska, nied\u0142ugo p\u00f3jdzie w kamasze &#8211; ku chwale tego ostatniego. Nasz rudy bohater zagrzewa do boju. Jego mniejszy, wieczny oponent z opozycyjnego PiS-u ju\u017c dawno po Smole\u0144sku wprowadzi\u0142 dekret mobilizacji dla fanatycznych PiS-owskich kadr terenowych. \u201dMi\u0119kkie\u201d \u015brodowiska patriotyczne, publicy\u015bci pokroju ks. Isakowicza Zaleskiego, zosta\u0142y spacyfikowane. Nikt w oficjalnym obiegu informacji o Ukrainie nie mo\u017ce pisa\u0107 inaczej ni\u017c brzmi oficjalny prikaz zza oceanu od <em>Wyborcze<\/em>j, medi\u00f3w Rydzyka &#8211; na gazecie Sakiewicza ko\u0144cz\u0105c. Mamy w Polsce jednomy\u015blno\u015bc i stali\u015bmy si\u0119 w obliczu podobno naszej sprawy &#8220;bra\u0107mi\u201d ponad podzia\u0142ami. Po tylu latach wreszcie okaza\u0142o si\u0119, \u017ce ca\u0142a polityczna banda wsp\u00f3lnie gra na jednych skrzypcach. Tyle lat ok\u0142amywali Polak\u00f3w, boj\u0105c si\u0119 pewnie, i\u017c jaka\u015b spo\u0142eczna rewolta ich wymiecie, wi\u0119c grali jak dobrzy aktorzy. Te medialne ustawki, awanturki i inne hece, s\u0105 nieustaj\u0105c\u0105 telenowel\u0105 dla og\u0142upia\u0142ej gawiedzi. \u015aledz\u0105c w Sieci doniesienia z Ukrainy, widzimy niepokoj\u0105ce sygna\u0142y.\u00a0<em>Prawy Sektor<\/em>\u00a0sta\u0142 si\u0119 s\u0142u\u017cb\u0105 do \u015bcigania niepokornych, dochodzi do pobi\u0107, samos\u0105d\u00f3w, ulicznych lincz\u00f3w. \u201dGestapo\u201d z Majdanu czy\u015bci Ukrain\u0119 z \u201eobcych\u201d i my\u015bl\u0105cych inaczej ni\u017c faszy\u015bci&#8230; Oby Polski nie zala\u0142a za chwil\u0119 fala uchod\u017ac\u00f3w &#8211; nie uciskanych przez Rosjan na Krymie, a tych wi\u0119zionych w obozach koncentracyjnych przez \u201epiewc\u00f3w wolno\u015bci\u201d z tryzubem w klapie. Tymoszenko grzmi, \u017ce Ukraina b\u0119dzie stara\u0142a si\u0119 pozyska\u0144 bro\u0144 j\u0105drow\u0105. Taki b\u0119dzie koniec pokojowego Majdanu &#8211; nuklearny grzyb u Polskich granic? Gra si\u0119 toczy o bogactwa Ukrainy. Czarnoziemy, \u0142upki ,kopaliny ,lasy ,miliony niewolnik\u00f3w. Wszystko na sprzeda\u017c i do wynaj\u0119cia. Bank \u015awiatowy ogl\u0105da ka\u017cdego dolara a potrzebnych jest Ukrainie a\u017c 30 miliard\u00f3w dla utrzymania nowej dyktatury. Specjalne komisje ju\u017c zainstalowa\u0142y si\u0119 na Ukrainie i spisuj\u0105 dobrodziejstwo inwentarza. Maj\u0105tek p\u00f3jdzie za bezcen a i tak nic niewarte zadrukowane papierki z wizerunkiem Waszyngtona trafi\u0105 na konta oligarch\u00f3w ,kt\u00f3rzy ju\u017c spadli na cztery \u0142apy. Putin opr\u00f3cz aneksji Krymu bez jednego wystrza\u0142u ,stosuje wojn\u0119 psychologiczn\u0105 w cyberprzestrzeni. Nasi rozemocjonowani konserwaty\u015bci i libera\u0142owie ju\u017c tropi\u0105 na polskich stronach w sieci \u201ekacapa\u201d. Kto sam to przeciw nam a Kanclerz Niemiec ju\u017c ugodowo uspokaja .Interesy!.Ordnung muss sein a \u201epolaczek\u201d i tak dostanie ekonomicznie po ty\u0142ku. Brytyjczycy ,Holendrzy a teraz Niemcy \u015bcigaj\u0105 Polskie rodziny bo rzekomo wy\u0142udzaj\u0105 zasi\u0142ki na dzieci&#8230; Masa kolorowych z Afryki ,Ameryki \u0141aci\u0144skiej ,Rom\u00f3w i innych emigrant\u00f3w zasi\u0142kowych \u015bpi spokojnie bo europejskie rz\u0105dy w obawie o pos\u0105dzenie o rasizm siedz\u0105 cicho. Kopie si\u0119 emigrant\u00f3w zarobkowych ze wschodu ,kt\u00f3rzy tyraj\u0105 jak wo\u0142y za najni\u017csze stawki buduj\u0105c komu\u015b dobrobyt. Genera\u0142 Polko dosta\u0142 medialne zadanie zagrzewania polskiej gawiedzi do boju. Grzmi o r\u00f3\u017cnych zagro\u017ceniach ze strony Rosji,przygotowuje dla Polskich rezerwist\u00f3w r\u00f3\u017cne scenariusze wydarze\u0144.<\/p>\n<p style=\"text-align: justify;\">A prawda jest zawsze ta sama. Cz\u0119sto jest tak \u017ce Ci najwi\u0119ksi patrioci i politycy z m\u00f3wnicy okazuj\u0105 si\u0119 najwi\u0119kszymi kanaliami i tch\u00f3rzami a ziemi naszych ojc\u00f3w heroicznie broni\u0105 zwyczajni ,bezimienni ludzie z nizin. Polska to My nie politycy!<\/p>\n<p style=\"text-align: justify;\">Roman Boryczko Marzec 2014<\/p>\n","protected":false},"excerpt":{"rendered":"<p>Premier Tusk wieszczy, \u017ce czas odrzuci\u0107 utyskiwanie na jakie\u015b ma\u0142ostkowe problemy kraju &#8211; typu s\u0142u\u017cbya zdrowia w stanie agonii, obowi\u0105zku<\/p>\n","protected":false},"author":7,"featured_media":13092,"comment_status":"open","ping_status":"open","sticky":false,"template":"","format":"standard","meta":{"colormag_page_layout":"default_layout","footnotes":""},"categories":[7,81],"tags":[918,919,920,708],"class_list":["post-13091","post","type-post","status-publish","format-standard","has-post-thumbnail","hentry","category-gospodarka","category-rzeczpospolita","tag-faszysci","tag-mobilizacja","tag-prawy-sektor","tag-ukraina"],"yoast_head":"<!-- This site is optimized with the Yoast SEO plugin v25.1 - https:\/\/yoast.com\/wordpress\/plugins\/seo\/ -->\n<title>Patriotyzm &quot;ko\u0144ca cywilizacji&quot; - SI\u0118 MY\u015aLI<\/title>\n<meta name=\"robots\" content=\"index, follow, max-snippet:-1, max-image-preview:large, max-video-preview:-1\" \/>\n<link rel=\"canonical\" href=\"https:\/\/siemysli-ke.info\/de\/patriotyzm-konca-cywilizacji\/\" \/>\n<meta property=\"og:locale\" content=\"de_DE\" \/>\n<meta property=\"og:type\" content=\"article\" \/>\n<meta property=\"og:title\" content=\"Patriotyzm &quot;ko\u0144ca cywilizacji&quot; - SI\u0118 MY\u015aLI\" \/>\n<meta property=\"og:description\" content=\"Premier Tusk wieszczy, \u017ce czas odrzuci\u0107 utyskiwanie na jakie\u015b ma\u0142ostkowe problemy kraju &#8211; typu s\u0142u\u017cbya zdrowia w stanie agonii, obowi\u0105zku\" \/>\n<meta property=\"og:url\" content=\"https:\/\/siemysli-ke.info\/de\/patriotyzm-konca-cywilizacji\/\" \/>\n<meta property=\"og:site_name\" content=\"SI\u0118 MY\u015aLI\" \/>\n<meta property=\"article:published_time\" content=\"2014-03-24T10:16:01+00:00\" \/>\n<meta property=\"article:modified_time\" content=\"2014-04-01T20:52:53+00:00\" \/>\n<meta property=\"og:image\" content=\"https:\/\/siemysli-ke.info\/wp-content\/uploads\/2014\/03\/pobrane1.jpg\" \/>\n\t<meta property=\"og:image:width\" content=\"276\" \/>\n\t<meta property=\"og:image:height\" content=\"183\" \/>\n\t<meta property=\"og:image:type\" content=\"image\/jpeg\" \/>\n<meta name=\"author\" content=\"Jaromir\" \/>\n<meta name=\"twitter:label1\" content=\"Verfasst von\" \/>\n\t<meta name=\"twitter:data1\" content=\"Jaromir\" \/>\n\t<meta name=\"twitter:label2\" content=\"Gesch\u00e4tzte Lesezeit\" \/>\n\t<meta name=\"twitter:data2\" content=\"3\u00a0Minuten\" \/>\n<script type=\"application\/ld+json\" class=\"yoast-schema-graph\">{\"@context\":\"https:\/\/schema.org\",\"@graph\":[{\"@type\":\"Article\",\"@id\":\"https:\/\/siemysli-ke.info\/de\/patriotyzm-konca-cywilizacji\/#article\",\"isPartOf\":{\"@id\":\"https:\/\/siemysli-ke.info\/de\/patriotyzm-konca-cywilizacji\/\"},\"author\":{\"name\":\"Jaromir\",\"@id\":\"https:\/\/siemysli-ke.info\/#\/schema\/person\/66d741fa745a44f2fe46d112bc6499f2\"},\"headline\":\"Patriotyzm &#8222;ko\u0144ca cywilizacji&#8220;\",\"datePublished\":\"2014-03-24T10:16:01+00:00\",\"dateModified\":\"2014-04-01T20:52:53+00:00\",\"mainEntityOfPage\":{\"@id\":\"https:\/\/siemysli-ke.info\/de\/patriotyzm-konca-cywilizacji\/\"},\"wordCount\":657,\"commentCount\":0,\"publisher\":{\"@id\":\"https:\/\/siemysli-ke.info\/#organization\"},\"image\":{\"@id\":\"https:\/\/siemysli-ke.info\/de\/patriotyzm-konca-cywilizacji\/#primaryimage\"},\"thumbnailUrl\":\"https:\/\/siemysli-ke.info\/wp-content\/uploads\/2014\/03\/pobrane1.jpg\",\"keywords\":[\"Faszy\u015bci\",\"mobilizacja\",\"Prawy Sektor\",\"Ukraina\"],\"articleSection\":[\"Gospodarka i polityka\",\"Rzeczypospolita\"],\"inLanguage\":\"de\",\"potentialAction\":[{\"@type\":\"CommentAction\",\"name\":\"Comment\",\"target\":[\"https:\/\/siemysli-ke.info\/de\/patriotyzm-konca-cywilizacji\/#respond\"]}]},{\"@type\":\"WebPage\",\"@id\":\"https:\/\/siemysli-ke.info\/de\/patriotyzm-konca-cywilizacji\/\",\"url\":\"https:\/\/siemysli-ke.info\/de\/patriotyzm-konca-cywilizacji\/\",\"name\":\"Patriotyzm \\\"ko\u0144ca cywilizacji\\\" - SI\u0118 MY\u015aLI\",\"isPartOf\":{\"@id\":\"https:\/\/siemysli-ke.info\/de\/#website\"},\"primaryImageOfPage\":{\"@id\":\"https:\/\/siemysli-ke.info\/de\/patriotyzm-konca-cywilizacji\/#primaryimage\"},\"image\":{\"@id\":\"https:\/\/siemysli-ke.info\/de\/patriotyzm-konca-cywilizacji\/#primaryimage\"},\"thumbnailUrl\":\"https:\/\/siemysli-ke.info\/wp-content\/uploads\/2014\/03\/pobrane1.jpg\",\"datePublished\":\"2014-03-24T10:16:01+00:00\",\"dateModified\":\"2014-04-01T20:52:53+00:00\",\"breadcrumb\":{\"@id\":\"https:\/\/siemysli-ke.info\/de\/patriotyzm-konca-cywilizacji\/#breadcrumb\"},\"inLanguage\":\"de\",\"potentialAction\":[{\"@type\":\"ReadAction\",\"target\":[[\"https:\/\/siemysli-ke.info\/de\/patriotyzm-konca-cywilizacji\/\"]]}]},{\"@type\":\"ImageObject\",\"inLanguage\":\"de\",\"@id\":\"https:\/\/siemysli-ke.info\/de\/patriotyzm-konca-cywilizacji\/#primaryimage\",\"url\":\"https:\/\/siemysli-ke.info\/wp-content\/uploads\/2014\/03\/pobrane1.jpg\",\"contentUrl\":\"https:\/\/siemysli-ke.info\/wp-content\/uploads\/2014\/03\/pobrane1.jpg\",\"width\":276,\"height\":183},{\"@type\":\"BreadcrumbList\",\"@id\":\"https:\/\/siemysli-ke.info\/de\/patriotyzm-konca-cywilizacji\/#breadcrumb\",\"itemListElement\":[{\"@type\":\"ListItem\",\"position\":1,\"name\":\"Home\",\"item\":\"https:\/\/siemysli-ke.info\/de\/\"},{\"@type\":\"ListItem\",\"position\":2,\"name\":\"Patriotyzm &#8222;ko\u0144ca cywilizacji&#8220;\"}]},{\"@type\":\"WebSite\",\"@id\":\"https:\/\/siemysli-ke.info\/de\/#website\",\"url\":\"https:\/\/siemysli-ke.info\/de\/\",\"name\":\"SI\u0118 MY\u015aLI\",\"description\":\"\",\"publisher\":{\"@id\":\"https:\/\/siemysli-ke.info\/de\/#organization\"},\"potentialAction\":[{\"@type\":\"SearchAction\",\"target\":{\"@type\":\"EntryPoint\",\"urlTemplate\":\"https:\/\/siemysli-ke.info\/de\/?s={search_term_string}\"},\"query-input\":{\"@type\":\"PropertyValueSpecification\",\"valueRequired\":true,\"valueName\":\"search_term_string\"}}],\"inLanguage\":\"de\"},{\"@type\":\"Organization\",\"@id\":\"https:\/\/siemysli-ke.info\/de\/#organization\",\"name\":\"SI\u0118 MY\u015aLI\",\"url\":\"https:\/\/siemysli-ke.info\/de\/\",\"logo\":{\"@type\":\"ImageObject\",\"inLanguage\":\"de\",\"@id\":\"https:\/\/siemysli-ke.info\/de\/#\/schema\/logo\/image\/\",\"url\":\"https:\/\/siemysli-ke.info\/wp-content\/uploads\/2025\/05\/99.png\",\"contentUrl\":\"https:\/\/siemysli-ke.info\/wp-content\/uploads\/2025\/05\/99.png\",\"width\":270,\"height\":204,\"caption\":\"SI\u0118 MY\u015aLI\"},\"image\":{\"@id\":\"https:\/\/siemysli-ke.info\/de\/#\/schema\/logo\/image\/\"}},{\"@type\":\"Person\",\"@id\":\"https:\/\/siemysli-ke.info\/#\/schema\/person\/66d741fa745a44f2fe46d112bc6499f2\",\"name\":\"Jaromir\",\"image\":{\"@type\":\"ImageObject\",\"inLanguage\":\"de\",\"@id\":\"https:\/\/siemysli-ke.info\/de\/#\/schema\/person\/image\/\",\"url\":\"https:\/\/secure.gravatar.com\/avatar\/fe881559e8ac8dda20293e9e8317d4678c6ad8f65f85a9ce5e1a87cee56b6198?s=96&d=mm&r=g\",\"contentUrl\":\"https:\/\/secure.gravatar.com\/avatar\/fe881559e8ac8dda20293e9e8317d4678c6ad8f65f85a9ce5e1a87cee56b6198?s=96&d=mm&r=g\",\"caption\":\"Jaromir\"},\"url\":\"https:\/\/siemysli-ke.info\/de\/author\/jaromir\/\"}]}<\/script>\n<!-- \/ Yoast SEO plugin. -->","yoast_head_json":{"title":"Patriotyzm \"ko\u0144ca cywilizacji\" - SI\u0118 MY\u015aLI","robots":{"index":"index","follow":"follow","max-snippet":"max-snippet:-1","max-image-preview":"max-image-preview:large","max-video-preview":"max-video-preview:-1"},"canonical":"https:\/\/siemysli-ke.info\/de\/patriotyzm-konca-cywilizacji\/","og_locale":"de_DE","og_type":"article","og_title":"Patriotyzm \"ko\u0144ca cywilizacji\" - SI\u0118 MY\u015aLI","og_description":"Premier Tusk wieszczy, \u017ce czas odrzuci\u0107 utyskiwanie na jakie\u015b ma\u0142ostkowe problemy kraju &#8211; typu s\u0142u\u017cbya zdrowia w stanie agonii, obowi\u0105zku","og_url":"https:\/\/siemysli-ke.info\/de\/patriotyzm-konca-cywilizacji\/","og_site_name":"SI\u0118 MY\u015aLI","article_published_time":"2014-03-24T10:16:01+00:00","article_modified_time":"2014-04-01T20:52:53+00:00","og_image":[{"width":276,"height":183,"url":"https:\/\/siemysli-ke.info\/wp-content\/uploads\/2014\/03\/pobrane1.jpg","type":"image\/jpeg"}],"author":"Jaromir","twitter_misc":{"Verfasst von":"Jaromir","Gesch\u00e4tzte Lesezeit":"3\u00a0Minuten"},"schema":{"@context":"https:\/\/schema.org","@graph":[{"@type":"Article","@id":"https:\/\/siemysli-ke.info\/de\/patriotyzm-konca-cywilizacji\/#article","isPartOf":{"@id":"https:\/\/siemysli-ke.info\/de\/patriotyzm-konca-cywilizacji\/"},"author":{"name":"Jaromir","@id":"https:\/\/siemysli-ke.info\/#\/schema\/person\/66d741fa745a44f2fe46d112bc6499f2"},"headline":"Patriotyzm &#8222;ko\u0144ca cywilizacji&#8220;","datePublished":"2014-03-24T10:16:01+00:00","dateModified":"2014-04-01T20:52:53+00:00","mainEntityOfPage":{"@id":"https:\/\/siemysli-ke.info\/de\/patriotyzm-konca-cywilizacji\/"},"wordCount":657,"commentCount":0,"publisher":{"@id":"https:\/\/siemysli-ke.info\/#organization"},"image":{"@id":"https:\/\/siemysli-ke.info\/de\/patriotyzm-konca-cywilizacji\/#primaryimage"},"thumbnailUrl":"https:\/\/siemysli-ke.info\/wp-content\/uploads\/2014\/03\/pobrane1.jpg","keywords":["Faszy\u015bci","mobilizacja","Prawy Sektor","Ukraina"],"articleSection":["Gospodarka i polityka","Rzeczypospolita"],"inLanguage":"de","potentialAction":[{"@type":"CommentAction","name":"Comment","target":["https:\/\/siemysli-ke.info\/de\/patriotyzm-konca-cywilizacji\/#respond"]}]},{"@type":"WebPage","@id":"https:\/\/siemysli-ke.info\/de\/patriotyzm-konca-cywilizacji\/","url":"https:\/\/siemysli-ke.info\/de\/patriotyzm-konca-cywilizacji\/","name":"Patriotyzm \"ko\u0144ca cywilizacji\" - SI\u0118 MY\u015aLI","isPartOf":{"@id":"https:\/\/siemysli-ke.info\/de\/#website"},"primaryImageOfPage":{"@id":"https:\/\/siemysli-ke.info\/de\/patriotyzm-konca-cywilizacji\/#primaryimage"},"image":{"@id":"https:\/\/siemysli-ke.info\/de\/patriotyzm-konca-cywilizacji\/#primaryimage"},"thumbnailUrl":"https:\/\/siemysli-ke.info\/wp-content\/uploads\/2014\/03\/pobrane1.jpg","datePublished":"2014-03-24T10:16:01+00:00","dateModified":"2014-04-01T20:52:53+00:00","breadcrumb":{"@id":"https:\/\/siemysli-ke.info\/de\/patriotyzm-konca-cywilizacji\/#breadcrumb"},"inLanguage":"de","potentialAction":[{"@type":"ReadAction","target":[["https:\/\/siemysli-ke.info\/de\/patriotyzm-konca-cywilizacji\/"]]}]},{"@type":"ImageObject","inLanguage":"de","@id":"https:\/\/siemysli-ke.info\/de\/patriotyzm-konca-cywilizacji\/#primaryimage","url":"https:\/\/siemysli-ke.info\/wp-content\/uploads\/2014\/03\/pobrane1.jpg","contentUrl":"https:\/\/siemysli-ke.info\/wp-content\/uploads\/2014\/03\/pobrane1.jpg","width":276,"height":183},{"@type":"BreadcrumbList","@id":"https:\/\/siemysli-ke.info\/de\/patriotyzm-konca-cywilizacji\/#breadcrumb","itemListElement":[{"@type":"ListItem","position":1,"name":"Home","item":"https:\/\/siemysli-ke.info\/de\/"},{"@type":"ListItem","position":2,"name":"Patriotyzm &#8222;ko\u0144ca cywilizacji&#8220;"}]},{"@type":"WebSite","@id":"https:\/\/siemysli-ke.info\/de\/#website","url":"https:\/\/siemysli-ke.info\/de\/","name":"SI\u0118 MY\u015aLI","description":"","publisher":{"@id":"https:\/\/siemysli-ke.info\/de\/#organization"},"potentialAction":[{"@type":"SearchAction","target":{"@type":"EntryPoint","urlTemplate":"https:\/\/siemysli-ke.info\/de\/?s={search_term_string}"},"query-input":{"@type":"PropertyValueSpecification","valueRequired":true,"valueName":"search_term_string"}}],"inLanguage":"de"},{"@type":"Organization","@id":"https:\/\/siemysli-ke.info\/de\/#organization","name":"SI\u0118 MY\u015aLI","url":"https:\/\/siemysli-ke.info\/de\/","logo":{"@type":"ImageObject","inLanguage":"de","@id":"https:\/\/siemysli-ke.info\/de\/#\/schema\/logo\/image\/","url":"https:\/\/siemysli-ke.info\/wp-content\/uploads\/2025\/05\/99.png","contentUrl":"https:\/\/siemysli-ke.info\/wp-content\/uploads\/2025\/05\/99.png","width":270,"height":204,"caption":"SI\u0118 MY\u015aLI"},"image":{"@id":"https:\/\/siemysli-ke.info\/de\/#\/schema\/logo\/image\/"}},{"@type":"Person","@id":"https:\/\/siemysli-ke.info\/#\/schema\/person\/66d741fa745a44f2fe46d112bc6499f2","name":"Jaromir","image":{"@type":"ImageObject","inLanguage":"de","@id":"https:\/\/siemysli-ke.info\/de\/#\/schema\/person\/image\/","url":"https:\/\/secure.gravatar.com\/avatar\/fe881559e8ac8dda20293e9e8317d4678c6ad8f65f85a9ce5e1a87cee56b6198?s=96&d=mm&r=g","contentUrl":"https:\/\/secure.gravatar.com\/avatar\/fe881559e8ac8dda20293e9e8317d4678c6ad8f65f85a9ce5e1a87cee56b6198?s=96&d=mm&r=g","caption":"Jaromir"},"url":"https:\/\/siemysli-ke.info\/de\/author\/jaromir\/"}]}},"_links":{"self":[{"href":"https:\/\/siemysli-ke.info\/de\/wp-json\/wp\/v2\/posts\/13091","targetHints":{"allow":["GET"]}}],"collection":[{"href":"https:\/\/siemysli-ke.info\/de\/wp-json\/wp\/v2\/posts"}],"about":[{"href":"https:\/\/siemysli-ke.info\/de\/wp-json\/wp\/v2\/types\/post"}],"author":[{"embeddable":true,"href":"https:\/\/siemysli-ke.info\/de\/wp-json\/wp\/v2\/users\/7"}],"replies":[{"embeddable":true,"href":"https:\/\/siemysli-ke.info\/de\/wp-json\/wp\/v2\/comments?post=13091"}],"version-history":[{"count":0,"href":"https:\/\/siemysli-ke.info\/de\/wp-json\/wp\/v2\/posts\/13091\/revisions"}],"wp:featuredmedia":[{"embeddable":true,"href":"https:\/\/siemysli-ke.info\/de\/wp-json\/wp\/v2\/media\/13092"}],"wp:attachment":[{"href":"https:\/\/siemysli-ke.info\/de\/wp-json\/wp\/v2\/media?parent=13091"}],"wp:term":[{"taxonomy":"category","embeddable":true,"href":"https:\/\/siemysli-ke.info\/de\/wp-json\/wp\/v2\/categories?post=13091"},{"taxonomy":"post_tag","embeddable":true,"href":"https:\/\/siemysli-ke.info\/de\/wp-json\/wp\/v2\/tags?post=13091"}],"curies":[{"name":"wp","href":"https:\/\/api.w.org\/{rel}","templated":true}]}}