 {"id":13006,"date":"2014-01-30T23:59:13","date_gmt":"2014-01-30T22:59:13","guid":{"rendered":"http:\/\/www.siemysli.info.ke\/?p=13006"},"modified":"2014-01-30T23:59:13","modified_gmt":"2014-01-30T22:59:13","slug":"zacheta-narodowa-galeria-sztuki-zaprasza","status":"publish","type":"post","link":"https:\/\/siemysli-ke.info\/de\/zacheta-narodowa-galeria-sztuki-zaprasza\/","title":{"rendered":"Zach\u0119ta &#8211; Narodowa Galeria Sztuki zaprasza"},"content":{"rendered":"<p style=\"text-align: center;\">\n<p style=\"text-align: center;\"><img decoding=\"async\" class=\"alignleft size-medium wp-image-13007\" alt=\"Film\" src=\"http:\/\/www.siemysli.info.ke\/wp-content\/uploads\/2014\/01\/Film-300x200.jpg\" width=\"300\" height=\"200\" srcset=\"https:\/\/siemysli-ke.info\/wp-content\/uploads\/2014\/01\/Film-300x200.jpg 300w, https:\/\/siemysli-ke.info\/wp-content\/uploads\/2014\/01\/Film.jpg 606w\" sizes=\"(max-width: 300px) 100vw, 300px\" \/><\/p>\n<p style=\"text-align: center;\">\n<p style=\"text-align: center;\">\n<p style=\"text-align: center;\">\n<p style=\"text-align: center;\">\n<p style=\"text-align: center;\">\n<p style=\"text-align: center;\">\n<p style=\"text-align: center;\">\n<p style=\"text-align: center;\">na otwarcie wystawy:<\/p>\n<p style=\"text-align: center;\"><strong>KUBA D\u0104BROWSKI<\/strong><\/p>\n<p style=\"text-align: center;\"><strong>FILM OBYCZAJOWY PRODUKCJI POLSKIEJ<\/strong><\/p>\n<p style=\"text-align: center;\">\u00a0Pi\u0105tek, 31. stycznia o godz. 19:00.<\/p>\n<p style=\"text-align: center;\">\n<p style=\"text-align: center;\">Wernisa\u017c poprzedzi spotkanie prasowe z artyst\u0105 podczas wystawy o godz. 12:00.<\/p>\n<p style=\"text-align: justify;\">\n<p style=\"text-align: justify;\"><strong>Kuba D\u0105browski<\/strong> jest znanym, utalentowanym, interdyscyplinarnym i ci\u0105gle m\u0142odym fotografem. Jego wystawa monograficzna to przegl\u0105d zdj\u0119\u0107, pochodz\u0105cych z r\u00f3\u017cnych okres\u00f3w i fascynacji, z odmiennych kontekst\u00f3w i rejestr\u00f3w, u\u0142o\u017conych &#8211; jak tytu\u0142owy film &#8211; w pewn\u0105 sekwencj\u0119. W roli g\u0142\u00f3wnej zosta\u0142 obsadzony, jak si\u0119 wydaje, sam autor. Brak pewno\u015bci wynika tu z uniwersalnego charakteru opowiadanej historii.<\/p>\n<p style=\"text-align: justify;\">Wystawa-film (obyczajowy) opowiada o dorastaniu, przemianach, marzeniach bliskich i dalekich. Mo\u017cna wr\u0119cz uzna\u0107 go za przedsi\u0119wzi\u0119cie patriotyczne &#8211; jest obrazem tego kraju i ludzi tu \u017cyj\u0105cych. G\u0142\u00f3wny bohater urodzi\u0142 si\u0119 i dorasta\u0142 w Bia\u0142ymstoku. Interesowa\u0142 si\u0119 muzyk\u0105, koszyk\u00f3wk\u0105 z NBA i ameryka\u0144skimi filmami, ogl\u0105danymi na kasetach wideo. Zda\u0142 matur\u0119 i wyjecha\u0142 na studia. Podobnie jak jego r\u00f3wie\u015bnicy, by\u0142 \u015bwiadkiem wa\u017cnych zmian w kraju. Na jaki\u015b czas wyjecha\u0142 z Polski, wr\u00f3ci\u0142 i za\u0142o\u017cy\u0142 rodzin\u0119. Historia, jakich wiele, typowa dla jego pokolenia. Na zdj\u0119ciach rozpoznamy m.in. Bia\u0142ystok, Krak\u00f3w, Warszaw\u0119.<\/p>\n<p style=\"text-align: justify;\"><!--more-->D\u0105browski robi zdj\u0119cia od 14. roku \u017cycia. To, czego nie sfotografowa\u0142 sam, reprodukuje z gazet, telewizji, komiks\u00f3w. Wszystkie zdj\u0119cia, cho\u0107 wymieszane, nie u\u0142o\u017cone chronologicznie ani tematycznie, wydaj\u0105 si\u0119 uk\u0142ada\u0107 w sceny czy epizody, opowiada\u0107 barwn\u0105 i dynamiczn\u0105, a jednocze\u015bnie nostalgiczn\u0105 histori\u0119. Fabu\u0142a przeplatana jest odniesieniami do historii ju\u017c obejrzanych, wydarze\u0144 ju\u017c prze\u017cytych. Narracja, pod\u0105\u017caj\u0105c za skojarzeniami widza, mo\u017ce rozwin\u0105\u0107 si\u0119 w zupe\u0142nie nowym, nieprzewidzianym przez autora kierunku.<\/p>\n<p style=\"text-align: justify;\"><strong>Film obyczajowy produkcji polskiej<\/strong> &#8211; to wystawa zdj\u0119\u0107 i jednocze\u015bnie refleksja, cho\u0107 snuta w spos\u00f3b dyskretny, na temat pos\u0142ugiwania si\u0119 medium fotografii. Opr\u00f3cz zdj\u0119\u0107 zawiera wyb\u00f3r film\u00f3w i pokaz slajd\u00f3w, towarzyszy jej specjalnie dobrany d\u017awi\u0119k. Sk\u0142adaj\u0105 si\u0119 na\u0144, z jednej strony, przetworzone, zinterpretowane na nowo szlagiery muzyki \u015bwiatowej, z drugiej za\u015b &#8211; oryginalne utwory, kt\u00f3re mog\u0105 by\u0107 ulubionymi utworami autora albo po prostu s\u0105 dobrym t\u0142em, \u015bcie\u017ck\u0105 d\u017awi\u0119kow\u0105 tego filmu.<\/p>\n<p style=\"text-align: justify;\">\n<p style=\"text-align: justify;\"><strong>Kuba D\u0105browski<\/strong>, ur. w 1980 roku w Bia\u0142ymstoku. Fotograf, absolwent socjologii Uniwersytetu Jagiello\u0144skiego w Krakowie i fotografii w Instytucie Fotografii Tw\u00f3rczej (ITF) w Opavie (Czechy).<\/p>\n<p style=\"text-align: justify;\">Kuratorka: Joanna Kinowska<\/p>\n<p style=\"text-align: justify;\">Asystentka kuratorki: Dominika Kucner<\/p>\n<p>&nbsp;<\/p>\n<p style=\"text-align: center;\">Wystawa czynna od 1.02 do 16.03.2014<\/p>\n<p style=\"text-align: center;\">\n<p style=\"text-align: center;\">Zach\u0119ta &#8211; Narodowa Galeria Sztuki\/Zach\u0119ta &#8211; National Gallery of Art.<\/p>\n<p style=\"text-align: center;\">pl. Ma\u0142achowskiego 3<\/p>\n<p style=\"text-align: center;\">00-916 Warszawa<\/p>\n<p style=\"text-align: center;\">tel.\/phone 00 48 22 556 96 54<\/p>\n<p style=\"text-align: center;\">kom.\/mobile 606 75 43 89<\/p>\n<p style=\"text-align: center;\">www.zacheta.art.pl<\/p>\n<p style=\"text-align: center;\">www.otwartazacheta.pl<\/p>\n","protected":false},"excerpt":{"rendered":"<p>na otwarcie wystawy: KUBA D\u0104BROWSKI FILM OBYCZAJOWY PRODUKCJI POLSKIEJ \u00a0Pi\u0105tek, 31. stycznia o godz. 19:00. Wernisa\u017c poprzedzi spotkanie prasowe z<\/p>\n","protected":false},"author":3,"featured_media":13007,"comment_status":"open","ping_status":"open","sticky":false,"template":"","format":"standard","meta":{"colormag_page_layout":"default_layout","footnotes":""},"categories":[3,81],"tags":[174,854,853,852],"class_list":["post-13006","post","type-post","status-publish","format-standard","has-post-thumbnail","hentry","category-kultura","category-rzeczpospolita","tag-film","tag-fotografia","tag-kuba-dabrowski","tag-zacheta"],"yoast_head":"<!-- This site is optimized with the Yoast SEO plugin v25.1 - https:\/\/yoast.com\/wordpress\/plugins\/seo\/ -->\n<title>Zach\u0119ta - Narodowa Galeria Sztuki zaprasza - SI\u0118 MY\u015aLI<\/title>\n<meta name=\"robots\" content=\"index, follow, max-snippet:-1, max-image-preview:large, max-video-preview:-1\" \/>\n<link rel=\"canonical\" href=\"https:\/\/siemysli-ke.info\/de\/zacheta-narodowa-galeria-sztuki-zaprasza\/\" \/>\n<meta property=\"og:locale\" content=\"de_DE\" \/>\n<meta property=\"og:type\" content=\"article\" \/>\n<meta property=\"og:title\" content=\"Zach\u0119ta - Narodowa Galeria Sztuki zaprasza - SI\u0118 MY\u015aLI\" \/>\n<meta property=\"og:description\" content=\"na otwarcie wystawy: KUBA D\u0104BROWSKI FILM OBYCZAJOWY PRODUKCJI POLSKIEJ \u00a0Pi\u0105tek, 31. stycznia o godz. 19:00. Wernisa\u017c poprzedzi spotkanie prasowe z\" \/>\n<meta property=\"og:url\" content=\"https:\/\/siemysli-ke.info\/de\/zacheta-narodowa-galeria-sztuki-zaprasza\/\" \/>\n<meta property=\"og:site_name\" content=\"SI\u0118 MY\u015aLI\" \/>\n<meta property=\"article:published_time\" content=\"2014-01-30T22:59:13+00:00\" \/>\n<meta property=\"og:image\" content=\"https:\/\/siemysli-ke.info\/wp-content\/uploads\/2014\/01\/Film.jpg\" \/>\n\t<meta property=\"og:image:width\" content=\"606\" \/>\n\t<meta property=\"og:image:height\" content=\"406\" \/>\n\t<meta property=\"og:image:type\" content=\"image\/jpeg\" \/>\n<meta name=\"author\" content=\"...\" \/>\n<meta name=\"twitter:label1\" content=\"Verfasst von\" \/>\n\t<meta name=\"twitter:data1\" content=\"...\" \/>\n\t<meta name=\"twitter:label2\" content=\"Gesch\u00e4tzte Lesezeit\" \/>\n\t<meta name=\"twitter:data2\" content=\"2\u00a0Minuten\" \/>\n<script type=\"application\/ld+json\" class=\"yoast-schema-graph\">{\"@context\":\"https:\/\/schema.org\",\"@graph\":[{\"@type\":\"Article\",\"@id\":\"https:\/\/siemysli-ke.info\/de\/zacheta-narodowa-galeria-sztuki-zaprasza\/#article\",\"isPartOf\":{\"@id\":\"https:\/\/siemysli-ke.info\/de\/zacheta-narodowa-galeria-sztuki-zaprasza\/\"},\"author\":{\"name\":\"...\",\"@id\":\"https:\/\/siemysli-ke.info\/#\/schema\/person\/75326687448d6abf738b156f56385210\"},\"headline\":\"Zach\u0119ta &#8211; Narodowa Galeria Sztuki zaprasza\",\"datePublished\":\"2014-01-30T22:59:13+00:00\",\"mainEntityOfPage\":{\"@id\":\"https:\/\/siemysli-ke.info\/de\/zacheta-narodowa-galeria-sztuki-zaprasza\/\"},\"wordCount\":442,\"commentCount\":0,\"publisher\":{\"@id\":\"https:\/\/siemysli-ke.info\/#organization\"},\"image\":{\"@id\":\"https:\/\/siemysli-ke.info\/de\/zacheta-narodowa-galeria-sztuki-zaprasza\/#primaryimage\"},\"thumbnailUrl\":\"https:\/\/siemysli-ke.info\/wp-content\/uploads\/2014\/01\/Film.jpg\",\"keywords\":[\"film\",\"fotografia\",\"Kuba D\u0105browski\",\"Zach\u0119ta\"],\"articleSection\":[\"Kultura\",\"Rzeczypospolita\"],\"inLanguage\":\"de\",\"potentialAction\":[{\"@type\":\"CommentAction\",\"name\":\"Comment\",\"target\":[\"https:\/\/siemysli-ke.info\/de\/zacheta-narodowa-galeria-sztuki-zaprasza\/#respond\"]}]},{\"@type\":\"WebPage\",\"@id\":\"https:\/\/siemysli-ke.info\/de\/zacheta-narodowa-galeria-sztuki-zaprasza\/\",\"url\":\"https:\/\/siemysli-ke.info\/de\/zacheta-narodowa-galeria-sztuki-zaprasza\/\",\"name\":\"Zach\u0119ta - Narodowa Galeria Sztuki zaprasza - SI\u0118 MY\u015aLI\",\"isPartOf\":{\"@id\":\"https:\/\/siemysli-ke.info\/de\/#website\"},\"primaryImageOfPage\":{\"@id\":\"https:\/\/siemysli-ke.info\/de\/zacheta-narodowa-galeria-sztuki-zaprasza\/#primaryimage\"},\"image\":{\"@id\":\"https:\/\/siemysli-ke.info\/de\/zacheta-narodowa-galeria-sztuki-zaprasza\/#primaryimage\"},\"thumbnailUrl\":\"https:\/\/siemysli-ke.info\/wp-content\/uploads\/2014\/01\/Film.jpg\",\"datePublished\":\"2014-01-30T22:59:13+00:00\",\"breadcrumb\":{\"@id\":\"https:\/\/siemysli-ke.info\/de\/zacheta-narodowa-galeria-sztuki-zaprasza\/#breadcrumb\"},\"inLanguage\":\"de\",\"potentialAction\":[{\"@type\":\"ReadAction\",\"target\":[[\"https:\/\/siemysli-ke.info\/de\/zacheta-narodowa-galeria-sztuki-zaprasza\/\"]]}]},{\"@type\":\"ImageObject\",\"inLanguage\":\"de\",\"@id\":\"https:\/\/siemysli-ke.info\/de\/zacheta-narodowa-galeria-sztuki-zaprasza\/#primaryimage\",\"url\":\"https:\/\/siemysli-ke.info\/wp-content\/uploads\/2014\/01\/Film.jpg\",\"contentUrl\":\"https:\/\/siemysli-ke.info\/wp-content\/uploads\/2014\/01\/Film.jpg\",\"width\":606,\"height\":406},{\"@type\":\"BreadcrumbList\",\"@id\":\"https:\/\/siemysli-ke.info\/de\/zacheta-narodowa-galeria-sztuki-zaprasza\/#breadcrumb\",\"itemListElement\":[{\"@type\":\"ListItem\",\"position\":1,\"name\":\"Home\",\"item\":\"https:\/\/siemysli-ke.info\/de\/\"},{\"@type\":\"ListItem\",\"position\":2,\"name\":\"Zach\u0119ta &#8211; Narodowa Galeria Sztuki zaprasza\"}]},{\"@type\":\"WebSite\",\"@id\":\"https:\/\/siemysli-ke.info\/de\/#website\",\"url\":\"https:\/\/siemysli-ke.info\/de\/\",\"name\":\"SI\u0118 MY\u015aLI\",\"description\":\"\",\"publisher\":{\"@id\":\"https:\/\/siemysli-ke.info\/de\/#organization\"},\"potentialAction\":[{\"@type\":\"SearchAction\",\"target\":{\"@type\":\"EntryPoint\",\"urlTemplate\":\"https:\/\/siemysli-ke.info\/de\/?s={search_term_string}\"},\"query-input\":{\"@type\":\"PropertyValueSpecification\",\"valueRequired\":true,\"valueName\":\"search_term_string\"}}],\"inLanguage\":\"de\"},{\"@type\":\"Organization\",\"@id\":\"https:\/\/siemysli-ke.info\/de\/#organization\",\"name\":\"SI\u0118 MY\u015aLI\",\"url\":\"https:\/\/siemysli-ke.info\/de\/\",\"logo\":{\"@type\":\"ImageObject\",\"inLanguage\":\"de\",\"@id\":\"https:\/\/siemysli-ke.info\/de\/#\/schema\/logo\/image\/\",\"url\":\"https:\/\/siemysli-ke.info\/wp-content\/uploads\/2025\/05\/99.png\",\"contentUrl\":\"https:\/\/siemysli-ke.info\/wp-content\/uploads\/2025\/05\/99.png\",\"width\":270,\"height\":204,\"caption\":\"SI\u0118 MY\u015aLI\"},\"image\":{\"@id\":\"https:\/\/siemysli-ke.info\/de\/#\/schema\/logo\/image\/\"}},{\"@type\":\"Person\",\"@id\":\"https:\/\/siemysli-ke.info\/#\/schema\/person\/75326687448d6abf738b156f56385210\",\"name\":\"...\",\"image\":{\"@type\":\"ImageObject\",\"inLanguage\":\"de\",\"@id\":\"https:\/\/siemysli-ke.info\/de\/#\/schema\/person\/image\/\",\"url\":\"https:\/\/secure.gravatar.com\/avatar\/33a3c2559155e1b4add65cf88cafda785aeb920f44b97c7055b07866ab5b13c2?s=96&d=mm&r=g\",\"contentUrl\":\"https:\/\/secure.gravatar.com\/avatar\/33a3c2559155e1b4add65cf88cafda785aeb920f44b97c7055b07866ab5b13c2?s=96&d=mm&r=g\",\"caption\":\"...\"},\"url\":\"https:\/\/siemysli-ke.info\/de\/author\/lele\/\"}]}<\/script>\n<!-- \/ Yoast SEO plugin. -->","yoast_head_json":{"title":"Zach\u0119ta - Narodowa Galeria Sztuki zaprasza - SI\u0118 MY\u015aLI","robots":{"index":"index","follow":"follow","max-snippet":"max-snippet:-1","max-image-preview":"max-image-preview:large","max-video-preview":"max-video-preview:-1"},"canonical":"https:\/\/siemysli-ke.info\/de\/zacheta-narodowa-galeria-sztuki-zaprasza\/","og_locale":"de_DE","og_type":"article","og_title":"Zach\u0119ta - Narodowa Galeria Sztuki zaprasza - SI\u0118 MY\u015aLI","og_description":"na otwarcie wystawy: KUBA D\u0104BROWSKI FILM OBYCZAJOWY PRODUKCJI POLSKIEJ \u00a0Pi\u0105tek, 31. stycznia o godz. 19:00. Wernisa\u017c poprzedzi spotkanie prasowe z","og_url":"https:\/\/siemysli-ke.info\/de\/zacheta-narodowa-galeria-sztuki-zaprasza\/","og_site_name":"SI\u0118 MY\u015aLI","article_published_time":"2014-01-30T22:59:13+00:00","og_image":[{"width":606,"height":406,"url":"https:\/\/siemysli-ke.info\/wp-content\/uploads\/2014\/01\/Film.jpg","type":"image\/jpeg"}],"author":"...","twitter_misc":{"Verfasst von":"...","Gesch\u00e4tzte Lesezeit":"2\u00a0Minuten"},"schema":{"@context":"https:\/\/schema.org","@graph":[{"@type":"Article","@id":"https:\/\/siemysli-ke.info\/de\/zacheta-narodowa-galeria-sztuki-zaprasza\/#article","isPartOf":{"@id":"https:\/\/siemysli-ke.info\/de\/zacheta-narodowa-galeria-sztuki-zaprasza\/"},"author":{"name":"...","@id":"https:\/\/siemysli-ke.info\/#\/schema\/person\/75326687448d6abf738b156f56385210"},"headline":"Zach\u0119ta &#8211; Narodowa Galeria Sztuki zaprasza","datePublished":"2014-01-30T22:59:13+00:00","mainEntityOfPage":{"@id":"https:\/\/siemysli-ke.info\/de\/zacheta-narodowa-galeria-sztuki-zaprasza\/"},"wordCount":442,"commentCount":0,"publisher":{"@id":"https:\/\/siemysli-ke.info\/#organization"},"image":{"@id":"https:\/\/siemysli-ke.info\/de\/zacheta-narodowa-galeria-sztuki-zaprasza\/#primaryimage"},"thumbnailUrl":"https:\/\/siemysli-ke.info\/wp-content\/uploads\/2014\/01\/Film.jpg","keywords":["film","fotografia","Kuba D\u0105browski","Zach\u0119ta"],"articleSection":["Kultura","Rzeczypospolita"],"inLanguage":"de","potentialAction":[{"@type":"CommentAction","name":"Comment","target":["https:\/\/siemysli-ke.info\/de\/zacheta-narodowa-galeria-sztuki-zaprasza\/#respond"]}]},{"@type":"WebPage","@id":"https:\/\/siemysli-ke.info\/de\/zacheta-narodowa-galeria-sztuki-zaprasza\/","url":"https:\/\/siemysli-ke.info\/de\/zacheta-narodowa-galeria-sztuki-zaprasza\/","name":"Zach\u0119ta - Narodowa Galeria Sztuki zaprasza - SI\u0118 MY\u015aLI","isPartOf":{"@id":"https:\/\/siemysli-ke.info\/de\/#website"},"primaryImageOfPage":{"@id":"https:\/\/siemysli-ke.info\/de\/zacheta-narodowa-galeria-sztuki-zaprasza\/#primaryimage"},"image":{"@id":"https:\/\/siemysli-ke.info\/de\/zacheta-narodowa-galeria-sztuki-zaprasza\/#primaryimage"},"thumbnailUrl":"https:\/\/siemysli-ke.info\/wp-content\/uploads\/2014\/01\/Film.jpg","datePublished":"2014-01-30T22:59:13+00:00","breadcrumb":{"@id":"https:\/\/siemysli-ke.info\/de\/zacheta-narodowa-galeria-sztuki-zaprasza\/#breadcrumb"},"inLanguage":"de","potentialAction":[{"@type":"ReadAction","target":[["https:\/\/siemysli-ke.info\/de\/zacheta-narodowa-galeria-sztuki-zaprasza\/"]]}]},{"@type":"ImageObject","inLanguage":"de","@id":"https:\/\/siemysli-ke.info\/de\/zacheta-narodowa-galeria-sztuki-zaprasza\/#primaryimage","url":"https:\/\/siemysli-ke.info\/wp-content\/uploads\/2014\/01\/Film.jpg","contentUrl":"https:\/\/siemysli-ke.info\/wp-content\/uploads\/2014\/01\/Film.jpg","width":606,"height":406},{"@type":"BreadcrumbList","@id":"https:\/\/siemysli-ke.info\/de\/zacheta-narodowa-galeria-sztuki-zaprasza\/#breadcrumb","itemListElement":[{"@type":"ListItem","position":1,"name":"Home","item":"https:\/\/siemysli-ke.info\/de\/"},{"@type":"ListItem","position":2,"name":"Zach\u0119ta &#8211; Narodowa Galeria Sztuki zaprasza"}]},{"@type":"WebSite","@id":"https:\/\/siemysli-ke.info\/de\/#website","url":"https:\/\/siemysli-ke.info\/de\/","name":"SI\u0118 MY\u015aLI","description":"","publisher":{"@id":"https:\/\/siemysli-ke.info\/de\/#organization"},"potentialAction":[{"@type":"SearchAction","target":{"@type":"EntryPoint","urlTemplate":"https:\/\/siemysli-ke.info\/de\/?s={search_term_string}"},"query-input":{"@type":"PropertyValueSpecification","valueRequired":true,"valueName":"search_term_string"}}],"inLanguage":"de"},{"@type":"Organization","@id":"https:\/\/siemysli-ke.info\/de\/#organization","name":"SI\u0118 MY\u015aLI","url":"https:\/\/siemysli-ke.info\/de\/","logo":{"@type":"ImageObject","inLanguage":"de","@id":"https:\/\/siemysli-ke.info\/de\/#\/schema\/logo\/image\/","url":"https:\/\/siemysli-ke.info\/wp-content\/uploads\/2025\/05\/99.png","contentUrl":"https:\/\/siemysli-ke.info\/wp-content\/uploads\/2025\/05\/99.png","width":270,"height":204,"caption":"SI\u0118 MY\u015aLI"},"image":{"@id":"https:\/\/siemysli-ke.info\/de\/#\/schema\/logo\/image\/"}},{"@type":"Person","@id":"https:\/\/siemysli-ke.info\/#\/schema\/person\/75326687448d6abf738b156f56385210","name":"...","image":{"@type":"ImageObject","inLanguage":"de","@id":"https:\/\/siemysli-ke.info\/de\/#\/schema\/person\/image\/","url":"https:\/\/secure.gravatar.com\/avatar\/33a3c2559155e1b4add65cf88cafda785aeb920f44b97c7055b07866ab5b13c2?s=96&d=mm&r=g","contentUrl":"https:\/\/secure.gravatar.com\/avatar\/33a3c2559155e1b4add65cf88cafda785aeb920f44b97c7055b07866ab5b13c2?s=96&d=mm&r=g","caption":"..."},"url":"https:\/\/siemysli-ke.info\/de\/author\/lele\/"}]}},"_links":{"self":[{"href":"https:\/\/siemysli-ke.info\/de\/wp-json\/wp\/v2\/posts\/13006","targetHints":{"allow":["GET"]}}],"collection":[{"href":"https:\/\/siemysli-ke.info\/de\/wp-json\/wp\/v2\/posts"}],"about":[{"href":"https:\/\/siemysli-ke.info\/de\/wp-json\/wp\/v2\/types\/post"}],"author":[{"embeddable":true,"href":"https:\/\/siemysli-ke.info\/de\/wp-json\/wp\/v2\/users\/3"}],"replies":[{"embeddable":true,"href":"https:\/\/siemysli-ke.info\/de\/wp-json\/wp\/v2\/comments?post=13006"}],"version-history":[{"count":0,"href":"https:\/\/siemysli-ke.info\/de\/wp-json\/wp\/v2\/posts\/13006\/revisions"}],"wp:featuredmedia":[{"embeddable":true,"href":"https:\/\/siemysli-ke.info\/de\/wp-json\/wp\/v2\/media\/13007"}],"wp:attachment":[{"href":"https:\/\/siemysli-ke.info\/de\/wp-json\/wp\/v2\/media?parent=13006"}],"wp:term":[{"taxonomy":"category","embeddable":true,"href":"https:\/\/siemysli-ke.info\/de\/wp-json\/wp\/v2\/categories?post=13006"},{"taxonomy":"post_tag","embeddable":true,"href":"https:\/\/siemysli-ke.info\/de\/wp-json\/wp\/v2\/tags?post=13006"}],"curies":[{"name":"wp","href":"https:\/\/api.w.org\/{rel}","templated":true}]}}