 {"id":12982,"date":"2014-01-25T13:10:22","date_gmt":"2014-01-25T12:10:22","guid":{"rendered":"http:\/\/www.siemysli.info.ke\/?p=12982"},"modified":"2014-01-25T13:10:22","modified_gmt":"2014-01-25T12:10:22","slug":"komuna-ma-sie-dobrze-plawi-sie-w-luksusach","status":"publish","type":"post","link":"https:\/\/siemysli-ke.info\/de\/komuna-ma-sie-dobrze-plawi-sie-w-luksusach\/","title":{"rendered":"Komuna ma si\u0119 dobrze i p\u0142awi si\u0119 w luksusach!"},"content":{"rendered":"<p style=\"text-align: justify\"><span style=\"color: #222222\"><span style=\"font-family: 'Arial Black', sans-serif\"><span style=\"font-size: small\"><a href=\"http:\/\/www.siemysli.info.ke\/wp-content\/uploads\/2014\/01\/komuna-4-lapy.jpg\" rel=\"lightbox[12982]\"><img decoding=\"async\" class=\"size-full wp-image-12983 alignleft\" alt=\"komuna-4-lapy\" src=\"http:\/\/www.siemysli.info.ke\/wp-content\/uploads\/2014\/01\/komuna-4-lapy.jpg\" width=\"225\" height=\"225\" srcset=\"https:\/\/siemysli-ke.info\/wp-content\/uploads\/2014\/01\/komuna-4-lapy.jpg 225w, https:\/\/siemysli-ke.info\/wp-content\/uploads\/2014\/01\/komuna-4-lapy-150x150.jpg 150w, https:\/\/siemysli-ke.info\/wp-content\/uploads\/2014\/01\/komuna-4-lapy-64x64.jpg 64w\" sizes=\"(max-width: 225px) 100vw, 225px\" \/><\/a><\/span><\/span><\/span>Wszystko przez prezyd\u0119ta Komorowskiego, kt\u00f3ry od ponad p\u00f3\u0142 roku ma hopla na punkcie przypadaj\u0105cej w tym roku 25-tej rocznicy niby pierwszych niby cz\u0119\u015bciowo niby wolnych wybor\u00f3w w Polsce i za ka\u017cdym razem gdy jest w zasi\u0119gu mikrofonu lub kamery, bajdurzy na okr\u0105g\u0142o o jakich\u015b sukcesach, o odzyskanej wolno\u015bci cho\u0107 nigdzie ani sukces\u00f3w, ani tej wolno\u015bci nie wida\u0107.<\/p>\n<p style=\"text-align: justify\">Bo co to za wolno\u015b\u0107 jest gdy w\u0142adza obywatelom narzuca idiotyzmy i odbiera prawo wyboru?<\/p>\n<p style=\"text-align: justify\">Co to za wolno\u015b\u0107 jest sp\u0119tana wielomiliardowymi d\u0142ugami, jakich narobi\u0142 rz\u0105d PO za 6 lat i kt\u00f3re sp\u0142aca\u0107 b\u0119dzie kilka pokole\u0144 Polak\u00f3w ?<\/p>\n<p style=\"text-align: justify\">Co to za wolno\u015b\u0107 jest je\u015bli ju\u017c nawet kie\u0142basy nie mo\u017cna uw\u0119dzi\u0107 wg sprawdzonych polskich receptur bo o jej smaku chc\u0105 decydowa\u0107 jakie\u015b bubki w Brukseli ?<\/p>\n<p style=\"text-align: justify\">Co to za wolno\u015b\u0107 jest by si\u0119 dzieci obowi\u0105zkowo masturbowa\u0142y od czwartego roku \u017cycia, a rodzice nie mieli nic do gadania bo pani ministrze od eutanazji edukacji si\u0119 za przeproszeniem w dupencji przewr\u00f3ci\u0142o od frukt\u00f3w koryta ?<\/p>\n<p style=\"text-align: justify\">Co to za wolno\u015b\u0107 jest gdy za chwil\u0119 po polskich ulicach b\u0119d\u0105 biega\u0107 z pa\u0142ami i broni\u0105 paln\u0105 szwargoc\u0105cy w obcych j\u0119zykach mundurowi bo miejscowy szeryf poszed\u0142 po jakiego\u015b powasa i wci\u0105\u017c jeszcze nie wr\u00f3ci\u0142, a poza tym jest za cienki na psuj\u0105cych nastr\u00f3j premierowi tubylc\u00f3w. Przez ten czas cysorz co przed i po 4 czerwca 89\u2019 robi\u0142 w konia ca\u0142\u0105 Polsk\u0119 i robi do dzi\u015b, b\u0119dzie zaciera\u0142 r\u0119ce i podkr\u0119ca\u0142 w\u0105sa bo \u2013 no, wre\u015bcie mnie pos\u0142uchali i pa\u0142ujom, ja o take Polske tymy rencamy przez ten mur motor\u00f3wko skaka\u0142em\u2026.<\/p>\n<p style=\"text-align: justify\">Co to za wolno\u015b\u0107 je\u015bli Polacy w Polsce nie maj\u0105 nic do powiedzenia bo o wszystkim decyduj\u0105 za nich rodzimi z\u0142odzieje i obcokrajowi urz\u0119dnicy ?<\/p>\n<p style=\"text-align: justify\">Co to za wolno\u015b\u0107 jest gdy Sejm od 6 lat jest fabryk\u0105 bubli i zamiast niego w Polsce zaczyna obradowa\u0107 Kneset? A jak dobrze p\u00f3jdzie to i rosyjska Duma\u2026<\/p>\n<p style=\"text-align: justify\">To jest jaka\u015b idea fix prezyd\u0119ta Bronis\u0142awa by narzuca\u0107 Polakom \u015bwi\u0119towanie rocznicy czego\u015b co w\u0142a\u015bciwie wolno\u015b\u0107 im odebra\u0142o na czas niewiadomy.<\/p>\n<p style=\"text-align: justify\">Chocia\u017c hmmm\u2026 tak prawd\u0119 m\u00f3wi\u0105c to ja mu si\u0119 nie dziwi\u0119, \u017ce jest wdzi\u0119czny losowi za 4 czerwca 1989 \u2013 gdyby nie ten brzemienny w skutki dzie\u0144, inauguruj\u0105cy kontynuacj\u0119 PRL-u to dzisiejszy prezyd\u0119t Bronis\u0142aw do dzi\u015b by\u0142by zwyk\u0142ym Bronkiem i najwy\u017cej dyrektorkiem wodospadu w jakim\u015b ministerstwie. Nie dziwi\u0119 mu si\u0119 te\u017c, \u017ce g\u0142osowa\u0142 przeciw rozwi\u0105zaniu WSI bo kto by go podpiera\u0142 i podsadza\u0142 coraz wy\u017cej i wy\u017cej podczas wspinaczki po drabinie kariery, a\u017c na wysoko\u015b\u0107 belwederskiego \u017cyrandola\u2026<\/p>\n<p style=\"text-align: justify\">Nie b\u0119d\u0119 \u015bwi\u0119towa\u0107 4 czerwca bo\u00a0przest\u0119pc\u00f3w i sprzedawczyk\u00f3w polskiej racji stanu wykreowa\u0142 na ludzi honoru, a prawdziwym ludziom honoru resztk\u0119 wolno\u015bci i godno\u015b\u0107 odbiera do dzi\u015b !<\/p>\n<p style=\"text-align: justify\">ZA http:\/\/wzzw.wordpress.com\/<\/p>\n<p style=\"text-align: justify\">\n","protected":false},"excerpt":{"rendered":"<p>Wszystko przez prezyd\u0119ta Komorowskiego, kt\u00f3ry od ponad p\u00f3\u0142 roku ma hopla na punkcie przypadaj\u0105cej w tym roku 25-tej rocznicy niby<\/p>\n","protected":false},"author":7,"featured_media":12983,"comment_status":"open","ping_status":"open","sticky":false,"template":"","format":"standard","meta":{"colormag_page_layout":"default_layout","footnotes":""},"categories":[81],"tags":[836,835],"class_list":["post-12982","post","type-post","status-publish","format-standard","has-post-thumbnail","hentry","category-rzeczpospolita","tag-4-czrwca-skonczyl-sie-komunizm","tag-komuna"],"yoast_head":"<!-- This site is optimized with the Yoast SEO plugin v25.1 - https:\/\/yoast.com\/wordpress\/plugins\/seo\/ -->\n<title>Komuna ma si\u0119 dobrze i p\u0142awi si\u0119 w luksusach! - SI\u0118 MY\u015aLI<\/title>\n<meta name=\"robots\" content=\"index, follow, max-snippet:-1, max-image-preview:large, max-video-preview:-1\" \/>\n<link rel=\"canonical\" href=\"https:\/\/siemysli-ke.info\/de\/komuna-ma-sie-dobrze-plawi-sie-w-luksusach\/\" \/>\n<meta property=\"og:locale\" content=\"de_DE\" \/>\n<meta property=\"og:type\" content=\"article\" \/>\n<meta property=\"og:title\" content=\"Komuna ma si\u0119 dobrze i p\u0142awi si\u0119 w luksusach! - SI\u0118 MY\u015aLI\" \/>\n<meta property=\"og:description\" content=\"Wszystko przez prezyd\u0119ta Komorowskiego, kt\u00f3ry od ponad p\u00f3\u0142 roku ma hopla na punkcie przypadaj\u0105cej w tym roku 25-tej rocznicy niby\" \/>\n<meta property=\"og:url\" content=\"https:\/\/siemysli-ke.info\/de\/komuna-ma-sie-dobrze-plawi-sie-w-luksusach\/\" \/>\n<meta property=\"og:site_name\" content=\"SI\u0118 MY\u015aLI\" \/>\n<meta property=\"article:published_time\" content=\"2014-01-25T12:10:22+00:00\" \/>\n<meta property=\"og:image\" content=\"https:\/\/siemysli-ke.info\/wp-content\/uploads\/2014\/01\/komuna-4-lapy.jpg\" \/>\n\t<meta property=\"og:image:width\" content=\"225\" \/>\n\t<meta property=\"og:image:height\" content=\"225\" \/>\n\t<meta property=\"og:image:type\" content=\"image\/jpeg\" \/>\n<meta name=\"author\" content=\"Jaromir\" \/>\n<meta name=\"twitter:label1\" content=\"Verfasst von\" \/>\n\t<meta name=\"twitter:data1\" content=\"Jaromir\" \/>\n\t<meta name=\"twitter:label2\" content=\"Gesch\u00e4tzte Lesezeit\" \/>\n\t<meta name=\"twitter:data2\" content=\"2\u00a0Minuten\" \/>\n<script type=\"application\/ld+json\" class=\"yoast-schema-graph\">{\"@context\":\"https:\/\/schema.org\",\"@graph\":[{\"@type\":\"Article\",\"@id\":\"https:\/\/siemysli-ke.info\/de\/komuna-ma-sie-dobrze-plawi-sie-w-luksusach\/#article\",\"isPartOf\":{\"@id\":\"https:\/\/siemysli-ke.info\/de\/komuna-ma-sie-dobrze-plawi-sie-w-luksusach\/\"},\"author\":{\"name\":\"Jaromir\",\"@id\":\"https:\/\/siemysli-ke.info\/#\/schema\/person\/66d741fa745a44f2fe46d112bc6499f2\"},\"headline\":\"Komuna ma si\u0119 dobrze i p\u0142awi si\u0119 w luksusach!\",\"datePublished\":\"2014-01-25T12:10:22+00:00\",\"mainEntityOfPage\":{\"@id\":\"https:\/\/siemysli-ke.info\/de\/komuna-ma-sie-dobrze-plawi-sie-w-luksusach\/\"},\"wordCount\":506,\"commentCount\":0,\"publisher\":{\"@id\":\"https:\/\/siemysli-ke.info\/#organization\"},\"image\":{\"@id\":\"https:\/\/siemysli-ke.info\/de\/komuna-ma-sie-dobrze-plawi-sie-w-luksusach\/#primaryimage\"},\"thumbnailUrl\":\"https:\/\/siemysli-ke.info\/wp-content\/uploads\/2014\/01\/komuna-4-lapy.jpg\",\"keywords\":[\"4 czrwca skonczyl sie komunizm\",\"komuna\"],\"articleSection\":[\"Rzeczypospolita\"],\"inLanguage\":\"de\",\"potentialAction\":[{\"@type\":\"CommentAction\",\"name\":\"Comment\",\"target\":[\"https:\/\/siemysli-ke.info\/de\/komuna-ma-sie-dobrze-plawi-sie-w-luksusach\/#respond\"]}]},{\"@type\":\"WebPage\",\"@id\":\"https:\/\/siemysli-ke.info\/de\/komuna-ma-sie-dobrze-plawi-sie-w-luksusach\/\",\"url\":\"https:\/\/siemysli-ke.info\/de\/komuna-ma-sie-dobrze-plawi-sie-w-luksusach\/\",\"name\":\"Komuna ma si\u0119 dobrze i p\u0142awi si\u0119 w luksusach! - SI\u0118 MY\u015aLI\",\"isPartOf\":{\"@id\":\"https:\/\/siemysli-ke.info\/de\/#website\"},\"primaryImageOfPage\":{\"@id\":\"https:\/\/siemysli-ke.info\/de\/komuna-ma-sie-dobrze-plawi-sie-w-luksusach\/#primaryimage\"},\"image\":{\"@id\":\"https:\/\/siemysli-ke.info\/de\/komuna-ma-sie-dobrze-plawi-sie-w-luksusach\/#primaryimage\"},\"thumbnailUrl\":\"https:\/\/siemysli-ke.info\/wp-content\/uploads\/2014\/01\/komuna-4-lapy.jpg\",\"datePublished\":\"2014-01-25T12:10:22+00:00\",\"breadcrumb\":{\"@id\":\"https:\/\/siemysli-ke.info\/de\/komuna-ma-sie-dobrze-plawi-sie-w-luksusach\/#breadcrumb\"},\"inLanguage\":\"de\",\"potentialAction\":[{\"@type\":\"ReadAction\",\"target\":[[\"https:\/\/siemysli-ke.info\/de\/komuna-ma-sie-dobrze-plawi-sie-w-luksusach\/\"]]}]},{\"@type\":\"ImageObject\",\"inLanguage\":\"de\",\"@id\":\"https:\/\/siemysli-ke.info\/de\/komuna-ma-sie-dobrze-plawi-sie-w-luksusach\/#primaryimage\",\"url\":\"https:\/\/siemysli-ke.info\/wp-content\/uploads\/2014\/01\/komuna-4-lapy.jpg\",\"contentUrl\":\"https:\/\/siemysli-ke.info\/wp-content\/uploads\/2014\/01\/komuna-4-lapy.jpg\",\"width\":225,\"height\":225},{\"@type\":\"BreadcrumbList\",\"@id\":\"https:\/\/siemysli-ke.info\/de\/komuna-ma-sie-dobrze-plawi-sie-w-luksusach\/#breadcrumb\",\"itemListElement\":[{\"@type\":\"ListItem\",\"position\":1,\"name\":\"Home\",\"item\":\"https:\/\/siemysli-ke.info\/de\/\"},{\"@type\":\"ListItem\",\"position\":2,\"name\":\"Komuna ma si\u0119 dobrze i p\u0142awi si\u0119 w luksusach!\"}]},{\"@type\":\"WebSite\",\"@id\":\"https:\/\/siemysli-ke.info\/de\/#website\",\"url\":\"https:\/\/siemysli-ke.info\/de\/\",\"name\":\"SI\u0118 MY\u015aLI\",\"description\":\"\",\"publisher\":{\"@id\":\"https:\/\/siemysli-ke.info\/de\/#organization\"},\"potentialAction\":[{\"@type\":\"SearchAction\",\"target\":{\"@type\":\"EntryPoint\",\"urlTemplate\":\"https:\/\/siemysli-ke.info\/de\/?s={search_term_string}\"},\"query-input\":{\"@type\":\"PropertyValueSpecification\",\"valueRequired\":true,\"valueName\":\"search_term_string\"}}],\"inLanguage\":\"de\"},{\"@type\":\"Organization\",\"@id\":\"https:\/\/siemysli-ke.info\/de\/#organization\",\"name\":\"SI\u0118 MY\u015aLI\",\"url\":\"https:\/\/siemysli-ke.info\/de\/\",\"logo\":{\"@type\":\"ImageObject\",\"inLanguage\":\"de\",\"@id\":\"https:\/\/siemysli-ke.info\/de\/#\/schema\/logo\/image\/\",\"url\":\"https:\/\/siemysli-ke.info\/wp-content\/uploads\/2025\/05\/99.png\",\"contentUrl\":\"https:\/\/siemysli-ke.info\/wp-content\/uploads\/2025\/05\/99.png\",\"width\":270,\"height\":204,\"caption\":\"SI\u0118 MY\u015aLI\"},\"image\":{\"@id\":\"https:\/\/siemysli-ke.info\/de\/#\/schema\/logo\/image\/\"}},{\"@type\":\"Person\",\"@id\":\"https:\/\/siemysli-ke.info\/#\/schema\/person\/66d741fa745a44f2fe46d112bc6499f2\",\"name\":\"Jaromir\",\"image\":{\"@type\":\"ImageObject\",\"inLanguage\":\"de\",\"@id\":\"https:\/\/siemysli-ke.info\/de\/#\/schema\/person\/image\/\",\"url\":\"https:\/\/secure.gravatar.com\/avatar\/fe881559e8ac8dda20293e9e8317d4678c6ad8f65f85a9ce5e1a87cee56b6198?s=96&d=mm&r=g\",\"contentUrl\":\"https:\/\/secure.gravatar.com\/avatar\/fe881559e8ac8dda20293e9e8317d4678c6ad8f65f85a9ce5e1a87cee56b6198?s=96&d=mm&r=g\",\"caption\":\"Jaromir\"},\"url\":\"https:\/\/siemysli-ke.info\/de\/author\/jaromir\/\"}]}<\/script>\n<!-- \/ Yoast SEO plugin. -->","yoast_head_json":{"title":"Komuna ma si\u0119 dobrze i p\u0142awi si\u0119 w luksusach! - SI\u0118 MY\u015aLI","robots":{"index":"index","follow":"follow","max-snippet":"max-snippet:-1","max-image-preview":"max-image-preview:large","max-video-preview":"max-video-preview:-1"},"canonical":"https:\/\/siemysli-ke.info\/de\/komuna-ma-sie-dobrze-plawi-sie-w-luksusach\/","og_locale":"de_DE","og_type":"article","og_title":"Komuna ma si\u0119 dobrze i p\u0142awi si\u0119 w luksusach! - SI\u0118 MY\u015aLI","og_description":"Wszystko przez prezyd\u0119ta Komorowskiego, kt\u00f3ry od ponad p\u00f3\u0142 roku ma hopla na punkcie przypadaj\u0105cej w tym roku 25-tej rocznicy niby","og_url":"https:\/\/siemysli-ke.info\/de\/komuna-ma-sie-dobrze-plawi-sie-w-luksusach\/","og_site_name":"SI\u0118 MY\u015aLI","article_published_time":"2014-01-25T12:10:22+00:00","og_image":[{"width":225,"height":225,"url":"https:\/\/siemysli-ke.info\/wp-content\/uploads\/2014\/01\/komuna-4-lapy.jpg","type":"image\/jpeg"}],"author":"Jaromir","twitter_misc":{"Verfasst von":"Jaromir","Gesch\u00e4tzte Lesezeit":"2\u00a0Minuten"},"schema":{"@context":"https:\/\/schema.org","@graph":[{"@type":"Article","@id":"https:\/\/siemysli-ke.info\/de\/komuna-ma-sie-dobrze-plawi-sie-w-luksusach\/#article","isPartOf":{"@id":"https:\/\/siemysli-ke.info\/de\/komuna-ma-sie-dobrze-plawi-sie-w-luksusach\/"},"author":{"name":"Jaromir","@id":"https:\/\/siemysli-ke.info\/#\/schema\/person\/66d741fa745a44f2fe46d112bc6499f2"},"headline":"Komuna ma si\u0119 dobrze i p\u0142awi si\u0119 w luksusach!","datePublished":"2014-01-25T12:10:22+00:00","mainEntityOfPage":{"@id":"https:\/\/siemysli-ke.info\/de\/komuna-ma-sie-dobrze-plawi-sie-w-luksusach\/"},"wordCount":506,"commentCount":0,"publisher":{"@id":"https:\/\/siemysli-ke.info\/#organization"},"image":{"@id":"https:\/\/siemysli-ke.info\/de\/komuna-ma-sie-dobrze-plawi-sie-w-luksusach\/#primaryimage"},"thumbnailUrl":"https:\/\/siemysli-ke.info\/wp-content\/uploads\/2014\/01\/komuna-4-lapy.jpg","keywords":["4 czrwca skonczyl sie komunizm","komuna"],"articleSection":["Rzeczypospolita"],"inLanguage":"de","potentialAction":[{"@type":"CommentAction","name":"Comment","target":["https:\/\/siemysli-ke.info\/de\/komuna-ma-sie-dobrze-plawi-sie-w-luksusach\/#respond"]}]},{"@type":"WebPage","@id":"https:\/\/siemysli-ke.info\/de\/komuna-ma-sie-dobrze-plawi-sie-w-luksusach\/","url":"https:\/\/siemysli-ke.info\/de\/komuna-ma-sie-dobrze-plawi-sie-w-luksusach\/","name":"Komuna ma si\u0119 dobrze i p\u0142awi si\u0119 w luksusach! - SI\u0118 MY\u015aLI","isPartOf":{"@id":"https:\/\/siemysli-ke.info\/de\/#website"},"primaryImageOfPage":{"@id":"https:\/\/siemysli-ke.info\/de\/komuna-ma-sie-dobrze-plawi-sie-w-luksusach\/#primaryimage"},"image":{"@id":"https:\/\/siemysli-ke.info\/de\/komuna-ma-sie-dobrze-plawi-sie-w-luksusach\/#primaryimage"},"thumbnailUrl":"https:\/\/siemysli-ke.info\/wp-content\/uploads\/2014\/01\/komuna-4-lapy.jpg","datePublished":"2014-01-25T12:10:22+00:00","breadcrumb":{"@id":"https:\/\/siemysli-ke.info\/de\/komuna-ma-sie-dobrze-plawi-sie-w-luksusach\/#breadcrumb"},"inLanguage":"de","potentialAction":[{"@type":"ReadAction","target":[["https:\/\/siemysli-ke.info\/de\/komuna-ma-sie-dobrze-plawi-sie-w-luksusach\/"]]}]},{"@type":"ImageObject","inLanguage":"de","@id":"https:\/\/siemysli-ke.info\/de\/komuna-ma-sie-dobrze-plawi-sie-w-luksusach\/#primaryimage","url":"https:\/\/siemysli-ke.info\/wp-content\/uploads\/2014\/01\/komuna-4-lapy.jpg","contentUrl":"https:\/\/siemysli-ke.info\/wp-content\/uploads\/2014\/01\/komuna-4-lapy.jpg","width":225,"height":225},{"@type":"BreadcrumbList","@id":"https:\/\/siemysli-ke.info\/de\/komuna-ma-sie-dobrze-plawi-sie-w-luksusach\/#breadcrumb","itemListElement":[{"@type":"ListItem","position":1,"name":"Home","item":"https:\/\/siemysli-ke.info\/de\/"},{"@type":"ListItem","position":2,"name":"Komuna ma si\u0119 dobrze i p\u0142awi si\u0119 w luksusach!"}]},{"@type":"WebSite","@id":"https:\/\/siemysli-ke.info\/de\/#website","url":"https:\/\/siemysli-ke.info\/de\/","name":"SI\u0118 MY\u015aLI","description":"","publisher":{"@id":"https:\/\/siemysli-ke.info\/de\/#organization"},"potentialAction":[{"@type":"SearchAction","target":{"@type":"EntryPoint","urlTemplate":"https:\/\/siemysli-ke.info\/de\/?s={search_term_string}"},"query-input":{"@type":"PropertyValueSpecification","valueRequired":true,"valueName":"search_term_string"}}],"inLanguage":"de"},{"@type":"Organization","@id":"https:\/\/siemysli-ke.info\/de\/#organization","name":"SI\u0118 MY\u015aLI","url":"https:\/\/siemysli-ke.info\/de\/","logo":{"@type":"ImageObject","inLanguage":"de","@id":"https:\/\/siemysli-ke.info\/de\/#\/schema\/logo\/image\/","url":"https:\/\/siemysli-ke.info\/wp-content\/uploads\/2025\/05\/99.png","contentUrl":"https:\/\/siemysli-ke.info\/wp-content\/uploads\/2025\/05\/99.png","width":270,"height":204,"caption":"SI\u0118 MY\u015aLI"},"image":{"@id":"https:\/\/siemysli-ke.info\/de\/#\/schema\/logo\/image\/"}},{"@type":"Person","@id":"https:\/\/siemysli-ke.info\/#\/schema\/person\/66d741fa745a44f2fe46d112bc6499f2","name":"Jaromir","image":{"@type":"ImageObject","inLanguage":"de","@id":"https:\/\/siemysli-ke.info\/de\/#\/schema\/person\/image\/","url":"https:\/\/secure.gravatar.com\/avatar\/fe881559e8ac8dda20293e9e8317d4678c6ad8f65f85a9ce5e1a87cee56b6198?s=96&d=mm&r=g","contentUrl":"https:\/\/secure.gravatar.com\/avatar\/fe881559e8ac8dda20293e9e8317d4678c6ad8f65f85a9ce5e1a87cee56b6198?s=96&d=mm&r=g","caption":"Jaromir"},"url":"https:\/\/siemysli-ke.info\/de\/author\/jaromir\/"}]}},"_links":{"self":[{"href":"https:\/\/siemysli-ke.info\/de\/wp-json\/wp\/v2\/posts\/12982","targetHints":{"allow":["GET"]}}],"collection":[{"href":"https:\/\/siemysli-ke.info\/de\/wp-json\/wp\/v2\/posts"}],"about":[{"href":"https:\/\/siemysli-ke.info\/de\/wp-json\/wp\/v2\/types\/post"}],"author":[{"embeddable":true,"href":"https:\/\/siemysli-ke.info\/de\/wp-json\/wp\/v2\/users\/7"}],"replies":[{"embeddable":true,"href":"https:\/\/siemysli-ke.info\/de\/wp-json\/wp\/v2\/comments?post=12982"}],"version-history":[{"count":0,"href":"https:\/\/siemysli-ke.info\/de\/wp-json\/wp\/v2\/posts\/12982\/revisions"}],"wp:featuredmedia":[{"embeddable":true,"href":"https:\/\/siemysli-ke.info\/de\/wp-json\/wp\/v2\/media\/12983"}],"wp:attachment":[{"href":"https:\/\/siemysli-ke.info\/de\/wp-json\/wp\/v2\/media?parent=12982"}],"wp:term":[{"taxonomy":"category","embeddable":true,"href":"https:\/\/siemysli-ke.info\/de\/wp-json\/wp\/v2\/categories?post=12982"},{"taxonomy":"post_tag","embeddable":true,"href":"https:\/\/siemysli-ke.info\/de\/wp-json\/wp\/v2\/tags?post=12982"}],"curies":[{"name":"wp","href":"https:\/\/api.w.org\/{rel}","templated":true}]}}