 {"id":12872,"date":"2013-12-30T21:17:00","date_gmt":"2013-12-30T20:17:00","guid":{"rendered":"http:\/\/www.siemysli.info.ke\/?p=12872"},"modified":"2013-12-30T21:17:00","modified_gmt":"2013-12-30T20:17:00","slug":"sie-mysli-lubi-kino-kamerdyner","status":"publish","type":"post","link":"https:\/\/siemysli-ke.info\/de\/sie-mysli-lubi-kino-kamerdyner\/","title":{"rendered":"SI\u0118 MY\u015aLI LUBI KINO \u201eKamerdyner\u201d"},"content":{"rendered":"<p style=\"text-align: justify\"><a href=\"http:\/\/www.siemysli.info.ke\/wp-content\/uploads\/2013\/12\/the-butler-kamerdyner-b-iext24205233.jpg\" rel=\"lightbox[12872]\"><img decoding=\"async\" class=\"size-medium wp-image-12873 alignleft\" alt=\"the-butler-kamerdyner-b-iext24205233\" src=\"http:\/\/www.siemysli.info.ke\/wp-content\/uploads\/2013\/12\/the-butler-kamerdyner-b-iext24205233-300x297.jpg\" width=\"300\" height=\"297\" srcset=\"https:\/\/siemysli-ke.info\/wp-content\/uploads\/2013\/12\/the-butler-kamerdyner-b-iext24205233-300x297.jpg 300w, https:\/\/siemysli-ke.info\/wp-content\/uploads\/2013\/12\/the-butler-kamerdyner-b-iext24205233-150x150.jpg 150w, https:\/\/siemysli-ke.info\/wp-content\/uploads\/2013\/12\/the-butler-kamerdyner-b-iext24205233-64x64.jpg 64w, https:\/\/siemysli-ke.info\/wp-content\/uploads\/2013\/12\/the-butler-kamerdyner-b-iext24205233.jpg 484w\" sizes=\"(max-width: 300px) 100vw, 300px\" \/><\/a>Afroamerykanin Le Daniels I re\u017cyser ho\u0142du dla walki o r\u00f3wno\u015bc czarnosk\u00f3rych mieszka\u0144c\u00f3w USA wpad\u0142 w ton jaki wytyczyli jego poprzednicy pr\u00f3buj\u0105cy w pompatyczny spos\u00f3b wychwalac pot\u0119g\u0119 wolno\u015bci i mo\u017cliwo\u015bci Stan\u00f3w Zjednoczonych Ameryki. \u201eRambo\u201d sam zako\u0144czy\u0142 wojn\u0119 w Wietnamie a Rocky Balboa z flag\u0105 Ameryka\u0144sk\u0105 na ringu zgni\u00f3t\u0142 rosyjskiego tytana. Dzi\u015b Afroamerykanie w i\u015bcie socrealistyczny spos\u00f3b wychwalaj\u0105 drog\u0119 od plantacji bawe\u0142ny i niewolnictwa do rozpocz\u0119cia prezydentury Baracka Obamy traktuj\u0105c tego ostatniego niczym wodza spe\u0142nionej rewolucji. Cecil Gaines syn robotnika z plantacji nale\u017c\u0105cej do bia\u0142ych posiadaczy jest \u015bwiadkiem brutalnego zab\u00f3jstwa swego ojca i gwa\u0142tu na swojej matce. Teoretycznie wolni czarnosk\u00f3rzy pracownicy plantacji nie mieli \u017cadnych praw \u0142\u0105cznie z prawem do \u015bcigania sprawcy mordu -sadystycznego syna w\u0142a\u015bcicielki plantacji.Bia\u0142a kobieta targana sumieniem postanawia ukszta\u0142towac osobowo\u015bc p\u00f3\u0142sieroty przyjmuj\u0105c go jako s\u0142u\u017c\u0105cego do w\u0142asnego domu. Ch\u0142opak milcz\u0105c wykonuje perfekcyjnie swoj\u0105 prac\u0119. Po og\u0142oszeniu wolno\u015bci dla czarnosk\u00f3rych Cecil postanawia wyruszyc w \u015bwiat szukaj\u0105c swojej drogi,matka kt\u00f3ra straci\u0142a rozum pozostaje na plantacji. Tu fabu\u0142a przy\u015bpiesza niczym w brazylijskiej telenoweli .Ch\u0142opak dzi\u0119ki \u201eprzypadkowi\u201d trafia do ekskluzywnego hotelu w stolicy nabieraj\u0105c szlif\u00f3w,sznytu i do\u015bwiadczenia a tam po kilku latach zauwa\u017cony zostaje przez headhuntera zajmuj\u0105cego si\u0119 rekrutacjami s\u0142u\u017cby do Bia\u0142ego Domu. Cecil jest obsesyjnym konformist\u0105 i pracoholikiem a dzi\u0119ki swojej pracy kamerdynera w latach 50tych jest w stanie utrzymac niepracuj\u0105c\u0105 \u017con\u0119, dw\u00f3jk\u0119 dzieci ,miec samoch\u00f3d i dom oraz znajomych na poziomie. Rozumiem \u017ce nie wszystkim czarnosk\u00f3rym dane by\u0142o \u017cyc w takich luksusach lecz patrz\u0105c na \u201ebogactwa\u201d bloku wschodniego,Ameryki \u0141aci\u0144skiej czy Afryki niedola czarnosk\u00f3rych by\u0142a skrajnym luksusem nawet wobec zwyczajowych zasad segregacji w przestrzeni publicznej. Cecil staje si\u0119 rezydentem Bia\u0142ego Domu a jego \u017cycie p\u0142ynie wraz ze zmieniaj\u0105cymi si\u0119 prezydentami ,rozedrgan\u0105 polityk\u0105 i zmianami spo\u0142ecznymi tyle \u017ce on sam nie mieszaj\u0105c si\u0119 trwa odnosz\u0105c spo\u0142eczny sukces. Synowie mog\u0105 si\u0119 edukowac niestety \u017cona (Oprah Winfrey) w samotno\u015bci wpada w na\u0142\u00f3g alkoholizmu. Re\u017cyser postanawia dokonac sprawnego zabiegu i rodzin\u0119 Gaines\u00f3w wplata w burzliwe wydarzenia lat 60tych. M\u0142odszy z syn\u00f3w Charlie zaci\u0105ga si\u0119 na wojn\u0119 jako patriota i tam ginie ,starszy Louis porzuca szko\u0142\u0119 staj\u0105c si\u0119 lewicowym bojownikiem o wolno\u015bc i rowno\u015bc czarnosk\u00f3rych. To jakby \u017cywcem nawi\u0105zuje do duchowych inspiracji pierwszego czarnosk\u00f3rego prezydenta Baracka Obamy Jr. \u015awiat hipis\u00f3w ,pisarz zauroczony Stalinem Frank Marshall Davis,czy komunistyczne fascynacje ojca Obamy-Baracka Sr. Louis Gaines wbrew ojcu zwi\u0105zuje si\u0119 z organizacj\u0105 \u201eCzarnych Panter\u201d, Martinem Luterem Kingiem i Malcolmem X. Cecil jest \u015bwiadkiem rewolucyjnych reform zapocz\u0105tkowanych przez Johna Kennedy ego lecz nie odnosi si\u0119 do nich euforycznie w my\u015bl zasady \u201enie dra\u017cnic bia\u0142ego pana\u201d a jego syn za swoje pogl\u0105dy kilkana\u015bcie razy l\u0105duje w wi\u0119zieniu a podczas blokady \u201eAutobusu Wolno\u015bci\u201dcudem unika linczu i podpalenia przez cz\u0142onk\u00f3w Ku Klux Klanu . Ojciec wyrzeka si\u0119 w\u0142asnego syna, kt\u00f3ry nie uszanowa\u0142 pracy jak\u0105 po\u015bwi\u0119ci\u0142 dla wychowania i lepszego statusu spo\u0142ecznego dla swoich dzieci. Rozczarowany pozorowan\u0105 polityk\u0105 Regana wobec przybli\u017cenia chwili zr\u00f3wnania praw bia\u0142ych i czarnych Cecil zaczyna walczyc o prawo do r\u00f3wnych zarobk\u00f3w czarnej s\u0142u\u017cby w Bia\u0142ym Domu a po jakim\u015b czasie odchodzi z pracy by ostatecznie poprzec syna w walce o r\u00f3wne prawa. Wyb\u00f3r Afroamerykanina na stanowisko prezydenta Stan\u00f3w Zjednoczonych Ameryki jest dla re\u017cysera tego obrazu form\u0105 zwyci\u0119stwa prawdy i drogi jak\u0105 obrali czarnosk\u00f3rzy aktywi\u015bci w latach 60tych.Film jako obraz mimo zatrudnienia tuzina celebryt\u00f3w i gwiazd show businessu nie broni si\u0119. Jest to przerysowana ,kiczowata i cukierkowa wizja walki ze z\u0142em w kt\u00f3rej od pierwszych minut widz wie \u017ce dobro zwyci\u0119\u017cy. Re\u017cyser nie pochyli\u0142 si\u0119 nad wsp\u00f3\u0142czesnymi problemami Ameryki gdzie 80 % wi\u0119\u017ani\u00f3w to czarnosk\u00f3rzy a sztandarowa reforma opieki medycznej dla ka\u017cdego wci\u0105\u017c jest blokowana. Film jest ciep\u0142a podkolorowan\u0105 opowie\u015bci\u0105 przy ognisku a je\u015bli m\u00f3wimy o tak burzliwej historii walki o r\u00f3wno\u015bc wypada\u0142o by wple\u015bc odrobin\u0119 dramaturgii .Md\u0142e i bez wyrazu kiczowate kino.<\/p>\n<p style=\"text-align: justify\">Grudzie\u0144 2013 Roman Boryczko<\/p>\n","protected":false},"excerpt":{"rendered":"<p>Afroamerykanin Le Daniels I re\u017cyser ho\u0142du dla walki o r\u00f3wno\u015bc czarnosk\u00f3rych mieszka\u0144c\u00f3w USA wpad\u0142 w ton jaki wytyczyli jego poprzednicy<\/p>\n","protected":false},"author":7,"featured_media":12873,"comment_status":"open","ping_status":"open","sticky":false,"template":"","format":"standard","meta":{"colormag_page_layout":"default_layout","footnotes":""},"categories":[3],"tags":[790,791],"class_list":["post-12872","post","type-post","status-publish","format-standard","has-post-thumbnail","hentry","category-kultura","tag-kamerdyner","tag-the-butler"],"yoast_head":"<!-- This site is optimized with the Yoast SEO plugin v25.1 - https:\/\/yoast.com\/wordpress\/plugins\/seo\/ -->\n<title>SI\u0118 MY\u015aLI LUBI KINO \u201eKamerdyner\u201d - SI\u0118 MY\u015aLI<\/title>\n<meta name=\"robots\" content=\"index, follow, max-snippet:-1, max-image-preview:large, max-video-preview:-1\" \/>\n<link rel=\"canonical\" href=\"https:\/\/siemysli-ke.info\/de\/sie-mysli-lubi-kino-kamerdyner\/\" \/>\n<meta property=\"og:locale\" content=\"de_DE\" \/>\n<meta property=\"og:type\" content=\"article\" \/>\n<meta property=\"og:title\" content=\"SI\u0118 MY\u015aLI LUBI KINO \u201eKamerdyner\u201d - SI\u0118 MY\u015aLI\" \/>\n<meta property=\"og:description\" content=\"Afroamerykanin Le Daniels I re\u017cyser ho\u0142du dla walki o r\u00f3wno\u015bc czarnosk\u00f3rych mieszka\u0144c\u00f3w USA wpad\u0142 w ton jaki wytyczyli jego poprzednicy\" \/>\n<meta property=\"og:url\" content=\"https:\/\/siemysli-ke.info\/de\/sie-mysli-lubi-kino-kamerdyner\/\" \/>\n<meta property=\"og:site_name\" content=\"SI\u0118 MY\u015aLI\" \/>\n<meta property=\"article:published_time\" content=\"2013-12-30T20:17:00+00:00\" \/>\n<meta property=\"og:image\" content=\"https:\/\/siemysli-ke.info\/wp-content\/uploads\/2013\/12\/the-butler-kamerdyner-b-iext24205233.jpg\" \/>\n\t<meta property=\"og:image:width\" content=\"484\" \/>\n\t<meta property=\"og:image:height\" content=\"480\" \/>\n\t<meta property=\"og:image:type\" content=\"image\/jpeg\" \/>\n<meta name=\"author\" content=\"Jaromir\" \/>\n<meta name=\"twitter:label1\" content=\"Verfasst von\" \/>\n\t<meta name=\"twitter:data1\" content=\"Jaromir\" \/>\n\t<meta name=\"twitter:label2\" content=\"Gesch\u00e4tzte Lesezeit\" \/>\n\t<meta name=\"twitter:data2\" content=\"4\u00a0Minuten\" \/>\n<script type=\"application\/ld+json\" class=\"yoast-schema-graph\">{\"@context\":\"https:\/\/schema.org\",\"@graph\":[{\"@type\":\"Article\",\"@id\":\"https:\/\/siemysli-ke.info\/de\/sie-mysli-lubi-kino-kamerdyner\/#article\",\"isPartOf\":{\"@id\":\"https:\/\/siemysli-ke.info\/de\/sie-mysli-lubi-kino-kamerdyner\/\"},\"author\":{\"name\":\"Jaromir\",\"@id\":\"https:\/\/siemysli-ke.info\/#\/schema\/person\/66d741fa745a44f2fe46d112bc6499f2\"},\"headline\":\"SI\u0118 MY\u015aLI LUBI KINO \u201eKamerdyner\u201d\",\"datePublished\":\"2013-12-30T20:17:00+00:00\",\"mainEntityOfPage\":{\"@id\":\"https:\/\/siemysli-ke.info\/de\/sie-mysli-lubi-kino-kamerdyner\/\"},\"wordCount\":755,\"commentCount\":0,\"publisher\":{\"@id\":\"https:\/\/siemysli-ke.info\/#organization\"},\"image\":{\"@id\":\"https:\/\/siemysli-ke.info\/de\/sie-mysli-lubi-kino-kamerdyner\/#primaryimage\"},\"thumbnailUrl\":\"https:\/\/siemysli-ke.info\/wp-content\/uploads\/2013\/12\/the-butler-kamerdyner-b-iext24205233.jpg\",\"keywords\":[\"kamerdyner\",\"the butler\"],\"articleSection\":[\"Kultura\"],\"inLanguage\":\"de\",\"potentialAction\":[{\"@type\":\"CommentAction\",\"name\":\"Comment\",\"target\":[\"https:\/\/siemysli-ke.info\/de\/sie-mysli-lubi-kino-kamerdyner\/#respond\"]}]},{\"@type\":\"WebPage\",\"@id\":\"https:\/\/siemysli-ke.info\/de\/sie-mysli-lubi-kino-kamerdyner\/\",\"url\":\"https:\/\/siemysli-ke.info\/de\/sie-mysli-lubi-kino-kamerdyner\/\",\"name\":\"SI\u0118 MY\u015aLI LUBI KINO \u201eKamerdyner\u201d - SI\u0118 MY\u015aLI\",\"isPartOf\":{\"@id\":\"https:\/\/siemysli-ke.info\/de\/#website\"},\"primaryImageOfPage\":{\"@id\":\"https:\/\/siemysli-ke.info\/de\/sie-mysli-lubi-kino-kamerdyner\/#primaryimage\"},\"image\":{\"@id\":\"https:\/\/siemysli-ke.info\/de\/sie-mysli-lubi-kino-kamerdyner\/#primaryimage\"},\"thumbnailUrl\":\"https:\/\/siemysli-ke.info\/wp-content\/uploads\/2013\/12\/the-butler-kamerdyner-b-iext24205233.jpg\",\"datePublished\":\"2013-12-30T20:17:00+00:00\",\"breadcrumb\":{\"@id\":\"https:\/\/siemysli-ke.info\/de\/sie-mysli-lubi-kino-kamerdyner\/#breadcrumb\"},\"inLanguage\":\"de\",\"potentialAction\":[{\"@type\":\"ReadAction\",\"target\":[[\"https:\/\/siemysli-ke.info\/de\/sie-mysli-lubi-kino-kamerdyner\/\"]]}]},{\"@type\":\"ImageObject\",\"inLanguage\":\"de\",\"@id\":\"https:\/\/siemysli-ke.info\/de\/sie-mysli-lubi-kino-kamerdyner\/#primaryimage\",\"url\":\"https:\/\/siemysli-ke.info\/wp-content\/uploads\/2013\/12\/the-butler-kamerdyner-b-iext24205233.jpg\",\"contentUrl\":\"https:\/\/siemysli-ke.info\/wp-content\/uploads\/2013\/12\/the-butler-kamerdyner-b-iext24205233.jpg\",\"width\":484,\"height\":480},{\"@type\":\"BreadcrumbList\",\"@id\":\"https:\/\/siemysli-ke.info\/de\/sie-mysli-lubi-kino-kamerdyner\/#breadcrumb\",\"itemListElement\":[{\"@type\":\"ListItem\",\"position\":1,\"name\":\"Home\",\"item\":\"https:\/\/siemysli-ke.info\/de\/\"},{\"@type\":\"ListItem\",\"position\":2,\"name\":\"SI\u0118 MY\u015aLI LUBI KINO \u201eKamerdyner\u201d\"}]},{\"@type\":\"WebSite\",\"@id\":\"https:\/\/siemysli-ke.info\/de\/#website\",\"url\":\"https:\/\/siemysli-ke.info\/de\/\",\"name\":\"SI\u0118 MY\u015aLI\",\"description\":\"\",\"publisher\":{\"@id\":\"https:\/\/siemysli-ke.info\/de\/#organization\"},\"potentialAction\":[{\"@type\":\"SearchAction\",\"target\":{\"@type\":\"EntryPoint\",\"urlTemplate\":\"https:\/\/siemysli-ke.info\/de\/?s={search_term_string}\"},\"query-input\":{\"@type\":\"PropertyValueSpecification\",\"valueRequired\":true,\"valueName\":\"search_term_string\"}}],\"inLanguage\":\"de\"},{\"@type\":\"Organization\",\"@id\":\"https:\/\/siemysli-ke.info\/de\/#organization\",\"name\":\"SI\u0118 MY\u015aLI\",\"url\":\"https:\/\/siemysli-ke.info\/de\/\",\"logo\":{\"@type\":\"ImageObject\",\"inLanguage\":\"de\",\"@id\":\"https:\/\/siemysli-ke.info\/de\/#\/schema\/logo\/image\/\",\"url\":\"https:\/\/siemysli-ke.info\/wp-content\/uploads\/2025\/05\/99.png\",\"contentUrl\":\"https:\/\/siemysli-ke.info\/wp-content\/uploads\/2025\/05\/99.png\",\"width\":270,\"height\":204,\"caption\":\"SI\u0118 MY\u015aLI\"},\"image\":{\"@id\":\"https:\/\/siemysli-ke.info\/de\/#\/schema\/logo\/image\/\"}},{\"@type\":\"Person\",\"@id\":\"https:\/\/siemysli-ke.info\/#\/schema\/person\/66d741fa745a44f2fe46d112bc6499f2\",\"name\":\"Jaromir\",\"image\":{\"@type\":\"ImageObject\",\"inLanguage\":\"de\",\"@id\":\"https:\/\/siemysli-ke.info\/de\/#\/schema\/person\/image\/\",\"url\":\"https:\/\/secure.gravatar.com\/avatar\/fe881559e8ac8dda20293e9e8317d4678c6ad8f65f85a9ce5e1a87cee56b6198?s=96&d=mm&r=g\",\"contentUrl\":\"https:\/\/secure.gravatar.com\/avatar\/fe881559e8ac8dda20293e9e8317d4678c6ad8f65f85a9ce5e1a87cee56b6198?s=96&d=mm&r=g\",\"caption\":\"Jaromir\"},\"url\":\"https:\/\/siemysli-ke.info\/de\/author\/jaromir\/\"}]}<\/script>\n<!-- \/ Yoast SEO plugin. -->","yoast_head_json":{"title":"SI\u0118 MY\u015aLI LUBI KINO \u201eKamerdyner\u201d - SI\u0118 MY\u015aLI","robots":{"index":"index","follow":"follow","max-snippet":"max-snippet:-1","max-image-preview":"max-image-preview:large","max-video-preview":"max-video-preview:-1"},"canonical":"https:\/\/siemysli-ke.info\/de\/sie-mysli-lubi-kino-kamerdyner\/","og_locale":"de_DE","og_type":"article","og_title":"SI\u0118 MY\u015aLI LUBI KINO \u201eKamerdyner\u201d - SI\u0118 MY\u015aLI","og_description":"Afroamerykanin Le Daniels I re\u017cyser ho\u0142du dla walki o r\u00f3wno\u015bc czarnosk\u00f3rych mieszka\u0144c\u00f3w USA wpad\u0142 w ton jaki wytyczyli jego poprzednicy","og_url":"https:\/\/siemysli-ke.info\/de\/sie-mysli-lubi-kino-kamerdyner\/","og_site_name":"SI\u0118 MY\u015aLI","article_published_time":"2013-12-30T20:17:00+00:00","og_image":[{"width":484,"height":480,"url":"https:\/\/siemysli-ke.info\/wp-content\/uploads\/2013\/12\/the-butler-kamerdyner-b-iext24205233.jpg","type":"image\/jpeg"}],"author":"Jaromir","twitter_misc":{"Verfasst von":"Jaromir","Gesch\u00e4tzte Lesezeit":"4\u00a0Minuten"},"schema":{"@context":"https:\/\/schema.org","@graph":[{"@type":"Article","@id":"https:\/\/siemysli-ke.info\/de\/sie-mysli-lubi-kino-kamerdyner\/#article","isPartOf":{"@id":"https:\/\/siemysli-ke.info\/de\/sie-mysli-lubi-kino-kamerdyner\/"},"author":{"name":"Jaromir","@id":"https:\/\/siemysli-ke.info\/#\/schema\/person\/66d741fa745a44f2fe46d112bc6499f2"},"headline":"SI\u0118 MY\u015aLI LUBI KINO \u201eKamerdyner\u201d","datePublished":"2013-12-30T20:17:00+00:00","mainEntityOfPage":{"@id":"https:\/\/siemysli-ke.info\/de\/sie-mysli-lubi-kino-kamerdyner\/"},"wordCount":755,"commentCount":0,"publisher":{"@id":"https:\/\/siemysli-ke.info\/#organization"},"image":{"@id":"https:\/\/siemysli-ke.info\/de\/sie-mysli-lubi-kino-kamerdyner\/#primaryimage"},"thumbnailUrl":"https:\/\/siemysli-ke.info\/wp-content\/uploads\/2013\/12\/the-butler-kamerdyner-b-iext24205233.jpg","keywords":["kamerdyner","the butler"],"articleSection":["Kultura"],"inLanguage":"de","potentialAction":[{"@type":"CommentAction","name":"Comment","target":["https:\/\/siemysli-ke.info\/de\/sie-mysli-lubi-kino-kamerdyner\/#respond"]}]},{"@type":"WebPage","@id":"https:\/\/siemysli-ke.info\/de\/sie-mysli-lubi-kino-kamerdyner\/","url":"https:\/\/siemysli-ke.info\/de\/sie-mysli-lubi-kino-kamerdyner\/","name":"SI\u0118 MY\u015aLI LUBI KINO \u201eKamerdyner\u201d - SI\u0118 MY\u015aLI","isPartOf":{"@id":"https:\/\/siemysli-ke.info\/de\/#website"},"primaryImageOfPage":{"@id":"https:\/\/siemysli-ke.info\/de\/sie-mysli-lubi-kino-kamerdyner\/#primaryimage"},"image":{"@id":"https:\/\/siemysli-ke.info\/de\/sie-mysli-lubi-kino-kamerdyner\/#primaryimage"},"thumbnailUrl":"https:\/\/siemysli-ke.info\/wp-content\/uploads\/2013\/12\/the-butler-kamerdyner-b-iext24205233.jpg","datePublished":"2013-12-30T20:17:00+00:00","breadcrumb":{"@id":"https:\/\/siemysli-ke.info\/de\/sie-mysli-lubi-kino-kamerdyner\/#breadcrumb"},"inLanguage":"de","potentialAction":[{"@type":"ReadAction","target":[["https:\/\/siemysli-ke.info\/de\/sie-mysli-lubi-kino-kamerdyner\/"]]}]},{"@type":"ImageObject","inLanguage":"de","@id":"https:\/\/siemysli-ke.info\/de\/sie-mysli-lubi-kino-kamerdyner\/#primaryimage","url":"https:\/\/siemysli-ke.info\/wp-content\/uploads\/2013\/12\/the-butler-kamerdyner-b-iext24205233.jpg","contentUrl":"https:\/\/siemysli-ke.info\/wp-content\/uploads\/2013\/12\/the-butler-kamerdyner-b-iext24205233.jpg","width":484,"height":480},{"@type":"BreadcrumbList","@id":"https:\/\/siemysli-ke.info\/de\/sie-mysli-lubi-kino-kamerdyner\/#breadcrumb","itemListElement":[{"@type":"ListItem","position":1,"name":"Home","item":"https:\/\/siemysli-ke.info\/de\/"},{"@type":"ListItem","position":2,"name":"SI\u0118 MY\u015aLI LUBI KINO \u201eKamerdyner\u201d"}]},{"@type":"WebSite","@id":"https:\/\/siemysli-ke.info\/de\/#website","url":"https:\/\/siemysli-ke.info\/de\/","name":"SI\u0118 MY\u015aLI","description":"","publisher":{"@id":"https:\/\/siemysli-ke.info\/de\/#organization"},"potentialAction":[{"@type":"SearchAction","target":{"@type":"EntryPoint","urlTemplate":"https:\/\/siemysli-ke.info\/de\/?s={search_term_string}"},"query-input":{"@type":"PropertyValueSpecification","valueRequired":true,"valueName":"search_term_string"}}],"inLanguage":"de"},{"@type":"Organization","@id":"https:\/\/siemysli-ke.info\/de\/#organization","name":"SI\u0118 MY\u015aLI","url":"https:\/\/siemysli-ke.info\/de\/","logo":{"@type":"ImageObject","inLanguage":"de","@id":"https:\/\/siemysli-ke.info\/de\/#\/schema\/logo\/image\/","url":"https:\/\/siemysli-ke.info\/wp-content\/uploads\/2025\/05\/99.png","contentUrl":"https:\/\/siemysli-ke.info\/wp-content\/uploads\/2025\/05\/99.png","width":270,"height":204,"caption":"SI\u0118 MY\u015aLI"},"image":{"@id":"https:\/\/siemysli-ke.info\/de\/#\/schema\/logo\/image\/"}},{"@type":"Person","@id":"https:\/\/siemysli-ke.info\/#\/schema\/person\/66d741fa745a44f2fe46d112bc6499f2","name":"Jaromir","image":{"@type":"ImageObject","inLanguage":"de","@id":"https:\/\/siemysli-ke.info\/de\/#\/schema\/person\/image\/","url":"https:\/\/secure.gravatar.com\/avatar\/fe881559e8ac8dda20293e9e8317d4678c6ad8f65f85a9ce5e1a87cee56b6198?s=96&d=mm&r=g","contentUrl":"https:\/\/secure.gravatar.com\/avatar\/fe881559e8ac8dda20293e9e8317d4678c6ad8f65f85a9ce5e1a87cee56b6198?s=96&d=mm&r=g","caption":"Jaromir"},"url":"https:\/\/siemysli-ke.info\/de\/author\/jaromir\/"}]}},"_links":{"self":[{"href":"https:\/\/siemysli-ke.info\/de\/wp-json\/wp\/v2\/posts\/12872","targetHints":{"allow":["GET"]}}],"collection":[{"href":"https:\/\/siemysli-ke.info\/de\/wp-json\/wp\/v2\/posts"}],"about":[{"href":"https:\/\/siemysli-ke.info\/de\/wp-json\/wp\/v2\/types\/post"}],"author":[{"embeddable":true,"href":"https:\/\/siemysli-ke.info\/de\/wp-json\/wp\/v2\/users\/7"}],"replies":[{"embeddable":true,"href":"https:\/\/siemysli-ke.info\/de\/wp-json\/wp\/v2\/comments?post=12872"}],"version-history":[{"count":0,"href":"https:\/\/siemysli-ke.info\/de\/wp-json\/wp\/v2\/posts\/12872\/revisions"}],"wp:featuredmedia":[{"embeddable":true,"href":"https:\/\/siemysli-ke.info\/de\/wp-json\/wp\/v2\/media\/12873"}],"wp:attachment":[{"href":"https:\/\/siemysli-ke.info\/de\/wp-json\/wp\/v2\/media?parent=12872"}],"wp:term":[{"taxonomy":"category","embeddable":true,"href":"https:\/\/siemysli-ke.info\/de\/wp-json\/wp\/v2\/categories?post=12872"},{"taxonomy":"post_tag","embeddable":true,"href":"https:\/\/siemysli-ke.info\/de\/wp-json\/wp\/v2\/tags?post=12872"}],"curies":[{"name":"wp","href":"https:\/\/api.w.org\/{rel}","templated":true}]}}