 {"id":12740,"date":"2013-11-24T21:22:20","date_gmt":"2013-11-24T20:22:20","guid":{"rendered":"http:\/\/www.siemysli.info.ke\/?p=12740"},"modified":"2013-11-24T21:22:20","modified_gmt":"2013-11-24T20:22:20","slug":"ukraina-politycy-walcza-o-lakomy-kasek","status":"publish","type":"post","link":"https:\/\/siemysli-ke.info\/de\/ukraina-politycy-walcza-o-lakomy-kasek\/","title":{"rendered":"UKRAINA-POLITYCY WALCZ\u0104 O \u0141AKOMY K\u0104SEK"},"content":{"rendered":"<p style=\"text-align: justify\"><a href=\"http:\/\/www.siemysli.info.ke\/wp-content\/uploads\/2013\/11\/z15007329Q1.jpg\" rel=\"lightbox[12740]\"><img decoding=\"async\" class=\"size-medium wp-image-12741 alignleft\" alt=\"z15007329Q[1]\" src=\"http:\/\/www.siemysli.info.ke\/wp-content\/uploads\/2013\/11\/z15007329Q1-300x208.jpg\" width=\"300\" height=\"208\" srcset=\"https:\/\/siemysli-ke.info\/wp-content\/uploads\/2013\/11\/z15007329Q1-300x208.jpg 300w, https:\/\/siemysli-ke.info\/wp-content\/uploads\/2013\/11\/z15007329Q1.jpg 620w\" sizes=\"(max-width: 300px) 100vw, 300px\" \/><\/a>\u00a0Na Ukrainie zawrza\u0142o. Rz\u0105d Ukrainy wstrzyma\u0142 <a href=\"void(0)\">proces<\/a> przygotowa\u0144 do podpisania umowy stowarzyszeniowej z Uni\u0105 Europejsk\u0105 w czwartek. Porozumienie mia\u0142o by\u0107 zawarte na szczycie Partnerstwa Wschodniego, kt\u00f3ry zbierze si\u0119 28-29 listopada w Wilnie. W\u0142adze w Kijowie wyja\u015bni\u0142y, \u017ce Ukraina zdecydowa\u0142a si\u0119 na taki krok, by upora\u0107 si\u0119 z pogorszeniem relacji <a href=\"void(0)\">handlowych<\/a> z Rosj\u0105 oraz dlatego, \u017ce UE nie zaproponowa\u0142a stronie ukrai\u0144skiej zado\u015b\u0107uczynienia za wynikaj\u0105ce z tego straty.Rosja w znany sobie spos\u00f3b za\u0142atwia wszelkie spory szanta\u017cem, gro\u017abami, embargiem, lub ostatecznie krokami si\u0142owymi. Prezydent Janukowycz traci poparcie coraz bardziej ubo\u017cej\u0105cego spo\u0142ecze\u0144stwa ukrai\u0144skiego, lecz wie \u017ce na szali stoj\u0105 dalsze losy Ukrainy tak militarne jak gospodarcze. Dziwi\u0119 si\u0119 dyplomacji unijnej \u017ce tak walczy o Juli\u0119 Tymoszenko, skazan\u0105 wyrokiem za korupcj\u0119 (nazwan\u0105 obecnie wybi\u00f3rczym s\u0105dzeniem) ,kt\u00f3ra by\u0142a w opozycji do swego towarzysza z pomara\u0144czowego \u201emajdanu\u201d\u00a0 Wiktora Juszczenki, uk\u0142adaj\u0105c si\u0119 za plecami z Putinem. Dzi\u015b sta\u0142a si\u0119 dla UE\u00a0 wi\u0119\u017aniem sumienia. My te\u017c mamy takich wi\u0119\u017ani\u00f3w sumienia- pewnie nied\u0142ugo zrehabilituj\u0105 Bagsika i G\u0105siorowskiego a jego oscylator unijni eksperci potraktuj\u0105 jako b\u0142\u0119dy m\u0142odo\u015bci. Tam gdzie licz\u0105 si\u0119 interesy tam nie dzia\u0142a prawo. Pieni\u0105dz zast\u0119puje prawo a w\u0142adz\u0119 korumpuje. Niedziela na Ukrainie przebieg\u0142a pod znakiem \u201esponsorowanych\u201d protest\u00f3w tkzw. \u00a0&#8220;opozycji&#8220;. T\u0142um i aktywi\u015bci Swobody pr\u00f3bowali wtargn\u0105\u0107 do gmachu rz\u0105du, do kolejnych przepychanek dosz\u0142o na Majdanie Niepodleg\u0142o\u015bci, g\u0142\u00f3wnym placu Kijowa, gdzie od czwartku trwa protest przeciwko og\u0142oszonej przez w\u0142adze przerwie w przygotowaniach do podpisania <a href=\"void(0)\">umowy<\/a> stowarzyszeniowej z UE. Na plac wjecha\u0142y autobusy z funkcjonariuszami \u201eBerkuta\u201d. Ludzie nie pozwalali milicjantom wyj\u015b\u0107 na zewn\u0105trz, jednak ci \u2013 rozpychaj\u0105c si\u0119 \u0142okciami \u2013 przerwali blokad\u0119. Do Kijowa dotar\u0142 jeden z lider\u00f3w opozycji partii UDAR pi\u0119\u015bciarz Witalij Kliczko.Protesty maj\u0105 przebieg pokojowy , ale wybuchaj\u0105 te\u017c lokalnie zamieszki z si\u0142ami Milicji.Spalono min namiot komunist\u00f3w przy pomniku Lenina. W protestach bierze udzia\u0142 ok 150 tysi\u0119cy ludzi. Spontaniczne protesty nie s\u0105 mo\u017cliwe bez wcze\u015bniejszego przygotowania, pieni\u0119dzy i logistyki a w przypadku Ukrainy zasobnej w przemys\u0142 i bogactwa naturalne, pa\u0144stwo to jest \u0142akomym k\u0105skiem do wprowadzenia tam nowego liberalnego \u0142adu. Unia ,czyli Niemcy i Francja potrzebuj\u0105 odrobi\u0107 straty poniesione w Grecji i prywatyzacja za bezcen ukrai\u0144skiej gospodarki nadaje si\u0119 do tego jak ula\u0142. Te 150 tysi\u0119cy aktywist\u00f3w powinno najpierw prze\u015bledzi\u0107 histori\u0119 swego s\u0105siada Polski, bied\u0119, upadek przemys\u0142u ,bezrobocie, zanim wejd\u0105 na t\u0105 sam\u0105 drog\u0119 pozornego szcz\u0119\u015bcia. Dla zainteresowanych jak wygl\u0105da proces sterowanej rewolucji polecam film dokumentalny \u201eRewolucja-spos\u00f3b u\u017cycia\u201d. Rewolucja w Serbii (2001), Gruzji (2003), Ukrainie (2004), Kirgistanie (2005). Ich wsp\u00f3ln\u0105 cech\u0105 charakterystyczn\u0105 jest to, \u017ce w ci\u0105gu kilku dni lub godzin zosta\u0142y obalone autokratyczne rz\u0105dy, &#8222;wyros\u0142e&#8220; z dawnego Zwi\u0105zku Radzieckiego i silnie sprzymierzone z Moskw\u0105. Scenariusz zawsze taki sam: ludzie wychodz\u0105 na ulic\u0119, opinia publiczna pot\u0119pia zmanipulowane wybory, dawny rz\u0105d upada, a w\u0142adz\u0119 przejmuj\u0105 demokraci. Autorzy dokumentu pokazuj\u0105 rewolucj\u0119 w trzech etapach: przed, w trakcie i po. Od Biszkeku do Waszyngtonu, film ukazuje kulisy tych &#8222;demokratycznych rewolucji&#8220;, ods\u0142aniaj\u0105c wielko\u015b\u0107 wp\u0142yw\u00f3w USA w tych krajach.<\/p>\n<p style=\"text-align: justify\">Listopad 2013\u00a0\u00a0\u00a0\u00a0\u00a0\u00a0\u00a0\u00a0\u00a0\u00a0\u00a0\u00a0\u00a0\u00a0\u00a0\u00a0\u00a0\u00a0\u00a0\u00a0\u00a0\u00a0\u00a0\u00a0\u00a0 \u00a0\u00a0\u00a0\u00a0\u00a0\u00a0\u00a0\u00a0\u00a0\u00a0\u00a0\u00a0\u00a0\u00a0\u00a0\u00a0\u00a0\u00a0\u00a0\u00a0\u00a0\u00a0\u00a0\u00a0\u00a0\u00a0\u00a0\u00a0\u00a0\u00a0\u00a0\u00a0\u00a0\u00a0\u00a0\u00a0\u00a0\u00a0\u00a0\u00a0\u00a0\u00a0\u00a0\u00a0\u00a0\u00a0\u00a0\u00a0\u00a0\u00a0\u00a0\u00a0\u00a0\u00a0\u00a0\u00a0\u00a0\u00a0\u00a0\u00a0\u00a0\u00a0\u00a0\u00a0\u00a0\u00a0\u00a0\u00a0\u00a0\u00a0\u00a0\u00a0\u00a0\u00a0\u00a0\u00a0\u00a0\u00a0\u00a0\u00a0\u00a0\u00a0\u00a0\u00a0\u00a0\u00a0 Roman Boryczko<\/p>\n<p style=\"text-align: justify\">\n<div dir=\"LTR\" id=\"Sekcja1\" style=\"text-align: justify\">\n<div dir=\"LTR\" id=\"Sekcja2\">\n<p><a name=\"content\"><\/a><\/p>\n<div dir=\"LTR\" id=\"Sekcja3\">\n<p><a name=\"content-page-left\"><\/a><\/p>\n<div dir=\"LTR\" id=\"Sekcja4\"><\/div>\n<\/div>\n<\/div>\n<\/div>\n<p style=\"text-align: justify\">\n<p style=\"text-align: justify\">\n","protected":false},"excerpt":{"rendered":"<p>\u00a0Na Ukrainie zawrza\u0142o. Rz\u0105d Ukrainy wstrzyma\u0142 proces przygotowa\u0144 do podpisania umowy stowarzyszeniowej z Uni\u0105 Europejsk\u0105 w czwartek. Porozumienie mia\u0142o by\u0107<\/p>\n","protected":false},"author":7,"featured_media":12741,"comment_status":"open","ping_status":"open","sticky":false,"template":"","format":"standard","meta":{"colormag_page_layout":"default_layout","footnotes":""},"categories":[6],"tags":[89,92,715,716,714,708],"class_list":["post-12740","post","type-post","status-publish","format-standard","has-post-thumbnail","hentry","category-ue","tag-breaking","tag-headline","tag-julia-tymoszenko","tag-protesty-na-ukrainie","tag-svoboda","tag-ukraina"],"yoast_head":"<!-- This site is optimized with the Yoast SEO plugin v25.1 - https:\/\/yoast.com\/wordpress\/plugins\/seo\/ -->\n<title>UKRAINA-POLITYCY WALCZ\u0104 O \u0141AKOMY K\u0104SEK - SI\u0118 MY\u015aLI<\/title>\n<meta name=\"robots\" content=\"index, follow, max-snippet:-1, max-image-preview:large, max-video-preview:-1\" \/>\n<link rel=\"canonical\" href=\"https:\/\/siemysli-ke.info\/de\/ukraina-politycy-walcza-o-lakomy-kasek\/\" \/>\n<meta property=\"og:locale\" content=\"de_DE\" \/>\n<meta property=\"og:type\" content=\"article\" \/>\n<meta property=\"og:title\" content=\"UKRAINA-POLITYCY WALCZ\u0104 O \u0141AKOMY K\u0104SEK - SI\u0118 MY\u015aLI\" \/>\n<meta property=\"og:description\" content=\"\u00a0Na Ukrainie zawrza\u0142o. Rz\u0105d Ukrainy wstrzyma\u0142 proces przygotowa\u0144 do podpisania umowy stowarzyszeniowej z Uni\u0105 Europejsk\u0105 w czwartek. Porozumienie mia\u0142o by\u0107\" \/>\n<meta property=\"og:url\" content=\"https:\/\/siemysli-ke.info\/de\/ukraina-politycy-walcza-o-lakomy-kasek\/\" \/>\n<meta property=\"og:site_name\" content=\"SI\u0118 MY\u015aLI\" \/>\n<meta property=\"article:published_time\" content=\"2013-11-24T20:22:20+00:00\" \/>\n<meta property=\"og:image\" content=\"https:\/\/siemysli-ke.info\/wp-content\/uploads\/2013\/11\/z15007329Q1.jpg\" \/>\n\t<meta property=\"og:image:width\" content=\"620\" \/>\n\t<meta property=\"og:image:height\" content=\"430\" \/>\n\t<meta property=\"og:image:type\" content=\"image\/jpeg\" \/>\n<meta name=\"author\" content=\"Jaromir\" \/>\n<meta name=\"twitter:label1\" content=\"Verfasst von\" \/>\n\t<meta name=\"twitter:data1\" content=\"Jaromir\" \/>\n\t<meta name=\"twitter:label2\" content=\"Gesch\u00e4tzte Lesezeit\" \/>\n\t<meta name=\"twitter:data2\" content=\"3\u00a0Minuten\" \/>\n<script type=\"application\/ld+json\" class=\"yoast-schema-graph\">{\"@context\":\"https:\/\/schema.org\",\"@graph\":[{\"@type\":\"Article\",\"@id\":\"https:\/\/siemysli-ke.info\/de\/ukraina-politycy-walcza-o-lakomy-kasek\/#article\",\"isPartOf\":{\"@id\":\"https:\/\/siemysli-ke.info\/de\/ukraina-politycy-walcza-o-lakomy-kasek\/\"},\"author\":{\"name\":\"Jaromir\",\"@id\":\"https:\/\/siemysli-ke.info\/#\/schema\/person\/66d741fa745a44f2fe46d112bc6499f2\"},\"headline\":\"UKRAINA-POLITYCY WALCZ\u0104 O \u0141AKOMY K\u0104SEK\",\"datePublished\":\"2013-11-24T20:22:20+00:00\",\"mainEntityOfPage\":{\"@id\":\"https:\/\/siemysli-ke.info\/de\/ukraina-politycy-walcza-o-lakomy-kasek\/\"},\"wordCount\":558,\"commentCount\":0,\"publisher\":{\"@id\":\"https:\/\/siemysli-ke.info\/#organization\"},\"image\":{\"@id\":\"https:\/\/siemysli-ke.info\/de\/ukraina-politycy-walcza-o-lakomy-kasek\/#primaryimage\"},\"thumbnailUrl\":\"https:\/\/siemysli-ke.info\/wp-content\/uploads\/2013\/11\/z15007329Q1.jpg\",\"keywords\":[\"breaking\",\"headline\",\"Julia Tymoszenko\",\"protesty na Ukrainie\",\"svoboda\",\"Ukraina\"],\"articleSection\":[\"Unia Europejska\"],\"inLanguage\":\"de\",\"potentialAction\":[{\"@type\":\"CommentAction\",\"name\":\"Comment\",\"target\":[\"https:\/\/siemysli-ke.info\/de\/ukraina-politycy-walcza-o-lakomy-kasek\/#respond\"]}]},{\"@type\":\"WebPage\",\"@id\":\"https:\/\/siemysli-ke.info\/de\/ukraina-politycy-walcza-o-lakomy-kasek\/\",\"url\":\"https:\/\/siemysli-ke.info\/de\/ukraina-politycy-walcza-o-lakomy-kasek\/\",\"name\":\"UKRAINA-POLITYCY WALCZ\u0104 O \u0141AKOMY K\u0104SEK - SI\u0118 MY\u015aLI\",\"isPartOf\":{\"@id\":\"https:\/\/siemysli-ke.info\/de\/#website\"},\"primaryImageOfPage\":{\"@id\":\"https:\/\/siemysli-ke.info\/de\/ukraina-politycy-walcza-o-lakomy-kasek\/#primaryimage\"},\"image\":{\"@id\":\"https:\/\/siemysli-ke.info\/de\/ukraina-politycy-walcza-o-lakomy-kasek\/#primaryimage\"},\"thumbnailUrl\":\"https:\/\/siemysli-ke.info\/wp-content\/uploads\/2013\/11\/z15007329Q1.jpg\",\"datePublished\":\"2013-11-24T20:22:20+00:00\",\"breadcrumb\":{\"@id\":\"https:\/\/siemysli-ke.info\/de\/ukraina-politycy-walcza-o-lakomy-kasek\/#breadcrumb\"},\"inLanguage\":\"de\",\"potentialAction\":[{\"@type\":\"ReadAction\",\"target\":[[\"https:\/\/siemysli-ke.info\/de\/ukraina-politycy-walcza-o-lakomy-kasek\/\"]]}]},{\"@type\":\"ImageObject\",\"inLanguage\":\"de\",\"@id\":\"https:\/\/siemysli-ke.info\/de\/ukraina-politycy-walcza-o-lakomy-kasek\/#primaryimage\",\"url\":\"https:\/\/siemysli-ke.info\/wp-content\/uploads\/2013\/11\/z15007329Q1.jpg\",\"contentUrl\":\"https:\/\/siemysli-ke.info\/wp-content\/uploads\/2013\/11\/z15007329Q1.jpg\",\"width\":620,\"height\":430},{\"@type\":\"BreadcrumbList\",\"@id\":\"https:\/\/siemysli-ke.info\/de\/ukraina-politycy-walcza-o-lakomy-kasek\/#breadcrumb\",\"itemListElement\":[{\"@type\":\"ListItem\",\"position\":1,\"name\":\"Home\",\"item\":\"https:\/\/siemysli-ke.info\/de\/\"},{\"@type\":\"ListItem\",\"position\":2,\"name\":\"UKRAINA-POLITYCY WALCZ\u0104 O \u0141AKOMY K\u0104SEK\"}]},{\"@type\":\"WebSite\",\"@id\":\"https:\/\/siemysli-ke.info\/de\/#website\",\"url\":\"https:\/\/siemysli-ke.info\/de\/\",\"name\":\"SI\u0118 MY\u015aLI\",\"description\":\"\",\"publisher\":{\"@id\":\"https:\/\/siemysli-ke.info\/de\/#organization\"},\"potentialAction\":[{\"@type\":\"SearchAction\",\"target\":{\"@type\":\"EntryPoint\",\"urlTemplate\":\"https:\/\/siemysli-ke.info\/de\/?s={search_term_string}\"},\"query-input\":{\"@type\":\"PropertyValueSpecification\",\"valueRequired\":true,\"valueName\":\"search_term_string\"}}],\"inLanguage\":\"de\"},{\"@type\":\"Organization\",\"@id\":\"https:\/\/siemysli-ke.info\/de\/#organization\",\"name\":\"SI\u0118 MY\u015aLI\",\"url\":\"https:\/\/siemysli-ke.info\/de\/\",\"logo\":{\"@type\":\"ImageObject\",\"inLanguage\":\"de\",\"@id\":\"https:\/\/siemysli-ke.info\/de\/#\/schema\/logo\/image\/\",\"url\":\"https:\/\/siemysli-ke.info\/wp-content\/uploads\/2025\/05\/99.png\",\"contentUrl\":\"https:\/\/siemysli-ke.info\/wp-content\/uploads\/2025\/05\/99.png\",\"width\":270,\"height\":204,\"caption\":\"SI\u0118 MY\u015aLI\"},\"image\":{\"@id\":\"https:\/\/siemysli-ke.info\/de\/#\/schema\/logo\/image\/\"}},{\"@type\":\"Person\",\"@id\":\"https:\/\/siemysli-ke.info\/#\/schema\/person\/66d741fa745a44f2fe46d112bc6499f2\",\"name\":\"Jaromir\",\"image\":{\"@type\":\"ImageObject\",\"inLanguage\":\"de\",\"@id\":\"https:\/\/siemysli-ke.info\/de\/#\/schema\/person\/image\/\",\"url\":\"https:\/\/secure.gravatar.com\/avatar\/fe881559e8ac8dda20293e9e8317d4678c6ad8f65f85a9ce5e1a87cee56b6198?s=96&d=mm&r=g\",\"contentUrl\":\"https:\/\/secure.gravatar.com\/avatar\/fe881559e8ac8dda20293e9e8317d4678c6ad8f65f85a9ce5e1a87cee56b6198?s=96&d=mm&r=g\",\"caption\":\"Jaromir\"},\"url\":\"https:\/\/siemysli-ke.info\/de\/author\/jaromir\/\"}]}<\/script>\n<!-- \/ Yoast SEO plugin. -->","yoast_head_json":{"title":"UKRAINA-POLITYCY WALCZ\u0104 O \u0141AKOMY K\u0104SEK - SI\u0118 MY\u015aLI","robots":{"index":"index","follow":"follow","max-snippet":"max-snippet:-1","max-image-preview":"max-image-preview:large","max-video-preview":"max-video-preview:-1"},"canonical":"https:\/\/siemysli-ke.info\/de\/ukraina-politycy-walcza-o-lakomy-kasek\/","og_locale":"de_DE","og_type":"article","og_title":"UKRAINA-POLITYCY WALCZ\u0104 O \u0141AKOMY K\u0104SEK - SI\u0118 MY\u015aLI","og_description":"\u00a0Na Ukrainie zawrza\u0142o. Rz\u0105d Ukrainy wstrzyma\u0142 proces przygotowa\u0144 do podpisania umowy stowarzyszeniowej z Uni\u0105 Europejsk\u0105 w czwartek. Porozumienie mia\u0142o by\u0107","og_url":"https:\/\/siemysli-ke.info\/de\/ukraina-politycy-walcza-o-lakomy-kasek\/","og_site_name":"SI\u0118 MY\u015aLI","article_published_time":"2013-11-24T20:22:20+00:00","og_image":[{"width":620,"height":430,"url":"https:\/\/siemysli-ke.info\/wp-content\/uploads\/2013\/11\/z15007329Q1.jpg","type":"image\/jpeg"}],"author":"Jaromir","twitter_misc":{"Verfasst von":"Jaromir","Gesch\u00e4tzte Lesezeit":"3\u00a0Minuten"},"schema":{"@context":"https:\/\/schema.org","@graph":[{"@type":"Article","@id":"https:\/\/siemysli-ke.info\/de\/ukraina-politycy-walcza-o-lakomy-kasek\/#article","isPartOf":{"@id":"https:\/\/siemysli-ke.info\/de\/ukraina-politycy-walcza-o-lakomy-kasek\/"},"author":{"name":"Jaromir","@id":"https:\/\/siemysli-ke.info\/#\/schema\/person\/66d741fa745a44f2fe46d112bc6499f2"},"headline":"UKRAINA-POLITYCY WALCZ\u0104 O \u0141AKOMY K\u0104SEK","datePublished":"2013-11-24T20:22:20+00:00","mainEntityOfPage":{"@id":"https:\/\/siemysli-ke.info\/de\/ukraina-politycy-walcza-o-lakomy-kasek\/"},"wordCount":558,"commentCount":0,"publisher":{"@id":"https:\/\/siemysli-ke.info\/#organization"},"image":{"@id":"https:\/\/siemysli-ke.info\/de\/ukraina-politycy-walcza-o-lakomy-kasek\/#primaryimage"},"thumbnailUrl":"https:\/\/siemysli-ke.info\/wp-content\/uploads\/2013\/11\/z15007329Q1.jpg","keywords":["breaking","headline","Julia Tymoszenko","protesty na Ukrainie","svoboda","Ukraina"],"articleSection":["Unia Europejska"],"inLanguage":"de","potentialAction":[{"@type":"CommentAction","name":"Comment","target":["https:\/\/siemysli-ke.info\/de\/ukraina-politycy-walcza-o-lakomy-kasek\/#respond"]}]},{"@type":"WebPage","@id":"https:\/\/siemysli-ke.info\/de\/ukraina-politycy-walcza-o-lakomy-kasek\/","url":"https:\/\/siemysli-ke.info\/de\/ukraina-politycy-walcza-o-lakomy-kasek\/","name":"UKRAINA-POLITYCY WALCZ\u0104 O \u0141AKOMY K\u0104SEK - SI\u0118 MY\u015aLI","isPartOf":{"@id":"https:\/\/siemysli-ke.info\/de\/#website"},"primaryImageOfPage":{"@id":"https:\/\/siemysli-ke.info\/de\/ukraina-politycy-walcza-o-lakomy-kasek\/#primaryimage"},"image":{"@id":"https:\/\/siemysli-ke.info\/de\/ukraina-politycy-walcza-o-lakomy-kasek\/#primaryimage"},"thumbnailUrl":"https:\/\/siemysli-ke.info\/wp-content\/uploads\/2013\/11\/z15007329Q1.jpg","datePublished":"2013-11-24T20:22:20+00:00","breadcrumb":{"@id":"https:\/\/siemysli-ke.info\/de\/ukraina-politycy-walcza-o-lakomy-kasek\/#breadcrumb"},"inLanguage":"de","potentialAction":[{"@type":"ReadAction","target":[["https:\/\/siemysli-ke.info\/de\/ukraina-politycy-walcza-o-lakomy-kasek\/"]]}]},{"@type":"ImageObject","inLanguage":"de","@id":"https:\/\/siemysli-ke.info\/de\/ukraina-politycy-walcza-o-lakomy-kasek\/#primaryimage","url":"https:\/\/siemysli-ke.info\/wp-content\/uploads\/2013\/11\/z15007329Q1.jpg","contentUrl":"https:\/\/siemysli-ke.info\/wp-content\/uploads\/2013\/11\/z15007329Q1.jpg","width":620,"height":430},{"@type":"BreadcrumbList","@id":"https:\/\/siemysli-ke.info\/de\/ukraina-politycy-walcza-o-lakomy-kasek\/#breadcrumb","itemListElement":[{"@type":"ListItem","position":1,"name":"Home","item":"https:\/\/siemysli-ke.info\/de\/"},{"@type":"ListItem","position":2,"name":"UKRAINA-POLITYCY WALCZ\u0104 O \u0141AKOMY K\u0104SEK"}]},{"@type":"WebSite","@id":"https:\/\/siemysli-ke.info\/de\/#website","url":"https:\/\/siemysli-ke.info\/de\/","name":"SI\u0118 MY\u015aLI","description":"","publisher":{"@id":"https:\/\/siemysli-ke.info\/de\/#organization"},"potentialAction":[{"@type":"SearchAction","target":{"@type":"EntryPoint","urlTemplate":"https:\/\/siemysli-ke.info\/de\/?s={search_term_string}"},"query-input":{"@type":"PropertyValueSpecification","valueRequired":true,"valueName":"search_term_string"}}],"inLanguage":"de"},{"@type":"Organization","@id":"https:\/\/siemysli-ke.info\/de\/#organization","name":"SI\u0118 MY\u015aLI","url":"https:\/\/siemysli-ke.info\/de\/","logo":{"@type":"ImageObject","inLanguage":"de","@id":"https:\/\/siemysli-ke.info\/de\/#\/schema\/logo\/image\/","url":"https:\/\/siemysli-ke.info\/wp-content\/uploads\/2025\/05\/99.png","contentUrl":"https:\/\/siemysli-ke.info\/wp-content\/uploads\/2025\/05\/99.png","width":270,"height":204,"caption":"SI\u0118 MY\u015aLI"},"image":{"@id":"https:\/\/siemysli-ke.info\/de\/#\/schema\/logo\/image\/"}},{"@type":"Person","@id":"https:\/\/siemysli-ke.info\/#\/schema\/person\/66d741fa745a44f2fe46d112bc6499f2","name":"Jaromir","image":{"@type":"ImageObject","inLanguage":"de","@id":"https:\/\/siemysli-ke.info\/de\/#\/schema\/person\/image\/","url":"https:\/\/secure.gravatar.com\/avatar\/fe881559e8ac8dda20293e9e8317d4678c6ad8f65f85a9ce5e1a87cee56b6198?s=96&d=mm&r=g","contentUrl":"https:\/\/secure.gravatar.com\/avatar\/fe881559e8ac8dda20293e9e8317d4678c6ad8f65f85a9ce5e1a87cee56b6198?s=96&d=mm&r=g","caption":"Jaromir"},"url":"https:\/\/siemysli-ke.info\/de\/author\/jaromir\/"}]}},"_links":{"self":[{"href":"https:\/\/siemysli-ke.info\/de\/wp-json\/wp\/v2\/posts\/12740","targetHints":{"allow":["GET"]}}],"collection":[{"href":"https:\/\/siemysli-ke.info\/de\/wp-json\/wp\/v2\/posts"}],"about":[{"href":"https:\/\/siemysli-ke.info\/de\/wp-json\/wp\/v2\/types\/post"}],"author":[{"embeddable":true,"href":"https:\/\/siemysli-ke.info\/de\/wp-json\/wp\/v2\/users\/7"}],"replies":[{"embeddable":true,"href":"https:\/\/siemysli-ke.info\/de\/wp-json\/wp\/v2\/comments?post=12740"}],"version-history":[{"count":0,"href":"https:\/\/siemysli-ke.info\/de\/wp-json\/wp\/v2\/posts\/12740\/revisions"}],"wp:featuredmedia":[{"embeddable":true,"href":"https:\/\/siemysli-ke.info\/de\/wp-json\/wp\/v2\/media\/12741"}],"wp:attachment":[{"href":"https:\/\/siemysli-ke.info\/de\/wp-json\/wp\/v2\/media?parent=12740"}],"wp:term":[{"taxonomy":"category","embeddable":true,"href":"https:\/\/siemysli-ke.info\/de\/wp-json\/wp\/v2\/categories?post=12740"},{"taxonomy":"post_tag","embeddable":true,"href":"https:\/\/siemysli-ke.info\/de\/wp-json\/wp\/v2\/tags?post=12740"}],"curies":[{"name":"wp","href":"https:\/\/api.w.org\/{rel}","templated":true}]}}