 {"id":12718,"date":"2013-11-19T21:08:34","date_gmt":"2013-11-19T20:08:34","guid":{"rendered":"http:\/\/www.siemysli.info.ke\/?p=12718"},"modified":"2013-11-19T22:23:30","modified_gmt":"2013-11-19T21:23:30","slug":"infopol-lt-konczy-swoja-dzialalnosc","status":"publish","type":"post","link":"https:\/\/siemysli-ke.info\/de\/infopol-lt-konczy-swoja-dzialalnosc\/","title":{"rendered":"INFOPOL.LT ko\u0144czy swoj\u0105 dzia\u0142alno\u015b\u0107"},"content":{"rendered":"<p style=\"text-align: justify;\">Dz<img decoding=\"async\" class=\"alignleft size-full wp-image-12722\" alt=\"virsus_logo\" src=\"http:\/\/www.siemysli.info.ke\/wp-content\/uploads\/2013\/11\/virsus_logo.jpg\" width=\"148\" height=\"42\" \/>isiaj, 11. listopada, mija 6. rocznica powstania w internetowej przestrzeni naszego portalu Infopol.lt. Utworzony z ambicji zaledwie kilku os\u00f3b, znanych z g\u0142oszenia wolnego s\u0142owa oraz dzi\u0119ki ich spo\u0142ecznemu zaanga\u017cowaniu, by\u0142 to pierwszy pe\u0142nowymiarowy polski serwis informacyjny &#8211; a zarazem pierwsze niezale\u017cne medium na Litwie, przygotowywane g\u0142\u00f3wnie z my\u015bl\u0105 o litewskich Polakach. Dzi\u015b obchodzimy wi\u0119c nie tylko 7 rocznic\u0119 istnienia portalu, ale w pewnym sensie te\u017c kolejn\u0105 rocznic\u0119 wolno\u015bci polskiego s\u0142owa na Litwie. <b>Niestety jest to smutna dla nas rocznica, bo ostatnia. Podj\u0119li\u015bmy decyzj\u0119 o zamkni\u0119ciu portalu z powodu braku \u015brodk\u00f3w finansowych na <\/b><b>jego kontynuacj\u0119.<\/b><!--more--> Mimo spo\u0142ecznego zaanga\u017cowania tw\u00f3rc\u00f3w i autor\u00f3w serwisu tworzenie portalu, a zw\u0142aszcza jego utrzymanie, jednak &#8211; kosztuje. Sam serwis, jako wci\u0105\u017c jedyne na Litwie niezale\u017cne polskie medium, niestety nie generuje przychod\u00f3w. W dzisiejszym bowiem \u015bwiecie konformizmu i p\u0142aszczenia si\u0119 przed polityczn\u0105 koniunktur\u0105, g\u0142oszonej przez nas prawdzie trudno jest konkurowa\u0107 na rynku z us\u0142u\u017cnymi i pos\u0142usznymi, przez to hojnie sponsorowanymi, innymi mediami, <b>a raczej tablicami og\u0142osze\u0144 ich sponsor\u00f3w<\/b>. Kolokwialnie wi\u0119c m\u00f3wi\u0105c \u2013 niezale\u017cno\u015b\u0107 nie op\u0142aca si\u0119, a prawda si\u0119 nie sprzedaje. Nie chcemy jednak i\u015b\u0107 w \u015blady innych i stawa\u0107 si\u0119 kieszonkowym medium kt\u00f3rego\u015b z tzw. donator\u00f3w, bo mija si\u0119 to z g\u0142\u00f3wnymi idea\u0142ami naszego portalu \u2013 jakimi s\u0105 niezale\u017cne medium i wolne s\u0142owo. Infopol powsta\u0142 dla tych idea\u0142\u00f3w, dla nich wi\u0119c te\u017c umiera.<\/p>\n<p style=\"text-align: justify;\"><img decoding=\"async\" class=\"size-medium wp-image-12724 aligncenter\" alt=\"100_9164\" src=\"http:\/\/www.siemysli.info.ke\/wp-content\/uploads\/2013\/11\/100_9164-300x200.jpg\" width=\"300\" height=\"200\" srcset=\"https:\/\/siemysli-ke.info\/wp-content\/uploads\/2013\/11\/100_9164-300x200.jpg 300w, https:\/\/siemysli-ke.info\/wp-content\/uploads\/2013\/11\/100_9164-1024x682.jpg 1024w, https:\/\/siemysli-ke.info\/wp-content\/uploads\/2013\/11\/100_9164.jpg 1632w\" sizes=\"(max-width: 300px) 100vw, 300px\" \/><\/p>\n<p style=\"text-align: center;\"><em>&#8222;Infopol&#8220; &#8222;po godzinach&#8220; &#8211; od prawej: tw\u00f3rca i red. naczelny portalu, red. Stanis\u0142aw Tarasiewicz, red. Aleksander de Ville Radczenko i red. Lech L. Przychodzki. Wilno, pa\u017adziernik 2008 r. Fot. Arkadiusz Jele\u0144<\/em><\/p>\n<p style=\"text-align: justify;\">Cieszymy si\u0119 jednak, \u017ce przez 7 lat \u017cmudnej pracy byli\u015bmy z Wami, nasi drodzy Czytelnicy. Cieszymy si\u0119 te\u017c, i\u017c nasz portal sta\u0142 si\u0119 bod\u017acem do rozwoju internetowych serwis\u00f3w polskiej mniejszo\u015bci na Litwie. I cho\u0107 ka\u017cdy z nich s\u0142u\u017cy dzi\u015b przys\u0142owiowemu \u201eswojemu w\u0142adcy\u201d, wierzymy, \u017ce polski Czytelnik na Litwie, zahartowany w czasach propagandy sowieckiej i dzi\u015b potrafi przeczyta\u0107 \u201emi\u0119dzy wierszami\u201d i odr\u00f3\u017cni\u0107 ziarno prawdy od plew k\u0142amstwa. <b>\u017byczymy nam wszystkim, by wolno\u015bci s\u0142owa i prawdy w polskoj\u0119zycznych mediach na Litwie by\u0142oby jak najwi\u0119cej<\/b>.<\/p>\n<p style=\"text-align: justify;\">Mamy te\u017c nadziej\u0119, \u017ce kiedy\u015b znowu spotkamy si\u0119 z naszymi Czytelnikami, tote\u017c odchodz\u0105c nie \u017cegnamy si\u0119, lecz m\u00f3wimy Wam DO WIDZENIA!<\/p>\n<p style=\"text-align: justify;\"><img decoding=\"async\" class=\"size-medium wp-image-12725 aligncenter\" alt=\"img041\" src=\"http:\/\/www.siemysli.info.ke\/wp-content\/uploads\/2013\/11\/img041-300x187.jpg\" width=\"300\" height=\"187\" srcset=\"https:\/\/siemysli-ke.info\/wp-content\/uploads\/2013\/11\/img041-300x187.jpg 300w, https:\/\/siemysli-ke.info\/wp-content\/uploads\/2013\/11\/img041-1024x639.jpg 1024w, https:\/\/siemysli-ke.info\/wp-content\/uploads\/2013\/11\/img041.jpg 1125w\" sizes=\"(max-width: 300px) 100vw, 300px\" \/><\/p>\n<p style=\"text-align: center;\"><em>To ju\u017c historia<\/em>, <em>a szkoda<\/em>!<\/p>\n<p style=\"text-align: justify;\">Informujemy r\u00f3wnie\u017c, i\u017c archiwalna ju\u017c strona portalu dost\u0119pna b\u0119dzie w Internecie do czasu wyga\u015bni\u0119cia domeny infopol.lt oraz umowy z operatorem serwera, na kt\u00f3rym znajduj\u0105 si\u0119 zasoby portalu.<\/p>\n<p align=\"right\"><strong>INFOPOL.LT<\/strong><\/p>\n<p style=\"text-align: justify;\" align=\"right\"><strong>Od Siemysli<\/strong>&#8230;: <em>Wi\u0119cej ni\u017c szkoda.<\/em> <em>Portal odszed\u0142 w niebyt, bo nie schlebia\u0142 politykom. Ani litewskim ani polskim. Niekt\u00f3rzy po cichu podziwiali red. Tarasiewicza i jego przyjaci\u00f3\u0142, ale oficjalnie &#8222;nie zauwa\u017cali&#8220; istnienia &#8222;Infopolu&#8220;.<\/em> <em>Kolejne<\/em> <em>wolne medium szlag<\/em> <em>trafia na naszych oczach.\u00a0Wola\u0142bym<\/em> <em>mie\u0107 do czynienia\u00a0z innym znakiem <\/em>czasu.<\/p>\n<p style=\"text-align: right;\" align=\"right\"><strong>Edward L. Soroka<\/strong><\/p>\n<p style=\"text-align: right;\" align=\"right\">red. nacz.<\/p>\n<p style=\"text-align: right;\" align=\"right\">www.siemysli.info.ke<\/p>\n","protected":false},"excerpt":{"rendered":"<p>Dzisiaj, 11. listopada, mija 6. rocznica powstania w internetowej przestrzeni naszego portalu Infopol.lt. Utworzony z ambicji zaledwie kilku os\u00f3b, znanych<\/p>\n","protected":false},"author":3,"featured_media":12722,"comment_status":"open","ping_status":"open","sticky":false,"template":"","format":"standard","meta":{"colormag_page_layout":"default_layout","footnotes":""},"categories":[3,81],"tags":[700,89,293,92,304,701,706,702,704,699,533,705,703],"class_list":["post-12718","post","type-post","status-publish","format-standard","has-post-thumbnail","hentry","category-kultura","category-rzeczpospolita","tag-aleksander-de-ville-radczenko","tag-breaking","tag-edward-l-soroka","tag-headline","tag-lech-l-przychodzki","tag-litwa","tag-niezalezne-media","tag-polacy-na-litwie","tag-polskojezyczne-media","tag-stanislaw-tarasiewicz","tag-wilno","tag-wolnosc-slowa","tag-www-infopol-lt"],"yoast_head":"<!-- This site is optimized with the Yoast SEO plugin v25.1 - https:\/\/yoast.com\/wordpress\/plugins\/seo\/ -->\n<title>INFOPOL.LT ko\u0144czy swoj\u0105 dzia\u0142alno\u015b\u0107 - SI\u0118 MY\u015aLI<\/title>\n<meta name=\"robots\" content=\"index, follow, max-snippet:-1, max-image-preview:large, max-video-preview:-1\" \/>\n<link rel=\"canonical\" href=\"https:\/\/siemysli-ke.info\/de\/infopol-lt-konczy-swoja-dzialalnosc\/\" \/>\n<meta property=\"og:locale\" content=\"de_DE\" \/>\n<meta property=\"og:type\" content=\"article\" \/>\n<meta property=\"og:title\" content=\"INFOPOL.LT ko\u0144czy swoj\u0105 dzia\u0142alno\u015b\u0107 - SI\u0118 MY\u015aLI\" \/>\n<meta property=\"og:description\" content=\"Dzisiaj, 11. listopada, mija 6. rocznica powstania w internetowej przestrzeni naszego portalu Infopol.lt. Utworzony z ambicji zaledwie kilku os\u00f3b, znanych\" \/>\n<meta property=\"og:url\" content=\"https:\/\/siemysli-ke.info\/de\/infopol-lt-konczy-swoja-dzialalnosc\/\" \/>\n<meta property=\"og:site_name\" content=\"SI\u0118 MY\u015aLI\" \/>\n<meta property=\"article:published_time\" content=\"2013-11-19T20:08:34+00:00\" \/>\n<meta property=\"article:modified_time\" content=\"2013-11-19T21:23:30+00:00\" \/>\n<meta property=\"og:image\" content=\"https:\/\/siemysli-ke.info\/wp-content\/uploads\/2013\/11\/virsus_logo.jpg\" \/>\n\t<meta property=\"og:image:width\" content=\"148\" \/>\n\t<meta property=\"og:image:height\" content=\"42\" \/>\n\t<meta property=\"og:image:type\" content=\"image\/jpeg\" \/>\n<meta name=\"author\" content=\"...\" \/>\n<meta name=\"twitter:label1\" content=\"Verfasst von\" \/>\n\t<meta name=\"twitter:data1\" content=\"...\" \/>\n\t<meta name=\"twitter:label2\" content=\"Gesch\u00e4tzte Lesezeit\" \/>\n\t<meta name=\"twitter:data2\" content=\"3\u00a0Minuten\" \/>\n<script type=\"application\/ld+json\" class=\"yoast-schema-graph\">{\"@context\":\"https:\/\/schema.org\",\"@graph\":[{\"@type\":\"Article\",\"@id\":\"https:\/\/siemysli-ke.info\/de\/infopol-lt-konczy-swoja-dzialalnosc\/#article\",\"isPartOf\":{\"@id\":\"https:\/\/siemysli-ke.info\/de\/infopol-lt-konczy-swoja-dzialalnosc\/\"},\"author\":{\"name\":\"...\",\"@id\":\"https:\/\/siemysli-ke.info\/#\/schema\/person\/75326687448d6abf738b156f56385210\"},\"headline\":\"INFOPOL.LT ko\u0144czy swoj\u0105 dzia\u0142alno\u015b\u0107\",\"datePublished\":\"2013-11-19T20:08:34+00:00\",\"dateModified\":\"2013-11-19T21:23:30+00:00\",\"mainEntityOfPage\":{\"@id\":\"https:\/\/siemysli-ke.info\/de\/infopol-lt-konczy-swoja-dzialalnosc\/\"},\"wordCount\":520,\"commentCount\":2,\"publisher\":{\"@id\":\"https:\/\/siemysli-ke.info\/#organization\"},\"image\":{\"@id\":\"https:\/\/siemysli-ke.info\/de\/infopol-lt-konczy-swoja-dzialalnosc\/#primaryimage\"},\"thumbnailUrl\":\"https:\/\/siemysli-ke.info\/wp-content\/uploads\/2013\/11\/virsus_logo.jpg\",\"keywords\":[\"Aleksander de Ville Radczenko\",\"breaking\",\"Edward L. Soroka\",\"headline\",\"Lech L. Przychodzki\",\"Litwa\",\"niezale\u017cne media\",\"Polacy na Litwie\",\"polskoj\u0119zyczne media\",\"Stanis\u0142aw Tarasiewicz\",\"Wilno\",\"wolno\u015b\u0107 s\u0142owa\",\"www.infopol.lt\"],\"articleSection\":[\"Kultura\",\"Rzeczypospolita\"],\"inLanguage\":\"de\",\"potentialAction\":[{\"@type\":\"CommentAction\",\"name\":\"Comment\",\"target\":[\"https:\/\/siemysli-ke.info\/de\/infopol-lt-konczy-swoja-dzialalnosc\/#respond\"]}]},{\"@type\":\"WebPage\",\"@id\":\"https:\/\/siemysli-ke.info\/de\/infopol-lt-konczy-swoja-dzialalnosc\/\",\"url\":\"https:\/\/siemysli-ke.info\/de\/infopol-lt-konczy-swoja-dzialalnosc\/\",\"name\":\"INFOPOL.LT ko\u0144czy swoj\u0105 dzia\u0142alno\u015b\u0107 - SI\u0118 MY\u015aLI\",\"isPartOf\":{\"@id\":\"https:\/\/siemysli-ke.info\/de\/#website\"},\"primaryImageOfPage\":{\"@id\":\"https:\/\/siemysli-ke.info\/de\/infopol-lt-konczy-swoja-dzialalnosc\/#primaryimage\"},\"image\":{\"@id\":\"https:\/\/siemysli-ke.info\/de\/infopol-lt-konczy-swoja-dzialalnosc\/#primaryimage\"},\"thumbnailUrl\":\"https:\/\/siemysli-ke.info\/wp-content\/uploads\/2013\/11\/virsus_logo.jpg\",\"datePublished\":\"2013-11-19T20:08:34+00:00\",\"dateModified\":\"2013-11-19T21:23:30+00:00\",\"breadcrumb\":{\"@id\":\"https:\/\/siemysli-ke.info\/de\/infopol-lt-konczy-swoja-dzialalnosc\/#breadcrumb\"},\"inLanguage\":\"de\",\"potentialAction\":[{\"@type\":\"ReadAction\",\"target\":[[\"https:\/\/siemysli-ke.info\/de\/infopol-lt-konczy-swoja-dzialalnosc\/\"]]}]},{\"@type\":\"ImageObject\",\"inLanguage\":\"de\",\"@id\":\"https:\/\/siemysli-ke.info\/de\/infopol-lt-konczy-swoja-dzialalnosc\/#primaryimage\",\"url\":\"https:\/\/siemysli-ke.info\/wp-content\/uploads\/2013\/11\/virsus_logo.jpg\",\"contentUrl\":\"https:\/\/siemysli-ke.info\/wp-content\/uploads\/2013\/11\/virsus_logo.jpg\",\"width\":148,\"height\":42},{\"@type\":\"BreadcrumbList\",\"@id\":\"https:\/\/siemysli-ke.info\/de\/infopol-lt-konczy-swoja-dzialalnosc\/#breadcrumb\",\"itemListElement\":[{\"@type\":\"ListItem\",\"position\":1,\"name\":\"Home\",\"item\":\"https:\/\/siemysli-ke.info\/de\/\"},{\"@type\":\"ListItem\",\"position\":2,\"name\":\"INFOPOL.LT ko\u0144czy swoj\u0105 dzia\u0142alno\u015b\u0107\"}]},{\"@type\":\"WebSite\",\"@id\":\"https:\/\/siemysli-ke.info\/de\/#website\",\"url\":\"https:\/\/siemysli-ke.info\/de\/\",\"name\":\"SI\u0118 MY\u015aLI\",\"description\":\"\",\"publisher\":{\"@id\":\"https:\/\/siemysli-ke.info\/de\/#organization\"},\"potentialAction\":[{\"@type\":\"SearchAction\",\"target\":{\"@type\":\"EntryPoint\",\"urlTemplate\":\"https:\/\/siemysli-ke.info\/de\/?s={search_term_string}\"},\"query-input\":{\"@type\":\"PropertyValueSpecification\",\"valueRequired\":true,\"valueName\":\"search_term_string\"}}],\"inLanguage\":\"de\"},{\"@type\":\"Organization\",\"@id\":\"https:\/\/siemysli-ke.info\/de\/#organization\",\"name\":\"SI\u0118 MY\u015aLI\",\"url\":\"https:\/\/siemysli-ke.info\/de\/\",\"logo\":{\"@type\":\"ImageObject\",\"inLanguage\":\"de\",\"@id\":\"https:\/\/siemysli-ke.info\/de\/#\/schema\/logo\/image\/\",\"url\":\"https:\/\/siemysli-ke.info\/wp-content\/uploads\/2025\/05\/99.png\",\"contentUrl\":\"https:\/\/siemysli-ke.info\/wp-content\/uploads\/2025\/05\/99.png\",\"width\":270,\"height\":204,\"caption\":\"SI\u0118 MY\u015aLI\"},\"image\":{\"@id\":\"https:\/\/siemysli-ke.info\/de\/#\/schema\/logo\/image\/\"}},{\"@type\":\"Person\",\"@id\":\"https:\/\/siemysli-ke.info\/#\/schema\/person\/75326687448d6abf738b156f56385210\",\"name\":\"...\",\"image\":{\"@type\":\"ImageObject\",\"inLanguage\":\"de\",\"@id\":\"https:\/\/siemysli-ke.info\/de\/#\/schema\/person\/image\/\",\"url\":\"https:\/\/secure.gravatar.com\/avatar\/33a3c2559155e1b4add65cf88cafda785aeb920f44b97c7055b07866ab5b13c2?s=96&d=mm&r=g\",\"contentUrl\":\"https:\/\/secure.gravatar.com\/avatar\/33a3c2559155e1b4add65cf88cafda785aeb920f44b97c7055b07866ab5b13c2?s=96&d=mm&r=g\",\"caption\":\"...\"},\"url\":\"https:\/\/siemysli-ke.info\/de\/author\/lele\/\"}]}<\/script>\n<!-- \/ Yoast SEO plugin. -->","yoast_head_json":{"title":"INFOPOL.LT ko\u0144czy swoj\u0105 dzia\u0142alno\u015b\u0107 - SI\u0118 MY\u015aLI","robots":{"index":"index","follow":"follow","max-snippet":"max-snippet:-1","max-image-preview":"max-image-preview:large","max-video-preview":"max-video-preview:-1"},"canonical":"https:\/\/siemysli-ke.info\/de\/infopol-lt-konczy-swoja-dzialalnosc\/","og_locale":"de_DE","og_type":"article","og_title":"INFOPOL.LT ko\u0144czy swoj\u0105 dzia\u0142alno\u015b\u0107 - SI\u0118 MY\u015aLI","og_description":"Dzisiaj, 11. listopada, mija 6. rocznica powstania w internetowej przestrzeni naszego portalu Infopol.lt. Utworzony z ambicji zaledwie kilku os\u00f3b, znanych","og_url":"https:\/\/siemysli-ke.info\/de\/infopol-lt-konczy-swoja-dzialalnosc\/","og_site_name":"SI\u0118 MY\u015aLI","article_published_time":"2013-11-19T20:08:34+00:00","article_modified_time":"2013-11-19T21:23:30+00:00","og_image":[{"width":148,"height":42,"url":"https:\/\/siemysli-ke.info\/wp-content\/uploads\/2013\/11\/virsus_logo.jpg","type":"image\/jpeg"}],"author":"...","twitter_misc":{"Verfasst von":"...","Gesch\u00e4tzte Lesezeit":"3\u00a0Minuten"},"schema":{"@context":"https:\/\/schema.org","@graph":[{"@type":"Article","@id":"https:\/\/siemysli-ke.info\/de\/infopol-lt-konczy-swoja-dzialalnosc\/#article","isPartOf":{"@id":"https:\/\/siemysli-ke.info\/de\/infopol-lt-konczy-swoja-dzialalnosc\/"},"author":{"name":"...","@id":"https:\/\/siemysli-ke.info\/#\/schema\/person\/75326687448d6abf738b156f56385210"},"headline":"INFOPOL.LT ko\u0144czy swoj\u0105 dzia\u0142alno\u015b\u0107","datePublished":"2013-11-19T20:08:34+00:00","dateModified":"2013-11-19T21:23:30+00:00","mainEntityOfPage":{"@id":"https:\/\/siemysli-ke.info\/de\/infopol-lt-konczy-swoja-dzialalnosc\/"},"wordCount":520,"commentCount":2,"publisher":{"@id":"https:\/\/siemysli-ke.info\/#organization"},"image":{"@id":"https:\/\/siemysli-ke.info\/de\/infopol-lt-konczy-swoja-dzialalnosc\/#primaryimage"},"thumbnailUrl":"https:\/\/siemysli-ke.info\/wp-content\/uploads\/2013\/11\/virsus_logo.jpg","keywords":["Aleksander de Ville Radczenko","breaking","Edward L. Soroka","headline","Lech L. Przychodzki","Litwa","niezale\u017cne media","Polacy na Litwie","polskoj\u0119zyczne media","Stanis\u0142aw Tarasiewicz","Wilno","wolno\u015b\u0107 s\u0142owa","www.infopol.lt"],"articleSection":["Kultura","Rzeczypospolita"],"inLanguage":"de","potentialAction":[{"@type":"CommentAction","name":"Comment","target":["https:\/\/siemysli-ke.info\/de\/infopol-lt-konczy-swoja-dzialalnosc\/#respond"]}]},{"@type":"WebPage","@id":"https:\/\/siemysli-ke.info\/de\/infopol-lt-konczy-swoja-dzialalnosc\/","url":"https:\/\/siemysli-ke.info\/de\/infopol-lt-konczy-swoja-dzialalnosc\/","name":"INFOPOL.LT ko\u0144czy swoj\u0105 dzia\u0142alno\u015b\u0107 - SI\u0118 MY\u015aLI","isPartOf":{"@id":"https:\/\/siemysli-ke.info\/de\/#website"},"primaryImageOfPage":{"@id":"https:\/\/siemysli-ke.info\/de\/infopol-lt-konczy-swoja-dzialalnosc\/#primaryimage"},"image":{"@id":"https:\/\/siemysli-ke.info\/de\/infopol-lt-konczy-swoja-dzialalnosc\/#primaryimage"},"thumbnailUrl":"https:\/\/siemysli-ke.info\/wp-content\/uploads\/2013\/11\/virsus_logo.jpg","datePublished":"2013-11-19T20:08:34+00:00","dateModified":"2013-11-19T21:23:30+00:00","breadcrumb":{"@id":"https:\/\/siemysli-ke.info\/de\/infopol-lt-konczy-swoja-dzialalnosc\/#breadcrumb"},"inLanguage":"de","potentialAction":[{"@type":"ReadAction","target":[["https:\/\/siemysli-ke.info\/de\/infopol-lt-konczy-swoja-dzialalnosc\/"]]}]},{"@type":"ImageObject","inLanguage":"de","@id":"https:\/\/siemysli-ke.info\/de\/infopol-lt-konczy-swoja-dzialalnosc\/#primaryimage","url":"https:\/\/siemysli-ke.info\/wp-content\/uploads\/2013\/11\/virsus_logo.jpg","contentUrl":"https:\/\/siemysli-ke.info\/wp-content\/uploads\/2013\/11\/virsus_logo.jpg","width":148,"height":42},{"@type":"BreadcrumbList","@id":"https:\/\/siemysli-ke.info\/de\/infopol-lt-konczy-swoja-dzialalnosc\/#breadcrumb","itemListElement":[{"@type":"ListItem","position":1,"name":"Home","item":"https:\/\/siemysli-ke.info\/de\/"},{"@type":"ListItem","position":2,"name":"INFOPOL.LT ko\u0144czy swoj\u0105 dzia\u0142alno\u015b\u0107"}]},{"@type":"WebSite","@id":"https:\/\/siemysli-ke.info\/de\/#website","url":"https:\/\/siemysli-ke.info\/de\/","name":"SI\u0118 MY\u015aLI","description":"","publisher":{"@id":"https:\/\/siemysli-ke.info\/de\/#organization"},"potentialAction":[{"@type":"SearchAction","target":{"@type":"EntryPoint","urlTemplate":"https:\/\/siemysli-ke.info\/de\/?s={search_term_string}"},"query-input":{"@type":"PropertyValueSpecification","valueRequired":true,"valueName":"search_term_string"}}],"inLanguage":"de"},{"@type":"Organization","@id":"https:\/\/siemysli-ke.info\/de\/#organization","name":"SI\u0118 MY\u015aLI","url":"https:\/\/siemysli-ke.info\/de\/","logo":{"@type":"ImageObject","inLanguage":"de","@id":"https:\/\/siemysli-ke.info\/de\/#\/schema\/logo\/image\/","url":"https:\/\/siemysli-ke.info\/wp-content\/uploads\/2025\/05\/99.png","contentUrl":"https:\/\/siemysli-ke.info\/wp-content\/uploads\/2025\/05\/99.png","width":270,"height":204,"caption":"SI\u0118 MY\u015aLI"},"image":{"@id":"https:\/\/siemysli-ke.info\/de\/#\/schema\/logo\/image\/"}},{"@type":"Person","@id":"https:\/\/siemysli-ke.info\/#\/schema\/person\/75326687448d6abf738b156f56385210","name":"...","image":{"@type":"ImageObject","inLanguage":"de","@id":"https:\/\/siemysli-ke.info\/de\/#\/schema\/person\/image\/","url":"https:\/\/secure.gravatar.com\/avatar\/33a3c2559155e1b4add65cf88cafda785aeb920f44b97c7055b07866ab5b13c2?s=96&d=mm&r=g","contentUrl":"https:\/\/secure.gravatar.com\/avatar\/33a3c2559155e1b4add65cf88cafda785aeb920f44b97c7055b07866ab5b13c2?s=96&d=mm&r=g","caption":"..."},"url":"https:\/\/siemysli-ke.info\/de\/author\/lele\/"}]}},"_links":{"self":[{"href":"https:\/\/siemysli-ke.info\/de\/wp-json\/wp\/v2\/posts\/12718","targetHints":{"allow":["GET"]}}],"collection":[{"href":"https:\/\/siemysli-ke.info\/de\/wp-json\/wp\/v2\/posts"}],"about":[{"href":"https:\/\/siemysli-ke.info\/de\/wp-json\/wp\/v2\/types\/post"}],"author":[{"embeddable":true,"href":"https:\/\/siemysli-ke.info\/de\/wp-json\/wp\/v2\/users\/3"}],"replies":[{"embeddable":true,"href":"https:\/\/siemysli-ke.info\/de\/wp-json\/wp\/v2\/comments?post=12718"}],"version-history":[{"count":0,"href":"https:\/\/siemysli-ke.info\/de\/wp-json\/wp\/v2\/posts\/12718\/revisions"}],"wp:featuredmedia":[{"embeddable":true,"href":"https:\/\/siemysli-ke.info\/de\/wp-json\/wp\/v2\/media\/12722"}],"wp:attachment":[{"href":"https:\/\/siemysli-ke.info\/de\/wp-json\/wp\/v2\/media?parent=12718"}],"wp:term":[{"taxonomy":"category","embeddable":true,"href":"https:\/\/siemysli-ke.info\/de\/wp-json\/wp\/v2\/categories?post=12718"},{"taxonomy":"post_tag","embeddable":true,"href":"https:\/\/siemysli-ke.info\/de\/wp-json\/wp\/v2\/tags?post=12718"}],"curies":[{"name":"wp","href":"https:\/\/api.w.org\/{rel}","templated":true}]}}