 {"id":12530,"date":"2013-11-11T22:26:10","date_gmt":"2013-11-11T21:26:10","guid":{"rendered":"http:\/\/www.siemysli.info.ke\/?p=12530"},"modified":"2013-11-11T22:55:04","modified_gmt":"2013-11-11T21:55:04","slug":"jest-dobrze-nie-najgorzej-jest-2","status":"publish","type":"post","link":"https:\/\/siemysli-ke.info\/de\/jest-dobrze-nie-najgorzej-jest-2\/","title":{"rendered":"Jest dobrze, nie najgorzej jest&#8230;"},"content":{"rendered":"<p style=\"text-align: justify;\">\u00a0 \u00a0\u00a0<img decoding=\"async\" class=\"alignleft size-medium wp-image-12531\" alt=\"\u015awidnik, graffiti\" src=\"http:\/\/www.siemysli.info.ke\/wp-content\/uploads\/2013\/11\/\u015awidnik-graffiti-200x300.jpg\" width=\"200\" height=\"300\" srcset=\"https:\/\/siemysli-ke.info\/wp-content\/uploads\/2013\/11\/\u015awidnik-graffiti-200x300.jpg 200w, https:\/\/siemysli-ke.info\/wp-content\/uploads\/2013\/11\/\u015awidnik-graffiti-682x1024.jpg 682w, https:\/\/siemysli-ke.info\/wp-content\/uploads\/2013\/11\/\u015awidnik-graffiti.jpg 1088w\" sizes=\"(max-width: 200px) 100vw, 200px\" \/>Salon si\u0119 bawi. Celebryci rzadko w Polsce dostrzegaj\u0105 otaczaj\u0105c\u0105 ich rzeczywisto\u015b\u0107. S\u0105 zamkni\u0119ci w hermetycznym \u015brodowisku. Tam liczy si\u0119 <i>lans<\/i>, drogie ciuchy, bi\u017cuteria, pr\u00f3\u017cno\u015b\u0107 i skandale. Nie masz specjalisty od wizerunku? &#8211; nie istniejesz! To jak z <i>Facebookiem<\/i>. Nie ma ci\u0119 w Internecie na osobistym profilu, to nikt o tobie nie wie, wr\u0119cz nie masz prawa istnie\u0107. Jest dobrze. Przepychaj\u0105 si\u0119 \u0142okciami, by wyrwa\u0107 ostatni och\u0142ap z zastawionego niegdy\u015b suto sto\u0142u. Widownia (nar\u00f3d um\u0119czony) przesta\u0142a si\u0119 interesowa\u0107 sztuk\u0105 \u201ewy\u017csz\u0105\u201d, nie chodzi (jak niegdy\u015b) do teatr\u00f3w, nie interesuje si\u0119 \u201ewielkimi dzie\u0142ami polskiej kinematografii\u201d, piratuje sztuk\u0119 z Sieci, nie p\u0142aci\u2026 Jak \u017cy\u0107, Prezydencie? Po stanie wojennym WRON-a potrzebowa\u0142a uwiarygodnienia swojego <i>status quo<\/i> &#8211; r\u00f3wnie\u017c w \u015bwiecie kultury i sportu. Niewielu si\u0119 skusi\u0142o, daj\u0105c cia\u0142a. Je\u015bli ju\u017c &#8211; byli przez \u00f3wczesny \u015bwiat kultury traktowani z ostracyzmem i pogard\u0105. Dzi\u015b \u201e\u017cyrandole\u201d lgn\u0105 do Belwederu, tworz\u0105c parasol ochronny dla naszego wodza. Nikt ich nie gani &#8211; to zaszczyt. Ludzie nauki, sztuki, kultury, sportu, muzyki, pisarze, medycy, autorytety\u2026 Ca\u0142kiem spore stadko.<\/p>\n<p style=\"text-align: justify;\">Artur Barci\u015b, Andrzej Chyra, Maciej Englert, Janusz Gajos, Andrzej Grabowski, Marian Kociniak, Krzysztof Kowalewski, Anna Nehrebecka, Daniel Olbrychski, Wojciech Pszoniak, Maciej Rayzacher, Andrzej Seweryn, Danuta Szaflarska, Stefan Schmidt i Zbigniew Zamachowski, Feliks Falk, Filip Bajon, Agnieszka Holland, Andrzej Jakimowski, Marcin Kosza\u0142ka, Magdalena \u0141azarkiewicz, Kazimierz Kutz (kt\u00f3ry jest r\u00f3wnie\u017c pos\u0142em PO),\u00a0. \u201eNale\u017cy ich zrozumie\u0107 &#8211; jak \u017cy\u0107, PANIE Premierze, jak \u017cy\u0107, Panie Prezydencie w tym dzikim kraju?\u201d &#8211; grzmi\u0105 kapciowi? Kabaret przesta\u0142 by\u0107 \u015bmieszny, szczeg\u00f3lnie u niegdy\u015b topowych wykonawc\u00f3w.<\/p>\n<p style=\"text-align: justify;\">Fedorowicz, Kryszak, Grabowski, Pazura i inni id\u0105c w cha\u0142tur\u0119 &#8211; sami podci\u0119li sobie skrzyd\u0142a. Jest dobrze, nie najgorzej jest\u2026 A jednak chyba niezbyt fajnie dzieje si\u0119 w finansach naszych PO-wskich kabareciarzy, skoro brn\u0105 w tak moralnie w\u0105tpliwe projekty. Niegdy\u015b za <i>faux pas <\/i>uznawane by\u0142y w \u015bwiatku celebryt\u00f3w wyst\u0119py do kotleta czy w hipermarkecie podczas kolejnej promocji. Dzi\u015b zdesperowani \u201earty\u015bci\u201d posuwaj\u0105 si\u0119 dalej. Wyst\u0119py, sponsorowane przez firmy, naci\u0105gaj\u0105ce klient\u00f3w na tzw. topowe produkty przyci\u0105gaj\u0105 mas\u0119 ciekawych rozrywki &#8211; szczeg\u00f3lnie biednych emeryt\u00f3w. Garnki za kilkana\u015bcie tysi\u0119cy, kuchenne roboty, koce z wielb\u0142\u0105da i inne dziwy, kt\u00f3rych ceny ludzi starego portfela pogr\u0105\u017c\u0105 w d\u0142ugach. Do tego kabaretowe skecze, muzyka ulubionego wykonawcy. Nie chc\u0119 ocenia\u0107, ale gdyby Holocaust mia\u0142 miejsce dzi\u015b &#8211; wiele tych \u201esalonowych lw\u00f3w\u201d skusi\u0142o by si\u0119 na artystyczny program w cieniu dymi\u0105cych komin\u00f3w, nie widz\u0105c w tym niczego zdro\u017cnego. Znak czasu, czas zniszczenia obyczaj\u00f3w. Jest dobrze. \u201eWszyscy arty\u015bci to prostytutki &#8211; w oparach lepszych fajek, w oparach w\u00f3dki\u2026\u201d.<\/p>\n<p style=\"text-align: justify;\">Nie obra\u017cajmy c\u00f3r Koryntu. Sw\u0105 mi\u0142osn\u0105 sztuk\u0105 dawa\u0142y one i daj\u0105 cielesn\u0105 rado\u015b\u0107 i zadowolenie. S\u0105 psychologami, obserwatorkami sko\u0142atanych ludzkich dusz &#8211; wykl\u0119te za sw\u0105 profesj\u0119 tylko dlatego, \u017ce s\u0105 prawdziwe. Panie Andrzeju, grany przez Pana \u201epolski ko\u0142tun\u201d Ferdynand Kiepski w serialu <i>\u015awiat wed\u0142ug Kiepskich<\/i> nie przedstawia wcale obrazu Polaka z nalecia\u0142o\u015bciami chamstwa ery komunizmu. Cwaniak, z\u0142odziej, pieniacz, domoros\u0142y filozof &#8211; Panie Andrzeju, to nie ob\u015bmiewanych przez wielki \u015bwiat Polak\u00f3w gra\u0142 Pan w serialu &#8211; gra\u0142 Pan tam tylko i wy\u0142\u0105cznie&#8230; samego siebie.<\/p>\n<p>&nbsp;<\/p>\n<p align=\"right\">Pa\u017adziernik 2013<\/p>\n<p align=\"right\"><strong>Roman Boryczko<\/strong><\/p>\n","protected":false},"excerpt":{"rendered":"<p>\u00a0 \u00a0\u00a0Salon si\u0119 bawi. Celebryci rzadko w Polsce dostrzegaj\u0105 otaczaj\u0105c\u0105 ich rzeczywisto\u015b\u0107. S\u0105 zamkni\u0119ci w hermetycznym \u015brodowisku. Tam liczy si\u0119<\/p>\n","protected":false},"author":3,"featured_media":12504,"comment_status":"open","ping_status":"open","sticky":false,"template":"","format":"standard","meta":{"colormag_page_layout":"default_layout","footnotes":""},"categories":[3],"tags":[191,176,146,192,200,185,198,181,175,182,186,189,190,199,178,197,196,195,201,180,177,184,194,193,179,202,187,183,188],"class_list":["post-12530","post","type-post","status-publish","format-standard","has-post-thumbnail","hentry","category-kultura","tag-agnieszka-holland","tag-andrzej-chyra","tag-andrzej-grabowski","tag-andrzej-jakimowski","tag-andrzej-kryszak","tag-andrzej-seweryn","tag-andrzej-wajda","tag-anna-nehrebecka","tag-artur-barcis","tag-daniel-olbrychski","tag-danuta-szaflarska","tag-feliks-falk","tag-filip-bajon","tag-jacek-fedorowicz","tag-janusz-gajos","tag-janusz-morgenstern","tag-kabaret","tag-kazimierz-kutz","tag-korynt","tag-krzysztof-kowalewski","tag-maciej-englert","tag-maciej-rayzacher","tag-magdalena-lazarkiewicz","tag-marcin-koszalka","tag-marian-kociniak","tag-roman-boryczko","tag-stefan-schmidt","tag-wojciech-pszoniak","tag-zbigniew-zamachowski"],"yoast_head":"<!-- This site is optimized with the Yoast SEO plugin v25.1 - https:\/\/yoast.com\/wordpress\/plugins\/seo\/ -->\n<title>Jest dobrze, nie najgorzej jest... - SI\u0118 MY\u015aLI<\/title>\n<meta name=\"robots\" content=\"index, follow, max-snippet:-1, max-image-preview:large, max-video-preview:-1\" \/>\n<link rel=\"canonical\" href=\"https:\/\/siemysli-ke.info\/de\/jest-dobrze-nie-najgorzej-jest-2\/\" \/>\n<meta property=\"og:locale\" content=\"de_DE\" \/>\n<meta property=\"og:type\" content=\"article\" \/>\n<meta property=\"og:title\" content=\"Jest dobrze, nie najgorzej jest... - SI\u0118 MY\u015aLI\" \/>\n<meta property=\"og:description\" content=\"\u00a0 \u00a0\u00a0Salon si\u0119 bawi. Celebryci rzadko w Polsce dostrzegaj\u0105 otaczaj\u0105c\u0105 ich rzeczywisto\u015b\u0107. S\u0105 zamkni\u0119ci w hermetycznym \u015brodowisku. Tam liczy si\u0119\" \/>\n<meta property=\"og:url\" content=\"https:\/\/siemysli-ke.info\/de\/jest-dobrze-nie-najgorzej-jest-2\/\" \/>\n<meta property=\"og:site_name\" content=\"SI\u0118 MY\u015aLI\" \/>\n<meta property=\"article:published_time\" content=\"2013-11-11T21:26:10+00:00\" \/>\n<meta property=\"article:modified_time\" content=\"2013-11-11T21:55:04+00:00\" \/>\n<meta property=\"og:image\" content=\"https:\/\/siemysli-ke.info\/wp-content\/uploads\/2013\/11\/imagesCAAGC0BJ.jpg\" \/>\n\t<meta property=\"og:image:width\" content=\"198\" \/>\n\t<meta property=\"og:image:height\" content=\"254\" \/>\n\t<meta property=\"og:image:type\" content=\"image\/jpeg\" \/>\n<meta name=\"author\" content=\"...\" \/>\n<meta name=\"twitter:label1\" content=\"Verfasst von\" \/>\n\t<meta name=\"twitter:data1\" content=\"...\" \/>\n\t<meta name=\"twitter:label2\" content=\"Gesch\u00e4tzte Lesezeit\" \/>\n\t<meta name=\"twitter:data2\" content=\"3\u00a0Minuten\" \/>\n<script type=\"application\/ld+json\" class=\"yoast-schema-graph\">{\"@context\":\"https:\/\/schema.org\",\"@graph\":[{\"@type\":\"Article\",\"@id\":\"https:\/\/siemysli-ke.info\/de\/jest-dobrze-nie-najgorzej-jest-2\/#article\",\"isPartOf\":{\"@id\":\"https:\/\/siemysli-ke.info\/de\/jest-dobrze-nie-najgorzej-jest-2\/\"},\"author\":{\"name\":\"...\",\"@id\":\"https:\/\/siemysli-ke.info\/#\/schema\/person\/75326687448d6abf738b156f56385210\"},\"headline\":\"Jest dobrze, nie najgorzej jest&#8230;\",\"datePublished\":\"2013-11-11T21:26:10+00:00\",\"dateModified\":\"2013-11-11T21:55:04+00:00\",\"mainEntityOfPage\":{\"@id\":\"https:\/\/siemysli-ke.info\/de\/jest-dobrze-nie-najgorzej-jest-2\/\"},\"wordCount\":566,\"commentCount\":0,\"publisher\":{\"@id\":\"https:\/\/siemysli-ke.info\/#organization\"},\"image\":{\"@id\":\"https:\/\/siemysli-ke.info\/de\/jest-dobrze-nie-najgorzej-jest-2\/#primaryimage\"},\"thumbnailUrl\":\"https:\/\/siemysli-ke.info\/wp-content\/uploads\/2013\/11\/imagesCAAGC0BJ.jpg\",\"keywords\":[\"Agnieszka Holland\",\"Andrzej Chyra\",\"Andrzej Grabowski\",\"Andrzej Jakimowski\",\"Andrzej Kryszak\",\"Andrzej Seweryn\",\"Andrzej Wajda\",\"Anna Nehrebecka\",\"Artur Barci\u015b\",\"Daniel Olbrychski\",\"Danuta Szaflarska\",\"Feliks Falk\",\"Filip Bajon\",\"Jacek Fedorowicz\",\"Janusz Gajos\",\"Janusz Morgenstern\",\"kabaret\",\"Kazimierz Kutz\",\"Korynt\",\"Krzysztof Kowalewski\",\"Maciej Englert\",\"Maciej Rayzacher\",\"Magdalena \u0141azarkiewicz\",\"Marcin Kosza\u0142ka\",\"Marian Kociniak\",\"Roman Boryczko\",\"Stefan Schmidt\",\"Wojciech Pszoniak\",\"Zbigniew Zamachowski\"],\"articleSection\":[\"Kultura\"],\"inLanguage\":\"de\",\"potentialAction\":[{\"@type\":\"CommentAction\",\"name\":\"Comment\",\"target\":[\"https:\/\/siemysli-ke.info\/de\/jest-dobrze-nie-najgorzej-jest-2\/#respond\"]}]},{\"@type\":\"WebPage\",\"@id\":\"https:\/\/siemysli-ke.info\/de\/jest-dobrze-nie-najgorzej-jest-2\/\",\"url\":\"https:\/\/siemysli-ke.info\/de\/jest-dobrze-nie-najgorzej-jest-2\/\",\"name\":\"Jest dobrze, nie najgorzej jest... - SI\u0118 MY\u015aLI\",\"isPartOf\":{\"@id\":\"https:\/\/siemysli-ke.info\/de\/#website\"},\"primaryImageOfPage\":{\"@id\":\"https:\/\/siemysli-ke.info\/de\/jest-dobrze-nie-najgorzej-jest-2\/#primaryimage\"},\"image\":{\"@id\":\"https:\/\/siemysli-ke.info\/de\/jest-dobrze-nie-najgorzej-jest-2\/#primaryimage\"},\"thumbnailUrl\":\"https:\/\/siemysli-ke.info\/wp-content\/uploads\/2013\/11\/imagesCAAGC0BJ.jpg\",\"datePublished\":\"2013-11-11T21:26:10+00:00\",\"dateModified\":\"2013-11-11T21:55:04+00:00\",\"breadcrumb\":{\"@id\":\"https:\/\/siemysli-ke.info\/de\/jest-dobrze-nie-najgorzej-jest-2\/#breadcrumb\"},\"inLanguage\":\"de\",\"potentialAction\":[{\"@type\":\"ReadAction\",\"target\":[[\"https:\/\/siemysli-ke.info\/de\/jest-dobrze-nie-najgorzej-jest-2\/\"]]}]},{\"@type\":\"ImageObject\",\"inLanguage\":\"de\",\"@id\":\"https:\/\/siemysli-ke.info\/de\/jest-dobrze-nie-najgorzej-jest-2\/#primaryimage\",\"url\":\"https:\/\/siemysli-ke.info\/wp-content\/uploads\/2013\/11\/imagesCAAGC0BJ.jpg\",\"contentUrl\":\"https:\/\/siemysli-ke.info\/wp-content\/uploads\/2013\/11\/imagesCAAGC0BJ.jpg\",\"width\":198,\"height\":254},{\"@type\":\"BreadcrumbList\",\"@id\":\"https:\/\/siemysli-ke.info\/de\/jest-dobrze-nie-najgorzej-jest-2\/#breadcrumb\",\"itemListElement\":[{\"@type\":\"ListItem\",\"position\":1,\"name\":\"Home\",\"item\":\"https:\/\/siemysli-ke.info\/de\/\"},{\"@type\":\"ListItem\",\"position\":2,\"name\":\"Jest dobrze, nie najgorzej jest&#8230;\"}]},{\"@type\":\"WebSite\",\"@id\":\"https:\/\/siemysli-ke.info\/de\/#website\",\"url\":\"https:\/\/siemysli-ke.info\/de\/\",\"name\":\"SI\u0118 MY\u015aLI\",\"description\":\"\",\"publisher\":{\"@id\":\"https:\/\/siemysli-ke.info\/de\/#organization\"},\"potentialAction\":[{\"@type\":\"SearchAction\",\"target\":{\"@type\":\"EntryPoint\",\"urlTemplate\":\"https:\/\/siemysli-ke.info\/de\/?s={search_term_string}\"},\"query-input\":{\"@type\":\"PropertyValueSpecification\",\"valueRequired\":true,\"valueName\":\"search_term_string\"}}],\"inLanguage\":\"de\"},{\"@type\":\"Organization\",\"@id\":\"https:\/\/siemysli-ke.info\/de\/#organization\",\"name\":\"SI\u0118 MY\u015aLI\",\"url\":\"https:\/\/siemysli-ke.info\/de\/\",\"logo\":{\"@type\":\"ImageObject\",\"inLanguage\":\"de\",\"@id\":\"https:\/\/siemysli-ke.info\/de\/#\/schema\/logo\/image\/\",\"url\":\"https:\/\/siemysli-ke.info\/wp-content\/uploads\/2025\/05\/99.png\",\"contentUrl\":\"https:\/\/siemysli-ke.info\/wp-content\/uploads\/2025\/05\/99.png\",\"width\":270,\"height\":204,\"caption\":\"SI\u0118 MY\u015aLI\"},\"image\":{\"@id\":\"https:\/\/siemysli-ke.info\/de\/#\/schema\/logo\/image\/\"}},{\"@type\":\"Person\",\"@id\":\"https:\/\/siemysli-ke.info\/#\/schema\/person\/75326687448d6abf738b156f56385210\",\"name\":\"...\",\"image\":{\"@type\":\"ImageObject\",\"inLanguage\":\"de\",\"@id\":\"https:\/\/siemysli-ke.info\/de\/#\/schema\/person\/image\/\",\"url\":\"https:\/\/secure.gravatar.com\/avatar\/33a3c2559155e1b4add65cf88cafda785aeb920f44b97c7055b07866ab5b13c2?s=96&d=mm&r=g\",\"contentUrl\":\"https:\/\/secure.gravatar.com\/avatar\/33a3c2559155e1b4add65cf88cafda785aeb920f44b97c7055b07866ab5b13c2?s=96&d=mm&r=g\",\"caption\":\"...\"},\"url\":\"https:\/\/siemysli-ke.info\/de\/author\/lele\/\"}]}<\/script>\n<!-- \/ Yoast SEO plugin. -->","yoast_head_json":{"title":"Jest dobrze, nie najgorzej jest... - SI\u0118 MY\u015aLI","robots":{"index":"index","follow":"follow","max-snippet":"max-snippet:-1","max-image-preview":"max-image-preview:large","max-video-preview":"max-video-preview:-1"},"canonical":"https:\/\/siemysli-ke.info\/de\/jest-dobrze-nie-najgorzej-jest-2\/","og_locale":"de_DE","og_type":"article","og_title":"Jest dobrze, nie najgorzej jest... - SI\u0118 MY\u015aLI","og_description":"\u00a0 \u00a0\u00a0Salon si\u0119 bawi. Celebryci rzadko w Polsce dostrzegaj\u0105 otaczaj\u0105c\u0105 ich rzeczywisto\u015b\u0107. S\u0105 zamkni\u0119ci w hermetycznym \u015brodowisku. Tam liczy si\u0119","og_url":"https:\/\/siemysli-ke.info\/de\/jest-dobrze-nie-najgorzej-jest-2\/","og_site_name":"SI\u0118 MY\u015aLI","article_published_time":"2013-11-11T21:26:10+00:00","article_modified_time":"2013-11-11T21:55:04+00:00","og_image":[{"width":198,"height":254,"url":"https:\/\/siemysli-ke.info\/wp-content\/uploads\/2013\/11\/imagesCAAGC0BJ.jpg","type":"image\/jpeg"}],"author":"...","twitter_misc":{"Verfasst von":"...","Gesch\u00e4tzte Lesezeit":"3\u00a0Minuten"},"schema":{"@context":"https:\/\/schema.org","@graph":[{"@type":"Article","@id":"https:\/\/siemysli-ke.info\/de\/jest-dobrze-nie-najgorzej-jest-2\/#article","isPartOf":{"@id":"https:\/\/siemysli-ke.info\/de\/jest-dobrze-nie-najgorzej-jest-2\/"},"author":{"name":"...","@id":"https:\/\/siemysli-ke.info\/#\/schema\/person\/75326687448d6abf738b156f56385210"},"headline":"Jest dobrze, nie najgorzej jest&#8230;","datePublished":"2013-11-11T21:26:10+00:00","dateModified":"2013-11-11T21:55:04+00:00","mainEntityOfPage":{"@id":"https:\/\/siemysli-ke.info\/de\/jest-dobrze-nie-najgorzej-jest-2\/"},"wordCount":566,"commentCount":0,"publisher":{"@id":"https:\/\/siemysli-ke.info\/#organization"},"image":{"@id":"https:\/\/siemysli-ke.info\/de\/jest-dobrze-nie-najgorzej-jest-2\/#primaryimage"},"thumbnailUrl":"https:\/\/siemysli-ke.info\/wp-content\/uploads\/2013\/11\/imagesCAAGC0BJ.jpg","keywords":["Agnieszka Holland","Andrzej Chyra","Andrzej Grabowski","Andrzej Jakimowski","Andrzej Kryszak","Andrzej Seweryn","Andrzej Wajda","Anna Nehrebecka","Artur Barci\u015b","Daniel Olbrychski","Danuta Szaflarska","Feliks Falk","Filip Bajon","Jacek Fedorowicz","Janusz Gajos","Janusz Morgenstern","kabaret","Kazimierz Kutz","Korynt","Krzysztof Kowalewski","Maciej Englert","Maciej Rayzacher","Magdalena \u0141azarkiewicz","Marcin Kosza\u0142ka","Marian Kociniak","Roman Boryczko","Stefan Schmidt","Wojciech Pszoniak","Zbigniew Zamachowski"],"articleSection":["Kultura"],"inLanguage":"de","potentialAction":[{"@type":"CommentAction","name":"Comment","target":["https:\/\/siemysli-ke.info\/de\/jest-dobrze-nie-najgorzej-jest-2\/#respond"]}]},{"@type":"WebPage","@id":"https:\/\/siemysli-ke.info\/de\/jest-dobrze-nie-najgorzej-jest-2\/","url":"https:\/\/siemysli-ke.info\/de\/jest-dobrze-nie-najgorzej-jest-2\/","name":"Jest dobrze, nie najgorzej jest... - SI\u0118 MY\u015aLI","isPartOf":{"@id":"https:\/\/siemysli-ke.info\/de\/#website"},"primaryImageOfPage":{"@id":"https:\/\/siemysli-ke.info\/de\/jest-dobrze-nie-najgorzej-jest-2\/#primaryimage"},"image":{"@id":"https:\/\/siemysli-ke.info\/de\/jest-dobrze-nie-najgorzej-jest-2\/#primaryimage"},"thumbnailUrl":"https:\/\/siemysli-ke.info\/wp-content\/uploads\/2013\/11\/imagesCAAGC0BJ.jpg","datePublished":"2013-11-11T21:26:10+00:00","dateModified":"2013-11-11T21:55:04+00:00","breadcrumb":{"@id":"https:\/\/siemysli-ke.info\/de\/jest-dobrze-nie-najgorzej-jest-2\/#breadcrumb"},"inLanguage":"de","potentialAction":[{"@type":"ReadAction","target":[["https:\/\/siemysli-ke.info\/de\/jest-dobrze-nie-najgorzej-jest-2\/"]]}]},{"@type":"ImageObject","inLanguage":"de","@id":"https:\/\/siemysli-ke.info\/de\/jest-dobrze-nie-najgorzej-jest-2\/#primaryimage","url":"https:\/\/siemysli-ke.info\/wp-content\/uploads\/2013\/11\/imagesCAAGC0BJ.jpg","contentUrl":"https:\/\/siemysli-ke.info\/wp-content\/uploads\/2013\/11\/imagesCAAGC0BJ.jpg","width":198,"height":254},{"@type":"BreadcrumbList","@id":"https:\/\/siemysli-ke.info\/de\/jest-dobrze-nie-najgorzej-jest-2\/#breadcrumb","itemListElement":[{"@type":"ListItem","position":1,"name":"Home","item":"https:\/\/siemysli-ke.info\/de\/"},{"@type":"ListItem","position":2,"name":"Jest dobrze, nie najgorzej jest&#8230;"}]},{"@type":"WebSite","@id":"https:\/\/siemysli-ke.info\/de\/#website","url":"https:\/\/siemysli-ke.info\/de\/","name":"SI\u0118 MY\u015aLI","description":"","publisher":{"@id":"https:\/\/siemysli-ke.info\/de\/#organization"},"potentialAction":[{"@type":"SearchAction","target":{"@type":"EntryPoint","urlTemplate":"https:\/\/siemysli-ke.info\/de\/?s={search_term_string}"},"query-input":{"@type":"PropertyValueSpecification","valueRequired":true,"valueName":"search_term_string"}}],"inLanguage":"de"},{"@type":"Organization","@id":"https:\/\/siemysli-ke.info\/de\/#organization","name":"SI\u0118 MY\u015aLI","url":"https:\/\/siemysli-ke.info\/de\/","logo":{"@type":"ImageObject","inLanguage":"de","@id":"https:\/\/siemysli-ke.info\/de\/#\/schema\/logo\/image\/","url":"https:\/\/siemysli-ke.info\/wp-content\/uploads\/2025\/05\/99.png","contentUrl":"https:\/\/siemysli-ke.info\/wp-content\/uploads\/2025\/05\/99.png","width":270,"height":204,"caption":"SI\u0118 MY\u015aLI"},"image":{"@id":"https:\/\/siemysli-ke.info\/de\/#\/schema\/logo\/image\/"}},{"@type":"Person","@id":"https:\/\/siemysli-ke.info\/#\/schema\/person\/75326687448d6abf738b156f56385210","name":"...","image":{"@type":"ImageObject","inLanguage":"de","@id":"https:\/\/siemysli-ke.info\/de\/#\/schema\/person\/image\/","url":"https:\/\/secure.gravatar.com\/avatar\/33a3c2559155e1b4add65cf88cafda785aeb920f44b97c7055b07866ab5b13c2?s=96&d=mm&r=g","contentUrl":"https:\/\/secure.gravatar.com\/avatar\/33a3c2559155e1b4add65cf88cafda785aeb920f44b97c7055b07866ab5b13c2?s=96&d=mm&r=g","caption":"..."},"url":"https:\/\/siemysli-ke.info\/de\/author\/lele\/"}]}},"_links":{"self":[{"href":"https:\/\/siemysli-ke.info\/de\/wp-json\/wp\/v2\/posts\/12530","targetHints":{"allow":["GET"]}}],"collection":[{"href":"https:\/\/siemysli-ke.info\/de\/wp-json\/wp\/v2\/posts"}],"about":[{"href":"https:\/\/siemysli-ke.info\/de\/wp-json\/wp\/v2\/types\/post"}],"author":[{"embeddable":true,"href":"https:\/\/siemysli-ke.info\/de\/wp-json\/wp\/v2\/users\/3"}],"replies":[{"embeddable":true,"href":"https:\/\/siemysli-ke.info\/de\/wp-json\/wp\/v2\/comments?post=12530"}],"version-history":[{"count":0,"href":"https:\/\/siemysli-ke.info\/de\/wp-json\/wp\/v2\/posts\/12530\/revisions"}],"wp:featuredmedia":[{"embeddable":true,"href":"https:\/\/siemysli-ke.info\/de\/wp-json\/wp\/v2\/media\/12504"}],"wp:attachment":[{"href":"https:\/\/siemysli-ke.info\/de\/wp-json\/wp\/v2\/media?parent=12530"}],"wp:term":[{"taxonomy":"category","embeddable":true,"href":"https:\/\/siemysli-ke.info\/de\/wp-json\/wp\/v2\/categories?post=12530"},{"taxonomy":"post_tag","embeddable":true,"href":"https:\/\/siemysli-ke.info\/de\/wp-json\/wp\/v2\/tags?post=12530"}],"curies":[{"name":"wp","href":"https:\/\/api.w.org\/{rel}","templated":true}]}}